{"id":64782,"date":"2020-03-23T09:44:28","date_gmt":"2020-03-23T08:44:28","guid":{"rendered":"https:\/\/www.nebrija.com\/medios\/actualidadnebrija\/?p=64782"},"modified":"2020-03-23T11:51:25","modified_gmt":"2020-03-23T10:51:25","slug":"aporofobia-el-rechazo-al-pobre","status":"publish","type":"post","link":"https:\/\/www.nebrija.com\/medios\/actualidadnebrija\/2020\/03\/23\/aporofobia-el-rechazo-al-pobre\/","title":{"rendered":"Aporofobia, el rechazo al pobre"},"content":{"rendered":"<p><strong><em>Un desaf\u00edo para la democracia<\/em><\/strong><\/p>\n<p><strong><em>Aporofobia<\/em><\/strong> es el sustantivo con el cu\u00e1l Adela Cortina define uno de los conflictos morales m\u00e1s arraigaos y obviados de nuestro tiempo. En este ensayo se nos muestra como nuestra sociedad se ha construido sobre un contrato pol\u00edtico, econ\u00f3mico y social en el que los pobres quiebran el juego de dar y recibir, y que por ello cada vez son m\u00e1s voces las que tratan de excluirlos.<\/p>\n<p>Adela focaliza e identifica el problema partiendo de su fuente cuyas ra\u00edces est\u00e1n en nuestra propia biolog\u00eda y psicolog\u00eda para luego determinar sus consecuencias en las relaciones con los dem\u00e1s, porque no s\u00f3lo se trata de personas sin hogar, extranjeros e inmigrantes sino de todo aquel cuya reputaci\u00f3n o fama no sea validada por los valores, principios y expectativas sociales que impone nuestra sociedad. \u00bfQui\u00e9n de nosotros no tiene un familiar pobre del que no tenemos contacto? O, \u00bfno ser\u00e1, en realidad, que no queremos saber nada?<\/p>\n<p>Con este libro su autora propone una revoluci\u00f3n \u00e9tico-social en la que se nos ofrece la visi\u00f3n de una sociedad cuyo valor fundamental sea el respeto y su causa el empoderamiento de las personas. De la misma manera nos proporciona unas herramientas que el lector puede encontrar bajo el t\u00edtulo de \u201cbiomejora moral\u201d para enfrentarse a esta problem\u00e1tica desde una perspectiva m\u00e1s pr\u00e1ctica.<\/p>\n<p>Todos podemos dar una respuesta m\u00e1s justa, realista y adecuada para minimizar estas deficiencias sociales y, en un futuro, por qu\u00e9 no; llegar a solventar una situaci\u00f3n que a d\u00eda de hoy parece insostenible para la mayor\u00eda.<\/p>\n<p>Puedes encontrar esta obra en la Biblioteca del Campus de San Rafael-Nebrija y tambi\u00e9n a trav\u00e9s de <a href=\"https:\/\/biblioteca.nebrija.es\/cgi-bin\/opac\/?TITN=109878\"><strong>Cat\u00e1logo-OPAC ~ Web Portal<\/strong> <\/a>de la Red de Bibliotecas.<\/p>\n","protected":false},"excerpt":{"rendered":"<p>Un desaf\u00edo para la democracia Aporofobia es el sustantivo con el cu\u00e1l Adela Cortina define uno de los conflictos morales m\u00e1s arraigaos y obviados de nuestro tiempo. En este ensayo se nos muestra como nuestra sociedad se ha construido sobre<\/p>\n","protected":false},"author":263,"featured_media":64784,"comment_status":"open","ping_status":"open","sticky":false,"template":"","format":"standard","meta":{"_acf_changed":false,"_monsterinsights_skip_tracking":false,"_monsterinsights_sitenote_active":false,"_monsterinsights_sitenote_note":"","_monsterinsights_sitenote_category":0,"footnotes":""},"categories":[3063],"tags":[],"acf":[],"yoast_head":"<!-- This site is optimized with the Yoast SEO plugin v22.1 - https:\/\/yoast.com\/wordpress\/plugins\/seo\/ -->\n<title>Aporofobia, el rechazo al pobre - Actualidad Nebrija<\/title>\n<meta name=\"robots\" content=\"index, follow, max-snippet:-1, max-image-preview:large, max-video-preview:-1\" \/>\n<link rel=\"canonical\" href=\"https:\/\/www.nebrija.com\/medios\/actualidadnebrija\/2020\/03\/23\/aporofobia-el-rechazo-al-pobre\/\" \/>\n<meta property=\"og:locale\" content=\"es_ES\" \/>\n<meta property=\"og:type\" content=\"article\" \/>\n<meta property=\"og:title\" content=\"Aporofobia, el rechazo al pobre - Actualidad Nebrija\" \/>\n<meta property=\"og:description\" content=\"Un desaf\u00edo para la democracia Aporofobia es el sustantivo con el cu\u00e1l Adela Cortina define uno de los conflictos morales m\u00e1s arraigaos y obviados de nuestro tiempo. En este ensayo se nos muestra como nuestra sociedad se ha construido sobre\" \/>\n<meta property=\"og:url\" content=\"https:\/\/www.nebrija.com\/medios\/actualidadnebrija\/2020\/03\/23\/aporofobia-el-rechazo-al-pobre\/\" \/>\n<meta property=\"og:site_name\" content=\"Actualidad Nebrija\" \/>\n<meta property=\"article:published_time\" content=\"2020-03-23T08:44:28+00:00\" \/>\n<meta property=\"article:modified_time\" content=\"2020-03-23T10:51:25+00:00\" \/>\n<meta property=\"og:image\" content=\"https:\/\/www.nebrija.com\/medios\/actualidadnebrija\/wp-content\/uploads\/sites\/2\/2020\/03\/aporofobia_cortina.jpg\" \/>\n\t<meta property=\"og:image:width\" content=\"337\" \/>\n\t<meta property=\"og:image:height\" content=\"500\" \/>\n\t<meta property=\"og:image:type\" content=\"image\/jpeg\" \/>\n<meta name=\"author\" content=\"pmartinezma\" \/>\n<meta name=\"twitter:card\" content=\"summary_large_image\" \/>\n<meta name=\"twitter:label1\" content=\"Escrito por\" \/>\n\t<meta name=\"twitter:data1\" content=\"pmartinezma\" \/>\n\t<meta name=\"twitter:label2\" content=\"Tiempo de lectura\" \/>\n\t<meta name=\"twitter:data2\" content=\"2 minutos\" \/>\n<!-- \/ Yoast SEO plugin. -->","yoast_head_json":{"title":"Aporofobia, el rechazo al pobre - Actualidad Nebrija","robots":{"index":"index","follow":"follow","max-snippet":"max-snippet:-1","max-image-preview":"max-image-preview:large","max-video-preview":"max-video-preview:-1"},"canonical":"https:\/\/www.nebrija.com\/medios\/actualidadnebrija\/2020\/03\/23\/aporofobia-el-rechazo-al-pobre\/","og_locale":"es_ES","og_type":"article","og_title":"Aporofobia, el rechazo al pobre - Actualidad Nebrija","og_description":"Un desaf\u00edo para la democracia Aporofobia es el sustantivo con el cu\u00e1l Adela Cortina define uno de los conflictos morales m\u00e1s arraigaos y obviados de nuestro tiempo. En este ensayo se nos muestra como nuestra sociedad se ha construido sobre","og_url":"https:\/\/www.nebrija.com\/medios\/actualidadnebrija\/2020\/03\/23\/aporofobia-el-rechazo-al-pobre\/","og_site_name":"Actualidad Nebrija","article_published_time":"2020-03-23T08:44:28+00:00","article_modified_time":"2020-03-23T10:51:25+00:00","og_image":[{"width":337,"height":500,"url":"https:\/\/www.nebrija.com\/medios\/actualidadnebrija\/wp-content\/uploads\/sites\/2\/2020\/03\/aporofobia_cortina.jpg","type":"image\/jpeg"}],"author":"pmartinezma","twitter_card":"summary_large_image","twitter_misc":{"Escrito por":"pmartinezma","Tiempo de lectura":"2 minutos"},"schema":{"@context":"https:\/\/schema.org","@graph":[{"@type":"WebPage","@id":"https:\/\/www.nebrija.com\/medios\/actualidadnebrija\/2020\/03\/23\/aporofobia-el-rechazo-al-pobre\/","url":"https:\/\/www.nebrija.com\/medios\/actualidadnebrija\/2020\/03\/23\/aporofobia-el-rechazo-al-pobre\/","name":"Aporofobia, el rechazo al pobre - Actualidad Nebrija","isPartOf":{"@id":"https:\/\/www.nebrija.com\/medios\/actualidadnebrija\/#website"},"datePublished":"2020-03-23T08:44:28+00:00","dateModified":"2020-03-23T10:51:25+00:00","author":{"@id":"https:\/\/www.nebrija.com\/medios\/actualidadnebrija\/#\/schema\/person\/eece520e53a2d6b773c896d785ca10ad"},"breadcrumb":{"@id":"https:\/\/www.nebrija.com\/medios\/actualidadnebrija\/2020\/03\/23\/aporofobia-el-rechazo-al-pobre\/#breadcrumb"},"inLanguage":"es","potentialAction":[{"@type":"ReadAction","target":["https:\/\/www.nebrija.com\/medios\/actualidadnebrija\/2020\/03\/23\/aporofobia-el-rechazo-al-pobre\/"]}]},{"@type":"BreadcrumbList","@id":"https:\/\/www.nebrija.com\/medios\/actualidadnebrija\/2020\/03\/23\/aporofobia-el-rechazo-al-pobre\/#breadcrumb","itemListElement":[{"@type":"ListItem","position":1,"name":"Home","item":"https:\/\/www.nebrija.com\/medios\/actualidadnebrija\/"},{"@type":"ListItem","position":2,"name":"Aporofobia, el rechazo al pobre"}]},{"@type":"WebSite","@id":"https:\/\/www.nebrija.com\/medios\/actualidadnebrija\/#website","url":"https:\/\/www.nebrija.com\/medios\/actualidadnebrija\/","name":"Actualidad Nebrija","description":"Noticias de la Universidad Nebrija","potentialAction":[{"@type":"SearchAction","target":{"@type":"EntryPoint","urlTemplate":"https:\/\/www.nebrija.com\/medios\/actualidadnebrija\/?s={search_term_string}"},"query-input":"required name=search_term_string"}],"inLanguage":"es"},{"@type":"Person","@id":"https:\/\/www.nebrija.com\/medios\/actualidadnebrija\/#\/schema\/person\/eece520e53a2d6b773c896d785ca10ad","name":"pmartinezma","image":{"@type":"ImageObject","inLanguage":"es","@id":"https:\/\/www.nebrija.com\/medios\/actualidadnebrija\/#\/schema\/person\/image\/","url":"https:\/\/secure.gravatar.com\/avatar\/5feaacc0ce30f23dc14c8724dc28a01f?s=96&d=mm&r=g","contentUrl":"https:\/\/secure.gravatar.com\/avatar\/5feaacc0ce30f23dc14c8724dc28a01f?s=96&d=mm&r=g","caption":"pmartinezma"},"url":"https:\/\/www.nebrija.com\/medios\/actualidadnebrija\/author\/pmartinezma\/"}]}},"_links":{"self":[{"href":"https:\/\/www.nebrija.com\/medios\/actualidadnebrija\/wp-json\/wp\/v2\/posts\/64782"}],"collection":[{"href":"https:\/\/www.nebrija.com\/medios\/actualidadnebrija\/wp-json\/wp\/v2\/posts"}],"about":[{"href":"https:\/\/www.nebrija.com\/medios\/actualidadnebrija\/wp-json\/wp\/v2\/types\/post"}],"author":[{"embeddable":true,"href":"https:\/\/www.nebrija.com\/medios\/actualidadnebrija\/wp-json\/wp\/v2\/users\/263"}],"replies":[{"embeddable":true,"href":"https:\/\/www.nebrija.com\/medios\/actualidadnebrija\/wp-json\/wp\/v2\/comments?post=64782"}],"version-history":[{"count":2,"href":"https:\/\/www.nebrija.com\/medios\/actualidadnebrija\/wp-json\/wp\/v2\/posts\/64782\/revisions"}],"predecessor-version":[{"id":64809,"href":"https:\/\/www.nebrija.com\/medios\/actualidadnebrija\/wp-json\/wp\/v2\/posts\/64782\/revisions\/64809"}],"wp:featuredmedia":[{"embeddable":true,"href":"https:\/\/www.nebrija.com\/medios\/actualidadnebrija\/wp-json\/wp\/v2\/media\/64784"}],"wp:attachment":[{"href":"https:\/\/www.nebrija.com\/medios\/actualidadnebrija\/wp-json\/wp\/v2\/media?parent=64782"}],"wp:term":[{"taxonomy":"category","embeddable":true,"href":"https:\/\/www.nebrija.com\/medios\/actualidadnebrija\/wp-json\/wp\/v2\/categories?post=64782"},{"taxonomy":"post_tag","embeddable":true,"href":"https:\/\/www.nebrija.com\/medios\/actualidadnebrija\/wp-json\/wp\/v2\/tags?post=64782"}],"curies":[{"name":"wp","href":"https:\/\/api.w.org\/{rel}","templated":true}]}}