{"id":64813,"date":"2020-03-23T17:22:23","date_gmt":"2020-03-23T16:22:23","guid":{"rendered":"https:\/\/www.nebrija.com\/medios\/actualidadnebrija\/?p=64813"},"modified":"2024-07-15T11:02:22","modified_gmt":"2024-07-15T09:02:22","slug":"global-campus-nebrija-y-sus-recursos-los-mejores-aliados-durante-el-confinamiento","status":"publish","type":"post","link":"https:\/\/www.nebrija.com\/medios\/actualidadnebrija\/2020\/03\/23\/global-campus-nebrija-y-sus-recursos-los-mejores-aliados-durante-el-confinamiento\/","title":{"rendered":"Global Campus Nebrija y sus recursos: los mejores aliados durante el confinamiento"},"content":{"rendered":"<p>Global Campus Nebrija, el sello de la Universidad Nebrija para la ense\u00f1anza a distancia, muestra sus recursos y algunas novedades \u201cpara que les saqu\u00e9is el partido que consider\u00e9is oportuno en estos d\u00edas de confinamiento\u201d.<\/p>\n<p>&nbsp;<\/p>\n<p><strong>CURSOS MOOC<\/strong>:<\/p>\n<p>8 cursos en la plataforma Mir\u00edadaX. Est\u00e1n disponibles en modo lectura y abiertos sus contenidos (sin dinamizaci\u00f3n).<\/p>\n<p>.- &#8220;Oratoria en entornos digitales&#8221;: c\u00f3mo hablar en p\u00fablico, relacionarse con \u00e9l de manera fluida y con seguridad ante cualquier tipo de audiencia y en especial en su vertiente digital. Enlace de registro: <a href=\"https:\/\/miriadax.net\/web\/oratoria-en-entornos-digitales-2-edicion-\/inicio\">https:\/\/miriadax.net\/web\/oratoria-en-entornos-digitales-2-edicion-\/inicio<\/a><\/p>\n<p>.- &#8220;Narrativa digital&#8221;: habilidades y estrategias hacia la capacidad narrativa con el objetivo de expresarse de manera adecuada en funci\u00f3n del contexto y del receptor. Enlace de registro: <a href=\"https:\/\/miriadax.net\/web\/narrativa-digital-2-edicion-\/inicio\">https:\/\/miriadax.net\/web\/narrativa-digital-2-edicion-\/inicio<\/a><\/p>\n<p>.- &#8220;Do It Your Digital&#8221;: herramientas de comunicaci\u00f3n para un mundo globalizado e interconectado (plan de marketing digital, posicionamiento, las redes sociales, fidelizaci\u00f3n de clientes y normativa al respecto). Enlace de registro: <a href=\"https:\/\/miriadax.net\/web\/do-it-your-digital-2-edicion-\/inicio\">https:\/\/miriadax.net\/web\/do-it-your-digital-2-edicion-\/inicio<\/a><\/p>\n<p>.- &#8220;Green Transport. Veh\u00edculos verdes, conectados y automatizados&#8221;: la llegada de la 5G, del Internet de las cosas, de una sociedad gestionada mediante inteligencia artificial, etc. abre paso a una nueva era en la cual la automoci\u00f3n har\u00e1 honor a su nombre y el medioambiente habr\u00e1 ganado una batalla. Enlace de registro: <a href=\"https:\/\/miriadax.net\/web\/green-transport-vehiculos-verdes-conectados-y-automatizados-2-edicion-\/inicio\">https:\/\/miriadax.net\/web\/green-transport-vehiculos-verdes-conectados-y-automatizados-2-edicion-\/inicio<\/a><\/p>\n<p>.- &#8220;Fintech. La banca del futuro&#8221;: la revoluci\u00f3n tecnol\u00f3gica ha llegado al universo financiero. En unos a\u00f1os, bancos, startups, operadores de telefon\u00eda y empresas tecnol\u00f3gicas ser\u00e1n competidores habituales en este nuevo paradigma, donde el centro de toda la transformaci\u00f3n ser\u00e1 el cliente. Enlace de registro: <a href=\"https:\/\/miriadax.net\/web\/fintech-la-banca-del-futuro-2-edicion-\/inicio\">https:\/\/miriadax.net\/web\/fintech-la-banca-del-futuro-2-edicion-\/inicio<\/a><\/p>\n<p>.- &#8220;Comunicaci\u00f3n cultural en Espa\u00f1a&#8221;: informaci\u00f3n hist\u00f3rica y cultural sobre el territorio espa\u00f1ol y reflexi\u00f3n sobre su diversidad y riqueza. Hablamos de historia, geograf\u00eda, lengua, multiculturalidad, literatura, gastronom\u00eda y arte. Enlace de registro \u00a0<a href=\"https:\/\/miriadax.net\/web\/comunicacion-y-cultura-en-espana-2-edicion-\/inicio\">https:\/\/miriadax.net\/web\/comunicacion-y-cultura-en-espana-2-edicion-\/inicio<\/a><\/p>\n<p>.- &#8220;P2P en el sector tur\u00edstico&#8221;: aproximaci\u00f3n al modelo de negocio peer to peer (P2P) en el sector tur\u00edstico. Incluye: an\u00e1lisis conceptual, tipo de demanda, modelo de negocio, regulaci\u00f3n y casos de \u00e9xito. Enlace de registro: <a href=\"https:\/\/miriadax.net\/web\/p2p-en-el-sector-turistico-2-edicion-\/inicio\">https:\/\/miriadax.net\/web\/p2p-en-el-sector-turistico-2-edicion-\/inicio<\/a><\/p>\n<p>.- &#8220;New Media&#8221;: Esbozo del paradigma de la comunicaci\u00f3n actual 2.0, el entorno New Media y las caracter\u00edsticas de las nuevas formas de comunicaci\u00f3n digitales. Ofrece herramientas para el entorno profesional; desde las redes sociales y nuevos modelos de negocio a los nuevos h\u00e1bitos de consumo. Enlace de registro: <a href=\"https:\/\/miriadax.net\/web\/new-media-2-edicion-\/inicio\">https:\/\/miriadax.net\/web\/new-media-2-edicion-\/inicio<\/a><\/p>\n<p>&nbsp;<\/p>\n<p><strong>V\u00cdDEOS DE BUENAS PR\u00c1CTICAS<\/strong><\/p>\n<p>8 v\u00eddeos de buenas pr\u00e1cticas docentes y de innovaci\u00f3n.<\/p>\n<p><a href=\"https:\/\/www.youtube.com\/watch?v=FffaGV7QiRU&amp;feature=youtu.be\">&#8220;Espacio h\u00edbrido&#8221;<\/a><\/p>\n<p><a href=\"https:\/\/www.youtube.com\/watch?v=ThapdiN4FMM&amp;feature=youtu.be\">\u201cInteracci\u00f3n del alumnado\u201d<\/a><\/p>\n<p><a href=\"https:\/\/www.youtube.com\/watch?v=andlLvtengU&amp;feature=youtu.be\">\u00a0\u201cEncuestas\u201d<\/a><\/p>\n<p><a href=\"https:\/\/www.youtube.com\/watch?v=zsQKW2UIPuw&amp;feature=youtu.be\">\u201cDocumento compartido\u201d:<\/a><\/p>\n<p><a href=\"https:\/\/www.youtube.com\/watch?v=D8Debz1I_mk&amp;feature=youtu.be\">\u201cRecursos externos\u201d<\/a><\/p>\n<p><a href=\"https:\/\/www.youtube.com\/watch?v=yO-X9byXXeY&amp;feature=youtu.be\">\u201cMapa\u201d<\/a><\/p>\n<p><a href=\"https:\/\/www.youtube.com\/watch?v=eFuZFQ-3YWQ&amp;feature=youtu.be\">\u201cPizarra digital\u201d<\/a><\/p>\n<p><a href=\"https:\/\/www.youtube.com\/watch?v=zj-sj6k55BU&amp;feature=youtu.be\">\u201cGamificaci\u00f3n con pizarra digital\u201d<\/a><\/p>\n<p>&nbsp;<\/p>\n<p><strong>OTROS VIDEOS:<\/strong><\/p>\n<ul>\n<li>V\u00eddeo campa\u00f1a <a href=\"https:\/\/vimeo.com\/135652921\">\u201cDuele. Merece la pena\u201d<\/a> (espa\u00f1ol)<\/li>\n<li>V\u00eddeo campa\u00f1a <a href=\"https:\/\/vimeo.com\/142267476\">\u201cDuele. Merece la pena\u201d<\/a> (ingl\u00e9s)<\/li>\n<li>4 v\u00eddeos campa\u00f1a \u201cDuele. Merece la pena\u201d (historias): Abel: <a href=\"https:\/\/vimeo.com\/139715824\">\u201cParar es caer\u201d; <\/a>Mar\u00eda Jes\u00fas: <a href=\"https:\/\/vimeo.com\/139718417\">\u201cBuscar la perfecci\u00f3n\u201d; <\/a>\u00cd\u00f1igo: <a href=\"https:\/\/vimeo.com\/139715825\">\u201cConquistar un sue\u00f1o\u201d; <\/a>Laura: <a href=\"https:\/\/vimeo.com\/139718416\">\u201cCompetir contra todo\u201d\u00a0<\/a><\/li>\n<li>V\u00eddeo Hydra: <a href=\"https:\/\/www.youtube.com\/watch?v=hG9XgfqT-i0\">\u201cLas experiencias se dise\u00f1an\u201d<\/a> (2016)<\/li>\n<li>V\u00eddeo <a href=\"https:\/\/www.youtube.com\/watch?v=1uzSXwWWv7k\">Elearnia 2017<\/a><\/li>\n<li>V\u00eddeo <a href=\"http:\/\/premiosexcelenciaeducativa.org\/fotos-gala-premios-excelencia-educativa\/\">premios Excelencia Educativa<\/a> (2017)<\/li>\n<li>Elearning Media y Blackboard, <a href=\"https:\/\/www.youtube.com\/watch?v=ODMXz-vCMB4\">\u00bfte unes?<\/a> (Elearnia 2018)<\/li>\n<li>Caso de \u00e9xito <a href=\"https:\/\/videos.elearningmedia.es\/media\/Caso+de+%C3%A9xito+Universidad+de+NebrijaA+Blackboard+y+eLearning+Media\/1_lgj6q7d3\/101955681\">Blackboard \u2013 ELM<\/a> (2018):<\/li>\n<li>V\u00eddeo interactivo sobre el <a href=\"https:\/\/embed.wirewax.com\/8127304\/\">campus virtual<\/a> (2019)<\/li>\n<li>V\u00eddeo <a href=\"https:\/\/www.youtube.com\/watch?v=aGqzV004DxY&amp;t=1s\">Smart Campus 2019<\/a><\/li>\n<\/ul>\n<p>&nbsp;<\/p>\n<p><strong>CANALES DIGITALES DE GLOBAL CAMPUS<\/strong><\/p>\n<p>Web: <a href=\"https:\/\/www.nebrija.com\/nebrija-global-campus\/\">https:\/\/www.nebrija.com\/nebrija-global-campus\/<\/a><\/p>\n<p>Blog: <a href=\"https:\/\/www.nebrija.com\/medios\/nebrijaglobalcampus\/\">https:\/\/www.nebrija.com\/medios\/nebrijaglobalcampus\/<\/a> En el sexto puesto de blogs sobre <em>elearning<\/em> en Espa\u00f1a y Latinoam\u00e9rica seg\u00fan el ranking de Expo Elearning 2017.<\/p>\n<p>Twitter: @NebrijaGlobal<\/p>\n<p>LinkedIn: <a href=\"https:\/\/www.linkedin.com\/showcase\/5087777\/\">https:\/\/www.linkedin.com\/showcase\/5087777\/<\/a><\/p>\n<p><em>Texto: Javier Picos. Fotos: Zaida del R\u00edo.<\/em><\/p>\n\n\t\t<style type=\"text\/css\">\n\t\t\t#gallery-1 {\n\t\t\t\tmargin: auto;\n\t\t\t}\n\t\t\t#gallery-1 .gallery-item {\n\t\t\t\tfloat: left;\n\t\t\t\tmargin-top: 10px;\n\t\t\t\ttext-align: center;\n\t\t\t\twidth: 20%;\n\t\t\t}\n\t\t\t#gallery-1 img {\n\t\t\t\tborder: 2px solid #cfcfcf;\n\t\t\t}\n\t\t\t#gallery-1 .gallery-caption {\n\t\t\t\tmargin-left: 0;\n\t\t\t}\n\t\t\t\/* see gallery_shortcode() in wp-includes\/media.php *\/\n\t\t<\/style>\n\t\t<div id='gallery-1' class='gallery galleryid-64813 gallery-columns-5 gallery-size-thumbnail'><dl class='gallery-item'>\n\t\t\t<dt class='gallery-icon landscape'>\n\t\t\t\t<a href='https:\/\/www.nebrija.com\/medios\/actualidadnebrija\/wp-content\/uploads\/sites\/2\/2020\/03\/global_campus_nebrja-1.jpg'><img loading=\"lazy\" decoding=\"async\" width=\"150\" height=\"150\" src=\"https:\/\/www.nebrija.com\/medios\/actualidadnebrija\/wp-content\/uploads\/sites\/2\/2020\/03\/global_campus_nebrja-1-150x150.jpg\" class=\"attachment-thumbnail size-thumbnail\" alt=\"\" \/><\/a>\n\t\t\t<\/dt><\/dl><dl class='gallery-item'>\n\t\t\t<dt class='gallery-icon landscape'>\n\t\t\t\t<a href='https:\/\/www.nebrija.com\/medios\/actualidadnebrija\/wp-content\/uploads\/sites\/2\/2020\/03\/global_campus_nebrja-2.jpg'><img loading=\"lazy\" decoding=\"async\" width=\"150\" height=\"150\" src=\"https:\/\/www.nebrija.com\/medios\/actualidadnebrija\/wp-content\/uploads\/sites\/2\/2020\/03\/global_campus_nebrja-2-150x150.jpg\" class=\"attachment-thumbnail size-thumbnail\" alt=\"\" \/><\/a>\n\t\t\t<\/dt><\/dl><dl class='gallery-item'>\n\t\t\t<dt class='gallery-icon landscape'>\n\t\t\t\t<a href='https:\/\/www.nebrija.com\/medios\/actualidadnebrija\/wp-content\/uploads\/sites\/2\/2020\/03\/global_campus_nebrja-4.jpg'><img loading=\"lazy\" decoding=\"async\" width=\"150\" height=\"150\" src=\"https:\/\/www.nebrija.com\/medios\/actualidadnebrija\/wp-content\/uploads\/sites\/2\/2020\/03\/global_campus_nebrja-4-150x150.jpg\" class=\"attachment-thumbnail size-thumbnail\" alt=\"\" \/><\/a>\n\t\t\t<\/dt><\/dl><dl class='gallery-item'>\n\t\t\t<dt class='gallery-icon landscape'>\n\t\t\t\t<a href='https:\/\/www.nebrija.com\/medios\/actualidadnebrija\/wp-content\/uploads\/sites\/2\/2020\/03\/global_campus_nebrja-5.jpg'><img loading=\"lazy\" decoding=\"async\" width=\"150\" height=\"150\" src=\"https:\/\/www.nebrija.com\/medios\/actualidadnebrija\/wp-content\/uploads\/sites\/2\/2020\/03\/global_campus_nebrja-5-150x150.jpg\" class=\"attachment-thumbnail size-thumbnail\" alt=\"\" \/><\/a>\n\t\t\t<\/dt><\/dl><dl class='gallery-item'>\n\t\t\t<dt class='gallery-icon landscape'>\n\t\t\t\t<a href='https:\/\/www.nebrija.com\/medios\/actualidadnebrija\/wp-content\/uploads\/sites\/2\/2020\/03\/global_campus_nebrja-6.jpg'><img loading=\"lazy\" decoding=\"async\" width=\"150\" height=\"150\" src=\"https:\/\/www.nebrija.com\/medios\/actualidadnebrija\/wp-content\/uploads\/sites\/2\/2020\/03\/global_campus_nebrja-6-150x150.jpg\" class=\"attachment-thumbnail size-thumbnail\" alt=\"\" \/><\/a>\n\t\t\t<\/dt><\/dl><br style=\"clear: both\" \/>\n\t\t<\/div>\n\n","protected":false},"excerpt":{"rendered":"<p>El sello de la Universidad para la ense\u00f1anza a distancia recuerda sus contenidos digitales y algunas novedades en abierto.<\/p>\n","protected":false},"author":326,"featured_media":64814,"comment_status":"open","ping_status":"open","sticky":false,"template":"","format":"standard","meta":{"_acf_changed":false,"_monsterinsights_skip_tracking":false,"_monsterinsights_sitenote_active":false,"_monsterinsights_sitenote_note":"","_monsterinsights_sitenote_category":0,"footnotes":""},"categories":[3114],"tags":[3891,3124,3778,3897,3553],"acf":[],"yoast_head":"<!-- This site is optimized with the Yoast SEO plugin v22.1 - https:\/\/yoast.com\/wordpress\/plugins\/seo\/ -->\n<title>Global Campus Nebrija y sus recursos: los mejores aliados durante el confinamiento - Actualidad Nebrija<\/title>\n<meta name=\"description\" content=\"El sello de la Universidad para la ense\u00f1anza a distancia recuerda sus contenidos digitales y algunas novedades en abierto.\" \/>\n<meta name=\"robots\" content=\"index, follow, max-snippet:-1, max-image-preview:large, max-video-preview:-1\" \/>\n<link rel=\"canonical\" href=\"https:\/\/www.nebrija.com\/medios\/actualidadnebrija\/2020\/03\/23\/global-campus-nebrija-y-sus-recursos-los-mejores-aliados-durante-el-confinamiento\/\" \/>\n<meta property=\"og:locale\" content=\"es_ES\" \/>\n<meta property=\"og:type\" content=\"article\" \/>\n<meta property=\"og:title\" content=\"Global Campus Nebrija y sus recursos: los mejores aliados durante el confinamiento - Actualidad Nebrija\" \/>\n<meta property=\"og:description\" content=\"El sello de la Universidad para la ense\u00f1anza a distancia recuerda sus contenidos digitales y algunas novedades en abierto.\" \/>\n<meta property=\"og:url\" content=\"https:\/\/www.nebrija.com\/medios\/actualidadnebrija\/2020\/03\/23\/global-campus-nebrija-y-sus-recursos-los-mejores-aliados-durante-el-confinamiento\/\" \/>\n<meta property=\"og:site_name\" content=\"Actualidad Nebrija\" \/>\n<meta property=\"article:published_time\" content=\"2020-03-23T16:22:23+00:00\" \/>\n<meta property=\"article:modified_time\" content=\"2024-07-15T09:02:22+00:00\" \/>\n<meta property=\"og:image\" content=\"https:\/\/www.nebrija.com\/medios\/actualidadnebrija\/wp-content\/uploads\/sites\/2\/2020\/03\/global_campus_nebrja-1.jpg\" \/>\n\t<meta property=\"og:image:width\" content=\"1000\" \/>\n\t<meta property=\"og:image:height\" content=\"667\" \/>\n\t<meta property=\"og:image:type\" content=\"image\/jpeg\" \/>\n<meta name=\"author\" content=\"jpicos\" \/>\n<meta name=\"twitter:card\" content=\"summary_large_image\" \/>\n<meta name=\"twitter:label1\" content=\"Escrito por\" \/>\n\t<meta name=\"twitter:data1\" content=\"jpicos\" \/>\n\t<meta name=\"twitter:label2\" content=\"Tiempo de lectura\" \/>\n\t<meta name=\"twitter:data2\" content=\"3 minutos\" \/>\n<!-- \/ Yoast SEO plugin. -->","yoast_head_json":{"title":"Global Campus Nebrija y sus recursos: los mejores aliados durante el confinamiento - Actualidad Nebrija","description":"El sello de la Universidad para la ense\u00f1anza a distancia recuerda sus contenidos digitales y algunas novedades en abierto.","robots":{"index":"index","follow":"follow","max-snippet":"max-snippet:-1","max-image-preview":"max-image-preview:large","max-video-preview":"max-video-preview:-1"},"canonical":"https:\/\/www.nebrija.com\/medios\/actualidadnebrija\/2020\/03\/23\/global-campus-nebrija-y-sus-recursos-los-mejores-aliados-durante-el-confinamiento\/","og_locale":"es_ES","og_type":"article","og_title":"Global Campus Nebrija y sus recursos: los mejores aliados durante el confinamiento - Actualidad Nebrija","og_description":"El sello de la Universidad para la ense\u00f1anza a distancia recuerda sus contenidos digitales y algunas novedades en abierto.","og_url":"https:\/\/www.nebrija.com\/medios\/actualidadnebrija\/2020\/03\/23\/global-campus-nebrija-y-sus-recursos-los-mejores-aliados-durante-el-confinamiento\/","og_site_name":"Actualidad Nebrija","article_published_time":"2020-03-23T16:22:23+00:00","article_modified_time":"2024-07-15T09:02:22+00:00","og_image":[{"width":1000,"height":667,"url":"https:\/\/www.nebrija.com\/medios\/actualidadnebrija\/wp-content\/uploads\/sites\/2\/2020\/03\/global_campus_nebrja-1.jpg","type":"image\/jpeg"}],"author":"jpicos","twitter_card":"summary_large_image","twitter_misc":{"Escrito por":"jpicos","Tiempo de lectura":"3 minutos"},"schema":{"@context":"https:\/\/schema.org","@graph":[{"@type":"WebPage","@id":"https:\/\/www.nebrija.com\/medios\/actualidadnebrija\/2020\/03\/23\/global-campus-nebrija-y-sus-recursos-los-mejores-aliados-durante-el-confinamiento\/","url":"https:\/\/www.nebrija.com\/medios\/actualidadnebrija\/2020\/03\/23\/global-campus-nebrija-y-sus-recursos-los-mejores-aliados-durante-el-confinamiento\/","name":"Global Campus Nebrija y sus recursos: los mejores aliados durante el confinamiento - Actualidad Nebrija","isPartOf":{"@id":"https:\/\/www.nebrija.com\/medios\/actualidadnebrija\/#website"},"datePublished":"2020-03-23T16:22:23+00:00","dateModified":"2024-07-15T09:02:22+00:00","author":{"@id":"https:\/\/www.nebrija.com\/medios\/actualidadnebrija\/#\/schema\/person\/0cd40b7dd3f54459e2cfc009dbd255c6"},"description":"El sello de la Universidad para la ense\u00f1anza a distancia recuerda sus contenidos digitales y algunas novedades en abierto.","breadcrumb":{"@id":"https:\/\/www.nebrija.com\/medios\/actualidadnebrija\/2020\/03\/23\/global-campus-nebrija-y-sus-recursos-los-mejores-aliados-durante-el-confinamiento\/#breadcrumb"},"inLanguage":"es","potentialAction":[{"@type":"ReadAction","target":["https:\/\/www.nebrija.com\/medios\/actualidadnebrija\/2020\/03\/23\/global-campus-nebrija-y-sus-recursos-los-mejores-aliados-durante-el-confinamiento\/"]}]},{"@type":"BreadcrumbList","@id":"https:\/\/www.nebrija.com\/medios\/actualidadnebrija\/2020\/03\/23\/global-campus-nebrija-y-sus-recursos-los-mejores-aliados-durante-el-confinamiento\/#breadcrumb","itemListElement":[{"@type":"ListItem","position":1,"name":"Home","item":"https:\/\/www.nebrija.com\/medios\/actualidadnebrija\/"},{"@type":"ListItem","position":2,"name":"Global Campus Nebrija y sus recursos: los mejores aliados durante el confinamiento"}]},{"@type":"WebSite","@id":"https:\/\/www.nebrija.com\/medios\/actualidadnebrija\/#website","url":"https:\/\/www.nebrija.com\/medios\/actualidadnebrija\/","name":"Actualidad Nebrija","description":"Noticias de la Universidad Nebrija","potentialAction":[{"@type":"SearchAction","target":{"@type":"EntryPoint","urlTemplate":"https:\/\/www.nebrija.com\/medios\/actualidadnebrija\/?s={search_term_string}"},"query-input":"required name=search_term_string"}],"inLanguage":"es"},{"@type":"Person","@id":"https:\/\/www.nebrija.com\/medios\/actualidadnebrija\/#\/schema\/person\/0cd40b7dd3f54459e2cfc009dbd255c6","name":"jpicos","image":{"@type":"ImageObject","inLanguage":"es","@id":"https:\/\/www.nebrija.com\/medios\/actualidadnebrija\/#\/schema\/person\/image\/","url":"https:\/\/secure.gravatar.com\/avatar\/c4a1005cff3fd9bb5185e9671f4f3e9b?s=96&d=mm&r=g","contentUrl":"https:\/\/secure.gravatar.com\/avatar\/c4a1005cff3fd9bb5185e9671f4f3e9b?s=96&d=mm&r=g","caption":"jpicos"},"url":"https:\/\/www.nebrija.com\/medios\/actualidadnebrija\/author\/jpicos\/"}]}},"_links":{"self":[{"href":"https:\/\/www.nebrija.com\/medios\/actualidadnebrija\/wp-json\/wp\/v2\/posts\/64813"}],"collection":[{"href":"https:\/\/www.nebrija.com\/medios\/actualidadnebrija\/wp-json\/wp\/v2\/posts"}],"about":[{"href":"https:\/\/www.nebrija.com\/medios\/actualidadnebrija\/wp-json\/wp\/v2\/types\/post"}],"author":[{"embeddable":true,"href":"https:\/\/www.nebrija.com\/medios\/actualidadnebrija\/wp-json\/wp\/v2\/users\/326"}],"replies":[{"embeddable":true,"href":"https:\/\/www.nebrija.com\/medios\/actualidadnebrija\/wp-json\/wp\/v2\/comments?post=64813"}],"version-history":[{"count":6,"href":"https:\/\/www.nebrija.com\/medios\/actualidadnebrija\/wp-json\/wp\/v2\/posts\/64813\/revisions"}],"predecessor-version":[{"id":94003,"href":"https:\/\/www.nebrija.com\/medios\/actualidadnebrija\/wp-json\/wp\/v2\/posts\/64813\/revisions\/94003"}],"wp:featuredmedia":[{"embeddable":true,"href":"https:\/\/www.nebrija.com\/medios\/actualidadnebrija\/wp-json\/wp\/v2\/media\/64814"}],"wp:attachment":[{"href":"https:\/\/www.nebrija.com\/medios\/actualidadnebrija\/wp-json\/wp\/v2\/media?parent=64813"}],"wp:term":[{"taxonomy":"category","embeddable":true,"href":"https:\/\/www.nebrija.com\/medios\/actualidadnebrija\/wp-json\/wp\/v2\/categories?post=64813"},{"taxonomy":"post_tag","embeddable":true,"href":"https:\/\/www.nebrija.com\/medios\/actualidadnebrija\/wp-json\/wp\/v2\/tags?post=64813"}],"curies":[{"name":"wp","href":"https:\/\/api.w.org\/{rel}","templated":true}]}}