{"id":66132,"date":"2020-07-09T18:43:56","date_gmt":"2020-07-09T16:43:56","guid":{"rendered":"https:\/\/www.nebrija.com\/medios\/actualidadnebrija\/?p=66132"},"modified":"2020-07-10T09:44:25","modified_gmt":"2020-07-10T07:44:25","slug":"la-proteccion-de-datos-necesita-consenso-para-implantar-medidas-de-seguridad","status":"publish","type":"post","link":"https:\/\/www.nebrija.com\/medios\/actualidadnebrija\/2020\/07\/09\/la-proteccion-de-datos-necesita-consenso-para-implantar-medidas-de-seguridad\/","title":{"rendered":"La protecci\u00f3n de datos necesita consenso para implantar medidas de seguridad"},"content":{"rendered":"<p>La tecnolog\u00eda es nuestro d\u00eda a d\u00eda y confiamos en ella para muchos tr\u00e1mites personales y profesionales. Esto hace que compartamos muchos de nuestros datos con empresas, compa\u00f1eros de trabajo, bancos\u2026 Con el aislamiento requerido por la pandemia por la covid-19 el teletrabajo o las compras por internet han hecho que la protecci\u00f3n de datos sea una preocupaci\u00f3n m\u00e1s para mucha gente.<\/p>\n<p>En este contexto de plena actualidad tuvo lugar la conferencia IAPP -International Association of Privacy Professionals- de la delegaci\u00f3n espa\u00f1ola de esta asociaci\u00f3n internacional. En ella los temas de privacidad y protecci\u00f3n de datos fueron los protagonistas de las ponencias de varios profesionales del sector.<\/p>\n<p>El rector de la Universidad Nebrija, Juan Cay\u00f3n, inaugur\u00f3 la conferencia recordando que la protecci\u00f3n de datos tambi\u00e9n ha sido una cuesti\u00f3n importante para la Universidad que ha seguido impartiendo la docencia en modalidad telepresencial: \u201cdesde las c\u00e1maras para que los profesores y alumnos pudieran verse y que, a la vez, mostraban parte de su espacio privado y personal, hasta la tecnolog\u00eda antiplagio utilizada para certificar los ex\u00e1menes, todo han sido retos a los que enfrentarse durante este tiempo. Es necesario hacer una gran inversi\u00f3n en tecnolog\u00eda para cubrir cualquier eventualidad y mantener los niveles de calidad\u201d.<\/p>\n<p>La decana de la <a href=\"https:\/\/www.nebrija.com\/la_universidad\/facultades\/facultad-ciencias-sociales\/\">Facultad de Ciencias Sociales<\/a> se mostr\u00f3 totalmente de acuerdo y asegur\u00f3 que \u201cen la nueva normalidad los datos y la tecnolog\u00eda son indispensables por lo que la protecci\u00f3n de datos se ha mostrado como una cuesti\u00f3n de urgente soluci\u00f3n\u201d.<\/p>\n<p>Borja Adsuara Varela, experto en Derecho, Estrategia y Comunicaci\u00f3n Digital, coment\u00f3 el caso de las aplicaciones sanitarias que se han puesto en marcha en los \u00faltimos meses, pero que, a pesar de parecer de inter\u00e9s general para la sociedad, han tenido poco \u00e9xito a nivel de descargas y han generado cierta controversia por el supuesto \u201ccontrol\u201d de la poblaci\u00f3n. Para Adsuara el gran problema es que \u201csi no hay buena comunicaci\u00f3n de estos proyectos no sirven de nada\u201d. Para el experto es fundamental saber explicar la finalidad verdadera de las aplicaciones para que la gente quiera descargarla. Entre sus ejemplos explic\u00f3 que las aplicaciones que se han hecho para el \u201crastreo\u201d de posibles positivos por covid-19 ha generado una gran controversia por \u201cla geolocalizaci\u00f3n\u201d porque la poblaci\u00f3n se cre\u00eda \u201cvigilada\u201d. Sin embargo, \u201cla geolocalizaci\u00f3n solo se usaba para saber en qu\u00e9 comunidad aut\u00f3noma estaba el usuario y poder derivarlo al centro sanitario correcto, ya que eso depende de las diferentes competencias de sanidad\u201d.<\/p>\n<p>Adsuara asegur\u00f3 que \u201celegir bien las palabras es la clave\u201d ya que t\u00e9rminos como \u201crastreo\u201d ya implica un seguimiento no deseado por parte del usuario. Tambi\u00e9n es importante \u201cbuscar la venta de la aplicaci\u00f3n hacia la sociedad a trav\u00e9s de la finalidad \u00fatil para el usuario\u201d para que resulte atractiva y la gente se la quiera descargar, \u201cya que siempre son voluntarias\u201d.<\/p>\n<p>Daniel L\u00f3pez Carballo, socio de \u00c9cija Abogados y director del <a href=\"https:\/\/www.nebrija.com\/programas-postgrado\/master\/proteccion-de-datos\/\">M\u00e1ster en Protecci\u00f3n de Datos y Seguridad de la Universidad Nebrija<\/a> y co-chair IAPP Madrid Chapter, reclam\u00f3 que \u201cllevamos a\u00f1os pidiendo una ley de protecci\u00f3n de datos que permita avanzar a la tecnolog\u00eda y las opciones que tiene, siempre protegiendo la intimidad y la privacidad de los usuarios\u201d.<\/p>\n<p>\u201cHace falta mucha pedagog\u00eda, pero no solo por parte de los expertos. Pedagog\u00eda activa y transparente para asegurarse de que los usuarios est\u00e1n informados\u201d, aport\u00f3 Francisco Gonz\u00e1lez-Calero, lead advisor internacional de Govertis y co-chair IAPP Madrid Chapter.<\/p>\n<p>Ana Garc\u00eda Mart\u00edn, delegada de Protecci\u00f3n de Datos IKEA Espa\u00f1a, asegur\u00f3 que \u201ctenemos que entender que la tecnolog\u00eda es parte de nuestro d\u00eda a d\u00eda y que estamos en plena revoluci\u00f3n tecnol\u00f3gica\u201d. En los \u00faltimos meses, Ana Garc\u00eda explic\u00f3 que \u201chemos tenido que hacer un tratamiento muy espec\u00edfico para el control de empleados y en materia de prevenci\u00f3n de riesgos laborales y a veces hablamos con palabras que no se entienden por lo que ha sido importante aclarar t\u00e9rminos sobre la protecci\u00f3n de datos\u201d.<\/p>\n<p>Ante la falta de una regulaci\u00f3n clara para implantar medidas de seguridad en las empresas durante la pandemia, Ana Garc\u00eda agreg\u00f3 que \u201cel primer problema es que no hay consenso cient\u00edfico previo en las medidas por lo que hasta que no se cierre ese debate no se puede abrir el de la privacidad y protecci\u00f3n de datos e instaurar medidas m\u00e1s espec\u00edficas\u201d.<\/p>\n<p>En este aspecto, Diego P\u00e9rez Guti\u00e9rrez, delegado de Protecci\u00f3n de Datos SACYR, dijo que \u201cen empresas internacionales ha sido imposible implantar las mismas medidas porque no hab\u00eda un consenso internacional unificado\u201d. Sin embargo, P\u00e9rez asegur\u00f3 que las herramientas necesarias ya existen: \u201cNo creo que haya que innovar mucho m\u00e1s, sino tener sentido com\u00fan y ser claros desde el inicio\u201d.<\/p>\n<p>IAPP es una organizaci\u00f3n sin \u00e1nimo de lucro que tiene el compromiso de ofrecer conferencias internacionales, investigaciones exhaustivas, capacitaci\u00f3n, programas de certificaci\u00f3n y oportunidades para conectarse con otros profesionales en el \u00e1rea de la protecci\u00f3n de datos. Estos foros les permiten a sus miembros ampliar su conocimiento, compartir pr\u00e1cticas recomendadas, estar al tanto de las tendencias, plantear asuntos importantes, normalizar designaciones profesionales y proporcionar educaci\u00f3n y orientaci\u00f3n sobre oportunidades en el campo de la privacidad y la protecci\u00f3n de datos.<\/p>\n\n\t\t<style type=\"text\/css\">\n\t\t\t#gallery-1 {\n\t\t\t\tmargin: auto;\n\t\t\t}\n\t\t\t#gallery-1 .gallery-item {\n\t\t\t\tfloat: left;\n\t\t\t\tmargin-top: 10px;\n\t\t\t\ttext-align: center;\n\t\t\t\twidth: 16%;\n\t\t\t}\n\t\t\t#gallery-1 img {\n\t\t\t\tborder: 2px solid #cfcfcf;\n\t\t\t}\n\t\t\t#gallery-1 .gallery-caption {\n\t\t\t\tmargin-left: 0;\n\t\t\t}\n\t\t\t\/* see gallery_shortcode() in wp-includes\/media.php *\/\n\t\t<\/style>\n\t\t<div id='gallery-1' class='gallery galleryid-66132 gallery-columns-6 gallery-size-thumbnail'><dl class='gallery-item'>\n\t\t\t<dt class='gallery-icon landscape'>\n\t\t\t\t<a href='https:\/\/www.nebrija.com\/medios\/actualidadnebrija\/wp-content\/uploads\/sites\/2\/2020\/07\/rector-3.png'><img loading=\"lazy\" decoding=\"async\" width=\"150\" height=\"150\" src=\"https:\/\/www.nebrija.com\/medios\/actualidadnebrija\/wp-content\/uploads\/sites\/2\/2020\/07\/rector-3-150x150.png\" class=\"attachment-thumbnail size-thumbnail\" alt=\"Juan Cay\u00f3n, rector de la Universidad Nebrija\" \/><\/a>\n\t\t\t<\/dt><\/dl><dl class='gallery-item'>\n\t\t\t<dt class='gallery-icon landscape'>\n\t\t\t\t<a href='https:\/\/www.nebrija.com\/medios\/actualidadnebrija\/wp-content\/uploads\/sites\/2\/2020\/07\/Ana-de-la-Higuera.png'><img loading=\"lazy\" decoding=\"async\" width=\"150\" height=\"150\" src=\"https:\/\/www.nebrija.com\/medios\/actualidadnebrija\/wp-content\/uploads\/sites\/2\/2020\/07\/Ana-de-la-Higuera-150x150.png\" class=\"attachment-thumbnail size-thumbnail\" alt=\"Ana de la Higuera, echnology risk advisory associate de KPMG Espa\u00f1a, co-chair IAPP Madrid Chapter\" \/><\/a>\n\t\t\t<\/dt><\/dl><dl class='gallery-item'>\n\t\t\t<dt class='gallery-icon landscape'>\n\t\t\t\t<a href='https:\/\/www.nebrija.com\/medios\/actualidadnebrija\/wp-content\/uploads\/sites\/2\/2020\/07\/ana-garcia-1.png'><img loading=\"lazy\" decoding=\"async\" width=\"150\" height=\"150\" src=\"https:\/\/www.nebrija.com\/medios\/actualidadnebrija\/wp-content\/uploads\/sites\/2\/2020\/07\/ana-garcia-1-150x150.png\" class=\"attachment-thumbnail size-thumbnail\" alt=\"Ana Garc\u00eda Mart\u00edn, delegada de Protecci\u00f3n de Datos IKEA Espa\u00f1a\" \/><\/a>\n\t\t\t<\/dt><\/dl><dl class='gallery-item'>\n\t\t\t<dt class='gallery-icon landscape'>\n\t\t\t\t<a href='https:\/\/www.nebrija.com\/medios\/actualidadnebrija\/wp-content\/uploads\/sites\/2\/2020\/07\/borja.png'><img loading=\"lazy\" decoding=\"async\" width=\"150\" height=\"150\" src=\"https:\/\/www.nebrija.com\/medios\/actualidadnebrija\/wp-content\/uploads\/sites\/2\/2020\/07\/borja-150x150.png\" class=\"attachment-thumbnail size-thumbnail\" alt=\"Borja Adsuara Varela, experto en Derecho, Estrategia y Comunicaci\u00f3n Digital\" \/><\/a>\n\t\t\t<\/dt><\/dl><dl class='gallery-item'>\n\t\t\t<dt class='gallery-icon landscape'>\n\t\t\t\t<a href='https:\/\/www.nebrija.com\/medios\/actualidadnebrija\/wp-content\/uploads\/sites\/2\/2020\/07\/Daniel-Lopez.png'><img loading=\"lazy\" decoding=\"async\" width=\"150\" height=\"150\" src=\"https:\/\/www.nebrija.com\/medios\/actualidadnebrija\/wp-content\/uploads\/sites\/2\/2020\/07\/Daniel-Lopez-150x150.png\" class=\"attachment-thumbnail size-thumbnail\" alt=\"Daniel L\u00f3pez Carballo, socio de \u00c9cija Abogados y director del M\u00e1ster en Protecci\u00f3n de Datos y Seguridad de la Universidad Nebrija y co-chair IAPP Madrid Chapter\" \/><\/a>\n\t\t\t<\/dt><\/dl><dl class='gallery-item'>\n\t\t\t<dt class='gallery-icon landscape'>\n\t\t\t\t<a href='https:\/\/www.nebrija.com\/medios\/actualidadnebrija\/wp-content\/uploads\/sites\/2\/2020\/07\/Diego-P\u00e9rez.png'><img loading=\"lazy\" decoding=\"async\" width=\"150\" height=\"150\" src=\"https:\/\/www.nebrija.com\/medios\/actualidadnebrija\/wp-content\/uploads\/sites\/2\/2020\/07\/Diego-P\u00e9rez-150x150.png\" class=\"attachment-thumbnail size-thumbnail\" alt=\"Diego P\u00e9rez Guti\u00e9rrez, delegado de Protecci\u00f3n de Datos SACYR\" \/><\/a>\n\t\t\t<\/dt><\/dl><br style=\"clear: both\" \/>\n\t\t<\/div>\n\n","protected":false},"excerpt":{"rendered":"<p>La Universidad Nebrija acogi\u00f3 la conferencia de IAPP -International Association of Privacy Professionals- con expertos que discutieron sobre privacidad y protecci\u00f3n de datos y c\u00f3mo ha afectado la pandemia por covid-19 a este sector.<\/p>\n","protected":false},"author":263,"featured_media":66084,"comment_status":"open","ping_status":"open","sticky":false,"template":"","format":"standard","meta":{"_acf_changed":false,"_monsterinsights_skip_tracking":false,"_monsterinsights_sitenote_active":false,"_monsterinsights_sitenote_note":"","_monsterinsights_sitenote_category":0,"footnotes":""},"categories":[3051],"tags":[3124,4057,4058,4039,3222,3380],"acf":[],"yoast_head":"<!-- This site is optimized with the Yoast SEO plugin v22.1 - https:\/\/yoast.com\/wordpress\/plugins\/seo\/ -->\n<title>La protecci\u00f3n de datos necesita consenso para implantar medidas de seguridad<\/title>\n<meta name=\"description\" content=\"La Universidad Nebrija acogi\u00f3 la conferencia de IAPP -International Association of Privacy Professionals- con expertos que discutieron sobre privacidad y protecci\u00f3n de datos y c\u00f3mo ha afectado la pandemia por covid-19 a este sector.\" \/>\n<meta name=\"robots\" content=\"index, follow, max-snippet:-1, max-image-preview:large, max-video-preview:-1\" \/>\n<link rel=\"canonical\" href=\"https:\/\/www.nebrija.com\/medios\/actualidadnebrija\/2020\/07\/09\/la-proteccion-de-datos-necesita-consenso-para-implantar-medidas-de-seguridad\/\" \/>\n<meta property=\"og:locale\" content=\"es_ES\" \/>\n<meta property=\"og:type\" content=\"article\" \/>\n<meta property=\"og:title\" content=\"La protecci\u00f3n de datos necesita consenso para implantar medidas de seguridad\" \/>\n<meta property=\"og:description\" content=\"La Universidad Nebrija acogi\u00f3 la conferencia de IAPP -International Association of Privacy Professionals- con expertos que discutieron sobre privacidad y protecci\u00f3n de datos y c\u00f3mo ha afectado la pandemia por covid-19 a este sector.\" \/>\n<meta property=\"og:url\" content=\"https:\/\/www.nebrija.com\/medios\/actualidadnebrija\/2020\/07\/09\/la-proteccion-de-datos-necesita-consenso-para-implantar-medidas-de-seguridad\/\" \/>\n<meta property=\"og:site_name\" content=\"Actualidad Nebrija\" \/>\n<meta property=\"article:published_time\" content=\"2020-07-09T16:43:56+00:00\" \/>\n<meta property=\"article:modified_time\" content=\"2020-07-10T07:44:25+00:00\" \/>\n<meta property=\"og:image\" content=\"https:\/\/www.nebrija.com\/medios\/actualidadnebrija\/wp-content\/uploads\/sites\/2\/2020\/07\/datos-scaled.jpg\" \/>\n\t<meta property=\"og:image:width\" content=\"1438\" \/>\n\t<meta property=\"og:image:height\" content=\"2560\" \/>\n\t<meta property=\"og:image:type\" content=\"image\/jpeg\" \/>\n<meta name=\"author\" content=\"pmartinezma\" \/>\n<meta name=\"twitter:card\" content=\"summary_large_image\" \/>\n<meta name=\"twitter:label1\" content=\"Escrito por\" \/>\n\t<meta name=\"twitter:data1\" content=\"pmartinezma\" \/>\n\t<meta name=\"twitter:label2\" content=\"Tiempo de lectura\" \/>\n\t<meta name=\"twitter:data2\" content=\"5 minutos\" \/>\n<!-- \/ Yoast SEO plugin. -->","yoast_head_json":{"title":"La protecci\u00f3n de datos necesita consenso para implantar medidas de seguridad","description":"La Universidad Nebrija acogi\u00f3 la conferencia de IAPP -International Association of Privacy Professionals- con expertos que discutieron sobre privacidad y protecci\u00f3n de datos y c\u00f3mo ha afectado la pandemia por covid-19 a este sector.","robots":{"index":"index","follow":"follow","max-snippet":"max-snippet:-1","max-image-preview":"max-image-preview:large","max-video-preview":"max-video-preview:-1"},"canonical":"https:\/\/www.nebrija.com\/medios\/actualidadnebrija\/2020\/07\/09\/la-proteccion-de-datos-necesita-consenso-para-implantar-medidas-de-seguridad\/","og_locale":"es_ES","og_type":"article","og_title":"La protecci\u00f3n de datos necesita consenso para implantar medidas de seguridad","og_description":"La Universidad Nebrija acogi\u00f3 la conferencia de IAPP -International Association of Privacy Professionals- con expertos que discutieron sobre privacidad y protecci\u00f3n de datos y c\u00f3mo ha afectado la pandemia por covid-19 a este sector.","og_url":"https:\/\/www.nebrija.com\/medios\/actualidadnebrija\/2020\/07\/09\/la-proteccion-de-datos-necesita-consenso-para-implantar-medidas-de-seguridad\/","og_site_name":"Actualidad Nebrija","article_published_time":"2020-07-09T16:43:56+00:00","article_modified_time":"2020-07-10T07:44:25+00:00","og_image":[{"width":1438,"height":2560,"url":"https:\/\/www.nebrija.com\/medios\/actualidadnebrija\/wp-content\/uploads\/sites\/2\/2020\/07\/datos-scaled.jpg","type":"image\/jpeg"}],"author":"pmartinezma","twitter_card":"summary_large_image","twitter_misc":{"Escrito por":"pmartinezma","Tiempo de lectura":"5 minutos"},"schema":{"@context":"https:\/\/schema.org","@graph":[{"@type":"WebPage","@id":"https:\/\/www.nebrija.com\/medios\/actualidadnebrija\/2020\/07\/09\/la-proteccion-de-datos-necesita-consenso-para-implantar-medidas-de-seguridad\/","url":"https:\/\/www.nebrija.com\/medios\/actualidadnebrija\/2020\/07\/09\/la-proteccion-de-datos-necesita-consenso-para-implantar-medidas-de-seguridad\/","name":"La protecci\u00f3n de datos necesita consenso para implantar medidas de seguridad","isPartOf":{"@id":"https:\/\/www.nebrija.com\/medios\/actualidadnebrija\/#website"},"datePublished":"2020-07-09T16:43:56+00:00","dateModified":"2020-07-10T07:44:25+00:00","author":{"@id":"https:\/\/www.nebrija.com\/medios\/actualidadnebrija\/#\/schema\/person\/eece520e53a2d6b773c896d785ca10ad"},"description":"La Universidad Nebrija acogi\u00f3 la conferencia de IAPP -International Association of Privacy Professionals- con expertos que discutieron sobre privacidad y protecci\u00f3n de datos y c\u00f3mo ha afectado la pandemia por covid-19 a este sector.","breadcrumb":{"@id":"https:\/\/www.nebrija.com\/medios\/actualidadnebrija\/2020\/07\/09\/la-proteccion-de-datos-necesita-consenso-para-implantar-medidas-de-seguridad\/#breadcrumb"},"inLanguage":"es","potentialAction":[{"@type":"ReadAction","target":["https:\/\/www.nebrija.com\/medios\/actualidadnebrija\/2020\/07\/09\/la-proteccion-de-datos-necesita-consenso-para-implantar-medidas-de-seguridad\/"]}]},{"@type":"BreadcrumbList","@id":"https:\/\/www.nebrija.com\/medios\/actualidadnebrija\/2020\/07\/09\/la-proteccion-de-datos-necesita-consenso-para-implantar-medidas-de-seguridad\/#breadcrumb","itemListElement":[{"@type":"ListItem","position":1,"name":"Home","item":"https:\/\/www.nebrija.com\/medios\/actualidadnebrija\/"},{"@type":"ListItem","position":2,"name":"La protecci\u00f3n de datos necesita consenso para implantar medidas de seguridad"}]},{"@type":"WebSite","@id":"https:\/\/www.nebrija.com\/medios\/actualidadnebrija\/#website","url":"https:\/\/www.nebrija.com\/medios\/actualidadnebrija\/","name":"Actualidad Nebrija","description":"Noticias de la Universidad Nebrija","potentialAction":[{"@type":"SearchAction","target":{"@type":"EntryPoint","urlTemplate":"https:\/\/www.nebrija.com\/medios\/actualidadnebrija\/?s={search_term_string}"},"query-input":"required name=search_term_string"}],"inLanguage":"es"},{"@type":"Person","@id":"https:\/\/www.nebrija.com\/medios\/actualidadnebrija\/#\/schema\/person\/eece520e53a2d6b773c896d785ca10ad","name":"pmartinezma","image":{"@type":"ImageObject","inLanguage":"es","@id":"https:\/\/www.nebrija.com\/medios\/actualidadnebrija\/#\/schema\/person\/image\/","url":"https:\/\/secure.gravatar.com\/avatar\/5feaacc0ce30f23dc14c8724dc28a01f?s=96&d=mm&r=g","contentUrl":"https:\/\/secure.gravatar.com\/avatar\/5feaacc0ce30f23dc14c8724dc28a01f?s=96&d=mm&r=g","caption":"pmartinezma"},"url":"https:\/\/www.nebrija.com\/medios\/actualidadnebrija\/author\/pmartinezma\/"}]}},"_links":{"self":[{"href":"https:\/\/www.nebrija.com\/medios\/actualidadnebrija\/wp-json\/wp\/v2\/posts\/66132"}],"collection":[{"href":"https:\/\/www.nebrija.com\/medios\/actualidadnebrija\/wp-json\/wp\/v2\/posts"}],"about":[{"href":"https:\/\/www.nebrija.com\/medios\/actualidadnebrija\/wp-json\/wp\/v2\/types\/post"}],"author":[{"embeddable":true,"href":"https:\/\/www.nebrija.com\/medios\/actualidadnebrija\/wp-json\/wp\/v2\/users\/263"}],"replies":[{"embeddable":true,"href":"https:\/\/www.nebrija.com\/medios\/actualidadnebrija\/wp-json\/wp\/v2\/comments?post=66132"}],"version-history":[{"count":4,"href":"https:\/\/www.nebrija.com\/medios\/actualidadnebrija\/wp-json\/wp\/v2\/posts\/66132\/revisions"}],"predecessor-version":[{"id":66142,"href":"https:\/\/www.nebrija.com\/medios\/actualidadnebrija\/wp-json\/wp\/v2\/posts\/66132\/revisions\/66142"}],"wp:featuredmedia":[{"embeddable":true,"href":"https:\/\/www.nebrija.com\/medios\/actualidadnebrija\/wp-json\/wp\/v2\/media\/66084"}],"wp:attachment":[{"href":"https:\/\/www.nebrija.com\/medios\/actualidadnebrija\/wp-json\/wp\/v2\/media?parent=66132"}],"wp:term":[{"taxonomy":"category","embeddable":true,"href":"https:\/\/www.nebrija.com\/medios\/actualidadnebrija\/wp-json\/wp\/v2\/categories?post=66132"},{"taxonomy":"post_tag","embeddable":true,"href":"https:\/\/www.nebrija.com\/medios\/actualidadnebrija\/wp-json\/wp\/v2\/tags?post=66132"}],"curies":[{"name":"wp","href":"https:\/\/api.w.org\/{rel}","templated":true}]}}