{"id":66178,"date":"2020-07-14T14:19:10","date_gmt":"2020-07-14T12:19:10","guid":{"rendered":"https:\/\/www.nebrija.com\/medios\/actualidadnebrija\/?p=66178"},"modified":"2020-07-14T14:24:00","modified_gmt":"2020-07-14T12:24:00","slug":"desmontando-el-mito-de-frida-khalo","status":"publish","type":"post","link":"https:\/\/www.nebrija.com\/medios\/actualidadnebrija\/2020\/07\/14\/desmontando-el-mito-de-frida-khalo\/","title":{"rendered":"Desmontando el mito de Frida Khalo"},"content":{"rendered":"<p>Cada mes de julio, los d\u00edas 6 y 13, el mundo del Arte suma a\u00f1os en el recuerdo, 113 y 66 este 2020, al nacimiento y muerte de la pintora mexicana de Coyoac\u00e1n bautizada Magdalena Carmen Frida Khalo Calder\u00f3n. La\u00a0<em>Fridoman\u00eda<\/em>\u00a0no ha cesado de producir iconos desde los a\u00f1os 80. Sea gracias al biopic\u00a0<a href=\"https:\/\/www.imdb.com\/title\/tt0120679\/\"><em>Frida<\/em><\/a>\u00a0(2002), glorificador de la mexicanidad de la actriz\u00a0<a href=\"https:\/\/www.imdb.com\/name\/nm0000161\/?ref_=fn_al_nm_1\">Salma Hayek<\/a>, o a una biograf\u00eda para ni\u00f1os de\u00a0<a href=\"https:\/\/www.penguinrandomhouse.com\/authors\/2199648\/maria-hesse\">Mar\u00eda Hesse<\/a>\u00a0(2016).<\/p>\n<p>El\u00a0<a href=\"https:\/\/www.vam.ac.uk\/exhibitions\/frida-kahlo-making-her-self-up\">Victoria &amp; Albert Museum<\/a>\u00a0se rindi\u00f3 a su vestuario folcl\u00f3rico en\u00a0<a href=\"https:\/\/www.vam.ac.uk\/articles\/inside-the-frida-kahlo-making-her-self-up-exhibition\"><em>Making herself up<\/em><\/a>\u00a0(2018). Se han apropiado de los t\u00edtulos de sus obras divas pop como Florence and the Machine en\u00a0<a href=\"https:\/\/www.youtube.com\/watch?v=am6rArVPip8\"><em>What the water gave me<\/em><\/a>\u00a0(2011). Han imitado su est\u00e9tica de trenzas fijadas en diademas y ensartadas de flores las tambi\u00e9n brit\u00e1nicas\u00a0<a href=\"https:\/\/www.youtube.com\/watch?v=oAeotgCHL3E\">Paloma Faith<\/a>\u00a0(2014) y\u00a0<a href=\"https:\/\/www.youtube.com\/watch?v=-F8mEQsXVkQ\">Sophie Ellis-Bextor<\/a>\u00a0(2016). Y\u00a0<a href=\"https:\/\/www.instagram.com\/p\/CB_BrxJISSq\/\">Amaia Montero<\/a>\u00a0la ha capitalizado para su reaparici\u00f3n en su pen\u00faltimo estado de Instagram.<\/p>\n<h2>Razones para la\u00a0<em>Fridoman\u00eda<\/em><\/h2>\n<figure class=\"align-right zoomable\"><a href=\"https:\/\/images.theconversation.com\/files\/345649\/original\/file-20200705-33939-1h65wz9.jpg?ixlib=rb-1.1.0&amp;q=45&amp;auto=format&amp;w=1000&amp;fit=clip\"><img decoding=\"async\" src=\"https:\/\/images.theconversation.com\/files\/345649\/original\/file-20200705-33939-1h65wz9.jpg?ixlib=rb-1.1.0&amp;q=45&amp;auto=format&amp;w=237&amp;fit=clip\" sizes=\"(min-width: 1466px) 754px, (max-width: 599px) 100vw, (min-width: 600px) 600px, 237px\" srcset=\"https:\/\/images.theconversation.com\/files\/345649\/original\/file-20200705-33939-1h65wz9.jpg?ixlib=rb-1.1.0&amp;q=45&amp;auto=format&amp;w=600&amp;h=769&amp;fit=crop&amp;dpr=1 600w, https:\/\/images.theconversation.com\/files\/345649\/original\/file-20200705-33939-1h65wz9.jpg?ixlib=rb-1.1.0&amp;q=30&amp;auto=format&amp;w=600&amp;h=769&amp;fit=crop&amp;dpr=2 1200w, https:\/\/images.theconversation.com\/files\/345649\/original\/file-20200705-33939-1h65wz9.jpg?ixlib=rb-1.1.0&amp;q=15&amp;auto=format&amp;w=600&amp;h=769&amp;fit=crop&amp;dpr=3 1800w, https:\/\/images.theconversation.com\/files\/345649\/original\/file-20200705-33939-1h65wz9.jpg?ixlib=rb-1.1.0&amp;q=45&amp;auto=format&amp;w=754&amp;h=967&amp;fit=crop&amp;dpr=1 754w, https:\/\/images.theconversation.com\/files\/345649\/original\/file-20200705-33939-1h65wz9.jpg?ixlib=rb-1.1.0&amp;q=30&amp;auto=format&amp;w=754&amp;h=967&amp;fit=crop&amp;dpr=2 1508w, https:\/\/images.theconversation.com\/files\/345649\/original\/file-20200705-33939-1h65wz9.jpg?ixlib=rb-1.1.0&amp;q=15&amp;auto=format&amp;w=754&amp;h=967&amp;fit=crop&amp;dpr=3 2262w\" alt=\"\" \/><\/a><figcaption><span class=\"caption\">Frida Kahlo a los 11 a\u00f1os, retratada por su padre, Guillermo Kahlo, en junio de 1919.<\/span>\u00a0<span class=\"attribution\"><a class=\"source\" href=\"https:\/\/es.wikipedia.org\/wiki\/Frida_Kahlo\">Wikimedia Commons \/<\/a><\/span><\/figcaption><\/figure>\n<p>En los a\u00f1os 80 el Arte prest\u00f3 atenci\u00f3n a ese otro colectivo marginal que constitu\u00edan las mujeres artistas. Su recuperaci\u00f3n se realiz\u00f3 otorgando precedencia a las que se ajustaban a la idea del genio atormentado rom\u00e1ntico.<\/p>\n<p>Frida ten\u00eda todo un historial cl\u00ednico digno de empat\u00eda. Empezando por una poliomelitis infantil, y un accidente en edad adolescente macabro, que perfor\u00f3 su pelvis, abdomen y fractur\u00f3 su columna. Sus m\u00e1s de treinta hospitalizaciones en 47 a\u00f1os inclu\u00edan tres abortos.<\/p>\n<p>Khalo a\u00f1ad\u00eda, adem\u00e1s, el morbo de\u00a0<em>magazine<\/em>\u00a0del coraz\u00f3n amarillista de su transgresora desenvoltura sexual, recuperada en la colectiva\u00a0<a href=\"http:\/\/galeriamayoral.com\/es\/proyecto\/dones-surrealistes\/\"><em>Mujeres surrealistas<\/em><\/a>\u00a0comisariada por Victoria Combal\u00eda en 2017.<\/p>\n<h2>Novelesca vida amorosa<\/h2>\n<figure class=\"align-right zoomable\"><a href=\"https:\/\/images.theconversation.com\/files\/345648\/original\/file-20200705-33943-1jrum2w.jpg?ixlib=rb-1.1.0&amp;q=45&amp;auto=format&amp;w=1000&amp;fit=clip\"><img decoding=\"async\" src=\"https:\/\/images.theconversation.com\/files\/345648\/original\/file-20200705-33943-1jrum2w.jpg?ixlib=rb-1.1.0&amp;q=45&amp;auto=format&amp;w=237&amp;fit=clip\" sizes=\"(min-width: 1466px) 754px, (max-width: 599px) 100vw, (min-width: 600px) 600px, 237px\" srcset=\"https:\/\/images.theconversation.com\/files\/345648\/original\/file-20200705-33943-1jrum2w.jpg?ixlib=rb-1.1.0&amp;q=45&amp;auto=format&amp;w=600&amp;h=778&amp;fit=crop&amp;dpr=1 600w, https:\/\/images.theconversation.com\/files\/345648\/original\/file-20200705-33943-1jrum2w.jpg?ixlib=rb-1.1.0&amp;q=30&amp;auto=format&amp;w=600&amp;h=778&amp;fit=crop&amp;dpr=2 1200w, https:\/\/images.theconversation.com\/files\/345648\/original\/file-20200705-33943-1jrum2w.jpg?ixlib=rb-1.1.0&amp;q=15&amp;auto=format&amp;w=600&amp;h=778&amp;fit=crop&amp;dpr=3 1800w, https:\/\/images.theconversation.com\/files\/345648\/original\/file-20200705-33943-1jrum2w.jpg?ixlib=rb-1.1.0&amp;q=45&amp;auto=format&amp;w=754&amp;h=977&amp;fit=crop&amp;dpr=1 754w, https:\/\/images.theconversation.com\/files\/345648\/original\/file-20200705-33943-1jrum2w.jpg?ixlib=rb-1.1.0&amp;q=30&amp;auto=format&amp;w=754&amp;h=977&amp;fit=crop&amp;dpr=2 1508w, https:\/\/images.theconversation.com\/files\/345648\/original\/file-20200705-33943-1jrum2w.jpg?ixlib=rb-1.1.0&amp;q=15&amp;auto=format&amp;w=754&amp;h=977&amp;fit=crop&amp;dpr=3 2262w\" alt=\"\" \/><\/a><figcaption><span class=\"caption\">Frida Kahlo con Diego Rivera el 19 de marzo de 1932.<\/span>\u00a0<span class=\"attribution\"><a class=\"source\" href=\"https:\/\/commons.wikimedia.org\/wiki\/File:Frida_Kahlo_Diego_Rivera_1932.jpg\">Wikimedia Commons \/ Carl Van Vechten<\/a><\/span><\/figcaption><\/figure>\n<p>Frida am\u00f3 mucho. Desde el conocido primer novio Alejandro G\u00f3mez Arias, su dos veces esposo\u00a0<a href=\"https:\/\/es.wikipedia.org\/wiki\/Diego_Rivera\">Diego Rivera<\/a>, al revolucionario\u00a0<a href=\"https:\/\/www.clarin.com\/internacional\/intenso-romance-frida-kahlo-leon-trotski-final-abrupto-regalo-macabro_0_KM50iD3kc.html\">Le\u00f3n Trotski<\/a>\u00a0(amor llevado este a\u00f1o a la escena teatral bonaerense).<\/p>\n<p>Am\u00f3 a otros artistas (el escultor\u00a0<a href=\"https:\/\/www.arquitecturaydiseno.es\/creadores\/isamu-noguchi\">Isamu Noguchi<\/a>, el pintor\u00a0<a href=\"https:\/\/es.wikipedia.org\/wiki\/Josep_Bartol%C3%AD\">Jos\u00e9 Bartol\u00ed<\/a>, la cantante\u00a0<a href=\"https:\/\/www.revistacentral.com.mx\/actualidad-revista-central\/celebridades\/notas\/cuando-frida-kahlo-revelo-su-atraccion-por-chavela-vargas\">Chavela Vargas<\/a>\u00a0o la pintora\u00a0<a href=\"https:\/\/en.wikipedia.org\/wiki\/Jacqueline_Lamba\">Jacqueline Lamba<\/a>. La medalla de plata de su coraz\u00f3n correspondi\u00f3, al parecer, al fot\u00f3grafo y esgrimista ol\u00edmpico\u00a0<a href=\"http:\/\/losgrandesfotografos.blogspot.com\/2017\/06\/nickolas-muray-1892-1965.html\">Nickolas Muray<\/a>.<\/p>\n<h2>Obras ic\u00f3nicas<\/h2>\n<p>Frida se fij\u00f3 en nuestra memoria con sus autorretratos compulsivos de ojos suspendidos, en l\u00ednea con los de sus monos o su cervatillo Granizo, dignos de los retratos egipcios de\u00a0<a href=\"https:\/\/es.wikipedia.org\/wiki\/Retratos_de_El_Fayum\">El Fayum<\/a>.<\/p>\n<figure class=\"align-right zoomable\"><a href=\"https:\/\/images.theconversation.com\/files\/345650\/original\/file-20200705-33913-vdy2a4.jpg?ixlib=rb-1.1.0&amp;q=45&amp;auto=format&amp;w=1000&amp;fit=clip\"><img decoding=\"async\" src=\"https:\/\/images.theconversation.com\/files\/345650\/original\/file-20200705-33913-vdy2a4.jpg?ixlib=rb-1.1.0&amp;q=45&amp;auto=format&amp;w=237&amp;fit=clip\" sizes=\"(min-width: 1466px) 754px, (max-width: 599px) 100vw, (min-width: 600px) 600px, 237px\" srcset=\"https:\/\/images.theconversation.com\/files\/345650\/original\/file-20200705-33913-vdy2a4.jpg?ixlib=rb-1.1.0&amp;q=45&amp;auto=format&amp;w=600&amp;h=773&amp;fit=crop&amp;dpr=1 600w, https:\/\/images.theconversation.com\/files\/345650\/original\/file-20200705-33913-vdy2a4.jpg?ixlib=rb-1.1.0&amp;q=30&amp;auto=format&amp;w=600&amp;h=773&amp;fit=crop&amp;dpr=2 1200w, https:\/\/images.theconversation.com\/files\/345650\/original\/file-20200705-33913-vdy2a4.jpg?ixlib=rb-1.1.0&amp;q=15&amp;auto=format&amp;w=600&amp;h=773&amp;fit=crop&amp;dpr=3 1800w, https:\/\/images.theconversation.com\/files\/345650\/original\/file-20200705-33913-vdy2a4.jpg?ixlib=rb-1.1.0&amp;q=45&amp;auto=format&amp;w=754&amp;h=972&amp;fit=crop&amp;dpr=1 754w, https:\/\/images.theconversation.com\/files\/345650\/original\/file-20200705-33913-vdy2a4.jpg?ixlib=rb-1.1.0&amp;q=30&amp;auto=format&amp;w=754&amp;h=972&amp;fit=crop&amp;dpr=2 1508w, https:\/\/images.theconversation.com\/files\/345650\/original\/file-20200705-33913-vdy2a4.jpg?ixlib=rb-1.1.0&amp;q=15&amp;auto=format&amp;w=754&amp;h=972&amp;fit=crop&amp;dpr=3 2262w\" alt=\"\" \/><\/a><figcaption><span class=\"caption\">Frida Kahlo por Nickolas Muray.<\/span>\u00a0<span class=\"attribution\"><a class=\"source\" href=\"https:\/\/nickolasmuray.com\/archives\/222\">\u00a9 Niklolasmuray.com<\/a><\/span><\/figcaption><\/figure>\n<p>Pero fueron las fotograf\u00edas saturadas de color de Muray las responsables de una imagen a lo Warhol de Frida.<\/p>\n<p>Muray, nacido h\u00fangaro como Mikl\u00f3s Mandl, triunf\u00f3 en la revista\u00a0<em>Harper\u00b4s Bazaar<\/em>\u00a0retratando a estrellas de Hollywood tras formarse en fotograbado en color en Berl\u00edn. Gracias a \u00e9l, Frida fue un icono feminista popular antes de que otros hicieran triunfar el\u00a0<em>Pop Art<\/em>.<\/p>\n<p>Por si esto no alcanzara, a\u00fan quedaba el vodevil dom\u00e9stico de la infidelidad de Diego con Cristina, su hermana preferida y madre de sus dos sobrinos Antonio e Isolda.<\/p>\n<h2>Desmontar el clich\u00e9 sufriente<\/h2>\n<p>Su sobrino Antonio la fotografi\u00f3 y, en las memorias de Isolda,\u00a0<em>Frida \u00edntima<\/em>, asom\u00f3 en 2004 la Frida riente de la\u00a0<em>home movie<\/em>\u00a0y las fotos de Muray. La Frida rodeada del cari\u00f1o de los pr\u00f3ximos que pudo haber decidido, con ayuda de Diego, una eutanasia activa.<\/p>\n<p>En 2007 se abrieron los archivos personales de la Casa Azul. En su ensayo la historiadora Patricia Mayayo (2008) dilucid\u00f3 la responsabilidad de las historiadoras feministas en la visi\u00f3n deformada, transgresora o victimista, del mito de Khalo.<\/p>\n<p><a href=\"https:\/\/riunet.upv.es\/handle\/10251\/17798\">Melina Vodermayer<\/a>\u00a0(2012) estudi\u00f3 c\u00f3mo ella, y otras artistas surrealistas, representaban el cuerpo.\u00a0<a href=\"https:\/\/digibug.ugr.es\/handle\/10481\/43629\">Irene Molina Ruiz<\/a>\u00a0(2015) analiz\u00f3 c\u00f3mo us\u00f3 el g\u00e9nero del autorretrato para canalizar su dolor.<\/p>\n<p><a href=\"http:\/\/www.m-arteyculturavisual.com\/2018\/05\/12\/frida-kahlo-mas-alla-del-mito\/\">Diego Sileo<\/a>\u00a0(2018) dividi\u00f3 su producci\u00f3n en ejes tem\u00e1ticos (mujer, tierra, pol\u00edtica y dolor).\u00a0<a href=\"https:\/\/www.proceso.com.mx\/105784\/105784-frida-en-la-alemania-que-la-mitifico\">Helga Prignitz-Poda<\/a>\u00a0y\u00a0<a href=\"https:\/\/www.elsoldecuernavaca.com.mx\/cultura\/la-obra-de-frida-kahlo-era-gore-raul-cano-3839003.html\">Ra\u00fal Cano<\/a>\u00a0a\u00f1adieron nuevas obras para su cat\u00e1logo tras estudios de largo recorrido.<\/p>\n<h2>Frida en contexto<\/h2>\n<p>En\u00a0<a href=\"https:\/\/catalogo.artesdemexico.com\/productos\/eclipse-de-siete-lunas-mujeres-muralistas-en-mexico\/\"><em>Eclipse de siete lunas. Mujeres muralistas en M\u00e9xico<\/em><\/a>\u00a0(2017), Dina Comisarenco revel\u00f3 una n\u00f3mina del Muralismo mexicano m\u00e1s rica que la triunfante y viril tr\u00edada formada por Diego Rivera,\u00a0<a href=\"https:\/\/es.wikipedia.org\/wiki\/Jos%C3%A9_Clemente_Orozco\">Jos\u00e9 Clemente Orozco<\/a>\u00a0y\u00a0<a href=\"https:\/\/es.wikipedia.org\/wiki\/David_Alfaro_Siqueiros\">David Alfaro Siqueiros<\/a>.<\/p>\n<p>En ella figuran muchas mujeres empezando por la excepcional\u00a0<a href=\"http:\/\/www.heroinas.net\/2017\/10\/maria-izquierdo-pintora-mexicana.html\">Mar\u00eda Izquierdo<\/a>, primera mexicana en exponer de forma individual fuera de M\u00e9xico, en el Art Center de Nueva York (1930). Izquierdo fue saboteada por ellos y oscurecida por Frida.<\/p>\n<figure class=\"align-center zoomable\"><a href=\"https:\/\/images.theconversation.com\/files\/345652\/original\/file-20200705-33922-y1uft8.jpg?ixlib=rb-1.1.0&amp;q=45&amp;auto=format&amp;w=1000&amp;fit=clip\"><img decoding=\"async\" src=\"https:\/\/images.theconversation.com\/files\/345652\/original\/file-20200705-33922-y1uft8.jpg?ixlib=rb-1.1.0&amp;q=45&amp;auto=format&amp;w=754&amp;fit=clip\" sizes=\"(min-width: 1466px) 754px, (max-width: 599px) 100vw, (min-width: 600px) 600px, 237px\" srcset=\"https:\/\/images.theconversation.com\/files\/345652\/original\/file-20200705-33922-y1uft8.jpg?ixlib=rb-1.1.0&amp;q=45&amp;auto=format&amp;w=600&amp;h=448&amp;fit=crop&amp;dpr=1 600w, https:\/\/images.theconversation.com\/files\/345652\/original\/file-20200705-33922-y1uft8.jpg?ixlib=rb-1.1.0&amp;q=30&amp;auto=format&amp;w=600&amp;h=448&amp;fit=crop&amp;dpr=2 1200w, https:\/\/images.theconversation.com\/files\/345652\/original\/file-20200705-33922-y1uft8.jpg?ixlib=rb-1.1.0&amp;q=15&amp;auto=format&amp;w=600&amp;h=448&amp;fit=crop&amp;dpr=3 1800w, https:\/\/images.theconversation.com\/files\/345652\/original\/file-20200705-33922-y1uft8.jpg?ixlib=rb-1.1.0&amp;q=45&amp;auto=format&amp;w=754&amp;h=563&amp;fit=crop&amp;dpr=1 754w, https:\/\/images.theconversation.com\/files\/345652\/original\/file-20200705-33922-y1uft8.jpg?ixlib=rb-1.1.0&amp;q=30&amp;auto=format&amp;w=754&amp;h=563&amp;fit=crop&amp;dpr=2 1508w, https:\/\/images.theconversation.com\/files\/345652\/original\/file-20200705-33922-y1uft8.jpg?ixlib=rb-1.1.0&amp;q=15&amp;auto=format&amp;w=754&amp;h=563&amp;fit=crop&amp;dpr=3 2262w\" alt=\"\" \/><\/a><figcaption><span class=\"caption\"><em>Sue\u00f1o y presentimiento<\/em>, Mar\u00eda izquierdo, 1947.<\/span>\u00a0<span class=\"attribution\"><a class=\"source\" href=\"http:\/\/www.artnet.com\/artists\/mar%C3%ADa-izquierdo\/sue%C3%B1o-y-presentimiento-mPhIoFjd2geD0JJX9xmC9A2\">Artnet<\/a><\/span><\/figcaption><\/figure>\n<p><a href=\"https:\/\/remedios-varo.com\/biografia\/\">Remedios Varo<\/a>,\u00a0<a href=\"https:\/\/mymodernmet.com\/es\/leonora-carrington\/\">Leonora Carrington<\/a>\u00a0y Mar\u00eda Izquierdo incorporaron una \u00f3rbita femenina de temas cuya novedad se ha atribu\u00eddo a Khalo. Entre las muralistas recuperadas est\u00e1 otra fot\u00f3grafa de Khalo,\u00a0<a href=\"http:\/\/www.totumrevolutum.es\/lucienne-bloch-la-amiga-y-confidente-que-fotografio-la-vida-de-frida-kahlo-desde-dentro\/\">Lucienne Bloch<\/a>, y figuras menos conocidas fuera de M\u00e9xico.<\/p>\n<p>La valoraci\u00f3n de la obra de Frida debe regresar a su contexto, superar la etiqueta surrealista. Es innegable la estrecha uni\u00f3n del universo emocional de Frida con su obra. Pero eso no obliga a estudiarla desde el psicoan\u00e1lisis o una psicolog\u00eda de la percepci\u00f3n.<\/p>\n<h2>Una aproximaci\u00f3n desde la psicolog\u00eda del arte<\/h2>\n<figure class=\"align-right zoomable\"><a href=\"https:\/\/images.theconversation.com\/files\/345653\/original\/file-20200705-33947-1kne8tz.jpg?ixlib=rb-1.1.0&amp;q=45&amp;auto=format&amp;w=1000&amp;fit=clip\"><img decoding=\"async\" src=\"https:\/\/images.theconversation.com\/files\/345653\/original\/file-20200705-33947-1kne8tz.jpg?ixlib=rb-1.1.0&amp;q=45&amp;auto=format&amp;w=237&amp;fit=clip\" sizes=\"(min-width: 1466px) 754px, (max-width: 599px) 100vw, (min-width: 600px) 600px, 237px\" srcset=\"https:\/\/images.theconversation.com\/files\/345653\/original\/file-20200705-33947-1kne8tz.jpg?ixlib=rb-1.1.0&amp;q=45&amp;auto=format&amp;w=600&amp;h=742&amp;fit=crop&amp;dpr=1 600w, https:\/\/images.theconversation.com\/files\/345653\/original\/file-20200705-33947-1kne8tz.jpg?ixlib=rb-1.1.0&amp;q=30&amp;auto=format&amp;w=600&amp;h=742&amp;fit=crop&amp;dpr=2 1200w, https:\/\/images.theconversation.com\/files\/345653\/original\/file-20200705-33947-1kne8tz.jpg?ixlib=rb-1.1.0&amp;q=15&amp;auto=format&amp;w=600&amp;h=742&amp;fit=crop&amp;dpr=3 1800w, https:\/\/images.theconversation.com\/files\/345653\/original\/file-20200705-33947-1kne8tz.jpg?ixlib=rb-1.1.0&amp;q=45&amp;auto=format&amp;w=754&amp;h=932&amp;fit=crop&amp;dpr=1 754w, https:\/\/images.theconversation.com\/files\/345653\/original\/file-20200705-33947-1kne8tz.jpg?ixlib=rb-1.1.0&amp;q=30&amp;auto=format&amp;w=754&amp;h=932&amp;fit=crop&amp;dpr=2 1508w, https:\/\/images.theconversation.com\/files\/345653\/original\/file-20200705-33947-1kne8tz.jpg?ixlib=rb-1.1.0&amp;q=15&amp;auto=format&amp;w=754&amp;h=932&amp;fit=crop&amp;dpr=3 2262w\" alt=\"\" \/><\/a><figcaption><span class=\"caption\">Frida Kahlo.<\/span>\u00a0<span class=\"attribution\"><a class=\"source\" href=\"https:\/\/www.museofridakahlo.org.mx\/es\/frida-kahlo\/fotos\/\">Museo Frida Kahlo<\/a><\/span><\/figcaption><\/figure>\n<p>Ser\u00eda m\u00e1s enriquecedor acudir a un texto a\u00fan vigente de\u00a0<a href=\"https:\/\/psicologiaymente.com\/biografias\/lev-vygotsky\">Lev Vigotsky<\/a>. Por ejemplo, su\u00a0<em>Psicolog\u00eda del arte<\/em>\u00a0(1925) analizada por\u00a0<a href=\"https:\/\/www.researchgate.net\/publication\/292147122_La_psicologia_del_arte_en_la_psicologia_de_Vygostki\">Amelia \u00c1lvarez y Pablo del R\u00edo<\/a>. En \u00e9l se plantea una Psicolog\u00eda del arte objetiva y cient\u00edfica, entre la psicolog\u00eda cultural y la est\u00e9tica. Emplearla para valorar su obra no entorpece el\u00a0<a href=\"http:\/\/www.tsulibros.com\/diario-de-frida-kahlo-una-nueva-mirada\">disfrute del reencuentro<\/a>\u00a0con la mujer que la pint\u00f3.<\/p>\n<p>El periodo Post-Covid19 va a permitir reabrir este julio en M\u00e9xico D.F. la muestra\u00a0<a href=\"https:\/\/www.discoverygo.cr\/el-muro\/exposicion-fryda-en-el-lente-de-10-maestros\/\"><em>Frida: en el lente de diez maestros<\/em><\/a>. Entre ellos est\u00e1 Nick Muray, para cuyo cuello ten\u00eda ella besos en notas o caricias en las fotos. All\u00ed aparece la Frida alegre y segura que sin duda fue. Y no la llorona novelesca que el mito construy\u00f3.<\/p>\n<div class=\"profile-occupation grid-eight grid-prepend-three\"><strong>Amelia Mel\u00e9ndez T\u00e1boas<\/strong>, profesora de Historia del Arte y Vanguardias Art\u00edsticas e IP del Grupo ETCC del Departamento de Artes (FCA) de la <a href=\"https:\/\/theconversation.com\/institutions\/universidad-nebrija-3497\">Universidad Nebrija<\/a><\/div>\n<p>Art\u00edculo publicado en <a href=\"https:\/\/theconversation.com\/desmontando-el-mito-de-frida-khalo-141432\">The Conversation<\/a> el 5 de julio de 2020<\/p>\n","protected":false},"excerpt":{"rendered":"<p>Amelia Mel\u00e9ndez T\u00e1boas, profesora de Historia del Arte y Vanguardias, defiende una visi\u00f3n y un estudio de la artista mexicana centrada en su alegr\u00eda y seguridad. <\/p>\n","protected":false},"author":326,"featured_media":66183,"comment_status":"open","ping_status":"open","sticky":false,"template":"","format":"standard","meta":{"_acf_changed":false,"_monsterinsights_skip_tracking":false,"_monsterinsights_sitenote_active":false,"_monsterinsights_sitenote_note":"","_monsterinsights_sitenote_category":0,"footnotes":""},"categories":[3083],"tags":[3773,4061],"acf":[],"yoast_head":"<!-- This site is optimized with the Yoast SEO plugin v22.1 - https:\/\/yoast.com\/wordpress\/plugins\/seo\/ -->\n<title>Desmontando el mito de Frida Khalo - Actualidad Nebrija<\/title>\n<meta name=\"description\" content=\"La profesora Amelia Mel\u00e9ndez T\u00e1boas (Universidad Nebrija) defiende una visi\u00f3n de la artista mexicana centrada en su alegr\u00eda y seguridad.\" \/>\n<meta name=\"robots\" content=\"index, follow, max-snippet:-1, max-image-preview:large, max-video-preview:-1\" \/>\n<link rel=\"canonical\" href=\"https:\/\/www.nebrija.com\/medios\/actualidadnebrija\/2020\/07\/14\/desmontando-el-mito-de-frida-khalo\/\" \/>\n<meta property=\"og:locale\" content=\"es_ES\" \/>\n<meta property=\"og:type\" content=\"article\" \/>\n<meta property=\"og:title\" content=\"Desmontando el mito de Frida Khalo - Actualidad Nebrija\" \/>\n<meta property=\"og:description\" content=\"La profesora Amelia Mel\u00e9ndez T\u00e1boas (Universidad Nebrija) defiende una visi\u00f3n de la artista mexicana centrada en su alegr\u00eda y seguridad.\" \/>\n<meta property=\"og:url\" content=\"https:\/\/www.nebrija.com\/medios\/actualidadnebrija\/2020\/07\/14\/desmontando-el-mito-de-frida-khalo\/\" \/>\n<meta property=\"og:site_name\" content=\"Actualidad Nebrija\" \/>\n<meta property=\"article:published_time\" content=\"2020-07-14T12:19:10+00:00\" \/>\n<meta property=\"article:modified_time\" content=\"2020-07-14T12:24:00+00:00\" \/>\n<meta property=\"og:image\" content=\"https:\/\/www.nebrija.com\/medios\/actualidadnebrija\/wp-content\/uploads\/sites\/2\/2020\/07\/file-20200705-33939-1h65wz9.jpg\" \/>\n\t<meta property=\"og:image:width\" content=\"630\" \/>\n\t<meta property=\"og:image:height\" content=\"580\" \/>\n\t<meta property=\"og:image:type\" content=\"image\/jpeg\" \/>\n<meta name=\"author\" content=\"jpicos\" \/>\n<meta name=\"twitter:card\" content=\"summary_large_image\" \/>\n<meta name=\"twitter:label1\" content=\"Escrito por\" \/>\n\t<meta name=\"twitter:data1\" content=\"jpicos\" \/>\n\t<meta name=\"twitter:label2\" content=\"Tiempo de lectura\" \/>\n\t<meta name=\"twitter:data2\" content=\"5 minutos\" \/>\n<!-- \/ Yoast SEO plugin. -->","yoast_head_json":{"title":"Desmontando el mito de Frida Khalo - Actualidad Nebrija","description":"La profesora Amelia Mel\u00e9ndez T\u00e1boas (Universidad Nebrija) defiende una visi\u00f3n de la artista mexicana centrada en su alegr\u00eda y seguridad.","robots":{"index":"index","follow":"follow","max-snippet":"max-snippet:-1","max-image-preview":"max-image-preview:large","max-video-preview":"max-video-preview:-1"},"canonical":"https:\/\/www.nebrija.com\/medios\/actualidadnebrija\/2020\/07\/14\/desmontando-el-mito-de-frida-khalo\/","og_locale":"es_ES","og_type":"article","og_title":"Desmontando el mito de Frida Khalo - Actualidad Nebrija","og_description":"La profesora Amelia Mel\u00e9ndez T\u00e1boas (Universidad Nebrija) defiende una visi\u00f3n de la artista mexicana centrada en su alegr\u00eda y seguridad.","og_url":"https:\/\/www.nebrija.com\/medios\/actualidadnebrija\/2020\/07\/14\/desmontando-el-mito-de-frida-khalo\/","og_site_name":"Actualidad Nebrija","article_published_time":"2020-07-14T12:19:10+00:00","article_modified_time":"2020-07-14T12:24:00+00:00","og_image":[{"width":630,"height":580,"url":"https:\/\/www.nebrija.com\/medios\/actualidadnebrija\/wp-content\/uploads\/sites\/2\/2020\/07\/file-20200705-33939-1h65wz9.jpg","type":"image\/jpeg"}],"author":"jpicos","twitter_card":"summary_large_image","twitter_misc":{"Escrito por":"jpicos","Tiempo de lectura":"5 minutos"},"schema":{"@context":"https:\/\/schema.org","@graph":[{"@type":"WebPage","@id":"https:\/\/www.nebrija.com\/medios\/actualidadnebrija\/2020\/07\/14\/desmontando-el-mito-de-frida-khalo\/","url":"https:\/\/www.nebrija.com\/medios\/actualidadnebrija\/2020\/07\/14\/desmontando-el-mito-de-frida-khalo\/","name":"Desmontando el mito de Frida Khalo - Actualidad Nebrija","isPartOf":{"@id":"https:\/\/www.nebrija.com\/medios\/actualidadnebrija\/#website"},"datePublished":"2020-07-14T12:19:10+00:00","dateModified":"2020-07-14T12:24:00+00:00","author":{"@id":"https:\/\/www.nebrija.com\/medios\/actualidadnebrija\/#\/schema\/person\/0cd40b7dd3f54459e2cfc009dbd255c6"},"description":"La profesora Amelia Mel\u00e9ndez T\u00e1boas (Universidad Nebrija) defiende una visi\u00f3n de la artista mexicana centrada en su alegr\u00eda y seguridad.","breadcrumb":{"@id":"https:\/\/www.nebrija.com\/medios\/actualidadnebrija\/2020\/07\/14\/desmontando-el-mito-de-frida-khalo\/#breadcrumb"},"inLanguage":"es","potentialAction":[{"@type":"ReadAction","target":["https:\/\/www.nebrija.com\/medios\/actualidadnebrija\/2020\/07\/14\/desmontando-el-mito-de-frida-khalo\/"]}]},{"@type":"BreadcrumbList","@id":"https:\/\/www.nebrija.com\/medios\/actualidadnebrija\/2020\/07\/14\/desmontando-el-mito-de-frida-khalo\/#breadcrumb","itemListElement":[{"@type":"ListItem","position":1,"name":"Home","item":"https:\/\/www.nebrija.com\/medios\/actualidadnebrija\/"},{"@type":"ListItem","position":2,"name":"Desmontando el mito de Frida Khalo"}]},{"@type":"WebSite","@id":"https:\/\/www.nebrija.com\/medios\/actualidadnebrija\/#website","url":"https:\/\/www.nebrija.com\/medios\/actualidadnebrija\/","name":"Actualidad Nebrija","description":"Noticias de la Universidad Nebrija","potentialAction":[{"@type":"SearchAction","target":{"@type":"EntryPoint","urlTemplate":"https:\/\/www.nebrija.com\/medios\/actualidadnebrija\/?s={search_term_string}"},"query-input":"required name=search_term_string"}],"inLanguage":"es"},{"@type":"Person","@id":"https:\/\/www.nebrija.com\/medios\/actualidadnebrija\/#\/schema\/person\/0cd40b7dd3f54459e2cfc009dbd255c6","name":"jpicos","image":{"@type":"ImageObject","inLanguage":"es","@id":"https:\/\/www.nebrija.com\/medios\/actualidadnebrija\/#\/schema\/person\/image\/","url":"https:\/\/secure.gravatar.com\/avatar\/c4a1005cff3fd9bb5185e9671f4f3e9b?s=96&d=mm&r=g","contentUrl":"https:\/\/secure.gravatar.com\/avatar\/c4a1005cff3fd9bb5185e9671f4f3e9b?s=96&d=mm&r=g","caption":"jpicos"},"url":"https:\/\/www.nebrija.com\/medios\/actualidadnebrija\/author\/jpicos\/"}]}},"_links":{"self":[{"href":"https:\/\/www.nebrija.com\/medios\/actualidadnebrija\/wp-json\/wp\/v2\/posts\/66178"}],"collection":[{"href":"https:\/\/www.nebrija.com\/medios\/actualidadnebrija\/wp-json\/wp\/v2\/posts"}],"about":[{"href":"https:\/\/www.nebrija.com\/medios\/actualidadnebrija\/wp-json\/wp\/v2\/types\/post"}],"author":[{"embeddable":true,"href":"https:\/\/www.nebrija.com\/medios\/actualidadnebrija\/wp-json\/wp\/v2\/users\/326"}],"replies":[{"embeddable":true,"href":"https:\/\/www.nebrija.com\/medios\/actualidadnebrija\/wp-json\/wp\/v2\/comments?post=66178"}],"version-history":[{"count":6,"href":"https:\/\/www.nebrija.com\/medios\/actualidadnebrija\/wp-json\/wp\/v2\/posts\/66178\/revisions"}],"predecessor-version":[{"id":66186,"href":"https:\/\/www.nebrija.com\/medios\/actualidadnebrija\/wp-json\/wp\/v2\/posts\/66178\/revisions\/66186"}],"wp:featuredmedia":[{"embeddable":true,"href":"https:\/\/www.nebrija.com\/medios\/actualidadnebrija\/wp-json\/wp\/v2\/media\/66183"}],"wp:attachment":[{"href":"https:\/\/www.nebrija.com\/medios\/actualidadnebrija\/wp-json\/wp\/v2\/media?parent=66178"}],"wp:term":[{"taxonomy":"category","embeddable":true,"href":"https:\/\/www.nebrija.com\/medios\/actualidadnebrija\/wp-json\/wp\/v2\/categories?post=66178"},{"taxonomy":"post_tag","embeddable":true,"href":"https:\/\/www.nebrija.com\/medios\/actualidadnebrija\/wp-json\/wp\/v2\/tags?post=66178"}],"curies":[{"name":"wp","href":"https:\/\/api.w.org\/{rel}","templated":true}]}}