{"id":66223,"date":"2020-07-17T19:23:25","date_gmt":"2020-07-17T17:23:25","guid":{"rendered":"https:\/\/www.nebrija.com\/medios\/actualidadnebrija\/?p=66223"},"modified":"2024-07-10T17:19:26","modified_gmt":"2024-07-10T15:19:26","slug":"la-neurociencia-y-la-fisioterapia-aliados-esenciales-contra-el-dolor","status":"publish","type":"post","link":"https:\/\/www.nebrija.com\/medios\/actualidadnebrija\/2020\/07\/17\/la-neurociencia-y-la-fisioterapia-aliados-esenciales-contra-el-dolor\/","title":{"rendered":"La neurociencia y la fisioterapia, aliados esenciales contra el dolor"},"content":{"rendered":"<p>\u201cLa neurociencia aplicada y al alcance de todos es una herramienta potent\u00edsima\u201d. Con esta declaraci\u00f3n de intenciones, David Recuenco, director del <a href=\"https:\/\/www.nebrija.com\/carreras-universitarias\/grado-en-ciencias-del-deporte\/\">Grado en Ciencias de la Actividad F\u00edsica y del Deporte<\/a> y del <a href=\"https:\/\/www.nebrija.com\/carreras-universitarias\/doble-grado\/ciencias-actividad-fisica-deporte-fisioterapia\/\">Doble Grado Fisioterapia + CCAFYD<\/a> en la Universidad Nebrija, present\u00f3 una jornada protagonizada por las conexiones entre el deporte, la fisioterapia y la neurociencia. \u201cCuando hablamos de dolor, hay muchas referencias a la biomec\u00e1nica, pero tambi\u00e9n existe una perspectiva <em>neurocentrista<\/em> en el que lo m\u00e1s importante es el cerebro\u201d, aclar\u00f3.<\/p>\n<p>Defendiendo el conocimiento de este \u00f3rgano y valorando su estructura, Recuenco se\u00f1al\u00f3 que a nuestro cerebro \u201cle gusta mucho predecir, necesita saber que lo que va a hacer es seguro; cuando el nivel de amenaza es m\u00e1s alto, tendremos una predisposici\u00f3n tambi\u00e9n m\u00e1s alta a sentir dolor\u201d. Aunque el objetivo del cerebro es la supervivencia, el profesor de Nebrija hizo hincapi\u00e9 en aspectos que pueden mejorar el rendimiento como la capacidad de fijar la mirada (seg\u00fan los test de Gaze Stabilization) o la posici\u00f3n de la lengua.<\/p>\n<p>Jorge Sagrado, instructor de RockTape \u2013como Recuenco- y CEO de MOOOVE Fisioterapia, abog\u00f3 por una visi\u00f3n del dolor como una herramienta para mejorar y para el aprendizaje, en la l\u00ednea del doctor Perry Nickleston, que considera el dolor como \u201cuna llamada de atenci\u00f3n para cambiar\u201d. En esta l\u00ednea, Sagrado confirm\u00f3 que las estrategias \u201cactivas\u201d\u00b7 de tratamiento y el conocimiento del dolor pueden ayudar en gran medida a la recuperaci\u00f3n de cualquier persona.<\/p>\n<p>Bas\u00e1ndose en las propuestas de David Butler y Lorimer Moseley, autores del libro <em>Explicando el dolor<\/em>, el CEO de MOOOVE Fisioterapia aport\u00f3 varias ideas para el debate: el dolor es normal, personal y siempre real; hay sensores de peligro, no hay sensores de dolor; el dolor y el da\u00f1o en el tejido rara vez est\u00e1n relacionados; el dolor depende del equilibrio entre peligro y seguridad; no hay un solo centro del dolor; el dolor depende del contexto, de las cosas que ves, escuchas, hueles\u2026; cuando el cuerpo se siente amenazado, es capaz de activar sistemas de protecci\u00f3n como el dolor; somos biopl\u00e1sticos, y el dolor cambia con nosotros.<\/p>\n<p>Despu\u00e9s de aludir a la piel como \u201cel meg\u00e1fono y la extensi\u00f3n del cerebro\u201d, Jorge Sagrado pas\u00f3 el testigo a su colega portugu\u00e9s Nuno Miguel Rodrigues, que, de una forma interactiva con los asistentes, enmarc\u00f3 las t\u00e9cnicas para la mejora del rendimiento en deportistas. En su intervenci\u00f3n, insisti\u00f3 en la neuroplasticidad, \u201cla capacidad del sistema nervioso para responder a est\u00edmulos intr\u00ednsecos o extr\u00ednsecos reorganizando su estructura, sus conexiones y su funci\u00f3n\u201d, y en perseguir como profesionales de la salud una neuroplasticidad positiva, que puede conseguirse de una forma sencilla a trav\u00e9s de la piel.<\/p>\n<p><em>Texto: Javier Picos.<\/em><\/p>\n","protected":false},"excerpt":{"rendered":"<p>David Recuenco, Jorge Sagrado y Nuno Miguel Rodrigues organizan una jornada intensiva centrada en el cerebro y el deporte.<\/p>\n","protected":false},"author":326,"featured_media":66224,"comment_status":"open","ping_status":"open","sticky":false,"template":"","format":"standard","meta":{"_acf_changed":false,"_monsterinsights_skip_tracking":false,"_monsterinsights_sitenote_active":false,"_monsterinsights_sitenote_note":"","_monsterinsights_sitenote_category":0,"footnotes":""},"categories":[3049],"tags":[4073,3124,4071,4074,4072,4075],"acf":[],"yoast_head":"<!-- This site is optimized with the Yoast SEO plugin v22.1 - https:\/\/yoast.com\/wordpress\/plugins\/seo\/ -->\n<title>La neurociencia y la fisioterapia, aliados esenciales contra el dolor - Actualidad Nebrija<\/title>\n<meta name=\"description\" content=\"David Recuenco, Jorge Sagrado y Nuno Miguel Rodrigues organizan una jornada intensiva centrada en el cerebro y el deporte\" \/>\n<meta name=\"robots\" content=\"index, follow, max-snippet:-1, max-image-preview:large, max-video-preview:-1\" \/>\n<link rel=\"canonical\" href=\"https:\/\/www.nebrija.com\/medios\/actualidadnebrija\/2020\/07\/17\/la-neurociencia-y-la-fisioterapia-aliados-esenciales-contra-el-dolor\/\" \/>\n<meta property=\"og:locale\" content=\"es_ES\" \/>\n<meta property=\"og:type\" content=\"article\" \/>\n<meta property=\"og:title\" content=\"La neurociencia y la fisioterapia, aliados esenciales contra el dolor - Actualidad Nebrija\" \/>\n<meta property=\"og:description\" content=\"David Recuenco, Jorge Sagrado y Nuno Miguel Rodrigues organizan una jornada intensiva centrada en el cerebro y el deporte\" \/>\n<meta property=\"og:url\" content=\"https:\/\/www.nebrija.com\/medios\/actualidadnebrija\/2020\/07\/17\/la-neurociencia-y-la-fisioterapia-aliados-esenciales-contra-el-dolor\/\" \/>\n<meta property=\"og:site_name\" content=\"Actualidad Nebrija\" \/>\n<meta property=\"article:published_time\" content=\"2020-07-17T17:23:25+00:00\" \/>\n<meta property=\"article:modified_time\" content=\"2024-07-10T15:19:26+00:00\" \/>\n<meta property=\"og:image\" content=\"https:\/\/www.nebrija.com\/medios\/actualidadnebrija\/wp-content\/uploads\/sites\/2\/2020\/07\/neuro-fisio5.png\" \/>\n\t<meta property=\"og:image:width\" content=\"1002\" \/>\n\t<meta property=\"og:image:height\" content=\"588\" \/>\n\t<meta property=\"og:image:type\" content=\"image\/png\" \/>\n<meta name=\"author\" content=\"jpicos\" \/>\n<meta name=\"twitter:card\" content=\"summary_large_image\" \/>\n<meta name=\"twitter:label1\" content=\"Escrito por\" \/>\n\t<meta name=\"twitter:data1\" content=\"jpicos\" \/>\n\t<meta name=\"twitter:label2\" content=\"Tiempo de lectura\" \/>\n\t<meta name=\"twitter:data2\" content=\"3 minutos\" \/>\n<!-- \/ Yoast SEO plugin. -->","yoast_head_json":{"title":"La neurociencia y la fisioterapia, aliados esenciales contra el dolor - Actualidad Nebrija","description":"David Recuenco, Jorge Sagrado y Nuno Miguel Rodrigues organizan una jornada intensiva centrada en el cerebro y el deporte","robots":{"index":"index","follow":"follow","max-snippet":"max-snippet:-1","max-image-preview":"max-image-preview:large","max-video-preview":"max-video-preview:-1"},"canonical":"https:\/\/www.nebrija.com\/medios\/actualidadnebrija\/2020\/07\/17\/la-neurociencia-y-la-fisioterapia-aliados-esenciales-contra-el-dolor\/","og_locale":"es_ES","og_type":"article","og_title":"La neurociencia y la fisioterapia, aliados esenciales contra el dolor - Actualidad Nebrija","og_description":"David Recuenco, Jorge Sagrado y Nuno Miguel Rodrigues organizan una jornada intensiva centrada en el cerebro y el deporte","og_url":"https:\/\/www.nebrija.com\/medios\/actualidadnebrija\/2020\/07\/17\/la-neurociencia-y-la-fisioterapia-aliados-esenciales-contra-el-dolor\/","og_site_name":"Actualidad Nebrija","article_published_time":"2020-07-17T17:23:25+00:00","article_modified_time":"2024-07-10T15:19:26+00:00","og_image":[{"width":1002,"height":588,"url":"https:\/\/www.nebrija.com\/medios\/actualidadnebrija\/wp-content\/uploads\/sites\/2\/2020\/07\/neuro-fisio5.png","type":"image\/png"}],"author":"jpicos","twitter_card":"summary_large_image","twitter_misc":{"Escrito por":"jpicos","Tiempo de lectura":"3 minutos"},"schema":{"@context":"https:\/\/schema.org","@graph":[{"@type":"WebPage","@id":"https:\/\/www.nebrija.com\/medios\/actualidadnebrija\/2020\/07\/17\/la-neurociencia-y-la-fisioterapia-aliados-esenciales-contra-el-dolor\/","url":"https:\/\/www.nebrija.com\/medios\/actualidadnebrija\/2020\/07\/17\/la-neurociencia-y-la-fisioterapia-aliados-esenciales-contra-el-dolor\/","name":"La neurociencia y la fisioterapia, aliados esenciales contra el dolor - Actualidad Nebrija","isPartOf":{"@id":"https:\/\/www.nebrija.com\/medios\/actualidadnebrija\/#website"},"datePublished":"2020-07-17T17:23:25+00:00","dateModified":"2024-07-10T15:19:26+00:00","author":{"@id":"https:\/\/www.nebrija.com\/medios\/actualidadnebrija\/#\/schema\/person\/0cd40b7dd3f54459e2cfc009dbd255c6"},"description":"David Recuenco, Jorge Sagrado y Nuno Miguel Rodrigues organizan una jornada intensiva centrada en el cerebro y el deporte","breadcrumb":{"@id":"https:\/\/www.nebrija.com\/medios\/actualidadnebrija\/2020\/07\/17\/la-neurociencia-y-la-fisioterapia-aliados-esenciales-contra-el-dolor\/#breadcrumb"},"inLanguage":"es","potentialAction":[{"@type":"ReadAction","target":["https:\/\/www.nebrija.com\/medios\/actualidadnebrija\/2020\/07\/17\/la-neurociencia-y-la-fisioterapia-aliados-esenciales-contra-el-dolor\/"]}]},{"@type":"BreadcrumbList","@id":"https:\/\/www.nebrija.com\/medios\/actualidadnebrija\/2020\/07\/17\/la-neurociencia-y-la-fisioterapia-aliados-esenciales-contra-el-dolor\/#breadcrumb","itemListElement":[{"@type":"ListItem","position":1,"name":"Home","item":"https:\/\/www.nebrija.com\/medios\/actualidadnebrija\/"},{"@type":"ListItem","position":2,"name":"La neurociencia y la fisioterapia, aliados esenciales contra el dolor"}]},{"@type":"WebSite","@id":"https:\/\/www.nebrija.com\/medios\/actualidadnebrija\/#website","url":"https:\/\/www.nebrija.com\/medios\/actualidadnebrija\/","name":"Actualidad Nebrija","description":"Noticias de la Universidad Nebrija","potentialAction":[{"@type":"SearchAction","target":{"@type":"EntryPoint","urlTemplate":"https:\/\/www.nebrija.com\/medios\/actualidadnebrija\/?s={search_term_string}"},"query-input":"required name=search_term_string"}],"inLanguage":"es"},{"@type":"Person","@id":"https:\/\/www.nebrija.com\/medios\/actualidadnebrija\/#\/schema\/person\/0cd40b7dd3f54459e2cfc009dbd255c6","name":"jpicos","image":{"@type":"ImageObject","inLanguage":"es","@id":"https:\/\/www.nebrija.com\/medios\/actualidadnebrija\/#\/schema\/person\/image\/","url":"https:\/\/secure.gravatar.com\/avatar\/c4a1005cff3fd9bb5185e9671f4f3e9b?s=96&d=mm&r=g","contentUrl":"https:\/\/secure.gravatar.com\/avatar\/c4a1005cff3fd9bb5185e9671f4f3e9b?s=96&d=mm&r=g","caption":"jpicos"},"url":"https:\/\/www.nebrija.com\/medios\/actualidadnebrija\/author\/jpicos\/"}]}},"_links":{"self":[{"href":"https:\/\/www.nebrija.com\/medios\/actualidadnebrija\/wp-json\/wp\/v2\/posts\/66223"}],"collection":[{"href":"https:\/\/www.nebrija.com\/medios\/actualidadnebrija\/wp-json\/wp\/v2\/posts"}],"about":[{"href":"https:\/\/www.nebrija.com\/medios\/actualidadnebrija\/wp-json\/wp\/v2\/types\/post"}],"author":[{"embeddable":true,"href":"https:\/\/www.nebrija.com\/medios\/actualidadnebrija\/wp-json\/wp\/v2\/users\/326"}],"replies":[{"embeddable":true,"href":"https:\/\/www.nebrija.com\/medios\/actualidadnebrija\/wp-json\/wp\/v2\/comments?post=66223"}],"version-history":[{"count":2,"href":"https:\/\/www.nebrija.com\/medios\/actualidadnebrija\/wp-json\/wp\/v2\/posts\/66223\/revisions"}],"predecessor-version":[{"id":93911,"href":"https:\/\/www.nebrija.com\/medios\/actualidadnebrija\/wp-json\/wp\/v2\/posts\/66223\/revisions\/93911"}],"wp:featuredmedia":[{"embeddable":true,"href":"https:\/\/www.nebrija.com\/medios\/actualidadnebrija\/wp-json\/wp\/v2\/media\/66224"}],"wp:attachment":[{"href":"https:\/\/www.nebrija.com\/medios\/actualidadnebrija\/wp-json\/wp\/v2\/media?parent=66223"}],"wp:term":[{"taxonomy":"category","embeddable":true,"href":"https:\/\/www.nebrija.com\/medios\/actualidadnebrija\/wp-json\/wp\/v2\/categories?post=66223"},{"taxonomy":"post_tag","embeddable":true,"href":"https:\/\/www.nebrija.com\/medios\/actualidadnebrija\/wp-json\/wp\/v2\/tags?post=66223"}],"curies":[{"name":"wp","href":"https:\/\/api.w.org\/{rel}","templated":true}]}}