{"id":66446,"date":"2020-09-15T16:17:09","date_gmt":"2020-09-15T14:17:09","guid":{"rendered":"https:\/\/www.nebrija.com\/medios\/actualidadnebrija\/?p=66446"},"modified":"2024-07-10T17:17:01","modified_gmt":"2024-07-10T15:17:01","slug":"arranca-el-curso-en-la-universidad-nebrija","status":"publish","type":"post","link":"https:\/\/www.nebrija.com\/medios\/actualidadnebrija\/2020\/09\/15\/arranca-el-curso-en-la-universidad-nebrija\/","title":{"rendered":"Arranca el curso 2020-2021 en las aulas de la Universidad Nebrija"},"content":{"rendered":"<p>Esta semana la Universidad Nebrija inicia el curso 2020-2021 siguiendo las recomendaciones de las autoridades sanitarias y con la ilusi\u00f3n del regreso a las aulas despu\u00e9s de un verano at\u00edpico. En esta primera etapa, en torno a 2.800 alumnos de Grado se incorporan de forma escalonada a las aulas desde hoy y hasta el 28 de septiembre. Los alumnos de M\u00e1ster comenzar\u00e1n m\u00e1s tarde, ya en octubre.<\/p>\n<p>La Universidad ha elaborado un completo protocolo para garantizar la seguridad en la vuelta a los campus. Las medidas m\u00e1s importantes se recogen en la <a href=\"https:\/\/www.nebrija.com\/medios\/rednebrijanoticias\/wp-content\/uploads\/sites\/4\/2020\/09\/Gui%CC%81a-vuelta-a-la-actividad-presencial-PDI_10_09_2020.pdf\" target=\"_blank\" rel=\"noopener noreferrer\">Gu\u00eda Interactiva de la vuelta a la actividad presencial<\/a>. La Universidad Nebrija es hasta la fecha la \u00fanica instituci\u00f3n universitaria madrile\u00f1a que cuenta con los tres indicativos del sello Garant\u00eda Madrid, una certificaci\u00f3n que otorga la Comunidad de Madrid para atestiguar que se cumplen las medidas m\u00e1s exigentes frente a la covid-19.<\/p>\n<p>Los alumnos se han mostrado felices de volver al campus. Hoy, lunes 14, comienzan las clases para los alumnos de 2\u00ba, 3\u00ba y 4\u00ba (el d\u00eda 16 para los alumnos de la Facultad de Ciencias Sociales), y el d\u00eda 28 de septiembre para los de nuevo ingreso. Los alumnos presenciales y los telepresenciales comienzan el mismo d\u00eda. Estos \u00faltimos lo har\u00e1n a trav\u00e9s del campus virtual, conect\u00e1ndose a las sesiones de forma remota.<\/p>\n<p>Nebrija ha habilitado un modelo de <a href=\"https:\/\/www.nebrija.com\/pdf\/covid19-curso-que-viene.pdf\" target=\"_blank\" rel=\"noopener noreferrer\">Presencialidad H\u00edbrida<\/a> que garantiza los resultados de aprendizaje tanto si los alumnos est\u00e1n f\u00edsicamente en las aulas, como si est\u00e1n siguiendo las clases de forma virtual. Todas las aulas se han dotado de la \u00faltima tecnolog\u00eda de audio y v\u00eddeo para que el profesor vea y oiga perfectamente a todos los alumnos, y estos puedan tambi\u00e9n interactuar entre ellos.<\/p>\n<p>Roberto Cabello, alumno de tercero de Comunicaci\u00f3n Audiovisual, reconoce en su primer d\u00eda de clase que \u201cse encuentra en un escenario similar a lo que hab\u00eda imaginado\u201d. Para \u00e9l, resulta necesario acatar las normas: \u201cNos vamos a saber adaptar; por mi parte, espero estar a la altura y continuar el ritmo de mis estudios\u201d.<\/p>\n<p>Luc\u00eda Reguillo (3\u00ba de Periodismo), nada m\u00e1s entrar al campus de Princesa, y tras limpiarse las manos con gel hidroalcoh\u00f3lico, cree que \u201cno vamos a desarrollar la vida tal y como era\u201d y en unos estudios como los suyos \u201chablar con la gente y hacer contactos\u201d se va a ver mermado. Ser\u00e1 trabajo de la Universidad que su formaci\u00f3n y la socializaci\u00f3n con otros compa\u00f1eros no disminuya en t\u00e9rminos de calidad educativa ni humana.<\/p>\n<p>Con la intenci\u00f3n de seguir todas las recomendaciones en materia de salud y poder mantener el m\u00e1ximo control y seguridad en los campus, la Universidad Nebrija contar\u00e1 con un coordinador Covid, que servir\u00e1 de enlace con las autoridades sanitarias. Adem\u00e1s, tendremos cuatro delegados Covid, uno por campus, para informar a la Comunidad de las medidas de protecci\u00f3n y velar por su cumplimiento. Los delegados ser\u00e1n tambi\u00e9n los responsables de seguir un estricto protocolo de seguridad si se detectara un posible caso positivo en alg\u00fan campus.<\/p>\n<p>Los trabajadores de la Universidad recuerdan en todo momento a los alumnos reci\u00e9n llegados que mantengan la distancia de seguridad, que eviten el contacto directo con otras personas y las aglomeraciones, que lleven mascarilla en todo momento, que ocupen siempre el mismo puesto en clase y por supuesto que se extremen las medidas higi\u00e9nicas de lavado y\/o desinfecci\u00f3n de manos.<\/p>\n<p>\u201cNos hacemos cargo de que estamos ante un curso complejo, lleno de desaf\u00edos desconocidos que se unen a los que afrontamos todos los a\u00f1os, que no son pocos. Pero tenemos una enorme confianza en la profesionalidad, la \u00e9tica y el compromiso de las personas que componen Nebrija. Pedimos una vez m\u00e1s vuestra ayuda para seguir mejorando nuestra propuesta educativa y os agradecemos enormemente todos vuestros esfuerzos y desvelos\u201d, se\u00f1ala Jos\u00e9 Mu\u00f1iz, rector de Nebrija, en un comunicado interno dirigido a la plantilla de la Universidad.<\/p>\n<p><em>Texto: Javier Picos. Fotos: Zaida del R\u00edo.<\/em><\/p>\n\n\t\t<style type=\"text\/css\">\n\t\t\t#gallery-1 {\n\t\t\t\tmargin: auto;\n\t\t\t}\n\t\t\t#gallery-1 .gallery-item {\n\t\t\t\tfloat: left;\n\t\t\t\tmargin-top: 10px;\n\t\t\t\ttext-align: center;\n\t\t\t\twidth: 25%;\n\t\t\t}\n\t\t\t#gallery-1 img {\n\t\t\t\tborder: 2px solid #cfcfcf;\n\t\t\t}\n\t\t\t#gallery-1 .gallery-caption {\n\t\t\t\tmargin-left: 0;\n\t\t\t}\n\t\t\t\/* see gallery_shortcode() in wp-includes\/media.php *\/\n\t\t<\/style>\n\t\t<div id='gallery-1' class='gallery galleryid-66446 gallery-columns-4 gallery-size-thumbnail'><dl class='gallery-item'>\n\t\t\t<dt class='gallery-icon landscape'>\n\t\t\t\t<a href='https:\/\/www.nebrija.com\/medios\/actualidadnebrija\/wp-content\/uploads\/sites\/2\/2020\/09\/unebrija_primer_dia-1.jpg'><img loading=\"lazy\" decoding=\"async\" width=\"150\" height=\"150\" src=\"https:\/\/www.nebrija.com\/medios\/actualidadnebrija\/wp-content\/uploads\/sites\/2\/2020\/09\/unebrija_primer_dia-1-150x150.jpg\" class=\"attachment-thumbnail size-thumbnail\" alt=\"\" \/><\/a>\n\t\t\t<\/dt><\/dl><dl class='gallery-item'>\n\t\t\t<dt class='gallery-icon landscape'>\n\t\t\t\t<a href='https:\/\/www.nebrija.com\/medios\/actualidadnebrija\/wp-content\/uploads\/sites\/2\/2020\/09\/unebrija_primer_dia-3.jpg'><img loading=\"lazy\" decoding=\"async\" width=\"150\" height=\"150\" src=\"https:\/\/www.nebrija.com\/medios\/actualidadnebrija\/wp-content\/uploads\/sites\/2\/2020\/09\/unebrija_primer_dia-3-150x150.jpg\" class=\"attachment-thumbnail size-thumbnail\" alt=\"\" \/><\/a>\n\t\t\t<\/dt><\/dl><dl class='gallery-item'>\n\t\t\t<dt class='gallery-icon landscape'>\n\t\t\t\t<a href='https:\/\/www.nebrija.com\/medios\/actualidadnebrija\/wp-content\/uploads\/sites\/2\/2020\/09\/unebrija_primer_dia-4.jpg'><img loading=\"lazy\" decoding=\"async\" width=\"150\" height=\"150\" src=\"https:\/\/www.nebrija.com\/medios\/actualidadnebrija\/wp-content\/uploads\/sites\/2\/2020\/09\/unebrija_primer_dia-4-150x150.jpg\" class=\"attachment-thumbnail size-thumbnail\" alt=\"\" \/><\/a>\n\t\t\t<\/dt><\/dl><dl class='gallery-item'>\n\t\t\t<dt class='gallery-icon landscape'>\n\t\t\t\t<a href='https:\/\/www.nebrija.com\/medios\/actualidadnebrija\/wp-content\/uploads\/sites\/2\/2020\/09\/unebrija_primer_dia-2.jpg'><img loading=\"lazy\" decoding=\"async\" width=\"150\" height=\"150\" src=\"https:\/\/www.nebrija.com\/medios\/actualidadnebrija\/wp-content\/uploads\/sites\/2\/2020\/09\/unebrija_primer_dia-2-150x150.jpg\" class=\"attachment-thumbnail size-thumbnail\" alt=\"\" \/><\/a>\n\t\t\t<\/dt><\/dl><br style=\"clear: both\" \/>\n\t\t<\/div>\n\n","protected":false},"excerpt":{"rendered":"<p>En torno a 2.800 alumnos se incorporan de forma escalonada a sus estudios de grado durante el mes de septiembre. Habr\u00e1 un coordinador Covid y cuatro delegados de campus. <\/p>\n","protected":false},"author":326,"featured_media":66447,"comment_status":"open","ping_status":"open","sticky":false,"template":"","format":"standard","meta":{"_acf_changed":false,"_monsterinsights_skip_tracking":false,"_monsterinsights_sitenote_active":false,"_monsterinsights_sitenote_note":"","_monsterinsights_sitenote_category":0,"footnotes":""},"categories":[1],"tags":[3891,3124,4080],"acf":[],"yoast_head":"<!-- This site is optimized with the Yoast SEO plugin v22.1 - https:\/\/yoast.com\/wordpress\/plugins\/seo\/ -->\n<title>Arranca el curso 2020-2021 en las aulas de la Universidad Nebrija - Actualidad Nebrija<\/title>\n<meta name=\"description\" content=\"En torno a 2.800 alumnos se incorporan de forma escalonada a sus estudios de grado durante el mes de septiembre.\" \/>\n<meta name=\"robots\" content=\"index, follow, max-snippet:-1, max-image-preview:large, max-video-preview:-1\" \/>\n<link rel=\"canonical\" href=\"https:\/\/www.nebrija.com\/medios\/actualidadnebrija\/2020\/09\/15\/arranca-el-curso-en-la-universidad-nebrija\/\" \/>\n<meta property=\"og:locale\" content=\"es_ES\" \/>\n<meta property=\"og:type\" content=\"article\" \/>\n<meta property=\"og:title\" content=\"Arranca el curso 2020-2021 en las aulas de la Universidad Nebrija - Actualidad Nebrija\" \/>\n<meta property=\"og:description\" content=\"En torno a 2.800 alumnos se incorporan de forma escalonada a sus estudios de grado durante el mes de septiembre.\" \/>\n<meta property=\"og:url\" content=\"https:\/\/www.nebrija.com\/medios\/actualidadnebrija\/2020\/09\/15\/arranca-el-curso-en-la-universidad-nebrija\/\" \/>\n<meta property=\"og:site_name\" content=\"Actualidad Nebrija\" \/>\n<meta property=\"article:published_time\" content=\"2020-09-15T14:17:09+00:00\" \/>\n<meta property=\"article:modified_time\" content=\"2024-07-10T15:17:01+00:00\" \/>\n<meta property=\"og:image\" content=\"https:\/\/www.nebrija.com\/medios\/actualidadnebrija\/wp-content\/uploads\/sites\/2\/2020\/09\/unebrija_primer_dia-2.jpg\" \/>\n\t<meta property=\"og:image:width\" content=\"1100\" \/>\n\t<meta property=\"og:image:height\" content=\"734\" \/>\n\t<meta property=\"og:image:type\" content=\"image\/jpeg\" \/>\n<meta name=\"author\" content=\"jpicos\" \/>\n<meta name=\"twitter:card\" content=\"summary_large_image\" \/>\n<meta name=\"twitter:label1\" content=\"Escrito por\" \/>\n\t<meta name=\"twitter:data1\" content=\"jpicos\" \/>\n\t<meta name=\"twitter:label2\" content=\"Tiempo de lectura\" \/>\n\t<meta name=\"twitter:data2\" content=\"4 minutos\" \/>\n<!-- \/ Yoast SEO plugin. -->","yoast_head_json":{"title":"Arranca el curso 2020-2021 en las aulas de la Universidad Nebrija - Actualidad Nebrija","description":"En torno a 2.800 alumnos se incorporan de forma escalonada a sus estudios de grado durante el mes de septiembre.","robots":{"index":"index","follow":"follow","max-snippet":"max-snippet:-1","max-image-preview":"max-image-preview:large","max-video-preview":"max-video-preview:-1"},"canonical":"https:\/\/www.nebrija.com\/medios\/actualidadnebrija\/2020\/09\/15\/arranca-el-curso-en-la-universidad-nebrija\/","og_locale":"es_ES","og_type":"article","og_title":"Arranca el curso 2020-2021 en las aulas de la Universidad Nebrija - Actualidad Nebrija","og_description":"En torno a 2.800 alumnos se incorporan de forma escalonada a sus estudios de grado durante el mes de septiembre.","og_url":"https:\/\/www.nebrija.com\/medios\/actualidadnebrija\/2020\/09\/15\/arranca-el-curso-en-la-universidad-nebrija\/","og_site_name":"Actualidad Nebrija","article_published_time":"2020-09-15T14:17:09+00:00","article_modified_time":"2024-07-10T15:17:01+00:00","og_image":[{"width":1100,"height":734,"url":"https:\/\/www.nebrija.com\/medios\/actualidadnebrija\/wp-content\/uploads\/sites\/2\/2020\/09\/unebrija_primer_dia-2.jpg","type":"image\/jpeg"}],"author":"jpicos","twitter_card":"summary_large_image","twitter_misc":{"Escrito por":"jpicos","Tiempo de lectura":"4 minutos"},"schema":{"@context":"https:\/\/schema.org","@graph":[{"@type":"WebPage","@id":"https:\/\/www.nebrija.com\/medios\/actualidadnebrija\/2020\/09\/15\/arranca-el-curso-en-la-universidad-nebrija\/","url":"https:\/\/www.nebrija.com\/medios\/actualidadnebrija\/2020\/09\/15\/arranca-el-curso-en-la-universidad-nebrija\/","name":"Arranca el curso 2020-2021 en las aulas de la Universidad Nebrija - Actualidad Nebrija","isPartOf":{"@id":"https:\/\/www.nebrija.com\/medios\/actualidadnebrija\/#website"},"datePublished":"2020-09-15T14:17:09+00:00","dateModified":"2024-07-10T15:17:01+00:00","author":{"@id":"https:\/\/www.nebrija.com\/medios\/actualidadnebrija\/#\/schema\/person\/0cd40b7dd3f54459e2cfc009dbd255c6"},"description":"En torno a 2.800 alumnos se incorporan de forma escalonada a sus estudios de grado durante el mes de septiembre.","breadcrumb":{"@id":"https:\/\/www.nebrija.com\/medios\/actualidadnebrija\/2020\/09\/15\/arranca-el-curso-en-la-universidad-nebrija\/#breadcrumb"},"inLanguage":"es","potentialAction":[{"@type":"ReadAction","target":["https:\/\/www.nebrija.com\/medios\/actualidadnebrija\/2020\/09\/15\/arranca-el-curso-en-la-universidad-nebrija\/"]}]},{"@type":"BreadcrumbList","@id":"https:\/\/www.nebrija.com\/medios\/actualidadnebrija\/2020\/09\/15\/arranca-el-curso-en-la-universidad-nebrija\/#breadcrumb","itemListElement":[{"@type":"ListItem","position":1,"name":"Home","item":"https:\/\/www.nebrija.com\/medios\/actualidadnebrija\/"},{"@type":"ListItem","position":2,"name":"Arranca el curso 2020-2021 en las aulas de la Universidad Nebrija"}]},{"@type":"WebSite","@id":"https:\/\/www.nebrija.com\/medios\/actualidadnebrija\/#website","url":"https:\/\/www.nebrija.com\/medios\/actualidadnebrija\/","name":"Actualidad Nebrija","description":"Noticias de la Universidad Nebrija","potentialAction":[{"@type":"SearchAction","target":{"@type":"EntryPoint","urlTemplate":"https:\/\/www.nebrija.com\/medios\/actualidadnebrija\/?s={search_term_string}"},"query-input":"required name=search_term_string"}],"inLanguage":"es"},{"@type":"Person","@id":"https:\/\/www.nebrija.com\/medios\/actualidadnebrija\/#\/schema\/person\/0cd40b7dd3f54459e2cfc009dbd255c6","name":"jpicos","image":{"@type":"ImageObject","inLanguage":"es","@id":"https:\/\/www.nebrija.com\/medios\/actualidadnebrija\/#\/schema\/person\/image\/","url":"https:\/\/secure.gravatar.com\/avatar\/c4a1005cff3fd9bb5185e9671f4f3e9b?s=96&d=mm&r=g","contentUrl":"https:\/\/secure.gravatar.com\/avatar\/c4a1005cff3fd9bb5185e9671f4f3e9b?s=96&d=mm&r=g","caption":"jpicos"},"url":"https:\/\/www.nebrija.com\/medios\/actualidadnebrija\/author\/jpicos\/"}]}},"_links":{"self":[{"href":"https:\/\/www.nebrija.com\/medios\/actualidadnebrija\/wp-json\/wp\/v2\/posts\/66446"}],"collection":[{"href":"https:\/\/www.nebrija.com\/medios\/actualidadnebrija\/wp-json\/wp\/v2\/posts"}],"about":[{"href":"https:\/\/www.nebrija.com\/medios\/actualidadnebrija\/wp-json\/wp\/v2\/types\/post"}],"author":[{"embeddable":true,"href":"https:\/\/www.nebrija.com\/medios\/actualidadnebrija\/wp-json\/wp\/v2\/users\/326"}],"replies":[{"embeddable":true,"href":"https:\/\/www.nebrija.com\/medios\/actualidadnebrija\/wp-json\/wp\/v2\/comments?post=66446"}],"version-history":[{"count":7,"href":"https:\/\/www.nebrija.com\/medios\/actualidadnebrija\/wp-json\/wp\/v2\/posts\/66446\/revisions"}],"predecessor-version":[{"id":93907,"href":"https:\/\/www.nebrija.com\/medios\/actualidadnebrija\/wp-json\/wp\/v2\/posts\/66446\/revisions\/93907"}],"wp:featuredmedia":[{"embeddable":true,"href":"https:\/\/www.nebrija.com\/medios\/actualidadnebrija\/wp-json\/wp\/v2\/media\/66447"}],"wp:attachment":[{"href":"https:\/\/www.nebrija.com\/medios\/actualidadnebrija\/wp-json\/wp\/v2\/media?parent=66446"}],"wp:term":[{"taxonomy":"category","embeddable":true,"href":"https:\/\/www.nebrija.com\/medios\/actualidadnebrija\/wp-json\/wp\/v2\/categories?post=66446"},{"taxonomy":"post_tag","embeddable":true,"href":"https:\/\/www.nebrija.com\/medios\/actualidadnebrija\/wp-json\/wp\/v2\/tags?post=66446"}],"curies":[{"name":"wp","href":"https:\/\/api.w.org\/{rel}","templated":true}]}}