{"id":66556,"date":"2020-09-28T11:59:54","date_gmt":"2020-09-28T09:59:54","guid":{"rendered":"https:\/\/www.nebrija.com\/medios\/actualidadnebrija\/?p=66556"},"modified":"2024-07-10T17:13:51","modified_gmt":"2024-07-10T15:13:51","slug":"josep-ferrando-defiende-una-arquitectura-rigurosa-sistematica-flexible-y-versatil","status":"publish","type":"post","link":"https:\/\/www.nebrija.com\/medios\/actualidadnebrija\/2020\/09\/28\/josep-ferrando-defiende-una-arquitectura-rigurosa-sistematica-flexible-y-versatil\/","title":{"rendered":"Josep Ferrando defiende una arquitectura rigurosa, sistem\u00e1tica, flexible y vers\u00e1til"},"content":{"rendered":"<p>Para \u201cestos tiempos y los que vendr\u00e1n\u201d, el arquitecto Josep Ferrando apuesta por una arquitectura \u201cembebida, vers\u00e1til y resiliente\u201d donde tambi\u00e9n imperen \u201clo sistem\u00e1tico, lo flexible y lo riguroso\u201d. Esta declaraci\u00f3n de intenciones, expresada en una lecci\u00f3n magistral a los alumnos del <a href=\"https:\/\/www.nebrija.com\/carreras-universitarias\/grado-arquitectura\/\">grado en Arquitectura<\/a> de la Universidad Nebrija, estuvo jalonada de obras y proyectos del director del despacho Josep Ferrando Architecture.<\/p>\n<p>Con una vasta experiencia en el \u00e1mbito acad\u00e9mico y cultural, su trabajo ha sido expuesto en diversos pa\u00edses y ha realizado muestras monogr\u00e1ficas en la Biennale di Architettura di Venezia 2014, la galer\u00eda Architekturforum Aedes de Berl\u00edn y el Museo de Arte Moderno (MAM) de R\u00edo de Janeiro. En 2016 form\u00f3 parte de la exposici\u00f3n <em>Unfinished<\/em> del pabell\u00f3n espa\u00f1ol de la 15\u00aa Bienal de Arquitectura de Venecia galardonado con el Le\u00f3n de Oro de la muestra. Tambi\u00e9n ha recibido n\u00fameros galardones como los premios FAD, el primer premio en la Bienal Internacional de Arquitectura de Buenos Aires BIABA\u201915 y finalista del Iakov Chernikov International Award.<\/p>\n<p>Teniendo claro que la arquitectura \u201cno deja de ser una pieza m\u00e1s de una coreograf\u00eda dentro de un entorno&#8221;, Josep Ferrando trat\u00f3 de sintetizar, a lo largo de su conferencia en remoto, su idea sobre la creaci\u00f3n y reinvenci\u00f3n de espacios: \u201cMe interesa m\u00e1s el sistema que la forma, el proceso sobre el resultado y el conocimiento sobre la imaginaci\u00f3n\u201d.<\/p>\n<p>El arquitecto catal\u00e1n recurri\u00f3 a la met\u00e1fora del nido para explicar su visi\u00f3n de la arquitectura. A su juicio, la casa de los p\u00e1jaros es un elemento embebido porque responde a las dimensiones donde se apoya y se compone de materiales del entorno. Adem\u00e1s, cumple el aspecto de resiliencia ya que las ramas son \u201ceficientes y vers\u00e1tiles\u201d y constituyen una muestra de econom\u00eda circular al caer del \u00e1rbol una vez cumplida su funci\u00f3n, transform\u00e1ndose luego en componente org\u00e1nico, que, con el paso del tiempo, generar\u00e1 un nuevo ejemplar.<\/p>\n<p>La idea de juego en el trabajo arquitect\u00f3nico, el concepto de laberinto, el uso de pocos materiales y la multifuncionalidad de los espacios \u2013el comedor puede servir para comer, pero tambi\u00e9n como aula, oficina o cine, \u201calgo que nos ha ense\u00f1ado esta pandemia\u201d- fueron otros aspectos destacados de su clase magistral. \u201cTodo parece muy sencillo, pero hay que reconocer la complejidad de ritmos y materiales. El proyecto del arquitecto queda abierto en manos del usuario cuando el cami\u00f3n gr\u00faa empieza a ser un l\u00e1piz y viceversa; entonces el proyecto y la obra se diluyen\u201d, a\u00f1adi\u00f3.<\/p>\n<p>Asimismo, aprovech\u00f3 sus argumentaciones ante los alumnos para remarcar la fortaleza del arquitecto cuando surgen inconvenientes y obst\u00e1culos: \u201cHay que aprovechar las restricciones, cuantas m\u00e1s restricciones, m\u00e1s ingenio, y cuanto m\u00e1s ingenio, mejor proyecto\u201d.<\/p>\n<p>Con precisi\u00f3n y abundantes documentos gr\u00e1ficos, Josep Ferrando cit\u00f3 algunas de sus obras y proyectos como los 3.000 m2 del espacio com\u00fan de la BBConstrumat de Fira de Barcelona -con trabajos de geotextil y vigas que obtuvo prestadas de la construcci\u00f3n de la Sagrada Familia-, el dise\u00f1o de la Casa de madera 8+1 en el plan <em>ochoquebradas<\/em> en Chile, la casa entre medianeras de Sant Cugat &#8211; donde las grietas de luz llegan al comedor, \u201cel coraz\u00f3n de la casa\u201d-, la intervenci\u00f3n en una antigua empresa metal\u00fargica en Mendoza (Argentina) \u201ca la que quer\u00edamos cambiar la piel\u201d- y la remodelaci\u00f3n del antiguo casino de Urca de los a\u00f1os 30 (R\u00edo de Janeiro) \u2013\u201cdonde pretend\u00edamos hacer lo m\u00ednimo posible para fijar el tiempo, fijar la ruina\u201d.<\/p>\n<p><em>Texto: Javier Picos. Fotos: J.P.<\/em><\/p>\n","protected":false},"excerpt":{"rendered":"<p>El director del despacho Josep Ferrando Architecture abre, con una clase magistral, el curso acad\u00e9mico del grado en Arquitectura de la Universidad.<\/p>\n","protected":false},"author":326,"featured_media":66574,"comment_status":"open","ping_status":"open","sticky":false,"template":"","format":"standard","meta":{"_acf_changed":false,"_monsterinsights_skip_tracking":false,"_monsterinsights_sitenote_active":false,"_monsterinsights_sitenote_note":"","_monsterinsights_sitenote_category":0,"footnotes":""},"categories":[3053],"tags":[3124,4090],"acf":[],"yoast_head":"<!-- This site is optimized with the Yoast SEO plugin v22.1 - https:\/\/yoast.com\/wordpress\/plugins\/seo\/ -->\n<title>Josep Ferrando defiende una arquitectura rigurosa, sistem\u00e1tica, flexible y vers\u00e1til - Actualidad Nebrija<\/title>\n<meta name=\"description\" content=\"El director del despacho Josep Ferrando Architecture abre, con una clase magistral, el curso acad\u00e9mico del grado en Arquitectura.\" \/>\n<meta name=\"robots\" content=\"index, follow, max-snippet:-1, max-image-preview:large, max-video-preview:-1\" \/>\n<link rel=\"canonical\" href=\"https:\/\/www.nebrija.com\/medios\/actualidadnebrija\/2020\/09\/28\/josep-ferrando-defiende-una-arquitectura-rigurosa-sistematica-flexible-y-versatil\/\" \/>\n<meta property=\"og:locale\" content=\"es_ES\" \/>\n<meta property=\"og:type\" content=\"article\" \/>\n<meta property=\"og:title\" content=\"Josep Ferrando defiende una arquitectura rigurosa, sistem\u00e1tica, flexible y vers\u00e1til - Actualidad Nebrija\" \/>\n<meta property=\"og:description\" content=\"El director del despacho Josep Ferrando Architecture abre, con una clase magistral, el curso acad\u00e9mico del grado en Arquitectura.\" \/>\n<meta property=\"og:url\" content=\"https:\/\/www.nebrija.com\/medios\/actualidadnebrija\/2020\/09\/28\/josep-ferrando-defiende-una-arquitectura-rigurosa-sistematica-flexible-y-versatil\/\" \/>\n<meta property=\"og:site_name\" content=\"Actualidad Nebrija\" \/>\n<meta property=\"article:published_time\" content=\"2020-09-28T09:59:54+00:00\" \/>\n<meta property=\"article:modified_time\" content=\"2024-07-10T15:13:51+00:00\" \/>\n<meta property=\"og:image\" content=\"https:\/\/www.nebrija.com\/medios\/actualidadnebrija\/wp-content\/uploads\/sites\/2\/2020\/09\/Josep-Ferrando-33.png\" \/>\n\t<meta property=\"og:image:width\" content=\"1000\" \/>\n\t<meta property=\"og:image:height\" content=\"627\" \/>\n\t<meta property=\"og:image:type\" content=\"image\/png\" \/>\n<meta name=\"author\" content=\"jpicos\" \/>\n<meta name=\"twitter:card\" content=\"summary_large_image\" \/>\n<meta name=\"twitter:label1\" content=\"Escrito por\" \/>\n\t<meta name=\"twitter:data1\" content=\"jpicos\" \/>\n\t<meta name=\"twitter:label2\" content=\"Tiempo de lectura\" \/>\n\t<meta name=\"twitter:data2\" content=\"3 minutos\" \/>\n<!-- \/ Yoast SEO plugin. -->","yoast_head_json":{"title":"Josep Ferrando defiende una arquitectura rigurosa, sistem\u00e1tica, flexible y vers\u00e1til - Actualidad Nebrija","description":"El director del despacho Josep Ferrando Architecture abre, con una clase magistral, el curso acad\u00e9mico del grado en Arquitectura.","robots":{"index":"index","follow":"follow","max-snippet":"max-snippet:-1","max-image-preview":"max-image-preview:large","max-video-preview":"max-video-preview:-1"},"canonical":"https:\/\/www.nebrija.com\/medios\/actualidadnebrija\/2020\/09\/28\/josep-ferrando-defiende-una-arquitectura-rigurosa-sistematica-flexible-y-versatil\/","og_locale":"es_ES","og_type":"article","og_title":"Josep Ferrando defiende una arquitectura rigurosa, sistem\u00e1tica, flexible y vers\u00e1til - Actualidad Nebrija","og_description":"El director del despacho Josep Ferrando Architecture abre, con una clase magistral, el curso acad\u00e9mico del grado en Arquitectura.","og_url":"https:\/\/www.nebrija.com\/medios\/actualidadnebrija\/2020\/09\/28\/josep-ferrando-defiende-una-arquitectura-rigurosa-sistematica-flexible-y-versatil\/","og_site_name":"Actualidad Nebrija","article_published_time":"2020-09-28T09:59:54+00:00","article_modified_time":"2024-07-10T15:13:51+00:00","og_image":[{"width":1000,"height":627,"url":"https:\/\/www.nebrija.com\/medios\/actualidadnebrija\/wp-content\/uploads\/sites\/2\/2020\/09\/Josep-Ferrando-33.png","type":"image\/png"}],"author":"jpicos","twitter_card":"summary_large_image","twitter_misc":{"Escrito por":"jpicos","Tiempo de lectura":"3 minutos"},"schema":{"@context":"https:\/\/schema.org","@graph":[{"@type":"WebPage","@id":"https:\/\/www.nebrija.com\/medios\/actualidadnebrija\/2020\/09\/28\/josep-ferrando-defiende-una-arquitectura-rigurosa-sistematica-flexible-y-versatil\/","url":"https:\/\/www.nebrija.com\/medios\/actualidadnebrija\/2020\/09\/28\/josep-ferrando-defiende-una-arquitectura-rigurosa-sistematica-flexible-y-versatil\/","name":"Josep Ferrando defiende una arquitectura rigurosa, sistem\u00e1tica, flexible y vers\u00e1til - Actualidad Nebrija","isPartOf":{"@id":"https:\/\/www.nebrija.com\/medios\/actualidadnebrija\/#website"},"datePublished":"2020-09-28T09:59:54+00:00","dateModified":"2024-07-10T15:13:51+00:00","author":{"@id":"https:\/\/www.nebrija.com\/medios\/actualidadnebrija\/#\/schema\/person\/0cd40b7dd3f54459e2cfc009dbd255c6"},"description":"El director del despacho Josep Ferrando Architecture abre, con una clase magistral, el curso acad\u00e9mico del grado en Arquitectura.","breadcrumb":{"@id":"https:\/\/www.nebrija.com\/medios\/actualidadnebrija\/2020\/09\/28\/josep-ferrando-defiende-una-arquitectura-rigurosa-sistematica-flexible-y-versatil\/#breadcrumb"},"inLanguage":"es","potentialAction":[{"@type":"ReadAction","target":["https:\/\/www.nebrija.com\/medios\/actualidadnebrija\/2020\/09\/28\/josep-ferrando-defiende-una-arquitectura-rigurosa-sistematica-flexible-y-versatil\/"]}]},{"@type":"BreadcrumbList","@id":"https:\/\/www.nebrija.com\/medios\/actualidadnebrija\/2020\/09\/28\/josep-ferrando-defiende-una-arquitectura-rigurosa-sistematica-flexible-y-versatil\/#breadcrumb","itemListElement":[{"@type":"ListItem","position":1,"name":"Home","item":"https:\/\/www.nebrija.com\/medios\/actualidadnebrija\/"},{"@type":"ListItem","position":2,"name":"Josep Ferrando defiende una arquitectura rigurosa, sistem\u00e1tica, flexible y vers\u00e1til"}]},{"@type":"WebSite","@id":"https:\/\/www.nebrija.com\/medios\/actualidadnebrija\/#website","url":"https:\/\/www.nebrija.com\/medios\/actualidadnebrija\/","name":"Actualidad Nebrija","description":"Noticias de la Universidad Nebrija","potentialAction":[{"@type":"SearchAction","target":{"@type":"EntryPoint","urlTemplate":"https:\/\/www.nebrija.com\/medios\/actualidadnebrija\/?s={search_term_string}"},"query-input":"required name=search_term_string"}],"inLanguage":"es"},{"@type":"Person","@id":"https:\/\/www.nebrija.com\/medios\/actualidadnebrija\/#\/schema\/person\/0cd40b7dd3f54459e2cfc009dbd255c6","name":"jpicos","image":{"@type":"ImageObject","inLanguage":"es","@id":"https:\/\/www.nebrija.com\/medios\/actualidadnebrija\/#\/schema\/person\/image\/","url":"https:\/\/secure.gravatar.com\/avatar\/c4a1005cff3fd9bb5185e9671f4f3e9b?s=96&d=mm&r=g","contentUrl":"https:\/\/secure.gravatar.com\/avatar\/c4a1005cff3fd9bb5185e9671f4f3e9b?s=96&d=mm&r=g","caption":"jpicos"},"url":"https:\/\/www.nebrija.com\/medios\/actualidadnebrija\/author\/jpicos\/"}]}},"_links":{"self":[{"href":"https:\/\/www.nebrija.com\/medios\/actualidadnebrija\/wp-json\/wp\/v2\/posts\/66556"}],"collection":[{"href":"https:\/\/www.nebrija.com\/medios\/actualidadnebrija\/wp-json\/wp\/v2\/posts"}],"about":[{"href":"https:\/\/www.nebrija.com\/medios\/actualidadnebrija\/wp-json\/wp\/v2\/types\/post"}],"author":[{"embeddable":true,"href":"https:\/\/www.nebrija.com\/medios\/actualidadnebrija\/wp-json\/wp\/v2\/users\/326"}],"replies":[{"embeddable":true,"href":"https:\/\/www.nebrija.com\/medios\/actualidadnebrija\/wp-json\/wp\/v2\/comments?post=66556"}],"version-history":[{"count":2,"href":"https:\/\/www.nebrija.com\/medios\/actualidadnebrija\/wp-json\/wp\/v2\/posts\/66556\/revisions"}],"predecessor-version":[{"id":93902,"href":"https:\/\/www.nebrija.com\/medios\/actualidadnebrija\/wp-json\/wp\/v2\/posts\/66556\/revisions\/93902"}],"wp:featuredmedia":[{"embeddable":true,"href":"https:\/\/www.nebrija.com\/medios\/actualidadnebrija\/wp-json\/wp\/v2\/media\/66574"}],"wp:attachment":[{"href":"https:\/\/www.nebrija.com\/medios\/actualidadnebrija\/wp-json\/wp\/v2\/media?parent=66556"}],"wp:term":[{"taxonomy":"category","embeddable":true,"href":"https:\/\/www.nebrija.com\/medios\/actualidadnebrija\/wp-json\/wp\/v2\/categories?post=66556"},{"taxonomy":"post_tag","embeddable":true,"href":"https:\/\/www.nebrija.com\/medios\/actualidadnebrija\/wp-json\/wp\/v2\/tags?post=66556"}],"curies":[{"name":"wp","href":"https:\/\/api.w.org\/{rel}","templated":true}]}}