{"id":66986,"date":"2020-10-23T08:48:16","date_gmt":"2020-10-23T06:48:16","guid":{"rendered":"https:\/\/www.nebrija.com\/medios\/actualidadnebrija\/?p=66986"},"modified":"2020-10-23T10:57:10","modified_gmt":"2020-10-23T08:57:10","slug":"nebrija-alberga-la-ii-conferencia-anual-iapp-espana","status":"publish","type":"post","link":"https:\/\/www.nebrija.com\/medios\/actualidadnebrija\/2020\/10\/23\/nebrija-alberga-la-ii-conferencia-anual-iapp-espana\/","title":{"rendered":"Nebrija alberga la II Conferencia anual IAPP-Espa\u00f1a"},"content":{"rendered":"<p>La II Conferencia anual IAPP-Espa\u00f1a tuvo como lema <em>Las transferencias internacionales de datos a debate: una visi\u00f3n desde Espa\u00f1a, Europa e Iberoam\u00e9rica<\/em>. La International Association of Privacy Professionals (IAPP), en palabras de Ana de la Higuera, asociada KPMG, es \u201cla organizaci\u00f3n m\u00e1s grande que da soporte y apoyo a todos los profesionales que se dedican a la privacidad\u201d. La IAPP, sin \u00e1nimo de lucro, organiza eventos y reuniones, elabora publicaciones y promociona cursos formativos sobre la materia.<\/p>\n<p>El debate t\u00e9cnico sobre la transferencia de datos en el \u00e1mbito internacional, promovido por el <a href=\"https:\/\/www.nebrija.com\/programas-postgrado\/master\/proteccion-de-datos\/\">M\u00e1ster en Protecci\u00f3n de Datos y Seguridad <\/a>de Nebrija, puso el acento en tres espacios: Espa\u00f1a, Europa Iberoam\u00e9rica. La correlaci\u00f3n entre las empresas y los organismos de protecci\u00f3n de datos, el Observatorio Iberoamericano de Protecci\u00f3n de Datos, la disparidad de los corpus normativos de protecci\u00f3n de datos, la necesidad de una \u00fanica voz europea en estos asuntos legales, la herencia del Convenio 108 del Consejo de Europa, el Brexit, las certificaciones de diferente tipo y principios como el de la responsabilidad proactiva aparecieron en el intercambio de ideas protagonizado por Daniel L\u00f3pez Carballo, socio de \u00c9cija y codirector del M\u00e1ster en Protecci\u00f3n de Datos y Seguridad -junto con Luis A. Garc\u00eda Segura-; David Javier Santos, jefe del Gabinete Jur\u00eddico de la AEPD: Leonardo Cervera, director del Supervisor Europeo de Protecci\u00f3n de Datos; Jonathan Mendoza, secretario de Protecci\u00f3n de Datos del INAI M\u00e9xico; Eduardo Ustaran, socio de Hogan Lovells; Francisco Gonz\u00e1lez-Calero: lead advisor internacional Govertis; y Ana de la Higuera, asociada KPMG.<\/p>\n<p>Aunque David Javier Santos manifest\u00f3 que \u201cno hay una soluci\u00f3n m\u00e1gica\u201d en este asunto, la comparativa de normas y sus interpretaciones son el norte para ir estrechando lazos en el derecho a la privacidad.<\/p>\n\n\t\t<style type=\"text\/css\">\n\t\t\t#gallery-1 {\n\t\t\t\tmargin: auto;\n\t\t\t}\n\t\t\t#gallery-1 .gallery-item {\n\t\t\t\tfloat: left;\n\t\t\t\tmargin-top: 10px;\n\t\t\t\ttext-align: center;\n\t\t\t\twidth: 25%;\n\t\t\t}\n\t\t\t#gallery-1 img {\n\t\t\t\tborder: 2px solid #cfcfcf;\n\t\t\t}\n\t\t\t#gallery-1 .gallery-caption {\n\t\t\t\tmargin-left: 0;\n\t\t\t}\n\t\t\t\/* see gallery_shortcode() in wp-includes\/media.php *\/\n\t\t<\/style>\n\t\t<div id='gallery-1' class='gallery galleryid-66986 gallery-columns-4 gallery-size-thumbnail'><dl class='gallery-item'>\n\t\t\t<dt class='gallery-icon landscape'>\n\t\t\t\t<a href='https:\/\/www.nebrija.com\/medios\/actualidadnebrija\/wp-content\/uploads\/sites\/2\/2020\/10\/IAPP-Nebrija-3.png'><img loading=\"lazy\" decoding=\"async\" width=\"150\" height=\"150\" src=\"https:\/\/www.nebrija.com\/medios\/actualidadnebrija\/wp-content\/uploads\/sites\/2\/2020\/10\/IAPP-Nebrija-3-150x150.png\" class=\"attachment-thumbnail size-thumbnail\" alt=\"\" \/><\/a>\n\t\t\t<\/dt><\/dl><dl class='gallery-item'>\n\t\t\t<dt class='gallery-icon landscape'>\n\t\t\t\t<a href='https:\/\/www.nebrija.com\/medios\/actualidadnebrija\/wp-content\/uploads\/sites\/2\/2020\/10\/IAPP-Nebrija-4.png'><img loading=\"lazy\" decoding=\"async\" width=\"150\" height=\"150\" src=\"https:\/\/www.nebrija.com\/medios\/actualidadnebrija\/wp-content\/uploads\/sites\/2\/2020\/10\/IAPP-Nebrija-4-150x150.png\" class=\"attachment-thumbnail size-thumbnail\" alt=\"\" \/><\/a>\n\t\t\t<\/dt><\/dl><dl class='gallery-item'>\n\t\t\t<dt class='gallery-icon landscape'>\n\t\t\t\t<a href='https:\/\/www.nebrija.com\/medios\/actualidadnebrija\/wp-content\/uploads\/sites\/2\/2020\/10\/IAPP-Nebrija-5.png'><img loading=\"lazy\" decoding=\"async\" width=\"150\" height=\"150\" src=\"https:\/\/www.nebrija.com\/medios\/actualidadnebrija\/wp-content\/uploads\/sites\/2\/2020\/10\/IAPP-Nebrija-5-150x150.png\" class=\"attachment-thumbnail size-thumbnail\" alt=\"\" \/><\/a>\n\t\t\t<\/dt><\/dl><dl class='gallery-item'>\n\t\t\t<dt class='gallery-icon landscape'>\n\t\t\t\t<a href='https:\/\/www.nebrija.com\/medios\/actualidadnebrija\/wp-content\/uploads\/sites\/2\/2020\/10\/IAPP-Nebrija-6.png'><img loading=\"lazy\" decoding=\"async\" width=\"150\" height=\"150\" src=\"https:\/\/www.nebrija.com\/medios\/actualidadnebrija\/wp-content\/uploads\/sites\/2\/2020\/10\/IAPP-Nebrija-6-150x150.png\" class=\"attachment-thumbnail size-thumbnail\" alt=\"\" \/><\/a>\n\t\t\t<\/dt><\/dl><br style=\"clear: both\" \/><dl class='gallery-item'>\n\t\t\t<dt class='gallery-icon landscape'>\n\t\t\t\t<a href='https:\/\/www.nebrija.com\/medios\/actualidadnebrija\/wp-content\/uploads\/sites\/2\/2020\/10\/IAPP-Nebrija-7.png'><img loading=\"lazy\" decoding=\"async\" width=\"150\" height=\"150\" src=\"https:\/\/www.nebrija.com\/medios\/actualidadnebrija\/wp-content\/uploads\/sites\/2\/2020\/10\/IAPP-Nebrija-7-150x150.png\" class=\"attachment-thumbnail size-thumbnail\" alt=\"\" \/><\/a>\n\t\t\t<\/dt><\/dl><dl class='gallery-item'>\n\t\t\t<dt class='gallery-icon landscape'>\n\t\t\t\t<a href='https:\/\/www.nebrija.com\/medios\/actualidadnebrija\/wp-content\/uploads\/sites\/2\/2020\/10\/IAPP-Nebrija-8.png'><img loading=\"lazy\" decoding=\"async\" width=\"150\" height=\"150\" src=\"https:\/\/www.nebrija.com\/medios\/actualidadnebrija\/wp-content\/uploads\/sites\/2\/2020\/10\/IAPP-Nebrija-8-150x150.png\" class=\"attachment-thumbnail size-thumbnail\" alt=\"\" \/><\/a>\n\t\t\t<\/dt><\/dl><dl class='gallery-item'>\n\t\t\t<dt class='gallery-icon landscape'>\n\t\t\t\t<a href='https:\/\/www.nebrija.com\/medios\/actualidadnebrija\/wp-content\/uploads\/sites\/2\/2020\/10\/IAPP-Nebrija-1.png'><img loading=\"lazy\" decoding=\"async\" width=\"150\" height=\"150\" src=\"https:\/\/www.nebrija.com\/medios\/actualidadnebrija\/wp-content\/uploads\/sites\/2\/2020\/10\/IAPP-Nebrija-1-150x150.png\" class=\"attachment-thumbnail size-thumbnail\" alt=\"\" \/><\/a>\n\t\t\t<\/dt><\/dl><dl class='gallery-item'>\n\t\t\t<dt class='gallery-icon landscape'>\n\t\t\t\t<a href='https:\/\/www.nebrija.com\/medios\/actualidadnebrija\/wp-content\/uploads\/sites\/2\/2020\/10\/IAPP-Nebrija-2.png'><img loading=\"lazy\" decoding=\"async\" width=\"150\" height=\"150\" src=\"https:\/\/www.nebrija.com\/medios\/actualidadnebrija\/wp-content\/uploads\/sites\/2\/2020\/10\/IAPP-Nebrija-2-150x150.png\" class=\"attachment-thumbnail size-thumbnail\" alt=\"\" \/><\/a>\n\t\t\t<\/dt><\/dl><br style=\"clear: both\" \/>\n\t\t<\/div>\n\n","protected":false},"excerpt":{"rendered":"<p>El debate virtual, promovido por el M\u00e1ster en Protecci\u00f3n de Datos y Seguridad, re\u00fane a expertos en protecci\u00f3n de datos.<\/p>\n","protected":false},"author":326,"featured_media":66987,"comment_status":"open","ping_status":"open","sticky":false,"template":"","format":"standard","meta":{"_acf_changed":false,"_monsterinsights_skip_tracking":false,"_monsterinsights_sitenote_active":false,"_monsterinsights_sitenote_note":"","_monsterinsights_sitenote_category":0,"footnotes":""},"categories":[3,3051],"tags":[4039],"acf":[],"yoast_head":"<!-- This site is optimized with the Yoast SEO plugin v22.1 - https:\/\/yoast.com\/wordpress\/plugins\/seo\/ -->\n<title>Nebrija alberga la II Conferencia anual IAPP-Espa\u00f1a - Actualidad Nebrija<\/title>\n<meta name=\"robots\" content=\"index, follow, max-snippet:-1, max-image-preview:large, max-video-preview:-1\" \/>\n<link rel=\"canonical\" href=\"https:\/\/www.nebrija.com\/medios\/actualidadnebrija\/2020\/10\/23\/nebrija-alberga-la-ii-conferencia-anual-iapp-espana\/\" \/>\n<meta property=\"og:locale\" content=\"es_ES\" \/>\n<meta property=\"og:type\" content=\"article\" \/>\n<meta property=\"og:title\" content=\"Nebrija alberga la II Conferencia anual IAPP-Espa\u00f1a - Actualidad Nebrija\" \/>\n<meta property=\"og:description\" content=\"El debate virtual, promovido por el M\u00e1ster en Protecci\u00f3n de Datos y Seguridad, re\u00fane a expertos en protecci\u00f3n de datos.\" \/>\n<meta property=\"og:url\" content=\"https:\/\/www.nebrija.com\/medios\/actualidadnebrija\/2020\/10\/23\/nebrija-alberga-la-ii-conferencia-anual-iapp-espana\/\" \/>\n<meta property=\"og:site_name\" content=\"Actualidad Nebrija\" \/>\n<meta property=\"article:published_time\" content=\"2020-10-23T06:48:16+00:00\" \/>\n<meta property=\"article:modified_time\" content=\"2020-10-23T08:57:10+00:00\" \/>\n<meta property=\"og:image\" content=\"https:\/\/www.nebrija.com\/medios\/actualidadnebrija\/wp-content\/uploads\/sites\/2\/2020\/10\/datos-787x459-1.jpg\" \/>\n\t<meta property=\"og:image:width\" content=\"787\" \/>\n\t<meta property=\"og:image:height\" content=\"459\" \/>\n\t<meta property=\"og:image:type\" content=\"image\/jpeg\" \/>\n<meta name=\"author\" content=\"jpicos\" \/>\n<meta name=\"twitter:card\" content=\"summary_large_image\" \/>\n<meta name=\"twitter:label1\" content=\"Escrito por\" \/>\n\t<meta name=\"twitter:data1\" content=\"jpicos\" \/>\n\t<meta name=\"twitter:label2\" content=\"Tiempo de lectura\" \/>\n\t<meta name=\"twitter:data2\" content=\"2 minutos\" \/>\n<!-- \/ Yoast SEO plugin. -->","yoast_head_json":{"title":"Nebrija alberga la II Conferencia anual IAPP-Espa\u00f1a - Actualidad Nebrija","robots":{"index":"index","follow":"follow","max-snippet":"max-snippet:-1","max-image-preview":"max-image-preview:large","max-video-preview":"max-video-preview:-1"},"canonical":"https:\/\/www.nebrija.com\/medios\/actualidadnebrija\/2020\/10\/23\/nebrija-alberga-la-ii-conferencia-anual-iapp-espana\/","og_locale":"es_ES","og_type":"article","og_title":"Nebrija alberga la II Conferencia anual IAPP-Espa\u00f1a - Actualidad Nebrija","og_description":"El debate virtual, promovido por el M\u00e1ster en Protecci\u00f3n de Datos y Seguridad, re\u00fane a expertos en protecci\u00f3n de datos.","og_url":"https:\/\/www.nebrija.com\/medios\/actualidadnebrija\/2020\/10\/23\/nebrija-alberga-la-ii-conferencia-anual-iapp-espana\/","og_site_name":"Actualidad Nebrija","article_published_time":"2020-10-23T06:48:16+00:00","article_modified_time":"2020-10-23T08:57:10+00:00","og_image":[{"width":787,"height":459,"url":"https:\/\/www.nebrija.com\/medios\/actualidadnebrija\/wp-content\/uploads\/sites\/2\/2020\/10\/datos-787x459-1.jpg","type":"image\/jpeg"}],"author":"jpicos","twitter_card":"summary_large_image","twitter_misc":{"Escrito por":"jpicos","Tiempo de lectura":"2 minutos"},"schema":{"@context":"https:\/\/schema.org","@graph":[{"@type":"WebPage","@id":"https:\/\/www.nebrija.com\/medios\/actualidadnebrija\/2020\/10\/23\/nebrija-alberga-la-ii-conferencia-anual-iapp-espana\/","url":"https:\/\/www.nebrija.com\/medios\/actualidadnebrija\/2020\/10\/23\/nebrija-alberga-la-ii-conferencia-anual-iapp-espana\/","name":"Nebrija alberga la II Conferencia anual IAPP-Espa\u00f1a - Actualidad Nebrija","isPartOf":{"@id":"https:\/\/www.nebrija.com\/medios\/actualidadnebrija\/#website"},"datePublished":"2020-10-23T06:48:16+00:00","dateModified":"2020-10-23T08:57:10+00:00","author":{"@id":"https:\/\/www.nebrija.com\/medios\/actualidadnebrija\/#\/schema\/person\/0cd40b7dd3f54459e2cfc009dbd255c6"},"breadcrumb":{"@id":"https:\/\/www.nebrija.com\/medios\/actualidadnebrija\/2020\/10\/23\/nebrija-alberga-la-ii-conferencia-anual-iapp-espana\/#breadcrumb"},"inLanguage":"es","potentialAction":[{"@type":"ReadAction","target":["https:\/\/www.nebrija.com\/medios\/actualidadnebrija\/2020\/10\/23\/nebrija-alberga-la-ii-conferencia-anual-iapp-espana\/"]}]},{"@type":"BreadcrumbList","@id":"https:\/\/www.nebrija.com\/medios\/actualidadnebrija\/2020\/10\/23\/nebrija-alberga-la-ii-conferencia-anual-iapp-espana\/#breadcrumb","itemListElement":[{"@type":"ListItem","position":1,"name":"Home","item":"https:\/\/www.nebrija.com\/medios\/actualidadnebrija\/"},{"@type":"ListItem","position":2,"name":"Nebrija alberga la II Conferencia anual IAPP-Espa\u00f1a"}]},{"@type":"WebSite","@id":"https:\/\/www.nebrija.com\/medios\/actualidadnebrija\/#website","url":"https:\/\/www.nebrija.com\/medios\/actualidadnebrija\/","name":"Actualidad Nebrija","description":"Noticias de la Universidad Nebrija","potentialAction":[{"@type":"SearchAction","target":{"@type":"EntryPoint","urlTemplate":"https:\/\/www.nebrija.com\/medios\/actualidadnebrija\/?s={search_term_string}"},"query-input":"required name=search_term_string"}],"inLanguage":"es"},{"@type":"Person","@id":"https:\/\/www.nebrija.com\/medios\/actualidadnebrija\/#\/schema\/person\/0cd40b7dd3f54459e2cfc009dbd255c6","name":"jpicos","image":{"@type":"ImageObject","inLanguage":"es","@id":"https:\/\/www.nebrija.com\/medios\/actualidadnebrija\/#\/schema\/person\/image\/","url":"https:\/\/secure.gravatar.com\/avatar\/c4a1005cff3fd9bb5185e9671f4f3e9b?s=96&d=mm&r=g","contentUrl":"https:\/\/secure.gravatar.com\/avatar\/c4a1005cff3fd9bb5185e9671f4f3e9b?s=96&d=mm&r=g","caption":"jpicos"},"url":"https:\/\/www.nebrija.com\/medios\/actualidadnebrija\/author\/jpicos\/"}]}},"_links":{"self":[{"href":"https:\/\/www.nebrija.com\/medios\/actualidadnebrija\/wp-json\/wp\/v2\/posts\/66986"}],"collection":[{"href":"https:\/\/www.nebrija.com\/medios\/actualidadnebrija\/wp-json\/wp\/v2\/posts"}],"about":[{"href":"https:\/\/www.nebrija.com\/medios\/actualidadnebrija\/wp-json\/wp\/v2\/types\/post"}],"author":[{"embeddable":true,"href":"https:\/\/www.nebrija.com\/medios\/actualidadnebrija\/wp-json\/wp\/v2\/users\/326"}],"replies":[{"embeddable":true,"href":"https:\/\/www.nebrija.com\/medios\/actualidadnebrija\/wp-json\/wp\/v2\/comments?post=66986"}],"version-history":[{"count":4,"href":"https:\/\/www.nebrija.com\/medios\/actualidadnebrija\/wp-json\/wp\/v2\/posts\/66986\/revisions"}],"predecessor-version":[{"id":67006,"href":"https:\/\/www.nebrija.com\/medios\/actualidadnebrija\/wp-json\/wp\/v2\/posts\/66986\/revisions\/67006"}],"wp:featuredmedia":[{"embeddable":true,"href":"https:\/\/www.nebrija.com\/medios\/actualidadnebrija\/wp-json\/wp\/v2\/media\/66987"}],"wp:attachment":[{"href":"https:\/\/www.nebrija.com\/medios\/actualidadnebrija\/wp-json\/wp\/v2\/media?parent=66986"}],"wp:term":[{"taxonomy":"category","embeddable":true,"href":"https:\/\/www.nebrija.com\/medios\/actualidadnebrija\/wp-json\/wp\/v2\/categories?post=66986"},{"taxonomy":"post_tag","embeddable":true,"href":"https:\/\/www.nebrija.com\/medios\/actualidadnebrija\/wp-json\/wp\/v2\/tags?post=66986"}],"curies":[{"name":"wp","href":"https:\/\/api.w.org\/{rel}","templated":true}]}}