{"id":67805,"date":"2020-11-30T20:20:04","date_gmt":"2020-11-30T19:20:04","guid":{"rendered":"https:\/\/www.nebrija.com\/medios\/actualidadnebrija\/?p=67805"},"modified":"2024-07-09T17:07:54","modified_gmt":"2024-07-09T15:07:54","slug":"la-gestion-de-personas-a-traves-del-analisis-de-datos-tiene-futuro-en-el-mercado-de-trabajo","status":"publish","type":"post","link":"https:\/\/www.nebrija.com\/medios\/actualidadnebrija\/2020\/11\/30\/la-gestion-de-personas-a-traves-del-analisis-de-datos-tiene-futuro-en-el-mercado-de-trabajo\/","title":{"rendered":"La gesti\u00f3n de personas a trav\u00e9s del an\u00e1lisis de datos tiene futuro en el mercado de trabajo"},"content":{"rendered":"<p>Los departamentos de Recursos Humanos y, por extensi\u00f3n, el conjunto de las empresas y las organizaciones apuestan por m\u00e9todos anal\u00edticos que descubran el talento, la idoneidad de un puesto o la efectividad de un proceso de selecci\u00f3n. Seg\u00fan datos de Deloitte, el 71 % de las compa\u00f1\u00edas consideran que el denominado <em>People Analytics<\/em> es un elemento de alta prioridad para su negocio y m\u00e1s del 70 % ha invertido en mejorar esta \u00e1rea.<\/p>\n<p>Juan Francisco Mart\u00ednez Ruiz, psic\u00f3logo experto en<em> coaching<\/em> y socio fundador de WEMI Consulting (Work Engagement Measure and Improve), ofreci\u00f3 estos porcentajes y un recorrido por la gesti\u00f3n de personas a trav\u00e9s del an\u00e1lisis de datos (HR Analytics) a los alumnos del <a href=\"https:\/\/www.nebrija.com\/carreras-universitarias\/grado-psicologia\/\">grado de Psicolog\u00eda<\/a> de la Universidad Nebrija. Despu\u00e9s de la presentaci\u00f3n del profesor Alberto Ortega, Mart\u00ednez Ruiz alent\u00f3 a los estudiantes a trabajar en este sector espec\u00edfico, \u201ctendencia del presente y del futuro\u201d del mercado laboral. \u201cEl departamento de Recursos Humanos debe ser el eje central sobre el trabajo en la eficiencia, que toma como principal punto de partida a las personas y sus capacidades\u201d, incidi\u00f3.<\/p>\n<p>El psic\u00f3logo de WEMI se apoy\u00f3 en las aportaciones te\u00f3ricas de los expertos para acotar el significado de HR Analytics (HRA). David Aguado (2018), lo define as\u00ed: \u201cEs una metodolog\u00eda y un proceso integrado para proveer de evidencias, a trav\u00e9s del an\u00e1lisis de datos, que sean utilizadas para mejorar la calidad de las decisiones sobre personas con el objetivo de mejorar el rendimiento a nivel individual, grupal y\/u organizacional\u201d. Cascio y Boudreau (2008) a\u00f1aden el concepto de dise\u00f1o de investigaci\u00f3n, mientras que Ana Valera (2020) subraya que es una herramienta \u201cpara resolver problemas de negocio\u201d.<\/p>\n<p>A las preguntas que un trabajador de HRA debe plantearse para analizar luego las variables, un profesional de esta metodolog\u00eda ha de sumar un conocimiento de las fases para la resoluci\u00f3n de un problema determinado: identificaci\u00f3n de ese problema y la existencia de datos, dise\u00f1o de investigaci\u00f3n, an\u00e1lisis de datos y generaci\u00f3n de resultados, comunicaci\u00f3n de los resultados y visualizaci\u00f3n, y aprendizaje para futuras implementaciones.<\/p>\n<p>Antes de ofrecer casos pr\u00e1cticos a los alumnos, Juan Francisco Mart\u00ednez Ruiz dej\u00f3 claro que el HRA \u201cno siempre es<em> big data<\/em>\u201d y se puede elaborar tanto en peque\u00f1as como en medianas y grandes empresas. Tambi\u00e9n huy\u00f3 de visiones simplistas sobre esta metodolog\u00eda: \u201cCreer que recoger datos es suficiente para aportar valor al negocio es como pensar que, con comprarnos una b\u00e1scula, pesarnos diariamente y llevar un registro de nuestro peso ser\u00e1 suficiente para adelgazar\u201d.<\/p>\n<p><em>Texto: Javier Picos.<\/em><\/p>\n\n\t\t<style type=\"text\/css\">\n\t\t\t#gallery-1 {\n\t\t\t\tmargin: auto;\n\t\t\t}\n\t\t\t#gallery-1 .gallery-item {\n\t\t\t\tfloat: left;\n\t\t\t\tmargin-top: 10px;\n\t\t\t\ttext-align: center;\n\t\t\t\twidth: 33%;\n\t\t\t}\n\t\t\t#gallery-1 img {\n\t\t\t\tborder: 2px solid #cfcfcf;\n\t\t\t}\n\t\t\t#gallery-1 .gallery-caption {\n\t\t\t\tmargin-left: 0;\n\t\t\t}\n\t\t\t\/* see gallery_shortcode() in wp-includes\/media.php *\/\n\t\t<\/style>\n\t\t<div id='gallery-1' class='gallery galleryid-67805 gallery-columns-3 gallery-size-thumbnail'><dl class='gallery-item'>\n\t\t\t<dt class='gallery-icon landscape'>\n\t\t\t\t<a href='https:\/\/www.nebrija.com\/medios\/actualidadnebrija\/wp-content\/uploads\/sites\/2\/2020\/12\/martinez_ruiz_nebrija.png'><img loading=\"lazy\" decoding=\"async\" width=\"150\" height=\"150\" src=\"https:\/\/www.nebrija.com\/medios\/actualidadnebrija\/wp-content\/uploads\/sites\/2\/2020\/12\/martinez_ruiz_nebrija-150x150.png\" class=\"attachment-thumbnail size-thumbnail\" alt=\"\" \/><\/a>\n\t\t\t<\/dt><\/dl>\n\t\t\t<br style='clear: both' \/>\n\t\t<\/div>\n\n","protected":false},"excerpt":{"rendered":"<p>Juan Francisco Mart\u00ednez Ruiz explica a los alumnos de Psicolog\u00eda la vigencia y el horizonte del HR Analytics.<\/p>\n","protected":false},"author":326,"featured_media":67813,"comment_status":"open","ping_status":"open","sticky":false,"template":"","format":"standard","meta":{"_acf_changed":false,"_monsterinsights_skip_tracking":false,"_monsterinsights_sitenote_active":false,"_monsterinsights_sitenote_note":"","_monsterinsights_sitenote_category":0,"footnotes":""},"categories":[3051],"tags":[3124,3838,4197,4199,4198],"acf":[],"yoast_head":"<!-- This site is optimized with the Yoast SEO plugin v22.1 - https:\/\/yoast.com\/wordpress\/plugins\/seo\/ -->\n<title>La gesti\u00f3n de personas a trav\u00e9s del an\u00e1lisis de datos tiene futuro en el mercado de trabajo - Actualidad Nebrija<\/title>\n<meta name=\"description\" content=\"Juan Francisco Mart\u00ednez Ruiz explica a los alumnos de Psicolog\u00eda la vigencia y el horizonte del HR Analytics.\" \/>\n<meta name=\"robots\" content=\"index, follow, max-snippet:-1, max-image-preview:large, max-video-preview:-1\" \/>\n<link rel=\"canonical\" href=\"https:\/\/www.nebrija.com\/medios\/actualidadnebrija\/2020\/11\/30\/la-gestion-de-personas-a-traves-del-analisis-de-datos-tiene-futuro-en-el-mercado-de-trabajo\/\" \/>\n<meta property=\"og:locale\" content=\"es_ES\" \/>\n<meta property=\"og:type\" content=\"article\" \/>\n<meta property=\"og:title\" content=\"La gesti\u00f3n de personas a trav\u00e9s del an\u00e1lisis de datos tiene futuro en el mercado de trabajo - Actualidad Nebrija\" \/>\n<meta property=\"og:description\" content=\"Juan Francisco Mart\u00ednez Ruiz explica a los alumnos de Psicolog\u00eda la vigencia y el horizonte del HR Analytics.\" \/>\n<meta property=\"og:url\" content=\"https:\/\/www.nebrija.com\/medios\/actualidadnebrija\/2020\/11\/30\/la-gestion-de-personas-a-traves-del-analisis-de-datos-tiene-futuro-en-el-mercado-de-trabajo\/\" \/>\n<meta property=\"og:site_name\" content=\"Actualidad Nebrija\" \/>\n<meta property=\"article:published_time\" content=\"2020-11-30T19:20:04+00:00\" \/>\n<meta property=\"article:modified_time\" content=\"2024-07-09T15:07:54+00:00\" \/>\n<meta property=\"og:image\" content=\"https:\/\/www.nebrija.com\/medios\/actualidadnebrija\/wp-content\/uploads\/sites\/2\/2020\/11\/hra_shut.jpg\" \/>\n\t<meta property=\"og:image:width\" content=\"1500\" \/>\n\t<meta property=\"og:image:height\" content=\"740\" \/>\n\t<meta property=\"og:image:type\" content=\"image\/jpeg\" \/>\n<meta name=\"author\" content=\"jpicos\" \/>\n<meta name=\"twitter:card\" content=\"summary_large_image\" \/>\n<meta name=\"twitter:label1\" content=\"Escrito por\" \/>\n\t<meta name=\"twitter:data1\" content=\"jpicos\" \/>\n\t<meta name=\"twitter:label2\" content=\"Tiempo de lectura\" \/>\n\t<meta name=\"twitter:data2\" content=\"3 minutos\" \/>\n<!-- \/ Yoast SEO plugin. -->","yoast_head_json":{"title":"La gesti\u00f3n de personas a trav\u00e9s del an\u00e1lisis de datos tiene futuro en el mercado de trabajo - Actualidad Nebrija","description":"Juan Francisco Mart\u00ednez Ruiz explica a los alumnos de Psicolog\u00eda la vigencia y el horizonte del HR Analytics.","robots":{"index":"index","follow":"follow","max-snippet":"max-snippet:-1","max-image-preview":"max-image-preview:large","max-video-preview":"max-video-preview:-1"},"canonical":"https:\/\/www.nebrija.com\/medios\/actualidadnebrija\/2020\/11\/30\/la-gestion-de-personas-a-traves-del-analisis-de-datos-tiene-futuro-en-el-mercado-de-trabajo\/","og_locale":"es_ES","og_type":"article","og_title":"La gesti\u00f3n de personas a trav\u00e9s del an\u00e1lisis de datos tiene futuro en el mercado de trabajo - Actualidad Nebrija","og_description":"Juan Francisco Mart\u00ednez Ruiz explica a los alumnos de Psicolog\u00eda la vigencia y el horizonte del HR Analytics.","og_url":"https:\/\/www.nebrija.com\/medios\/actualidadnebrija\/2020\/11\/30\/la-gestion-de-personas-a-traves-del-analisis-de-datos-tiene-futuro-en-el-mercado-de-trabajo\/","og_site_name":"Actualidad Nebrija","article_published_time":"2020-11-30T19:20:04+00:00","article_modified_time":"2024-07-09T15:07:54+00:00","og_image":[{"width":1500,"height":740,"url":"https:\/\/www.nebrija.com\/medios\/actualidadnebrija\/wp-content\/uploads\/sites\/2\/2020\/11\/hra_shut.jpg","type":"image\/jpeg"}],"author":"jpicos","twitter_card":"summary_large_image","twitter_misc":{"Escrito por":"jpicos","Tiempo de lectura":"3 minutos"},"schema":{"@context":"https:\/\/schema.org","@graph":[{"@type":"WebPage","@id":"https:\/\/www.nebrija.com\/medios\/actualidadnebrija\/2020\/11\/30\/la-gestion-de-personas-a-traves-del-analisis-de-datos-tiene-futuro-en-el-mercado-de-trabajo\/","url":"https:\/\/www.nebrija.com\/medios\/actualidadnebrija\/2020\/11\/30\/la-gestion-de-personas-a-traves-del-analisis-de-datos-tiene-futuro-en-el-mercado-de-trabajo\/","name":"La gesti\u00f3n de personas a trav\u00e9s del an\u00e1lisis de datos tiene futuro en el mercado de trabajo - Actualidad Nebrija","isPartOf":{"@id":"https:\/\/www.nebrija.com\/medios\/actualidadnebrija\/#website"},"datePublished":"2020-11-30T19:20:04+00:00","dateModified":"2024-07-09T15:07:54+00:00","author":{"@id":"https:\/\/www.nebrija.com\/medios\/actualidadnebrija\/#\/schema\/person\/0cd40b7dd3f54459e2cfc009dbd255c6"},"description":"Juan Francisco Mart\u00ednez Ruiz explica a los alumnos de Psicolog\u00eda la vigencia y el horizonte del HR Analytics.","breadcrumb":{"@id":"https:\/\/www.nebrija.com\/medios\/actualidadnebrija\/2020\/11\/30\/la-gestion-de-personas-a-traves-del-analisis-de-datos-tiene-futuro-en-el-mercado-de-trabajo\/#breadcrumb"},"inLanguage":"es","potentialAction":[{"@type":"ReadAction","target":["https:\/\/www.nebrija.com\/medios\/actualidadnebrija\/2020\/11\/30\/la-gestion-de-personas-a-traves-del-analisis-de-datos-tiene-futuro-en-el-mercado-de-trabajo\/"]}]},{"@type":"BreadcrumbList","@id":"https:\/\/www.nebrija.com\/medios\/actualidadnebrija\/2020\/11\/30\/la-gestion-de-personas-a-traves-del-analisis-de-datos-tiene-futuro-en-el-mercado-de-trabajo\/#breadcrumb","itemListElement":[{"@type":"ListItem","position":1,"name":"Home","item":"https:\/\/www.nebrija.com\/medios\/actualidadnebrija\/"},{"@type":"ListItem","position":2,"name":"La gesti\u00f3n de personas a trav\u00e9s del an\u00e1lisis de datos tiene futuro en el mercado de trabajo"}]},{"@type":"WebSite","@id":"https:\/\/www.nebrija.com\/medios\/actualidadnebrija\/#website","url":"https:\/\/www.nebrija.com\/medios\/actualidadnebrija\/","name":"Actualidad Nebrija","description":"Noticias de la Universidad Nebrija","potentialAction":[{"@type":"SearchAction","target":{"@type":"EntryPoint","urlTemplate":"https:\/\/www.nebrija.com\/medios\/actualidadnebrija\/?s={search_term_string}"},"query-input":"required name=search_term_string"}],"inLanguage":"es"},{"@type":"Person","@id":"https:\/\/www.nebrija.com\/medios\/actualidadnebrija\/#\/schema\/person\/0cd40b7dd3f54459e2cfc009dbd255c6","name":"jpicos","image":{"@type":"ImageObject","inLanguage":"es","@id":"https:\/\/www.nebrija.com\/medios\/actualidadnebrija\/#\/schema\/person\/image\/","url":"https:\/\/secure.gravatar.com\/avatar\/c4a1005cff3fd9bb5185e9671f4f3e9b?s=96&d=mm&r=g","contentUrl":"https:\/\/secure.gravatar.com\/avatar\/c4a1005cff3fd9bb5185e9671f4f3e9b?s=96&d=mm&r=g","caption":"jpicos"},"url":"https:\/\/www.nebrija.com\/medios\/actualidadnebrija\/author\/jpicos\/"}]}},"_links":{"self":[{"href":"https:\/\/www.nebrija.com\/medios\/actualidadnebrija\/wp-json\/wp\/v2\/posts\/67805"}],"collection":[{"href":"https:\/\/www.nebrija.com\/medios\/actualidadnebrija\/wp-json\/wp\/v2\/posts"}],"about":[{"href":"https:\/\/www.nebrija.com\/medios\/actualidadnebrija\/wp-json\/wp\/v2\/types\/post"}],"author":[{"embeddable":true,"href":"https:\/\/www.nebrija.com\/medios\/actualidadnebrija\/wp-json\/wp\/v2\/users\/326"}],"replies":[{"embeddable":true,"href":"https:\/\/www.nebrija.com\/medios\/actualidadnebrija\/wp-json\/wp\/v2\/comments?post=67805"}],"version-history":[{"count":3,"href":"https:\/\/www.nebrija.com\/medios\/actualidadnebrija\/wp-json\/wp\/v2\/posts\/67805\/revisions"}],"predecessor-version":[{"id":93881,"href":"https:\/\/www.nebrija.com\/medios\/actualidadnebrija\/wp-json\/wp\/v2\/posts\/67805\/revisions\/93881"}],"wp:featuredmedia":[{"embeddable":true,"href":"https:\/\/www.nebrija.com\/medios\/actualidadnebrija\/wp-json\/wp\/v2\/media\/67813"}],"wp:attachment":[{"href":"https:\/\/www.nebrija.com\/medios\/actualidadnebrija\/wp-json\/wp\/v2\/media?parent=67805"}],"wp:term":[{"taxonomy":"category","embeddable":true,"href":"https:\/\/www.nebrija.com\/medios\/actualidadnebrija\/wp-json\/wp\/v2\/categories?post=67805"},{"taxonomy":"post_tag","embeddable":true,"href":"https:\/\/www.nebrija.com\/medios\/actualidadnebrija\/wp-json\/wp\/v2\/tags?post=67805"}],"curies":[{"name":"wp","href":"https:\/\/api.w.org\/{rel}","templated":true}]}}