{"id":67946,"date":"2020-12-11T13:22:28","date_gmt":"2020-12-11T12:22:28","guid":{"rendered":"https:\/\/www.nebrija.com\/medios\/actualidadnebrija\/?p=67946"},"modified":"2024-07-09T17:06:51","modified_gmt":"2024-07-09T15:06:51","slug":"un-encuentro-internacional-combate-la-violencia-con-la-educacion-y-con-una-mirada-esperanzada-y-comprometida","status":"publish","type":"post","link":"https:\/\/www.nebrija.com\/medios\/actualidadnebrija\/2020\/12\/11\/un-encuentro-internacional-combate-la-violencia-con-la-educacion-y-con-una-mirada-esperanzada-y-comprometida\/","title":{"rendered":"Un encuentro internacional combate la violencia con la educaci\u00f3n y con compromiso"},"content":{"rendered":"<p>El Encuentro Internacional sobre Violencia y Educaci\u00f3n, promovido por el <a href=\"http:\/\/www.centroasturianomadrid.es\/web\/web\/index.php\/home\">Centro Asturiano de Madrid<\/a> y la <a href=\"https:\/\/www.nebrija.com\/catedras\/nebrija-santander-resolucion-conflictos\/\">C\u00e1tedra Global Nebrija-Santander en Gesti\u00f3n de Riesgos y Conflictos<\/a>, celebr\u00f3 la publicaci\u00f3n de los libros <em>La violencia en la familia<\/em> (Editorial Dykinson) y <em>Violencia y salud mental<\/em> (Universidad Nebrija) con sus directores, coordinadores, autores y lectores a trav\u00e9s de una sesi\u00f3n virtual que uni\u00f3 Espa\u00f1a con Brasil, M\u00e9xico, Colombia, Ecuador y Venezuela. Mientras el primero de los vol\u00famenes es una obra colectiva, surgida por iniciativa del Grupo Complutense de Investigaci\u00f3n \u201cPsicosociobiolog\u00eda de la Violencia: Educaci\u00f3n y Prevenci\u00f3n, junto con la Fundaci\u00f3n CICA International, y con apoyo del Vicerrectorado de Investigaci\u00f3n y Transferencia de la Universidad Complutense de Madrid, el segundo refleja las ponencias y los debates del LIII CICA de abril de 2020.<\/p>\n<p>Valent\u00edn Mart\u00ednez-Otero, director del Grupo de Investigaci\u00f3n \u201cPsicosociobiolog\u00eda de la violencia: educaci\u00f3n y prevenci\u00f3n\u201d, y Jes\u00fas Mart\u00edn Ram\u00edrez, director de la C\u00e1tedra Global Nebrija-Santander en Gesti\u00f3n de Riesgos y Conflictos, directores y editores de las dos publicaciones, cedieron el protagonismo del acto al resto de los ponentes y solo intervinieron para expresar su gratitud a todos y para pronunciar unas breves palabras de presentaci\u00f3n y clausura.<\/p>\n<p>De esta forma, Mart\u00ednez-Otero se\u00f1al\u00f3 que la violencia y la educaci\u00f3n son dos t\u00e9rminos \u201cantit\u00e9ticos\u201d, porque \u201cdonde hay verdadera educaci\u00f3n no deber\u00eda haber violencia\u201d. Ante el fen\u00f3meno de la violencia, el investigador de la Complutense enfrent\u00f3 la mirada \u201cesperanzada y de compromiso\u201d de los autores de los dos libros. Desde esta postura, Jes\u00fas Mart\u00edn Ram\u00edrez incidi\u00f3 en la obra colectiva <em>Violencia y salud mental, <\/em>fruto del \u00faltimo congreso CICA, que refleja dos de sus \u201ccaracter\u00edsticas distintivas\u201d: su internacionalidad, con la participaci\u00f3n de autores procedentes de diez pa\u00edses de 4 continentes (Pakist\u00e1n, Nigeria, Sud\u00e1frica, Brasil, Colombia, M\u00e9xico, Italia, Dinamarca, Polonia y \u00a0Espa\u00f1a), y su\u00a0 interdisciplinariedad, con cient\u00edficos con trayectorias diferentes (medicina, psiquiatr\u00eda, psicolog\u00eda, derecho, <em>consciousness studies<\/em> o educaci\u00f3n).<\/p>\n<p><strong>Dos libros \u201cexcelentes\u201d<\/strong><\/p>\n<p>Por su parte, Jos\u00e9 Mu\u00f1iz rector de la Universidad Nebrija, se marc\u00f3 un objetivo en su intervenci\u00f3n: que todo el mundo lea estos libros \u201cexcelentes y de relevante actualidad\u201d. A pesar de admitir que la violencia \u201ces consustancial\u201d al ser humano y \u201ctransversal\u201d en todos los \u00e1mbitos, Mu\u00f1iz se enroc\u00f3 en el optimismo: \u201cEs posible modular la violencia y generar relaciones no violentas\u201d entre las personas. \u201cLos humanos somos violentos y agresivos \u2013a\u00f1adi\u00f3-, pero, si en algo nos distinguimos de otras especies, es en nuestra educabilidad; se puede ense\u00f1ar a las personas a utilizar esquemas no violentos\u201d. Para abordar esta cuesti\u00f3n, seg\u00fan el rector de la Universidad Nebrija, no hay que predicar, sino dar ejemplo. Entre sus palabras, desliz\u00f3 tambi\u00e9n reflexiones como la \u201cbanalidad del mal\u201d, de Hannah Arendt, la relevancia del contexto en la conducta humana, de Philip Zimbardo, y el reto de Ashley Montagu: \u201cLa humanidad no es algo que se hereda, sino que nuestra verdadera herencia reside en nuestra capacidad para hacernos y rehacernos a nosotros mismos\u201d.<\/p>\n<p>A continuaci\u00f3n, el nigeriano Damian Onyekwere, que ha seguido los encuentros CICA desde su primera edici\u00f3n, elogi\u00f3 la <a href=\"https:\/\/www.madrimasd.org\/cienciaysociedad\/documentos\/doc\/DeclaracionSevilla.pdf\">Declaraci\u00f3n de Sevilla sobre la Violencia<\/a>, adoptada por una reuni\u00f3n internacional de cient\u00edficos y convocada por la Comisi\u00f3n Nacional Espa\u00f1ola para la UNESCO el 16 de mayo de 1986.<\/p>\n<p>Mientras Juan Jos\u00e9 Delgado (Universidad Cat\u00f3lica San Antonio de Murcia), coordinador del libro <em>Violencia en la familia,<\/em> resalt\u00f3 la familia como \u201cel pilar para la educaci\u00f3n en valores y el mejor ant\u00eddoto para el deterioro moral de la sociedad\u201d, Ester Mochol\u00ed, decana de la Facultad de Ciencias Sociales de la Universidad Nebrija, que ha aportado en esta obra su visi\u00f3n como jurista, record\u00f3 la importancia de la prevenci\u00f3n y de los estudios en la erradicaci\u00f3n de la violencia.<\/p>\n<p><strong>Los afectos<\/strong><\/p>\n<p>M\u00aa Rosario Lim\u00f3n (Universidad Complutense), miembro de la Sociedad Iberoamericana de Pedagog\u00eda Social, y de la Sociedad Espa\u00f1ola de Geriatr\u00eda y Gerontolog\u00eda, entre otras asociaciones cient\u00edficas, se centr\u00f3 en la violencia hacia las personas mayores. En su opini\u00f3n, para atajar el maltrato psicol\u00f3gico, f\u00edsico, financiero y de negligencia, resulta vital una participaci\u00f3n \u201cactiva\u201d de la sociedad, \u201ca\u00fan m\u00e1s en este tiempo de pandemia\u201d, y la colaboraci\u00f3n entre el sector sanitario, el de servicios sociales, el educativo y la comunidad vecinal. Lim\u00f3n apunt\u00f3, en este sentido, los aspectos clave: combatir \u201ccon m\u00e1s firmeza que nunca\u201d el edadismo, fomentar campa\u00f1as de sensibilizaci\u00f3n, implantar programas intergeneracionales en las escuelas, dar apoyo a los cuidadores y formar a los profesionales en \u201clos principios adecuados\u201d de la medicina geri\u00e1trica y de la gerontolog\u00eda educativa y social. Todo ello, sin olvidar \u201cel tel\u00f3n de fondo de la calidad de atenci\u00f3n a las personas mayores: los afectos\u201d.<\/p>\n<p>Despu\u00e9s de que Marl\u00facia Menezes de Paiva, profesora de la Universidade Federal do Rio Grande do Norte (Brasil), expusiera una investigaci\u00f3n realizada en el periodo de los gobiernos de Lula da Silva (2003-2010) y Dilma Rousseff (2011-2016) que relaciona el fen\u00f3meno de la pobreza en Brasil y su extensi\u00f3n en la violencia familiar, Martha Leticia Gaeta, investigadora de la Universidad Popular Aut\u00f3noma del Estado de Puebla (M\u00e9xico), fij\u00f3 el papel de la educaci\u00f3n y la promoci\u00f3n de valores como el respeto, la tolerancia y la libertad no solo en el d\u00eda a d\u00eda de los docentes sino tambi\u00e9n en la agenda de los pol\u00edticos. Gaeta se mostr\u00f3 preocupada por el clima familiar y la violencia infantil en tiempos de la covid-19. Seg\u00fan un informe de Save the Children (2020), ha habido un aumento de casos, frecuencia y gravedad de violencia intrafamiliar. \u201cEl aislamiento social ha dado m\u00e1s poder al abusador. Los menores con temperamentos irritables, los m\u00e1s peque\u00f1os, las ni\u00f1as y los beb\u00e9s prematuros com\u00fanmente son los m\u00e1s susceptibles de sufrir abusos y\/o abandono\u201d, afirm\u00f3.<\/p>\n<p><strong>\u00c9tica del cuidado<\/strong><\/p>\n<p>Djason Barbosa da Cunha<strong>,<\/strong> presidente del Instituto Internacional de Humanidades e Ci\u00eancias Sociais Aplicadas (Brasil), reivindic\u00f3 la \u201c\u00e9tica del cuidado\u201d y la \u201cpedagog\u00eda de lo sensible\u201d en el aula para sumar a las tareas \u201cm\u00e1s t\u00e9cnicas y rutinarias\u201d los contenidos emocionales, \u201cque pueden llevar a los ni\u00f1os al \u00e9xito o al fracaso\u201d. En su defensa del v\u00ednculo entre el maestro y el alumno y del \u201cplacer de pensar\u201d, el docente brasile\u00f1o dej\u00f3 un aforismo para la reflexi\u00f3n: \u201cToda relaci\u00f3n rec\u00edproca es \u00e9tica\u201d.<\/p>\n<p>Cerr\u00f3 el turno de intervenciones Miguel Bettin Osorio, director del Instituto de Estudios Psicobiosociales y de Intervenci\u00f3n en Violencias (Colombia). El investigador denunci\u00f3 la violencia infantil en su pa\u00eds, vinculada tradicionalmente a la lucha armada, aunque, \u201cdespu\u00e9s de los acuerdos de paz, hay una proliferaci\u00f3n de cr\u00edmenes ligados al tr\u00e1fico de estupefacientes\u201d.<\/p>\n<p><em>Texto: Javier Picos. Fotos: J.P.<\/em><\/p>\n\n\t\t<style type=\"text\/css\">\n\t\t\t#gallery-1 {\n\t\t\t\tmargin: auto;\n\t\t\t}\n\t\t\t#gallery-1 .gallery-item {\n\t\t\t\tfloat: left;\n\t\t\t\tmargin-top: 10px;\n\t\t\t\ttext-align: center;\n\t\t\t\twidth: 33%;\n\t\t\t}\n\t\t\t#gallery-1 img {\n\t\t\t\tborder: 2px solid #cfcfcf;\n\t\t\t}\n\t\t\t#gallery-1 .gallery-caption {\n\t\t\t\tmargin-left: 0;\n\t\t\t}\n\t\t\t\/* see gallery_shortcode() in wp-includes\/media.php *\/\n\t\t<\/style>\n\t\t<div id='gallery-1' class='gallery galleryid-67946 gallery-columns-3 gallery-size-thumbnail'><dl class='gallery-item'>\n\t\t\t<dt class='gallery-icon landscape'>\n\t\t\t\t<a href='https:\/\/www.nebrija.com\/medios\/actualidadnebrija\/wp-content\/uploads\/sites\/2\/2020\/12\/encuentro_internac_nebrija-1.png'><img loading=\"lazy\" decoding=\"async\" width=\"150\" height=\"150\" src=\"https:\/\/www.nebrija.com\/medios\/actualidadnebrija\/wp-content\/uploads\/sites\/2\/2020\/12\/encuentro_internac_nebrija-1-150x150.png\" class=\"attachment-thumbnail size-thumbnail\" alt=\"\" \/><\/a>\n\t\t\t<\/dt><\/dl><dl class='gallery-item'>\n\t\t\t<dt class='gallery-icon landscape'>\n\t\t\t\t<a href='https:\/\/www.nebrija.com\/medios\/actualidadnebrija\/wp-content\/uploads\/sites\/2\/2020\/12\/encuentro_internac_nebrija-5.png'><img loading=\"lazy\" decoding=\"async\" width=\"150\" height=\"150\" src=\"https:\/\/www.nebrija.com\/medios\/actualidadnebrija\/wp-content\/uploads\/sites\/2\/2020\/12\/encuentro_internac_nebrija-5-150x150.png\" class=\"attachment-thumbnail size-thumbnail\" alt=\"\" \/><\/a>\n\t\t\t<\/dt><\/dl>\n\t\t\t<br style='clear: both' \/>\n\t\t<\/div>\n\n","protected":false},"excerpt":{"rendered":"<p>Valent\u00edn Mart\u00ednez-Otero, Jes\u00fas Mart\u00edn Ram\u00edrez y Jos\u00e9 Mu\u00f1iz, entre otros, presentan los libros `La violencia en la familia\u00b4 (Editorial Dykinson) y `Violencia y salud mental\u00b4 (Universidad Nebrija).<\/p>\n","protected":false},"author":326,"featured_media":67962,"comment_status":"open","ping_status":"open","sticky":false,"template":"","format":"standard","meta":{"_acf_changed":false,"_monsterinsights_skip_tracking":false,"_monsterinsights_sitenote_active":false,"_monsterinsights_sitenote_note":"","_monsterinsights_sitenote_category":0,"footnotes":""},"categories":[3066,3051],"tags":[4210,3676,3124,3253,3678,4080,4212,4211,3938],"acf":[],"yoast_head":"<!-- This site is optimized with the Yoast SEO plugin v22.1 - https:\/\/yoast.com\/wordpress\/plugins\/seo\/ -->\n<title>Un encuentro internacional combate la violencia con la educaci\u00f3n y con compromiso - Actualidad Nebrija<\/title>\n<meta name=\"description\" content=\"Valent\u00edn Mart\u00ednez-Otero, Jes\u00fas Mart\u00edn Ram\u00edrez y Jos\u00e9 Mu\u00f1iz presentan los libros `La violencia en la familia\u00b4 y `Violencia y salud mental\u00b4.\" \/>\n<meta name=\"robots\" content=\"index, follow, max-snippet:-1, max-image-preview:large, max-video-preview:-1\" \/>\n<link rel=\"canonical\" href=\"https:\/\/www.nebrija.com\/medios\/actualidadnebrija\/2020\/12\/11\/un-encuentro-internacional-combate-la-violencia-con-la-educacion-y-con-una-mirada-esperanzada-y-comprometida\/\" \/>\n<meta property=\"og:locale\" content=\"es_ES\" \/>\n<meta property=\"og:type\" content=\"article\" \/>\n<meta property=\"og:title\" content=\"Un encuentro internacional combate la violencia con la educaci\u00f3n y con compromiso - Actualidad Nebrija\" \/>\n<meta property=\"og:description\" content=\"Valent\u00edn Mart\u00ednez-Otero, Jes\u00fas Mart\u00edn Ram\u00edrez y Jos\u00e9 Mu\u00f1iz presentan los libros `La violencia en la familia\u00b4 y `Violencia y salud mental\u00b4.\" \/>\n<meta property=\"og:url\" content=\"https:\/\/www.nebrija.com\/medios\/actualidadnebrija\/2020\/12\/11\/un-encuentro-internacional-combate-la-violencia-con-la-educacion-y-con-una-mirada-esperanzada-y-comprometida\/\" \/>\n<meta property=\"og:site_name\" content=\"Actualidad Nebrija\" \/>\n<meta property=\"article:published_time\" content=\"2020-12-11T12:22:28+00:00\" \/>\n<meta property=\"article:modified_time\" content=\"2024-07-09T15:06:51+00:00\" \/>\n<meta property=\"og:image\" content=\"https:\/\/www.nebrija.com\/medios\/actualidadnebrija\/wp-content\/uploads\/sites\/2\/2020\/12\/encuentro_internac_nebrija-5.png\" \/>\n\t<meta property=\"og:image:width\" content=\"1859\" \/>\n\t<meta property=\"og:image:height\" content=\"791\" \/>\n\t<meta property=\"og:image:type\" content=\"image\/png\" \/>\n<meta name=\"author\" content=\"jpicos\" \/>\n<meta name=\"twitter:card\" content=\"summary_large_image\" \/>\n<meta name=\"twitter:label1\" content=\"Escrito por\" \/>\n\t<meta name=\"twitter:data1\" content=\"jpicos\" \/>\n\t<meta name=\"twitter:label2\" content=\"Tiempo de lectura\" \/>\n\t<meta name=\"twitter:data2\" content=\"6 minutos\" \/>\n<!-- \/ Yoast SEO plugin. -->","yoast_head_json":{"title":"Un encuentro internacional combate la violencia con la educaci\u00f3n y con compromiso - Actualidad Nebrija","description":"Valent\u00edn Mart\u00ednez-Otero, Jes\u00fas Mart\u00edn Ram\u00edrez y Jos\u00e9 Mu\u00f1iz presentan los libros `La violencia en la familia\u00b4 y `Violencia y salud mental\u00b4.","robots":{"index":"index","follow":"follow","max-snippet":"max-snippet:-1","max-image-preview":"max-image-preview:large","max-video-preview":"max-video-preview:-1"},"canonical":"https:\/\/www.nebrija.com\/medios\/actualidadnebrija\/2020\/12\/11\/un-encuentro-internacional-combate-la-violencia-con-la-educacion-y-con-una-mirada-esperanzada-y-comprometida\/","og_locale":"es_ES","og_type":"article","og_title":"Un encuentro internacional combate la violencia con la educaci\u00f3n y con compromiso - Actualidad Nebrija","og_description":"Valent\u00edn Mart\u00ednez-Otero, Jes\u00fas Mart\u00edn Ram\u00edrez y Jos\u00e9 Mu\u00f1iz presentan los libros `La violencia en la familia\u00b4 y `Violencia y salud mental\u00b4.","og_url":"https:\/\/www.nebrija.com\/medios\/actualidadnebrija\/2020\/12\/11\/un-encuentro-internacional-combate-la-violencia-con-la-educacion-y-con-una-mirada-esperanzada-y-comprometida\/","og_site_name":"Actualidad Nebrija","article_published_time":"2020-12-11T12:22:28+00:00","article_modified_time":"2024-07-09T15:06:51+00:00","og_image":[{"width":1859,"height":791,"url":"https:\/\/www.nebrija.com\/medios\/actualidadnebrija\/wp-content\/uploads\/sites\/2\/2020\/12\/encuentro_internac_nebrija-5.png","type":"image\/png"}],"author":"jpicos","twitter_card":"summary_large_image","twitter_misc":{"Escrito por":"jpicos","Tiempo de lectura":"6 minutos"},"schema":{"@context":"https:\/\/schema.org","@graph":[{"@type":"WebPage","@id":"https:\/\/www.nebrija.com\/medios\/actualidadnebrija\/2020\/12\/11\/un-encuentro-internacional-combate-la-violencia-con-la-educacion-y-con-una-mirada-esperanzada-y-comprometida\/","url":"https:\/\/www.nebrija.com\/medios\/actualidadnebrija\/2020\/12\/11\/un-encuentro-internacional-combate-la-violencia-con-la-educacion-y-con-una-mirada-esperanzada-y-comprometida\/","name":"Un encuentro internacional combate la violencia con la educaci\u00f3n y con compromiso - Actualidad Nebrija","isPartOf":{"@id":"https:\/\/www.nebrija.com\/medios\/actualidadnebrija\/#website"},"datePublished":"2020-12-11T12:22:28+00:00","dateModified":"2024-07-09T15:06:51+00:00","author":{"@id":"https:\/\/www.nebrija.com\/medios\/actualidadnebrija\/#\/schema\/person\/0cd40b7dd3f54459e2cfc009dbd255c6"},"description":"Valent\u00edn Mart\u00ednez-Otero, Jes\u00fas Mart\u00edn Ram\u00edrez y Jos\u00e9 Mu\u00f1iz presentan los libros `La violencia en la familia\u00b4 y `Violencia y salud mental\u00b4.","breadcrumb":{"@id":"https:\/\/www.nebrija.com\/medios\/actualidadnebrija\/2020\/12\/11\/un-encuentro-internacional-combate-la-violencia-con-la-educacion-y-con-una-mirada-esperanzada-y-comprometida\/#breadcrumb"},"inLanguage":"es","potentialAction":[{"@type":"ReadAction","target":["https:\/\/www.nebrija.com\/medios\/actualidadnebrija\/2020\/12\/11\/un-encuentro-internacional-combate-la-violencia-con-la-educacion-y-con-una-mirada-esperanzada-y-comprometida\/"]}]},{"@type":"BreadcrumbList","@id":"https:\/\/www.nebrija.com\/medios\/actualidadnebrija\/2020\/12\/11\/un-encuentro-internacional-combate-la-violencia-con-la-educacion-y-con-una-mirada-esperanzada-y-comprometida\/#breadcrumb","itemListElement":[{"@type":"ListItem","position":1,"name":"Home","item":"https:\/\/www.nebrija.com\/medios\/actualidadnebrija\/"},{"@type":"ListItem","position":2,"name":"Un encuentro internacional combate la violencia con la educaci\u00f3n y con compromiso"}]},{"@type":"WebSite","@id":"https:\/\/www.nebrija.com\/medios\/actualidadnebrija\/#website","url":"https:\/\/www.nebrija.com\/medios\/actualidadnebrija\/","name":"Actualidad Nebrija","description":"Noticias de la Universidad Nebrija","potentialAction":[{"@type":"SearchAction","target":{"@type":"EntryPoint","urlTemplate":"https:\/\/www.nebrija.com\/medios\/actualidadnebrija\/?s={search_term_string}"},"query-input":"required name=search_term_string"}],"inLanguage":"es"},{"@type":"Person","@id":"https:\/\/www.nebrija.com\/medios\/actualidadnebrija\/#\/schema\/person\/0cd40b7dd3f54459e2cfc009dbd255c6","name":"jpicos","image":{"@type":"ImageObject","inLanguage":"es","@id":"https:\/\/www.nebrija.com\/medios\/actualidadnebrija\/#\/schema\/person\/image\/","url":"https:\/\/secure.gravatar.com\/avatar\/c4a1005cff3fd9bb5185e9671f4f3e9b?s=96&d=mm&r=g","contentUrl":"https:\/\/secure.gravatar.com\/avatar\/c4a1005cff3fd9bb5185e9671f4f3e9b?s=96&d=mm&r=g","caption":"jpicos"},"url":"https:\/\/www.nebrija.com\/medios\/actualidadnebrija\/author\/jpicos\/"}]}},"_links":{"self":[{"href":"https:\/\/www.nebrija.com\/medios\/actualidadnebrija\/wp-json\/wp\/v2\/posts\/67946"}],"collection":[{"href":"https:\/\/www.nebrija.com\/medios\/actualidadnebrija\/wp-json\/wp\/v2\/posts"}],"about":[{"href":"https:\/\/www.nebrija.com\/medios\/actualidadnebrija\/wp-json\/wp\/v2\/types\/post"}],"author":[{"embeddable":true,"href":"https:\/\/www.nebrija.com\/medios\/actualidadnebrija\/wp-json\/wp\/v2\/users\/326"}],"replies":[{"embeddable":true,"href":"https:\/\/www.nebrija.com\/medios\/actualidadnebrija\/wp-json\/wp\/v2\/comments?post=67946"}],"version-history":[{"count":7,"href":"https:\/\/www.nebrija.com\/medios\/actualidadnebrija\/wp-json\/wp\/v2\/posts\/67946\/revisions"}],"predecessor-version":[{"id":93879,"href":"https:\/\/www.nebrija.com\/medios\/actualidadnebrija\/wp-json\/wp\/v2\/posts\/67946\/revisions\/93879"}],"wp:featuredmedia":[{"embeddable":true,"href":"https:\/\/www.nebrija.com\/medios\/actualidadnebrija\/wp-json\/wp\/v2\/media\/67962"}],"wp:attachment":[{"href":"https:\/\/www.nebrija.com\/medios\/actualidadnebrija\/wp-json\/wp\/v2\/media?parent=67946"}],"wp:term":[{"taxonomy":"category","embeddable":true,"href":"https:\/\/www.nebrija.com\/medios\/actualidadnebrija\/wp-json\/wp\/v2\/categories?post=67946"},{"taxonomy":"post_tag","embeddable":true,"href":"https:\/\/www.nebrija.com\/medios\/actualidadnebrija\/wp-json\/wp\/v2\/tags?post=67946"}],"curies":[{"name":"wp","href":"https:\/\/api.w.org\/{rel}","templated":true}]}}