{"id":68100,"date":"2020-12-16T11:25:41","date_gmt":"2020-12-16T10:25:41","guid":{"rendered":"https:\/\/www.nebrija.com\/medios\/actualidadnebrija\/?p=68100"},"modified":"2020-12-16T11:29:15","modified_gmt":"2020-12-16T10:29:15","slug":"estoy-seguro-que-en-un-dia-no-muy-lejano-se-encontrara-la-cura-para-el-cancer-de-pancreas-en-seres-humanos","status":"publish","type":"post","link":"https:\/\/www.nebrija.com\/medios\/actualidadnebrija\/2020\/12\/16\/estoy-seguro-que-en-un-dia-no-muy-lejano-se-encontrara-la-cura-para-el-cancer-de-pancreas-en-seres-humanos\/","title":{"rendered":"\u201cEstoy seguro de que en un d\u00eda no muy lejano se encontrar\u00e1 la cura para el c\u00e1ncer de p\u00e1ncreas en seres humanos\u201d"},"content":{"rendered":"<p>La Asociaci\u00f3n C\u00e1ncer de P\u00e1ncreas (ACanPan) y la Asociaci\u00f3n Espa\u00f1ola de Pancreatolog\u00eda (AESPANC) han adjudicado la Beca de Investigaci\u00f3n Carmen Delgado\/Miguel P\u00e9rez-Mateo en la categor\u00eda de investigaci\u00f3n b\u00e1sica a Javier Mart\u00ednez-Useros, doctor del Hospital Fundaci\u00f3n Jim\u00e9nez D\u00edaz, por su proyecto <em>Encapsulaci\u00f3n de f\u00e1rmacos anti-neopl\u00e1sticos en exosomas aislados de c\u00e9lulas pancre\u00e1ticas cultivadas de distintos or\u00edgenes como tratamiento dirigido contra el c\u00e1ncer de p\u00e1ncreas<\/em>.<\/p>\n<p>Mart\u00ednez-Useros, que compagina esa labor de laboratorio con la de profesor y tutor de TFM en la especialidad de Procesos Sanitarios en el <a href=\"https:\/\/www.nebrija.com\/programas-postgrado\/master\/profesorado-eso-bachillerato-fp\/\">M\u00e1ster en Formaci\u00f3n del Profesorado<\/a> de la Universidad Nebrija, aborda su lucha contra el c\u00e1ncer de p\u00e1ncreas desde su experiencia profesional pero tambi\u00e9n desde su propia biograf\u00eda vital.<\/p>\n<p><strong>Pregunta: Gracias a su labor en el Hospital Fundaci\u00f3n Jim\u00e9nez D\u00edaz, ha ganado esta beca de investigaci\u00f3n b\u00e1sica. \u00bfQu\u00e9 supone este reconocimiento? <\/strong><\/p>\n<p><strong>Respuesta<\/strong>: La Beca Carmen Delgado\/Miguel P\u00e9rez-Mateo de la Asociaci\u00f3n de C\u00e1ncer de P\u00e1ncreas, cuya dotaci\u00f3n es de 97.500 euros, est\u00e1 destinada a la realizaci\u00f3n de un proyecto de investigaci\u00f3n de dos a\u00f1os de duraci\u00f3n relacionado con el diagn\u00f3stico y\/o tratamiento del c\u00e1ncer de p\u00e1ncreas. Para mi ganar esta beca ha supuesto un reconocimiento a mi labor cient\u00edfica, adem\u00e1s de ser una gran satisfacci\u00f3n personal porque \u00fanicamente se conceden dos becas en toda Espa\u00f1a. En este pa\u00eds en el que la investigaci\u00f3n est\u00e1 infravalorada, la concesi\u00f3n de una beca como esta es una gran oportunidad para los profesionales que nos dedicamos a buscar nuevas estrategias para prolongar y poder llegar a curar enfermedades oncol\u00f3gicas.<\/p>\n<p><strong>P: Este a\u00f1o se estima que m\u00e1s de 8.300 personas ser\u00e1n diagnosticadas de c\u00e1ncer de p\u00e1ncreas en Espa\u00f1a (1.800 personas m\u00e1s que hace 6 a\u00f1os). De ellas el 91 % fallecer\u00e1 en los pr\u00f3ximos 5 a\u00f1os con los tratamientos que disponemos en la actualidad. El c\u00e1ncer de p\u00e1ncreas, adem\u00e1s, es el \u00fanico tumor maligno cuya mortalidad ha aumentado en los \u00faltimos a\u00f1os en ambos sexos\u2026 \u00bfnos hallamos ante un enemigo dif\u00edcil de cercar?<\/strong><\/p>\n<p><strong>R:<\/strong> Efectivamente, el c\u00e1ncer de p\u00e1ncreas es uno de los tumores con mayor mortalidad porque presenta caracter\u00edsticas que dificultan tanto su diagn\u00f3stico precoz como su tratamiento. Por un lado, su sintomatolog\u00eda en estadios tempranos es muy inespec\u00edfica por lo que suele tratarse de manera ambulatoria. Esto es una gran desventaja porque de esta manera el tumor gana tiempo para crecer y desarrollarse; desgraciadamente, el 80% de los pacientes son diagnosticados en estadios avanzados y ya no tienen opci\u00f3n de cirug\u00eda. Por otro lado, es un tumor que presenta una alta resistencia a los f\u00e1rmacos; y, por \u00faltimo, hay que remarcar que es uno de los tumores con mayor capacidad de diseminaci\u00f3n a otros \u00f3rganos. Todo ello hace que sea muy complicado encontrar un esquema de tratamiento efectivo. Lo bueno es que es un c\u00e1ncer que cada vez se est\u00e1 investigando m\u00e1s, y en esta guerra es muy importante conocer bien al enemigo. Yo estoy seguro de que un d\u00eda no muy lejano se encontrar\u00e1 la cura para esta enfermedad en seres humanos, puesto que el doctor Mariano Barbacid y su grupo ya han sido capaces de curar el c\u00e1ncer de p\u00e1ncreas en modelos de rat\u00f3n.<\/p>\n<p><strong>P: \u00bfC\u00f3mo pueden ayudar sus investigaciones a reducir esta desoladora realidad?<\/strong><\/p>\n<p><strong>R:<\/strong> Actualmente tenemos dos l\u00edneas de investigaci\u00f3n contra el c\u00e1ncer de p\u00e1ncreas. Una de ellas est\u00e1 centrada en descubrir nuevos biomarcadores de diagn\u00f3stico que permitan identificar al paciente precozmente mediante un simple an\u00e1lisis de sangre y de esta manera poder ofrecerles la opci\u00f3n de ser operados quir\u00fargicamente para eliminar el tumor. La otra l\u00ednea de investigaci\u00f3n consiste en &#8220;camuflar&#8221; a los f\u00e1rmacos para que puedan llegar m\u00e1s f\u00e1cilmente al tumor y una vez all\u00ed ser liberados para que ejerzan su efecto, es una estrategia similar a la del &#8220;caballo de Troya&#8221;. La combinaci\u00f3n de estas dos t\u00e9cnicas abre un futuro muy prometedor, puesto que por un lado se les podr\u00eda extirpar el tumor a los pacientes, y posteriormente ser tratados con estos &#8220;caballos de Troya&#8221; para eliminar las c\u00e9lulas tumorales que se hayan podido diseminar antes de que generen met\u00e1stasis. Soy muy afortunado porque para presentar batalla a este enemigo cuento con un equipo de profesionales altamente motivados y tenaces que nunca se rinden ante resultados negativos. Adem\u00e1s, me siento muy orgulloso de poder formar parte del grupo de investigaci\u00f3n del doctor Jes\u00fas Garc\u00eda-Foncillas, que, adem\u00e1s de ser un gran onc\u00f3logo cl\u00ednico, es una de las personas que m\u00e1s saben de biolog\u00eda molecular del c\u00e1ncer.<\/p>\n<p><strong>P: \u00bfCu\u00e1ndo se inicia su inter\u00e9s por investigar este tipo de c\u00e1ncer y por qu\u00e9 elige esta l\u00ednea de trabajo?<\/strong><\/p>\n<p><strong>R:<\/strong> Siempre he tenido claro que mi vocaci\u00f3n era la investigaci\u00f3n traslacional, es decir la investigaci\u00f3n que tiene una aplicaci\u00f3n directa con la cl\u00ednica. Sin embargo, fue la muerte de mi padre por c\u00e1ncer de p\u00e1ncreas lo que hizo decidirme por la investigaci\u00f3n en esta patolog\u00eda. Este hecho tuvo lugar cuando yo todav\u00eda estudiaba la carrera y fue muy duro porque pas\u00f3 de estar perfectamente a fallecer en cinco meses. \u00c9l fue uno de los casos de diagnostico tard\u00edo, pero a\u00fan recuerdo que se hizo un an\u00e1lisis de sangre un tiempo antes y el recuento de linfocitos estaba muy elevado, y que pas\u00f3 de ser diab\u00e9tico tipo II, tratado con pastilla, a ser diab\u00e9tico tipo I y tener que inyectarse insulina. Por ello, en este tipo de tumor es muy importante pedir una evaluaci\u00f3n cl\u00ednica completa cuando se tienen sospechas de que algo no va bien.<\/p>\n<p><strong>P: \u00bfCree que la pandemia del coronavirus ha eclipsado el d\u00eda a d\u00eda en el tratamiento de otras enfermedades como el c\u00e1ncer?<\/strong><\/p>\n<p><strong>R<\/strong>: Por desgracia en muchos centros s\u00ed se ha visto mermado el seguimiento y la asistencia a pacientes oncol\u00f3gicos durante el pico de contagios por COVID-19. Pero tampoco se sab\u00eda si la infecci\u00f3n podr\u00eda afectar a\u00fan m\u00e1s a los pacientes oncol\u00f3gicos. A m\u00ed me consta que en nuestro hospital se han podido organizar adecuadamente todos los departamentos tanto m\u00e9dicos como los de cirug\u00eda para que los pacientes oncol\u00f3gicos pudieran seguir su tratamiento y las pruebas solicitadas pertinentemente.\u00a0 En este sentido, me gustar\u00eda recordar las palabras del doctor Ram\u00f3n Reyes, presidente de la Asociaci\u00f3n Espa\u00f1ola contra el C\u00e1ncer (AECC): &#8220;El c\u00e1ncer es una pandemia silenciosa y no debe priorizarse una sobre otra&#8221;.<\/p>\n<p><strong>P: No obstante, \u00bfla actual situaci\u00f3n sanitaria ha recordado a la sociedad y a la clase pol\u00edtica la necesidad de invertir en investigaci\u00f3n?<\/strong><\/p>\n<p><strong>R:<\/strong> Yo creo que esta situaci\u00f3n tan imprevisible que hemos sufrido todos nos ha servido para que valoremos tanto nuestro sistema sanitario como la importancia que tiene la investigaci\u00f3n para encontrar soluciones a los problemas de salud actuales. Espero que esta crisis, marque un punto de inflexi\u00f3n y se consiga elevar la inversi\u00f3n en investigaci\u00f3n hasta el 2 %, porque como dijo la doctora Margarita Salas: &#8220;Un pa\u00eds sin investigaci\u00f3n es un pa\u00eds sin desarrollo&#8221;.<\/p>\n<p><strong>P: \u00bfCu\u00e1l cree que es el estado de la investigaci\u00f3n b\u00e1sica en Espa\u00f1a?, \u00bfqu\u00e9 margen de mejora hay?<\/strong><\/p>\n<p>Los fondos que se destinan a investigaci\u00f3n son muy escasos y los investigadores tienen que esforzarse mucho y usar mucho su ingenio para llevar a cabo sus estudios cient\u00edficos. Esto hace que muchos investigadores tengan que emigrar al extranjero donde las oportunidades laborales y de financiaci\u00f3n son much\u00edsimo mejores. En Espa\u00f1a todav\u00eda hay un gran margen para mejorar la investigaci\u00f3n, hemos de tener en cuenta que actualmente se destina 1,24 % del producto interior bruto espa\u00f1ol a esta causa cuando la media europea es 2,12 %, incluso algunos pa\u00edses europeos sobrepasan el 3 % como son Suecia, Finlandia o Dinamarca. Si no se disminuye esta gran desigualdad, no aumentar\u00e1 la competitividad espa\u00f1ola. Por el momento, espero que alcancemos este primer paso y se apruebe este 2 %.<\/p>\n<p><strong>P: \u00bfC\u00f3mo compagina su labor investigadora con la de docente de la Universidad Nebrija como director de Trabajos Fin de M\u00e1ster en la especialidad de Procesos Sanitarios? <\/strong><\/p>\n<p><strong>R:<\/strong> \u00bfSinceramente? Como puedo. La investigaci\u00f3n no es un trabajo con un horario fijo ya que todos los d\u00edas se generan nuevas preguntas y problemas, y es inevitable llevarse trabajo a casa. Adem\u00e1s, como investigador oncol\u00f3gico s\u00e9 lo importante que es hacer ejercicio f\u00edsico para mantener una buena salud, as\u00ed que tambi\u00e9n intento compaginar mi trabajo con el deporte dos o tres veces por semana. Los dos secretos para poder compaginar varias tareas est\u00e1 en hacer una buena gesti\u00f3n del tiempo y trabajar muchos fines de semana (<em>risas<\/em>), y contar con el apoyo de tu pareja.<\/p>\n<p><strong>P: \u00bfQu\u00e9 consejos puede dar a los estudiantes que tienen pensado adentrarse en los estudios universitarios de salud? <\/strong><\/p>\n<p><strong>R:<\/strong> Conozco muchos casos que empiezan un trabajo relacionado con ciencias de la salud y lo acaban dejando porque sus expectativas no se correspond\u00edan con la realidad. Por eso, yo les recomendar\u00eda a los estudiantes que hicieran el mayor n\u00famero de estancias en lo que ellos tienen pensado trabajar. Tambi\u00e9n, antes de empezar cualquier estudio universitario que lleva much\u00edsimo esfuerzo, les dir\u00eda a los estudiantes que fueran sinceros y que tomen una decisi\u00f3n en funci\u00f3n de lo que les haga realmente felices. Por mi parte, les puedo decir que si son personas activas, meticulosas y seguras de s\u00ed mismas, perfeccionistas, competitivas y disfrutan descubriendo y proponiendo soluciones a los problemas de salud actuales puede ser que su lugar est\u00e9 en la investigaci\u00f3n.<\/p>\n<p><em>Javier Picos<\/em><\/p>\n","protected":false},"excerpt":{"rendered":"<p>Javier Mart\u00ednez-Useros es profesor y tutor de TFM en el M\u00e1ster en Formaci\u00f3n del Profesorado de la Universidad Nebrija y doctor del Hospital Fundaci\u00f3n Jim\u00e9nez D\u00edaz.<\/p>\n","protected":false},"author":326,"featured_media":68101,"comment_status":"open","ping_status":"open","sticky":false,"template":"","format":"standard","meta":{"_acf_changed":false,"_monsterinsights_skip_tracking":false,"_monsterinsights_sitenote_active":false,"_monsterinsights_sitenote_note":"","_monsterinsights_sitenote_category":0,"footnotes":""},"categories":[3073,3049],"tags":[4159,4157,4158],"acf":[],"yoast_head":"<!-- This site is optimized with the Yoast SEO plugin v22.1 - https:\/\/yoast.com\/wordpress\/plugins\/seo\/ -->\n<title>\u201cEstoy seguro de que en un d\u00eda no muy lejano se encontrar\u00e1 la cura para el c\u00e1ncer de p\u00e1ncreas en seres humanos\u201d - Actualidad Nebrija<\/title>\n<meta name=\"robots\" content=\"index, follow, max-snippet:-1, max-image-preview:large, max-video-preview:-1\" \/>\n<link rel=\"canonical\" href=\"https:\/\/www.nebrija.com\/medios\/actualidadnebrija\/2020\/12\/16\/estoy-seguro-que-en-un-dia-no-muy-lejano-se-encontrara-la-cura-para-el-cancer-de-pancreas-en-seres-humanos\/\" \/>\n<meta property=\"og:locale\" content=\"es_ES\" \/>\n<meta property=\"og:type\" content=\"article\" \/>\n<meta property=\"og:title\" content=\"\u201cEstoy seguro de que en un d\u00eda no muy lejano se encontrar\u00e1 la cura para el c\u00e1ncer de p\u00e1ncreas en seres humanos\u201d - Actualidad Nebrija\" \/>\n<meta property=\"og:description\" content=\"Javier Mart\u00ednez-Useros es profesor y tutor de TFM en el M\u00e1ster en Formaci\u00f3n del Profesorado de la Universidad Nebrija y doctor del Hospital Fundaci\u00f3n Jim\u00e9nez D\u00edaz.\" \/>\n<meta property=\"og:url\" content=\"https:\/\/www.nebrija.com\/medios\/actualidadnebrija\/2020\/12\/16\/estoy-seguro-que-en-un-dia-no-muy-lejano-se-encontrara-la-cura-para-el-cancer-de-pancreas-en-seres-humanos\/\" \/>\n<meta property=\"og:site_name\" content=\"Actualidad Nebrija\" \/>\n<meta property=\"article:published_time\" content=\"2020-12-16T10:25:41+00:00\" \/>\n<meta property=\"article:modified_time\" content=\"2020-12-16T10:29:15+00:00\" \/>\n<meta property=\"og:image\" content=\"https:\/\/www.nebrija.com\/medios\/actualidadnebrija\/wp-content\/uploads\/sites\/2\/2020\/12\/Foto-Nebrija-JMU.jpg\" \/>\n\t<meta property=\"og:image:width\" content=\"1000\" \/>\n\t<meta property=\"og:image:height\" content=\"763\" \/>\n\t<meta property=\"og:image:type\" content=\"image\/jpeg\" \/>\n<meta name=\"author\" content=\"jpicos\" \/>\n<meta name=\"twitter:card\" content=\"summary_large_image\" \/>\n<meta name=\"twitter:label1\" content=\"Escrito por\" \/>\n\t<meta name=\"twitter:data1\" content=\"jpicos\" \/>\n\t<meta name=\"twitter:label2\" content=\"Tiempo de lectura\" \/>\n\t<meta name=\"twitter:data2\" content=\"9 minutos\" \/>\n<!-- \/ Yoast SEO plugin. -->","yoast_head_json":{"title":"\u201cEstoy seguro de que en un d\u00eda no muy lejano se encontrar\u00e1 la cura para el c\u00e1ncer de p\u00e1ncreas en seres humanos\u201d - Actualidad Nebrija","robots":{"index":"index","follow":"follow","max-snippet":"max-snippet:-1","max-image-preview":"max-image-preview:large","max-video-preview":"max-video-preview:-1"},"canonical":"https:\/\/www.nebrija.com\/medios\/actualidadnebrija\/2020\/12\/16\/estoy-seguro-que-en-un-dia-no-muy-lejano-se-encontrara-la-cura-para-el-cancer-de-pancreas-en-seres-humanos\/","og_locale":"es_ES","og_type":"article","og_title":"\u201cEstoy seguro de que en un d\u00eda no muy lejano se encontrar\u00e1 la cura para el c\u00e1ncer de p\u00e1ncreas en seres humanos\u201d - Actualidad Nebrija","og_description":"Javier Mart\u00ednez-Useros es profesor y tutor de TFM en el M\u00e1ster en Formaci\u00f3n del Profesorado de la Universidad Nebrija y doctor del Hospital Fundaci\u00f3n Jim\u00e9nez D\u00edaz.","og_url":"https:\/\/www.nebrija.com\/medios\/actualidadnebrija\/2020\/12\/16\/estoy-seguro-que-en-un-dia-no-muy-lejano-se-encontrara-la-cura-para-el-cancer-de-pancreas-en-seres-humanos\/","og_site_name":"Actualidad Nebrija","article_published_time":"2020-12-16T10:25:41+00:00","article_modified_time":"2020-12-16T10:29:15+00:00","og_image":[{"width":1000,"height":763,"url":"https:\/\/www.nebrija.com\/medios\/actualidadnebrija\/wp-content\/uploads\/sites\/2\/2020\/12\/Foto-Nebrija-JMU.jpg","type":"image\/jpeg"}],"author":"jpicos","twitter_card":"summary_large_image","twitter_misc":{"Escrito por":"jpicos","Tiempo de lectura":"9 minutos"},"schema":{"@context":"https:\/\/schema.org","@graph":[{"@type":"WebPage","@id":"https:\/\/www.nebrija.com\/medios\/actualidadnebrija\/2020\/12\/16\/estoy-seguro-que-en-un-dia-no-muy-lejano-se-encontrara-la-cura-para-el-cancer-de-pancreas-en-seres-humanos\/","url":"https:\/\/www.nebrija.com\/medios\/actualidadnebrija\/2020\/12\/16\/estoy-seguro-que-en-un-dia-no-muy-lejano-se-encontrara-la-cura-para-el-cancer-de-pancreas-en-seres-humanos\/","name":"\u201cEstoy seguro de que en un d\u00eda no muy lejano se encontrar\u00e1 la cura para el c\u00e1ncer de p\u00e1ncreas en seres humanos\u201d - Actualidad Nebrija","isPartOf":{"@id":"https:\/\/www.nebrija.com\/medios\/actualidadnebrija\/#website"},"datePublished":"2020-12-16T10:25:41+00:00","dateModified":"2020-12-16T10:29:15+00:00","author":{"@id":"https:\/\/www.nebrija.com\/medios\/actualidadnebrija\/#\/schema\/person\/0cd40b7dd3f54459e2cfc009dbd255c6"},"breadcrumb":{"@id":"https:\/\/www.nebrija.com\/medios\/actualidadnebrija\/2020\/12\/16\/estoy-seguro-que-en-un-dia-no-muy-lejano-se-encontrara-la-cura-para-el-cancer-de-pancreas-en-seres-humanos\/#breadcrumb"},"inLanguage":"es","potentialAction":[{"@type":"ReadAction","target":["https:\/\/www.nebrija.com\/medios\/actualidadnebrija\/2020\/12\/16\/estoy-seguro-que-en-un-dia-no-muy-lejano-se-encontrara-la-cura-para-el-cancer-de-pancreas-en-seres-humanos\/"]}]},{"@type":"BreadcrumbList","@id":"https:\/\/www.nebrija.com\/medios\/actualidadnebrija\/2020\/12\/16\/estoy-seguro-que-en-un-dia-no-muy-lejano-se-encontrara-la-cura-para-el-cancer-de-pancreas-en-seres-humanos\/#breadcrumb","itemListElement":[{"@type":"ListItem","position":1,"name":"Home","item":"https:\/\/www.nebrija.com\/medios\/actualidadnebrija\/"},{"@type":"ListItem","position":2,"name":"\u201cEstoy seguro de que en un d\u00eda no muy lejano se encontrar\u00e1 la cura para el c\u00e1ncer de p\u00e1ncreas en seres humanos\u201d"}]},{"@type":"WebSite","@id":"https:\/\/www.nebrija.com\/medios\/actualidadnebrija\/#website","url":"https:\/\/www.nebrija.com\/medios\/actualidadnebrija\/","name":"Actualidad Nebrija","description":"Noticias de la Universidad Nebrija","potentialAction":[{"@type":"SearchAction","target":{"@type":"EntryPoint","urlTemplate":"https:\/\/www.nebrija.com\/medios\/actualidadnebrija\/?s={search_term_string}"},"query-input":"required name=search_term_string"}],"inLanguage":"es"},{"@type":"Person","@id":"https:\/\/www.nebrija.com\/medios\/actualidadnebrija\/#\/schema\/person\/0cd40b7dd3f54459e2cfc009dbd255c6","name":"jpicos","image":{"@type":"ImageObject","inLanguage":"es","@id":"https:\/\/www.nebrija.com\/medios\/actualidadnebrija\/#\/schema\/person\/image\/","url":"https:\/\/secure.gravatar.com\/avatar\/c4a1005cff3fd9bb5185e9671f4f3e9b?s=96&d=mm&r=g","contentUrl":"https:\/\/secure.gravatar.com\/avatar\/c4a1005cff3fd9bb5185e9671f4f3e9b?s=96&d=mm&r=g","caption":"jpicos"},"url":"https:\/\/www.nebrija.com\/medios\/actualidadnebrija\/author\/jpicos\/"}]}},"_links":{"self":[{"href":"https:\/\/www.nebrija.com\/medios\/actualidadnebrija\/wp-json\/wp\/v2\/posts\/68100"}],"collection":[{"href":"https:\/\/www.nebrija.com\/medios\/actualidadnebrija\/wp-json\/wp\/v2\/posts"}],"about":[{"href":"https:\/\/www.nebrija.com\/medios\/actualidadnebrija\/wp-json\/wp\/v2\/types\/post"}],"author":[{"embeddable":true,"href":"https:\/\/www.nebrija.com\/medios\/actualidadnebrija\/wp-json\/wp\/v2\/users\/326"}],"replies":[{"embeddable":true,"href":"https:\/\/www.nebrija.com\/medios\/actualidadnebrija\/wp-json\/wp\/v2\/comments?post=68100"}],"version-history":[{"count":4,"href":"https:\/\/www.nebrija.com\/medios\/actualidadnebrija\/wp-json\/wp\/v2\/posts\/68100\/revisions"}],"predecessor-version":[{"id":68105,"href":"https:\/\/www.nebrija.com\/medios\/actualidadnebrija\/wp-json\/wp\/v2\/posts\/68100\/revisions\/68105"}],"wp:featuredmedia":[{"embeddable":true,"href":"https:\/\/www.nebrija.com\/medios\/actualidadnebrija\/wp-json\/wp\/v2\/media\/68101"}],"wp:attachment":[{"href":"https:\/\/www.nebrija.com\/medios\/actualidadnebrija\/wp-json\/wp\/v2\/media?parent=68100"}],"wp:term":[{"taxonomy":"category","embeddable":true,"href":"https:\/\/www.nebrija.com\/medios\/actualidadnebrija\/wp-json\/wp\/v2\/categories?post=68100"},{"taxonomy":"post_tag","embeddable":true,"href":"https:\/\/www.nebrija.com\/medios\/actualidadnebrija\/wp-json\/wp\/v2\/tags?post=68100"}],"curies":[{"name":"wp","href":"https:\/\/api.w.org\/{rel}","templated":true}]}}