{"id":70820,"date":"2021-05-14T09:45:11","date_gmt":"2021-05-14T07:45:11","guid":{"rendered":"https:\/\/www.nebrija.com\/medios\/actualidadnebrija\/?p=70820"},"modified":"2024-07-03T08:35:24","modified_gmt":"2024-07-03T06:35:24","slug":"silencio-y-arte","status":"publish","type":"post","link":"https:\/\/www.nebrija.com\/medios\/actualidadnebrija\/2021\/05\/14\/silencio-y-arte\/","title":{"rendered":"\u2026\u2026\u2026\u2026\u2026\u2026\u2026\u2026\u2026\u2026. (silencio) \u2026\u2026\u2026\u2026\u2026\u2026\u2026\u2026\u2026&#8230;&#8230;&#8230;&#8230;&#8230;&#8230;&#8230;&#8230;&#8230;&#8230;&#8230;&#8230;&#8230;&#8230;. \u00a1y arte!"},"content":{"rendered":"<p>Hablar del silencio no es f\u00e1cil (v\u00e9ase el titular de esta cr\u00f3nica), pero el arte puede ayudar a desentra\u00f1ar los misterios de la ausencia de ruido. Pablo \u00c1lvarez de Toledo M\u00fcller, director del Departamento de Artes de la Universidad Nebrija, organiz\u00f3 de esta guisa la mesa redonda <em>Hacia una est\u00e9tica del silencio: arte y silencio en el siglo XXI<\/em>, con la participaci\u00f3n ora silenciosa ora de palabra del escultor y fot\u00f3grafo Javier Viver y del artista visual Santiago Yd\u00e1\u00f1ez. Pablo d\u2019Ors, escritor y fundador de la red de meditadores Amigos del desierto y autor de<em> Biograf\u00eda del silencio<\/em>, no pudo sumarse al debate por los duendes electr\u00f3nicos. Su vac\u00edo bien vale una met\u00e1fora poderosa del silencio.<\/p>\n<p>Con la premisa de las ideas que Susan Sontag plasm\u00f3 en su ensayo <em>Est\u00e9tica del Silencio<\/em> -\u201cEl silencio contin\u00faa siendo, inevitablemente, una forma del lenguaje (en muchos casos, de protesta o acusaci\u00f3n) y un elemento del di\u00e1logo\u201d-, Pablo \u00c1lvarez de Toledo inquiri\u00f3 a sus invitados por sus experiencias art\u00edsticas \u201cy transformadoras\u201d en silencio y para el silencio en \u201ceste encuentro peque\u00f1o, cercano y entra\u00f1able en la recta final de la pandemia, donde todos estamos necesitados de humanidad\u201d.<\/p>\n<p>Javier Viver, imaginero de profesi\u00f3n, escultor, fot\u00f3grafo y autor de fotolibros, reivindic\u00f3 el descubrimiento del silencio como motor creador: \u201cSi uno est\u00e1 en silencio es para primero escucharse a s\u00ed mismo y luego a los dem\u00e1s. Fruto del silencio es esa cascada de lo que sucede, tus intuiciones, tus impresiones\u2026 El silencio permite ese tipo de comunicaci\u00f3n, ese escuchar, ese acoger, ese atender y como consecuencia est\u00e1 la comunicaci\u00f3n y la empat\u00eda. En mi obra todo esto sucedi\u00f3 cuando dej\u00e9 todo lo impostado\u201d.<\/p>\n<p>En una \u201cmezcla tremenda\u201d entre su vida personal y su profesi\u00f3n, Viver aludi\u00f3 al arte como \u201cun espacio de silencio\u201d, que permite \u201cque las cosas te dejen mella\u201d. Sigui\u00f3 elucubrando sobre el silencio, escoltado por sus obras colgadas en la pared de su casa-estudio: \u201cLo m\u00e1s importante de las obras es lo silencioso, lo que no se ve\u2026 el arte permite una atracci\u00f3n brutal de dedicarle ese espacio al silencio, es tan potente lo que te sucede cuando te metes en la creaci\u00f3n pura\u2026\u201d.<\/p>\n<p>Doctor en Bellas Artes por la Universidad Complutense y miembro asesor de la Comisi\u00f3n de Cultura de la Universidad Internacional Men\u00e9ndez Pelayo, Javier Viver aconsej\u00f3 a los estudiantes de bellas artes a indagar en una doble vertiente en su aproximaci\u00f3n al arte: bucear en tus or\u00edgenes y contrastar tu obra. \u201cEs imposible crear sin autenticidad, pero tienes que plantearte si es una paranoia tuya o si hay gente que conecta contigo; si esto no se produce, esa obra no es una manifestaci\u00f3n art\u00edstica\u201d, asegur\u00f3.<\/p>\n<p><strong>Ordenar y crear<\/strong><\/p>\n<p>Santiago Yd\u00e1\u00f1ez, graduado en Bellas Artes en la Universidad de Granada, ha realizado talleres, entre otros, con Juan Genov\u00e9s y Mitsuo Miura. Ha obtenido premios tan relevantes como el Premio de Pintura ABC en 2002 y Premio de Pintura Generaci\u00f3n 2002 de Caja Madrid. Su obra se encuentra en las colecciones de la Fundaci\u00f3n Bot\u00edn o del Museo Nacional Centro de Arte Reina Sof\u00eda. Actualmente vive y trabaja en Berl\u00edn y Ja\u00e9n, pero en esta tertulia no vino a hablar de s\u00ed mismo sino de su relaci\u00f3n con el silencio desde una mirada ir\u00f3nica: \u201cEl silencio es orden para ordenar y para crear, salen mucha ideas y apariciones creativas\u2026 el silencio por agotamiento tambi\u00e9n te deja <em>KO <\/em>y es muy creativo; luego est\u00e1 el silencio dentro de la propia obra, que, en mi caso, tiene mucha presencia, pero hay otros registros con mucho ruido\u201d.<\/p>\n<p>Confesando que la m\u00fasica le sirve como \u201cinterruptor\u201d en su labor en el taller, Yd\u00e1\u00f1ez admiti\u00f3 su admiraci\u00f3n por las personas realmente silenciosas. \u201cComo yo no lo soy, ellas me aportan mucho\u201d, a\u00f1adi\u00f3. Como su colega Javier Viver, Santiago Yd\u00e1\u00f1ez aprovech\u00f3 la cercan\u00eda digital con los estudiantes de Bellas Artes para aportarles un consejo: \u201cArmaos de paciencia y de valor, merece la pena la espera\u201d.<\/p>\n<p>Al concluir el debate, Pablo \u00c1lvarez de Toledo anunci\u00f3 el fallo del jurado del concurso <em>Observatorio del Silencio<\/em>, convocado por la Universidad Nebrija para facilitar al estudiante ganador, mediante una beca, su participaci\u00f3n en una escuela de verano organizada por la Fundaci\u00f3n V\u00eda del Arte en el Monasterio de Guadalupe. El primer premio recay\u00f3 en Julia Hern\u00e1ndez-Bueno, estudiante de 2\u00ba del Doble Grado en Artes Esc\u00e9nicas + Comunicaci\u00f3n Audiovisual, por su texto <em>Atrac\u00f3n en el silencio<\/em>. \u201cJulia ha escrito un relato de ficci\u00f3n con tintes autobiogr\u00e1ficos, muy descarnado y en el que relata, desde el silencio, su silencio, c\u00f3mo su generaci\u00f3n sufre y lucha contra los trastornos alimenticios como la bulimia. El jurado ha valorado su coraje, la gran capacidad expresiva y la cre\u00edble carga psicol\u00f3gica del narrador. Un texto quiz\u00e1s corto en su longitud, pero inmenso en su dimensi\u00f3n humana\u201d, explic\u00f3 el director del Departamento de Artes de la Universidad Nebrija.<\/p>\n<p>Despu\u00e9s de este aviso, Pablo \u00c1lvarez de Toledo cerr\u00f3 el acto con este mensaje: \u201cDesconectemos ahora de lo digital y volvamos al silencio de la cotidianeidad y de la tarde\u201d.<\/p>\n<p>(Silencio\u2026).<\/p>\n<p><em>Texto: Javier Picos. Fotos: J.P.<\/em><\/p>\n\n\t\t<style type=\"text\/css\">\n\t\t\t#gallery-1 {\n\t\t\t\tmargin: auto;\n\t\t\t}\n\t\t\t#gallery-1 .gallery-item {\n\t\t\t\tfloat: left;\n\t\t\t\tmargin-top: 10px;\n\t\t\t\ttext-align: center;\n\t\t\t\twidth: 33%;\n\t\t\t}\n\t\t\t#gallery-1 img {\n\t\t\t\tborder: 2px solid #cfcfcf;\n\t\t\t}\n\t\t\t#gallery-1 .gallery-caption {\n\t\t\t\tmargin-left: 0;\n\t\t\t}\n\t\t\t\/* see gallery_shortcode() in wp-includes\/media.php *\/\n\t\t<\/style>\n\t\t<div id='gallery-1' class='gallery galleryid-70820 gallery-columns-3 gallery-size-thumbnail'><dl class='gallery-item'>\n\t\t\t<dt class='gallery-icon landscape'>\n\t\t\t\t<a href='https:\/\/www.nebrija.com\/medios\/actualidadnebrija\/wp-content\/uploads\/sites\/2\/2021\/05\/silencio_arte_UNNE-1.png'><img loading=\"lazy\" decoding=\"async\" width=\"150\" height=\"150\" src=\"https:\/\/www.nebrija.com\/medios\/actualidadnebrija\/wp-content\/uploads\/sites\/2\/2021\/05\/silencio_arte_UNNE-1-150x150.png\" class=\"attachment-thumbnail size-thumbnail\" alt=\"\" \/><\/a>\n\t\t\t<\/dt><\/dl><dl class='gallery-item'>\n\t\t\t<dt class='gallery-icon landscape'>\n\t\t\t\t<a href='https:\/\/www.nebrija.com\/medios\/actualidadnebrija\/wp-content\/uploads\/sites\/2\/2021\/05\/silencio_arte_UNNE-2.png'><img loading=\"lazy\" decoding=\"async\" width=\"150\" height=\"150\" src=\"https:\/\/www.nebrija.com\/medios\/actualidadnebrija\/wp-content\/uploads\/sites\/2\/2021\/05\/silencio_arte_UNNE-2-150x150.png\" class=\"attachment-thumbnail size-thumbnail\" alt=\"\" \/><\/a>\n\t\t\t<\/dt><\/dl><dl class='gallery-item'>\n\t\t\t<dt class='gallery-icon landscape'>\n\t\t\t\t<a href='https:\/\/www.nebrija.com\/medios\/actualidadnebrija\/wp-content\/uploads\/sites\/2\/2021\/05\/silencio_arte_UNNE-3.png'><img loading=\"lazy\" decoding=\"async\" width=\"150\" height=\"150\" src=\"https:\/\/www.nebrija.com\/medios\/actualidadnebrija\/wp-content\/uploads\/sites\/2\/2021\/05\/silencio_arte_UNNE-3-150x150.png\" class=\"attachment-thumbnail size-thumbnail\" alt=\"\" \/><\/a>\n\t\t\t<\/dt><\/dl><br style=\"clear: both\" \/>\n\t\t<\/div>\n\n","protected":false},"excerpt":{"rendered":"<p>Pablo \u00c1lvarez de Toledo M\u00fcller re\u00fane a los artistas Javier Viver y Santiago Yd\u00e1\u00f1ez en un encuentro de experiencias vitales y profesionales.<\/p>\n","protected":false},"author":326,"featured_media":70821,"comment_status":"open","ping_status":"open","sticky":false,"template":"","format":"standard","meta":{"_acf_changed":false,"_monsterinsights_skip_tracking":false,"_monsterinsights_sitenote_active":false,"_monsterinsights_sitenote_note":"","_monsterinsights_sitenote_category":0,"footnotes":""},"categories":[3050],"tags":[3124,3745,4465,4467,4468,4245,4466],"acf":[],"yoast_head":"<!-- This site is optimized with the Yoast SEO plugin v22.1 - https:\/\/yoast.com\/wordpress\/plugins\/seo\/ -->\n<title>\u2026\u2026\u2026\u2026\u2026\u2026\u2026\u2026\u2026\u2026. (silencio) \u2026\u2026\u2026\u2026\u2026\u2026\u2026\u2026\u2026........................................... \u00a1y arte! - Actualidad Nebrija<\/title>\n<meta name=\"description\" content=\"Pablo \u00c1lvarez de Toledo re\u00fane a los artistas Javier Viver y Santiago Yd\u00e1\u00f1ez en un encuentro de experiencias vitales y profesionales.\" \/>\n<meta name=\"robots\" content=\"index, follow, max-snippet:-1, max-image-preview:large, max-video-preview:-1\" \/>\n<link rel=\"canonical\" href=\"https:\/\/www.nebrija.com\/medios\/actualidadnebrija\/2021\/05\/14\/silencio-y-arte\/\" \/>\n<meta property=\"og:locale\" content=\"es_ES\" \/>\n<meta property=\"og:type\" content=\"article\" \/>\n<meta property=\"og:title\" content=\"\u2026\u2026\u2026\u2026\u2026\u2026\u2026\u2026\u2026\u2026. (silencio) \u2026\u2026\u2026\u2026\u2026\u2026\u2026\u2026\u2026........................................... \u00a1y arte! - Actualidad Nebrija\" \/>\n<meta property=\"og:description\" content=\"Pablo \u00c1lvarez de Toledo re\u00fane a los artistas Javier Viver y Santiago Yd\u00e1\u00f1ez en un encuentro de experiencias vitales y profesionales.\" \/>\n<meta property=\"og:url\" content=\"https:\/\/www.nebrija.com\/medios\/actualidadnebrija\/2021\/05\/14\/silencio-y-arte\/\" \/>\n<meta property=\"og:site_name\" content=\"Actualidad Nebrija\" \/>\n<meta property=\"article:published_time\" content=\"2021-05-14T07:45:11+00:00\" \/>\n<meta property=\"article:modified_time\" content=\"2024-07-03T06:35:24+00:00\" \/>\n<meta property=\"og:image\" content=\"https:\/\/www.nebrija.com\/medios\/actualidadnebrija\/wp-content\/uploads\/sites\/2\/2021\/05\/silencio_arte_port.jpg\" \/>\n\t<meta property=\"og:image:width\" content=\"1300\" \/>\n\t<meta property=\"og:image:height\" content=\"621\" \/>\n\t<meta property=\"og:image:type\" content=\"image\/jpeg\" \/>\n<meta name=\"author\" content=\"jpicos\" \/>\n<meta name=\"twitter:card\" content=\"summary_large_image\" \/>\n<meta name=\"twitter:label1\" content=\"Escrito por\" \/>\n\t<meta name=\"twitter:data1\" content=\"jpicos\" \/>\n\t<meta name=\"twitter:label2\" content=\"Tiempo de lectura\" \/>\n\t<meta name=\"twitter:data2\" content=\"5 minutos\" \/>\n<!-- \/ Yoast SEO plugin. -->","yoast_head_json":{"title":"\u2026\u2026\u2026\u2026\u2026\u2026\u2026\u2026\u2026\u2026. (silencio) \u2026\u2026\u2026\u2026\u2026\u2026\u2026\u2026\u2026........................................... \u00a1y arte! - Actualidad Nebrija","description":"Pablo \u00c1lvarez de Toledo re\u00fane a los artistas Javier Viver y Santiago Yd\u00e1\u00f1ez en un encuentro de experiencias vitales y profesionales.","robots":{"index":"index","follow":"follow","max-snippet":"max-snippet:-1","max-image-preview":"max-image-preview:large","max-video-preview":"max-video-preview:-1"},"canonical":"https:\/\/www.nebrija.com\/medios\/actualidadnebrija\/2021\/05\/14\/silencio-y-arte\/","og_locale":"es_ES","og_type":"article","og_title":"\u2026\u2026\u2026\u2026\u2026\u2026\u2026\u2026\u2026\u2026. (silencio) \u2026\u2026\u2026\u2026\u2026\u2026\u2026\u2026\u2026........................................... \u00a1y arte! - Actualidad Nebrija","og_description":"Pablo \u00c1lvarez de Toledo re\u00fane a los artistas Javier Viver y Santiago Yd\u00e1\u00f1ez en un encuentro de experiencias vitales y profesionales.","og_url":"https:\/\/www.nebrija.com\/medios\/actualidadnebrija\/2021\/05\/14\/silencio-y-arte\/","og_site_name":"Actualidad Nebrija","article_published_time":"2021-05-14T07:45:11+00:00","article_modified_time":"2024-07-03T06:35:24+00:00","og_image":[{"width":1300,"height":621,"url":"https:\/\/www.nebrija.com\/medios\/actualidadnebrija\/wp-content\/uploads\/sites\/2\/2021\/05\/silencio_arte_port.jpg","type":"image\/jpeg"}],"author":"jpicos","twitter_card":"summary_large_image","twitter_misc":{"Escrito por":"jpicos","Tiempo de lectura":"5 minutos"},"schema":{"@context":"https:\/\/schema.org","@graph":[{"@type":"WebPage","@id":"https:\/\/www.nebrija.com\/medios\/actualidadnebrija\/2021\/05\/14\/silencio-y-arte\/","url":"https:\/\/www.nebrija.com\/medios\/actualidadnebrija\/2021\/05\/14\/silencio-y-arte\/","name":"\u2026\u2026\u2026\u2026\u2026\u2026\u2026\u2026\u2026\u2026. (silencio) \u2026\u2026\u2026\u2026\u2026\u2026\u2026\u2026\u2026........................................... \u00a1y arte! - Actualidad Nebrija","isPartOf":{"@id":"https:\/\/www.nebrija.com\/medios\/actualidadnebrija\/#website"},"datePublished":"2021-05-14T07:45:11+00:00","dateModified":"2024-07-03T06:35:24+00:00","author":{"@id":"https:\/\/www.nebrija.com\/medios\/actualidadnebrija\/#\/schema\/person\/0cd40b7dd3f54459e2cfc009dbd255c6"},"description":"Pablo \u00c1lvarez de Toledo re\u00fane a los artistas Javier Viver y Santiago Yd\u00e1\u00f1ez en un encuentro de experiencias vitales y profesionales.","breadcrumb":{"@id":"https:\/\/www.nebrija.com\/medios\/actualidadnebrija\/2021\/05\/14\/silencio-y-arte\/#breadcrumb"},"inLanguage":"es","potentialAction":[{"@type":"ReadAction","target":["https:\/\/www.nebrija.com\/medios\/actualidadnebrija\/2021\/05\/14\/silencio-y-arte\/"]}]},{"@type":"BreadcrumbList","@id":"https:\/\/www.nebrija.com\/medios\/actualidadnebrija\/2021\/05\/14\/silencio-y-arte\/#breadcrumb","itemListElement":[{"@type":"ListItem","position":1,"name":"Home","item":"https:\/\/www.nebrija.com\/medios\/actualidadnebrija\/"},{"@type":"ListItem","position":2,"name":"\u2026\u2026\u2026\u2026\u2026\u2026\u2026\u2026\u2026\u2026. (silencio) \u2026\u2026\u2026\u2026\u2026\u2026\u2026\u2026\u2026&#8230;&#8230;&#8230;&#8230;&#8230;&#8230;&#8230;&#8230;&#8230;&#8230;&#8230;&#8230;&#8230;&#8230;. \u00a1y arte!"}]},{"@type":"WebSite","@id":"https:\/\/www.nebrija.com\/medios\/actualidadnebrija\/#website","url":"https:\/\/www.nebrija.com\/medios\/actualidadnebrija\/","name":"Actualidad Nebrija","description":"Noticias de la Universidad Nebrija","potentialAction":[{"@type":"SearchAction","target":{"@type":"EntryPoint","urlTemplate":"https:\/\/www.nebrija.com\/medios\/actualidadnebrija\/?s={search_term_string}"},"query-input":"required name=search_term_string"}],"inLanguage":"es"},{"@type":"Person","@id":"https:\/\/www.nebrija.com\/medios\/actualidadnebrija\/#\/schema\/person\/0cd40b7dd3f54459e2cfc009dbd255c6","name":"jpicos","image":{"@type":"ImageObject","inLanguage":"es","@id":"https:\/\/www.nebrija.com\/medios\/actualidadnebrija\/#\/schema\/person\/image\/","url":"https:\/\/secure.gravatar.com\/avatar\/c4a1005cff3fd9bb5185e9671f4f3e9b?s=96&d=mm&r=g","contentUrl":"https:\/\/secure.gravatar.com\/avatar\/c4a1005cff3fd9bb5185e9671f4f3e9b?s=96&d=mm&r=g","caption":"jpicos"},"url":"https:\/\/www.nebrija.com\/medios\/actualidadnebrija\/author\/jpicos\/"}]}},"_links":{"self":[{"href":"https:\/\/www.nebrija.com\/medios\/actualidadnebrija\/wp-json\/wp\/v2\/posts\/70820"}],"collection":[{"href":"https:\/\/www.nebrija.com\/medios\/actualidadnebrija\/wp-json\/wp\/v2\/posts"}],"about":[{"href":"https:\/\/www.nebrija.com\/medios\/actualidadnebrija\/wp-json\/wp\/v2\/types\/post"}],"author":[{"embeddable":true,"href":"https:\/\/www.nebrija.com\/medios\/actualidadnebrija\/wp-json\/wp\/v2\/users\/326"}],"replies":[{"embeddable":true,"href":"https:\/\/www.nebrija.com\/medios\/actualidadnebrija\/wp-json\/wp\/v2\/comments?post=70820"}],"version-history":[{"count":5,"href":"https:\/\/www.nebrija.com\/medios\/actualidadnebrija\/wp-json\/wp\/v2\/posts\/70820\/revisions"}],"predecessor-version":[{"id":93717,"href":"https:\/\/www.nebrija.com\/medios\/actualidadnebrija\/wp-json\/wp\/v2\/posts\/70820\/revisions\/93717"}],"wp:featuredmedia":[{"embeddable":true,"href":"https:\/\/www.nebrija.com\/medios\/actualidadnebrija\/wp-json\/wp\/v2\/media\/70821"}],"wp:attachment":[{"href":"https:\/\/www.nebrija.com\/medios\/actualidadnebrija\/wp-json\/wp\/v2\/media?parent=70820"}],"wp:term":[{"taxonomy":"category","embeddable":true,"href":"https:\/\/www.nebrija.com\/medios\/actualidadnebrija\/wp-json\/wp\/v2\/categories?post=70820"},{"taxonomy":"post_tag","embeddable":true,"href":"https:\/\/www.nebrija.com\/medios\/actualidadnebrija\/wp-json\/wp\/v2\/tags?post=70820"}],"curies":[{"name":"wp","href":"https:\/\/api.w.org\/{rel}","templated":true}]}}