{"id":71051,"date":"2021-05-20T10:48:42","date_gmt":"2021-05-20T08:48:42","guid":{"rendered":"https:\/\/www.nebrija.com\/medios\/actualidadnebrija\/?p=71051"},"modified":"2024-07-03T08:33:53","modified_gmt":"2024-07-03T06:33:53","slug":"24-expertos-conciencian-a-los-ciudadanos-sobre-la-privacidad-y-la-proteccion-de-datos-personales","status":"publish","type":"post","link":"https:\/\/www.nebrija.com\/medios\/actualidadnebrija\/2021\/05\/20\/24-expertos-conciencian-a-los-ciudadanos-sobre-la-privacidad-y-la-proteccion-de-datos-personales\/","title":{"rendered":"24 expertos conciencian a los ciudadanos sobre la privacidad y la protecci\u00f3n de datos"},"content":{"rendered":"<p>La Asociaci\u00f3n Internacional de Profesionales de la Privacidad (IAPP), el Observatorio Iberoamericano de Protecci\u00f3n de Datos y la Universidad Nebrija planificaron los d\u00edas 17, 18 y 19 de mayo el <a href=\"http:\/\/ifpdp.com\/\">I International Forum on Privacy and Data Protection<\/a>, en el que participaron 24 expertos de m\u00e1s de 15 pa\u00edses.<\/p>\n<p>El Foro, configurado como un espacio abierto de car\u00e1cter divulgativo y gratuito, contrast\u00f3 la situaci\u00f3n en privacidad y protecci\u00f3n de diferentes rincones del mundo, as\u00ed como los retos que plantea la inteligencia artificial de cara a las futuras legislaciones. Este punto de encuentro entre ciudadanos, profesionales, administraciones y autoridades de control cumpli\u00f3 el objetivo de las instituciones organizadoras: promover el conocimiento de este derecho \u201ctan relevante y, en ocasiones desconocido, con un gran impacto, tanto en las personas, en la econom\u00eda digital y, sin duda, en el presente y futuro de nuestra sociedad\u201d.<\/p>\n<p>El Consejo de Europa define el derecho a la privacidad como un derecho humano fundamental, con el mismo esp\u00edritu de la Declaraci\u00f3n Universal de Derechos Humanos y el Pacto Internacional de las Naciones Unidas sobre los Derechos Civiles y Pol\u00edticos. Actualmente, en el mundo hay 140 pa\u00edses que cuenta con normativas en materia de protecci\u00f3n de datos y 93 autoridades de control \u2013seg\u00fan los datos aportados en Twitter por Nelson Remolina-, a los que habr\u00e1 que sumar aquellos que se encuentran en proceso de elaborar y aprobar normas en la materia.<\/p>\n<p><strong>Marco jur\u00eddico avanzado<\/strong><\/p>\n<p>Luis \u00c1. Garc\u00eda Segura, codirector del <a href=\"https:\/\/www.nebrija.com\/programas-postgrado\/master\/proteccion-de-datos\/\">M\u00e1ster en Protecci\u00f3n y Seguridad de Datos <\/a>de la Universidad Nebrija, aclara que La Uni\u00f3n Europea cuenta con \u201cuno de los marcos jur\u00eddicos m\u00e1s avanzados del mundo en materia de privacidad y protecci\u00f3n de datos, en el sentido de amplios derechos y mecanismos para hacer efectivos estos derechos, con un fuerte sistema de vigilancia y sanciones\u201d. En el caso de Espa\u00f1a, seg\u00fan el profesor de Nebrija, el Gobierno puso en marcha el a\u00f1o pasado la <a href=\"https:\/\/portal.mineco.gob.es\/es-es\/ministerio\/participacionpublica\/audienciapublica\/Paginas\/SEDIA_Carta_Derechos_Digitales.aspx\">consulta p\u00fablica<\/a> para la elaboraci\u00f3n de una Carta de Derechos Digitales. \u201cPodemos afirmar que dicho texto es de los m\u00e1s ambiciosos y avanzados del mundo, ya que incorpora entre otras cosas protecciones relativas al derecho a no ser localizado y perfilado, el derecho a la herencia digital, la protecci\u00f3n de las personas mayores en el entorno digital, el derecho a la educaci\u00f3n digital y los derechos digitales en el empleo de las neurotecnolog\u00edas\u201d, analiza.<\/p>\n<p>En lo que respecta a la vigilancia por parte de las autoridades espa\u00f1olas, la Agencia Espa\u00f1ola de Protecci\u00f3n de Datos (AEPD) lleva desde el a\u00f1o pasado <a href=\"https:\/\/cincodias.elpais.com\/cincodias\/2021\/02\/12\/legal\/1613145940_921270.html\">una actividad intensa sancionadora<\/a>, con multas cuantiosas a diversas empresas por vulneraci\u00f3n de la normativa de privacidad y protecci\u00f3n de datos. \u201cComo podemos ver, en Espa\u00f1a las autoridades se toman cada vez m\u00e1s en serio la vigilancia y protecci\u00f3n de los derechos de privacidad y protecci\u00f3n de datos\u201d, afirma Luis A. Garc\u00eda Segura.<\/p>\n<p>De acuerdo con Daniel L\u00f3pez Carballo, director de la Iniciativa del Observatorio Iberoamericano de Protecci\u00f3n de Datos y socio de ECIJA Abogados, tras la aplicaci\u00f3n del Reglamento General de Protecci\u00f3n de Datos (RGPD), \u201cha habido un cambio en la percepci\u00f3n que empresas, instituciones y usuarios tienen de la protecci\u00f3n de los datos y, por tanto, de la privacidad\u201d. Adem\u00e1s del empe\u00f1o de las autoridades en la divulgaci\u00f3n de esta materia y en las propias pol\u00edticas de las empresas \u201cpotenciando la privacidad como valor\u201d, que \u201chan llevado a un mayor conocimiento y concienciaci\u00f3n\u201d, L\u00f3pez Carballo destaca tambi\u00e9n las sanciones y su impacto medi\u00e1tico, as\u00ed como el avance hacia una sociedad digital.<\/p>\n<p><strong>Modelo proactivo<\/strong><\/p>\n<p>Francisco Gonz\u00e1lez-Calero, co-chair del cap\u00edtulo Madrid KnowledgeNet de la IAPP (Asociaci\u00f3n Internacional de Profesionales de la Privacidad) y lead advisor internacional en Govertis, defiende tambi\u00e9n los beneficios de la aprobaci\u00f3n del RGPD. \u201cLa larga fase legislativa que sufri\u00f3 la normativa actual para su aprobaci\u00f3n sirvi\u00f3 para que los ciudadanos tomaran conciencia de la necesidad de controlar el uso que las empresas y administraciones p\u00fablicas hacen de sus datos personales\u201d, asegura. No obstante, esta labor, para \u00e9l, no debe darse por concluida \u201cpuesto que a\u00fan son muchas las personas que no est\u00e1n concienciadas sobre la necesidad de controlar el uso que se hace de sus datos personales\u201d.<\/p>\n<p>Ahora bien, los expertos que participaron en el Foro intentaron responder a preguntas del tipo \u00bfhacia d\u00f3nde ha de encaminarse esta defensa de la privacidad y de nuestros datos? o \u00bfc\u00f3mo se puede implementar de una manera eficaz? Daniel L\u00f3pez Carballo se\u00f1ala que con el RGPD hemos pasado de un modelo \u201creactivo\u201d a otro \u201cproactivo\u201d, donde cuestiones como la evaluaci\u00f3n de riesgos y la privacidad desde el dise\u00f1o adquieren un papel \u201cfundamental\u201d. A su juicio, la norma \u201cbusca un cumplimiento que requiere un conocimiento de la propia entidad, de los riesgos, de la tecnolog\u00eda, de las finalidades; es decir, un compromiso de las entidades con el cumplimiento eficaz y acreditable\u201d.<\/p>\n<p>Para el socio de ECIJA Abogados, hablamos de una \u201cnorma de futuro, que posibilita el crecimiento desde el respeto a las personas\u201d. Y a\u00f1ade: \u201cLa adopci\u00f3n de pol\u00edticas proactivas, de sistemas de evaluaci\u00f3n continua, de la evaluaci\u00f3n de riesgos y del entendimiento del registro de tratamientos como un documento din\u00e1mico deben facilitar esta efectividad\u201d.<\/p>\n<p>En este aspecto, Francisco Gonz\u00e1lez-Calero, manifiesta que El Reglamento General de Protecci\u00f3n de Datos \u201cha marcado las pautas para realizar una correcta gesti\u00f3n de la privacidad\u201d porque \u201clos principios de privacidad por dise\u00f1o y por defecto obligan a las entidades que tratan nuestros datos a implementar un sistema de protecci\u00f3n de la privacidad durante todo el ciclo de vida del dato\u201d.<\/p>\n<p><strong>Tratamientos <\/strong><\/p>\n<p>El lead advisor internacional en Govertis confirma que en este proceso hay que tener en cuenta muchos pormenores: los datos m\u00ednimos que necesitamos para las finalidades y usos, la base legal de ese tratamiento, el an\u00e1lisis de los riesgos que el propio tratamiento entra\u00f1a, la elecci\u00f3n de las tecnolog\u00edas m\u00e1s respetuosas con la privacidad, y, en fases posteriores al tratamiento, los plazos de conservaci\u00f3n que hemos fijado antes y la destrucci\u00f3n de aquellos datos que ya no son necesarios.<\/p>\n<p>En este marem\u00e1gnum de interrelaciones, las organizaciones e instituciones responsables de la privacidad de los datos desempe\u00f1an un papel esencial. En este sentido, la Iniciativa del Observatorio Iberoamericano de Protecci\u00f3n de Datos, en palabras de su director, Daniel L\u00f3pez Carballo, \u201cbusca aportar conocimiento y debate sobre este derecho tan relevante, m\u00e1s all\u00e1 de las propias fronteras\u201d. Entre las iniciativas presentadas, sobresale el Sello Iberoamericano de Protecci\u00f3n de Datos \u201ccomo homologaci\u00f3n de criterios de aplicaci\u00f3n que posibiliten la acreditaci\u00f3n del cumplimiento, los flujos de datos internacionales y las garant\u00edas de los derechos afectados\u201d.<\/p>\n<p>Asimismo, Francisco Gonz\u00e1lez-Calero, co-chair del cap\u00edtulo Madrid KnowledgeNet de la IAPP, explica que la Asociaci\u00f3n Internacional de Profesionales de la Privacidad conecta a profesionales de diferentes pa\u00edses que tienen problem\u00e1ticas similares. \u201cA la hora de gestionar la privacidad en un entorno internacional, son numerosas las ocasiones en las que se deben operar varias normativas de privacidad al operar la entidad en diferentes pa\u00edses y jurisdicciones\u201d, argumenta. Concretamente el Cap\u00edtulo de Madrid de la IAPP al igual que el resto de Cap\u00edtulos en las principales ciudades del planeta, \u201ces el punto de conexi\u00f3n local de los asociados a la IAPP, que al tratarse de una entidad internacional y aunque organiza eventos anuales de car\u00e1cter internacional, pierde un cierto contacto y proximidad con el asociado\u201d.<\/p>\n<p><strong>Destacada representaci\u00f3n mundial<\/strong><\/p>\n<p>Por otra parte, el International Forum on Privacy and Data Protection cont\u00f3 con la inauguraci\u00f3n de Ester Mochol\u00ed, decana de la Facultad de Ciencias Sociales de la Universidad Nebrija; Javier de Miguel Saavedra, co-chair del cap\u00edtulo Madrid KnowledgeNet de la IAPP y manager de ECIJA Abogados, y Viviane Reding, exvicepresidenta de la Comisi\u00f3n Europea.<\/p>\n<p>Otros expertos del encuentro fueron: Frederick Richter, director de la Stiftung Datenschutz (Fundaci\u00f3n Federal Alemana para la Protecci\u00f3n de Datos); Nicola Fabiano, presidente de la Autoridad de Protecci\u00f3n de Datos de San Marino; Alexander McD White, comisario de Privacidad de Bermudas; Omar Seghrouchni, presidente de la Comisi\u00f3n Nacional de Supervisi\u00f3n para la Protecci\u00f3n de Datos Personales de Marruecos; Beatriz Ru\u00edz-Beato, co-chair del cap\u00edtulo Madrid KnowledgeNet de la IAPP y delegada de protecci\u00f3n de datos de EMEA NEC; Leonardo Cervera Navas, director del Supervisor Europeo de Protecci\u00f3n de Datos; David Javier Santos S\u00e1nchez, jefe del Gabinete Jur\u00eddico de la Agencia Espa\u00f1ola de Protecci\u00f3n de Datos; R\u00e9gis Chatellier, director de Proyectos de Innovaci\u00f3n y Prospectiva en el Departamento de Tecnolog\u00edas e Innovaci\u00f3n; Eduardo Peduto Pardo, director del Centro de Protecci\u00f3n de Datos de la Defensor\u00eda del Pueblo de la Ciudad Aut\u00f3noma de Buenos Aires (Argentina); Gonzalo Sosa Barreto, coordinador de Protecci\u00f3n de Datos en Unidad Reguladora y de Control de Datos Personales AGESIC (Uruguay); Gloria de la Fuente Gonz\u00e1lez, presidenta del Consejo para la Transparencia de Chile; Lorena Naranjo Godoy, directora de la Direcci\u00f3n Nacional de Registro de Datos P\u00fablicos de Ecuador; Adri\u00e1n Alcal\u00e1 M\u00e9ndez, comisionado del Instituto Nacional de Transparencia, Acceso a la Informaci\u00f3n y Protecci\u00f3n de Datos Personales de M\u00e9xico; Elizabeth Mora Elizondo, directora de la Agencia de Protecci\u00f3n de los Datos de los Habitantes de Costa Rica; Luis Gustavo Parra Noriega, comisionado del Instituto de Transparencia, Acceso a la Informaci\u00f3n P\u00fablica y Protecci\u00f3n de Datos Personales del Estado de M\u00e9xico y Municipios; Raymund Enriquez Liboro, comisario de Privacidad y Presidente de la Comisi\u00f3n Nacional de Privacidad de Filipinas; Drudeisha Madhub, comisario de Protecci\u00f3n de Datos de la Rep\u00fablica de Mauricio; Attila P\u00e9terfalvi, presidente de la Autoridad Nacional de Protecci\u00f3n de Datos y Libertad de Informaci\u00f3n de Hungr\u00eda; Iain McDonald, comisario de Informaci\u00f3n de la Isla de Man, y Ana de la Higuera L\u00f3pez-Fr\u00edas, co-chair del cap\u00edtulo Madrid KnowledgeNet de la IAPP y manager de KPMG.<\/p>\n<p><em>Texto: Javier Picos. Fotos: Zaida del R\u00edo y J.P.<\/em><\/p>\n\n\t\t<style type=\"text\/css\">\n\t\t\t#gallery-1 {\n\t\t\t\tmargin: auto;\n\t\t\t}\n\t\t\t#gallery-1 .gallery-item {\n\t\t\t\tfloat: left;\n\t\t\t\tmargin-top: 10px;\n\t\t\t\ttext-align: center;\n\t\t\t\twidth: 20%;\n\t\t\t}\n\t\t\t#gallery-1 img {\n\t\t\t\tborder: 2px solid #cfcfcf;\n\t\t\t}\n\t\t\t#gallery-1 .gallery-caption {\n\t\t\t\tmargin-left: 0;\n\t\t\t}\n\t\t\t\/* see gallery_shortcode() in wp-includes\/media.php *\/\n\t\t<\/style>\n\t\t<div id='gallery-1' class='gallery galleryid-71051 gallery-columns-5 gallery-size-thumbnail'><dl class='gallery-item'>\n\t\t\t<dt class='gallery-icon landscape'>\n\t\t\t\t<a href='https:\/\/www.nebrija.com\/medios\/actualidadnebrija\/wp-content\/uploads\/sites\/2\/2021\/05\/luis-garcia-segura.jpg'><img loading=\"lazy\" decoding=\"async\" width=\"150\" height=\"150\" src=\"https:\/\/www.nebrija.com\/medios\/actualidadnebrija\/wp-content\/uploads\/sites\/2\/2021\/05\/luis-garcia-segura-150x150.jpg\" class=\"attachment-thumbnail size-thumbnail\" alt=\"\" \/><\/a>\n\t\t\t<\/dt><\/dl><dl class='gallery-item'>\n\t\t\t<dt class='gallery-icon landscape'>\n\t\t\t\t<a href='https:\/\/www.nebrija.com\/medios\/actualidadnebrija\/wp-content\/uploads\/sites\/2\/2021\/05\/Iforopriv12.png'><img loading=\"lazy\" decoding=\"async\" width=\"150\" height=\"150\" src=\"https:\/\/www.nebrija.com\/medios\/actualidadnebrija\/wp-content\/uploads\/sites\/2\/2021\/05\/Iforopriv12-150x150.png\" class=\"attachment-thumbnail size-thumbnail\" alt=\"\" \/><\/a>\n\t\t\t<\/dt><\/dl><dl class='gallery-item'>\n\t\t\t<dt class='gallery-icon landscape'>\n\t\t\t\t<a href='https:\/\/www.nebrija.com\/medios\/actualidadnebrija\/wp-content\/uploads\/sites\/2\/2021\/05\/Iforopriv11.png'><img loading=\"lazy\" decoding=\"async\" width=\"150\" height=\"150\" src=\"https:\/\/www.nebrija.com\/medios\/actualidadnebrija\/wp-content\/uploads\/sites\/2\/2021\/05\/Iforopriv11-150x150.png\" class=\"attachment-thumbnail size-thumbnail\" alt=\"\" \/><\/a>\n\t\t\t<\/dt><\/dl><dl class='gallery-item'>\n\t\t\t<dt class='gallery-icon landscape'>\n\t\t\t\t<a href='https:\/\/www.nebrija.com\/medios\/actualidadnebrija\/wp-content\/uploads\/sites\/2\/2021\/05\/Iforopriv10.png'><img loading=\"lazy\" decoding=\"async\" width=\"150\" height=\"150\" src=\"https:\/\/www.nebrija.com\/medios\/actualidadnebrija\/wp-content\/uploads\/sites\/2\/2021\/05\/Iforopriv10-150x150.png\" class=\"attachment-thumbnail size-thumbnail\" alt=\"\" \/><\/a>\n\t\t\t<\/dt><\/dl><dl class='gallery-item'>\n\t\t\t<dt class='gallery-icon landscape'>\n\t\t\t\t<a href='https:\/\/www.nebrija.com\/medios\/actualidadnebrija\/wp-content\/uploads\/sites\/2\/2021\/05\/Iforopriv9.png'><img loading=\"lazy\" decoding=\"async\" width=\"150\" height=\"150\" src=\"https:\/\/www.nebrija.com\/medios\/actualidadnebrija\/wp-content\/uploads\/sites\/2\/2021\/05\/Iforopriv9-150x150.png\" class=\"attachment-thumbnail size-thumbnail\" alt=\"\" \/><\/a>\n\t\t\t<\/dt><\/dl><br style=\"clear: both\" \/><dl class='gallery-item'>\n\t\t\t<dt class='gallery-icon landscape'>\n\t\t\t\t<a href='https:\/\/www.nebrija.com\/medios\/actualidadnebrija\/wp-content\/uploads\/sites\/2\/2021\/05\/IForopriv8.png'><img loading=\"lazy\" decoding=\"async\" width=\"150\" height=\"150\" src=\"https:\/\/www.nebrija.com\/medios\/actualidadnebrija\/wp-content\/uploads\/sites\/2\/2021\/05\/IForopriv8-150x150.png\" class=\"attachment-thumbnail size-thumbnail\" alt=\"\" \/><\/a>\n\t\t\t<\/dt><\/dl><dl class='gallery-item'>\n\t\t\t<dt class='gallery-icon landscape'>\n\t\t\t\t<a href='https:\/\/www.nebrija.com\/medios\/actualidadnebrija\/wp-content\/uploads\/sites\/2\/2021\/05\/IForoPriv7.png'><img loading=\"lazy\" decoding=\"async\" width=\"150\" height=\"150\" src=\"https:\/\/www.nebrija.com\/medios\/actualidadnebrija\/wp-content\/uploads\/sites\/2\/2021\/05\/IForoPriv7-150x150.png\" class=\"attachment-thumbnail size-thumbnail\" alt=\"\" \/><\/a>\n\t\t\t<\/dt><\/dl><dl class='gallery-item'>\n\t\t\t<dt class='gallery-icon landscape'>\n\t\t\t\t<a href='https:\/\/www.nebrija.com\/medios\/actualidadnebrija\/wp-content\/uploads\/sites\/2\/2021\/05\/IForoPriv6.png'><img loading=\"lazy\" decoding=\"async\" width=\"150\" height=\"150\" src=\"https:\/\/www.nebrija.com\/medios\/actualidadnebrija\/wp-content\/uploads\/sites\/2\/2021\/05\/IForoPriv6-150x150.png\" class=\"attachment-thumbnail size-thumbnail\" alt=\"\" \/><\/a>\n\t\t\t<\/dt><\/dl><dl class='gallery-item'>\n\t\t\t<dt class='gallery-icon landscape'>\n\t\t\t\t<a href='https:\/\/www.nebrija.com\/medios\/actualidadnebrija\/wp-content\/uploads\/sites\/2\/2021\/05\/Iforopriv5.png'><img loading=\"lazy\" decoding=\"async\" width=\"150\" height=\"150\" src=\"https:\/\/www.nebrija.com\/medios\/actualidadnebrija\/wp-content\/uploads\/sites\/2\/2021\/05\/Iforopriv5-150x150.png\" class=\"attachment-thumbnail size-thumbnail\" alt=\"\" \/><\/a>\n\t\t\t<\/dt><\/dl><dl class='gallery-item'>\n\t\t\t<dt class='gallery-icon landscape'>\n\t\t\t\t<a href='https:\/\/www.nebrija.com\/medios\/actualidadnebrija\/wp-content\/uploads\/sites\/2\/2021\/05\/IForoPriv4.png'><img loading=\"lazy\" decoding=\"async\" width=\"150\" height=\"150\" src=\"https:\/\/www.nebrija.com\/medios\/actualidadnebrija\/wp-content\/uploads\/sites\/2\/2021\/05\/IForoPriv4-150x150.png\" class=\"attachment-thumbnail size-thumbnail\" alt=\"\" \/><\/a>\n\t\t\t<\/dt><\/dl><br style=\"clear: both\" \/><dl class='gallery-item'>\n\t\t\t<dt class='gallery-icon landscape'>\n\t\t\t\t<a href='https:\/\/www.nebrija.com\/medios\/actualidadnebrija\/wp-content\/uploads\/sites\/2\/2021\/05\/IForopriv3.png'><img loading=\"lazy\" decoding=\"async\" width=\"150\" height=\"150\" src=\"https:\/\/www.nebrija.com\/medios\/actualidadnebrija\/wp-content\/uploads\/sites\/2\/2021\/05\/IForopriv3-150x150.png\" class=\"attachment-thumbnail size-thumbnail\" alt=\"\" \/><\/a>\n\t\t\t<\/dt><\/dl><dl class='gallery-item'>\n\t\t\t<dt class='gallery-icon landscape'>\n\t\t\t\t<a href='https:\/\/www.nebrija.com\/medios\/actualidadnebrija\/wp-content\/uploads\/sites\/2\/2021\/05\/IForoPriv2.png'><img loading=\"lazy\" decoding=\"async\" width=\"150\" height=\"150\" src=\"https:\/\/www.nebrija.com\/medios\/actualidadnebrija\/wp-content\/uploads\/sites\/2\/2021\/05\/IForoPriv2-150x150.png\" class=\"attachment-thumbnail size-thumbnail\" alt=\"\" \/><\/a>\n\t\t\t<\/dt><\/dl><dl class='gallery-item'>\n\t\t\t<dt class='gallery-icon landscape'>\n\t\t\t\t<a href='https:\/\/www.nebrija.com\/medios\/actualidadnebrija\/wp-content\/uploads\/sites\/2\/2021\/05\/IForoPriv.png'><img loading=\"lazy\" decoding=\"async\" width=\"150\" height=\"150\" src=\"https:\/\/www.nebrija.com\/medios\/actualidadnebrija\/wp-content\/uploads\/sites\/2\/2021\/05\/IForoPriv-150x150.png\" class=\"attachment-thumbnail size-thumbnail\" alt=\"\" \/><\/a>\n\t\t\t<\/dt><\/dl>\n\t\t\t<br style='clear: both' \/>\n\t\t<\/div>\n\n","protected":false},"excerpt":{"rendered":"<p>La Asociaci\u00f3n Internacional de Profesionales de la Privacidad (IAPP), el Observatorio Iberoamericano de Protecci\u00f3n de Datos y la Universidad Nebrija organizan el I International Forum on Privacy and Data Protection.<\/p>\n","protected":false},"author":326,"featured_media":71065,"comment_status":"open","ping_status":"open","sticky":false,"template":"","format":"standard","meta":{"_acf_changed":false,"_monsterinsights_skip_tracking":false,"_monsterinsights_sitenote_active":false,"_monsterinsights_sitenote_note":"","_monsterinsights_sitenote_category":0,"footnotes":""},"categories":[3051],"tags":[4042,4483,3124,4484,4485,4242,4039,3222],"acf":[],"yoast_head":"<!-- This site is optimized with the Yoast SEO plugin v22.1 - https:\/\/yoast.com\/wordpress\/plugins\/seo\/ -->\n<title>24 expertos conciencian a los ciudadanos sobre la privacidad y la protecci\u00f3n de datos - Actualidad Nebrija<\/title>\n<meta name=\"description\" content=\"La IAPP, el Observatorio Iberoamericano de Protecci\u00f3n de Datos y la Universidad Nebrija organizan el I International Forum on Privacy and Data Protection.\" \/>\n<meta name=\"robots\" content=\"index, follow, max-snippet:-1, max-image-preview:large, max-video-preview:-1\" \/>\n<link rel=\"canonical\" href=\"https:\/\/www.nebrija.com\/medios\/actualidadnebrija\/2021\/05\/20\/24-expertos-conciencian-a-los-ciudadanos-sobre-la-privacidad-y-la-proteccion-de-datos-personales\/\" \/>\n<meta property=\"og:locale\" content=\"es_ES\" \/>\n<meta property=\"og:type\" content=\"article\" \/>\n<meta property=\"og:title\" content=\"24 expertos conciencian a los ciudadanos sobre la privacidad y la protecci\u00f3n de datos - Actualidad Nebrija\" \/>\n<meta property=\"og:description\" content=\"La IAPP, el Observatorio Iberoamericano de Protecci\u00f3n de Datos y la Universidad Nebrija organizan el I International Forum on Privacy and Data Protection.\" \/>\n<meta property=\"og:url\" content=\"https:\/\/www.nebrija.com\/medios\/actualidadnebrija\/2021\/05\/20\/24-expertos-conciencian-a-los-ciudadanos-sobre-la-privacidad-y-la-proteccion-de-datos-personales\/\" \/>\n<meta property=\"og:site_name\" content=\"Actualidad Nebrija\" \/>\n<meta property=\"article:published_time\" content=\"2021-05-20T08:48:42+00:00\" \/>\n<meta property=\"article:modified_time\" content=\"2024-07-03T06:33:53+00:00\" \/>\n<meta property=\"og:image\" content=\"https:\/\/www.nebrija.com\/medios\/actualidadnebrija\/wp-content\/uploads\/sites\/2\/2021\/05\/sh_foro_port.jpg\" \/>\n\t<meta property=\"og:image:width\" content=\"1000\" \/>\n\t<meta property=\"og:image:height\" content=\"562\" \/>\n\t<meta property=\"og:image:type\" content=\"image\/jpeg\" \/>\n<meta name=\"author\" content=\"jpicos\" \/>\n<meta name=\"twitter:card\" content=\"summary_large_image\" \/>\n<meta name=\"twitter:label1\" content=\"Escrito por\" \/>\n\t<meta name=\"twitter:data1\" content=\"jpicos\" \/>\n\t<meta name=\"twitter:label2\" content=\"Tiempo de lectura\" \/>\n\t<meta name=\"twitter:data2\" content=\"9 minutos\" \/>\n<!-- \/ Yoast SEO plugin. -->","yoast_head_json":{"title":"24 expertos conciencian a los ciudadanos sobre la privacidad y la protecci\u00f3n de datos - Actualidad Nebrija","description":"La IAPP, el Observatorio Iberoamericano de Protecci\u00f3n de Datos y la Universidad Nebrija organizan el I International Forum on Privacy and Data Protection.","robots":{"index":"index","follow":"follow","max-snippet":"max-snippet:-1","max-image-preview":"max-image-preview:large","max-video-preview":"max-video-preview:-1"},"canonical":"https:\/\/www.nebrija.com\/medios\/actualidadnebrija\/2021\/05\/20\/24-expertos-conciencian-a-los-ciudadanos-sobre-la-privacidad-y-la-proteccion-de-datos-personales\/","og_locale":"es_ES","og_type":"article","og_title":"24 expertos conciencian a los ciudadanos sobre la privacidad y la protecci\u00f3n de datos - Actualidad Nebrija","og_description":"La IAPP, el Observatorio Iberoamericano de Protecci\u00f3n de Datos y la Universidad Nebrija organizan el I International Forum on Privacy and Data Protection.","og_url":"https:\/\/www.nebrija.com\/medios\/actualidadnebrija\/2021\/05\/20\/24-expertos-conciencian-a-los-ciudadanos-sobre-la-privacidad-y-la-proteccion-de-datos-personales\/","og_site_name":"Actualidad Nebrija","article_published_time":"2021-05-20T08:48:42+00:00","article_modified_time":"2024-07-03T06:33:53+00:00","og_image":[{"width":1000,"height":562,"url":"https:\/\/www.nebrija.com\/medios\/actualidadnebrija\/wp-content\/uploads\/sites\/2\/2021\/05\/sh_foro_port.jpg","type":"image\/jpeg"}],"author":"jpicos","twitter_card":"summary_large_image","twitter_misc":{"Escrito por":"jpicos","Tiempo de lectura":"9 minutos"},"schema":{"@context":"https:\/\/schema.org","@graph":[{"@type":"WebPage","@id":"https:\/\/www.nebrija.com\/medios\/actualidadnebrija\/2021\/05\/20\/24-expertos-conciencian-a-los-ciudadanos-sobre-la-privacidad-y-la-proteccion-de-datos-personales\/","url":"https:\/\/www.nebrija.com\/medios\/actualidadnebrija\/2021\/05\/20\/24-expertos-conciencian-a-los-ciudadanos-sobre-la-privacidad-y-la-proteccion-de-datos-personales\/","name":"24 expertos conciencian a los ciudadanos sobre la privacidad y la protecci\u00f3n de datos - Actualidad Nebrija","isPartOf":{"@id":"https:\/\/www.nebrija.com\/medios\/actualidadnebrija\/#website"},"datePublished":"2021-05-20T08:48:42+00:00","dateModified":"2024-07-03T06:33:53+00:00","author":{"@id":"https:\/\/www.nebrija.com\/medios\/actualidadnebrija\/#\/schema\/person\/0cd40b7dd3f54459e2cfc009dbd255c6"},"description":"La IAPP, el Observatorio Iberoamericano de Protecci\u00f3n de Datos y la Universidad Nebrija organizan el I International Forum on Privacy and Data Protection.","breadcrumb":{"@id":"https:\/\/www.nebrija.com\/medios\/actualidadnebrija\/2021\/05\/20\/24-expertos-conciencian-a-los-ciudadanos-sobre-la-privacidad-y-la-proteccion-de-datos-personales\/#breadcrumb"},"inLanguage":"es","potentialAction":[{"@type":"ReadAction","target":["https:\/\/www.nebrija.com\/medios\/actualidadnebrija\/2021\/05\/20\/24-expertos-conciencian-a-los-ciudadanos-sobre-la-privacidad-y-la-proteccion-de-datos-personales\/"]}]},{"@type":"BreadcrumbList","@id":"https:\/\/www.nebrija.com\/medios\/actualidadnebrija\/2021\/05\/20\/24-expertos-conciencian-a-los-ciudadanos-sobre-la-privacidad-y-la-proteccion-de-datos-personales\/#breadcrumb","itemListElement":[{"@type":"ListItem","position":1,"name":"Home","item":"https:\/\/www.nebrija.com\/medios\/actualidadnebrija\/"},{"@type":"ListItem","position":2,"name":"24 expertos conciencian a los ciudadanos sobre la privacidad y la protecci\u00f3n de datos"}]},{"@type":"WebSite","@id":"https:\/\/www.nebrija.com\/medios\/actualidadnebrija\/#website","url":"https:\/\/www.nebrija.com\/medios\/actualidadnebrija\/","name":"Actualidad Nebrija","description":"Noticias de la Universidad Nebrija","potentialAction":[{"@type":"SearchAction","target":{"@type":"EntryPoint","urlTemplate":"https:\/\/www.nebrija.com\/medios\/actualidadnebrija\/?s={search_term_string}"},"query-input":"required name=search_term_string"}],"inLanguage":"es"},{"@type":"Person","@id":"https:\/\/www.nebrija.com\/medios\/actualidadnebrija\/#\/schema\/person\/0cd40b7dd3f54459e2cfc009dbd255c6","name":"jpicos","image":{"@type":"ImageObject","inLanguage":"es","@id":"https:\/\/www.nebrija.com\/medios\/actualidadnebrija\/#\/schema\/person\/image\/","url":"https:\/\/secure.gravatar.com\/avatar\/c4a1005cff3fd9bb5185e9671f4f3e9b?s=96&d=mm&r=g","contentUrl":"https:\/\/secure.gravatar.com\/avatar\/c4a1005cff3fd9bb5185e9671f4f3e9b?s=96&d=mm&r=g","caption":"jpicos"},"url":"https:\/\/www.nebrija.com\/medios\/actualidadnebrija\/author\/jpicos\/"}]}},"_links":{"self":[{"href":"https:\/\/www.nebrija.com\/medios\/actualidadnebrija\/wp-json\/wp\/v2\/posts\/71051"}],"collection":[{"href":"https:\/\/www.nebrija.com\/medios\/actualidadnebrija\/wp-json\/wp\/v2\/posts"}],"about":[{"href":"https:\/\/www.nebrija.com\/medios\/actualidadnebrija\/wp-json\/wp\/v2\/types\/post"}],"author":[{"embeddable":true,"href":"https:\/\/www.nebrija.com\/medios\/actualidadnebrija\/wp-json\/wp\/v2\/users\/326"}],"replies":[{"embeddable":true,"href":"https:\/\/www.nebrija.com\/medios\/actualidadnebrija\/wp-json\/wp\/v2\/comments?post=71051"}],"version-history":[{"count":3,"href":"https:\/\/www.nebrija.com\/medios\/actualidadnebrija\/wp-json\/wp\/v2\/posts\/71051\/revisions"}],"predecessor-version":[{"id":93715,"href":"https:\/\/www.nebrija.com\/medios\/actualidadnebrija\/wp-json\/wp\/v2\/posts\/71051\/revisions\/93715"}],"wp:featuredmedia":[{"embeddable":true,"href":"https:\/\/www.nebrija.com\/medios\/actualidadnebrija\/wp-json\/wp\/v2\/media\/71065"}],"wp:attachment":[{"href":"https:\/\/www.nebrija.com\/medios\/actualidadnebrija\/wp-json\/wp\/v2\/media?parent=71051"}],"wp:term":[{"taxonomy":"category","embeddable":true,"href":"https:\/\/www.nebrija.com\/medios\/actualidadnebrija\/wp-json\/wp\/v2\/categories?post=71051"},{"taxonomy":"post_tag","embeddable":true,"href":"https:\/\/www.nebrija.com\/medios\/actualidadnebrija\/wp-json\/wp\/v2\/tags?post=71051"}],"curies":[{"name":"wp","href":"https:\/\/api.w.org\/{rel}","templated":true}]}}