{"id":71188,"date":"2021-05-24T14:04:10","date_gmt":"2021-05-24T12:04:10","guid":{"rendered":"https:\/\/www.nebrija.com\/medios\/actualidadnebrija\/?p=71188"},"modified":"2021-05-24T18:01:05","modified_gmt":"2021-05-24T16:01:05","slug":"nuevos-usos-urbanos-sostenibles-y-utiles-para-el-area-de-delicias","status":"publish","type":"post","link":"https:\/\/www.nebrija.com\/medios\/actualidadnebrija\/2021\/05\/24\/nuevos-usos-urbanos-sostenibles-y-utiles-para-el-area-de-delicias\/","title":{"rendered":"Nuevos usos urbanos sostenibles y \u00fatiles para el \u00e1rea de Delicias"},"content":{"rendered":"<p>La aplicaci\u00f3n pr\u00e1ctica en casos reales de los conceptos te\u00f3ricos adquiridos en las aulas forma parte del adn de la Universidad Nebrija que lleva por bandera la metodolog\u00eda <em>learning by doing.<\/em><\/p>\n<p>Un ejemplo de ello es el \u00faltimo proyecto llevado a cabo en el <a href=\"https:\/\/www.nebrija.com\/programas-postgrado\/master\/arquitectura\/\">Taller Avanzado de Urbanismo del M\u00e1ster en Arquitectura.<\/a> Los alumnos de esta asignatura han realizado una investigaci\u00f3n y un an\u00e1lisis sobre las \u00e1reas de oportunidad o espacios vacantes del \u00e1rea de Delicias, en Madrid, para realizar propuestas de dise\u00f1o urbano y poder dar un nuevo uso a esos espacios que sea m\u00e1s \u00fatil para la sociedad. Estas propuestas se han hecho desde un\u201d contexto de transici\u00f3n energ\u00e9tica, estimulando nuevas alternativas a trav\u00e9s de un desarrollo sostenible y productivo de estos espacios de oportunidad\u201d, explican los profesores Alexandra Delgado, directora el Taller Avanzado de Urbanismo, Juan Tur y Edzo Bindels, arquitectos del estudio West 8 y tambi\u00e9n directores del Taller Avanzado de Urbanismo.<\/p>\n<p>\u201cEl \u00e1rea de estudio e intervenci\u00f3n ser\u00e1 un \u00e1mbito de 20 ha en el entorno del actual Museo del Ferrocarril, antigua Estaci\u00f3n de Delicias, con especial atenci\u00f3n a los espacios vacantes rodeados de una ciudad densa y compleja. Se puede considerar uno de los pocos espacios de oportunidad dentro de la Calle 30 o M-30 en un contexto urbano denso, con la peculiaridad que permite al mismo tiempo dialogar con el pasado industrial y de infraestructuras del sur de Madrid, en una zona en auge en la actualidad.\u201d<\/p>\n<p>El objetivo de este proyecto es \u201cestablecer un nuevo modelo de asentamiento productivo de usos mixtos, de trabajo y residencia, vinculado con la innovaci\u00f3n entorno a las energ\u00edas renovables, y que pueda llegar a convertirse en un referente de barrio sostenible e integrado dentro del paisaje urbano de la ciudad consolidada que lo rodea\u201d.<\/p>\n<p>En las presentaciones de las propuestas, que han llevado a cabo los alumnos en grupos de trabajo estuvo, estuvieron presentes \u2013 adem\u00e1s de los directores del taller- Mariano Fuentes, delegado del \u00c1rea de Desarrollo Urbano Sostenible del Ayuntamiento de Madrid y Daniel Gonz\u00e1lez, arquitecto y asesor t\u00e9cnico del delegado de Desarrollo Urbano Sostenible.<\/p>\n<p>Edzo Bindels dio las gracias a Mariano Fuentes por \u201cdedicar un tiempo a los trabajos de nuestros alumnos\u201d y destac\u00f3 lo interesante del \u00e1rea escogida para hacer las propuestas desde el punto de vista del urbanismo y la arquitectura. Se trata de una zona en la que las \u00e1reas peatonales y para el uso de la bicicleta est\u00e1n muy presentes y es necesario incluirlo en todas las propuestas porque \u201cel objetivo es que bicis, peatones, coches y transporte p\u00fablico puedan convivir\u201d.<\/p>\n<p>Alexandra Delgado tambi\u00e9n asegur\u00f3 que \u201clas estrategias de transici\u00f3n energ\u00e9tica est\u00e1n muy presentes en todas las propuestas porque debemos dise\u00f1ar nuestro futuro introduciendo la naturaleza en las ciudades\u201d.<\/p>\n<p>Las propuestas de los alumnos inclu\u00edan dise\u00f1o para conectar el eje verde de esta zona de Delicias y la ruta ciclista del anillo verde con el centro del \u00e1rea metropolitana de Madrid. Tambi\u00e9n incluyeron nuevos edificios culturales y deportivos y la creaci\u00f3n de fachadas urbanas sostenibles teniendo en cuenta la huella de carbono generado y la vida que ya se lleva a cabo en ese vecindario.<\/p>\n<p>El delegado del \u00c1rea de Desarrollo Urbano Sostenible del Ayuntamiento de Madrid se mostr\u00f3 muy satisfecho con todas las propuestas por el completo an\u00e1lisis previo que hab\u00edan llevado a cabo de la zona. Seg\u00fan Fuentes, todas las propuestas eran muy realistas porque \u201chab\u00e9is entendido muy bien el nexo longitudinal de este proyecto y la conexi\u00f3n con el resto de la ciudad\u201d. Para Fuentes, participar como jurado de estas presentaciones ha sido recordar sus a\u00f1os en las aulas universitarias y la ilusi\u00f3n por crear algo que dejara huella y fuera \u00fatil para la sociedad.<\/p>\n\n\t\t<style type=\"text\/css\">\n\t\t\t#gallery-1 {\n\t\t\t\tmargin: auto;\n\t\t\t}\n\t\t\t#gallery-1 .gallery-item {\n\t\t\t\tfloat: left;\n\t\t\t\tmargin-top: 10px;\n\t\t\t\ttext-align: center;\n\t\t\t\twidth: 25%;\n\t\t\t}\n\t\t\t#gallery-1 img {\n\t\t\t\tborder: 2px solid #cfcfcf;\n\t\t\t}\n\t\t\t#gallery-1 .gallery-caption {\n\t\t\t\tmargin-left: 0;\n\t\t\t}\n\t\t\t\/* see gallery_shortcode() in wp-includes\/media.php *\/\n\t\t<\/style>\n\t\t<div id='gallery-1' class='gallery galleryid-71188 gallery-columns-4 gallery-size-thumbnail'><dl class='gallery-item'>\n\t\t\t<dt class='gallery-icon landscape'>\n\t\t\t\t<a href='https:\/\/www.nebrija.com\/medios\/actualidadnebrija\/wp-content\/uploads\/sites\/2\/2021\/05\/DSC06367-1web.jpg'><img loading=\"lazy\" decoding=\"async\" width=\"150\" height=\"150\" src=\"https:\/\/www.nebrija.com\/medios\/actualidadnebrija\/wp-content\/uploads\/sites\/2\/2021\/05\/DSC06367-1web-150x150.jpg\" class=\"attachment-thumbnail size-thumbnail\" alt=\"Taller Avanzado de Urbanismo del M\u00e1ster en Arquitectura\" \/><\/a>\n\t\t\t<\/dt><\/dl><dl class='gallery-item'>\n\t\t\t<dt class='gallery-icon landscape'>\n\t\t\t\t<a href='https:\/\/www.nebrija.com\/medios\/actualidadnebrija\/wp-content\/uploads\/sites\/2\/2021\/05\/DSC06375-1web.jpg'><img loading=\"lazy\" decoding=\"async\" width=\"150\" height=\"150\" src=\"https:\/\/www.nebrija.com\/medios\/actualidadnebrija\/wp-content\/uploads\/sites\/2\/2021\/05\/DSC06375-1web-150x150.jpg\" class=\"attachment-thumbnail size-thumbnail\" alt=\"Taller Avanzado de Urbanismo del M\u00e1ster en Arquitectura\" \/><\/a>\n\t\t\t<\/dt><\/dl><dl class='gallery-item'>\n\t\t\t<dt class='gallery-icon landscape'>\n\t\t\t\t<a href='https:\/\/www.nebrija.com\/medios\/actualidadnebrija\/wp-content\/uploads\/sites\/2\/2021\/05\/DSC06378-1web.jpg'><img loading=\"lazy\" decoding=\"async\" width=\"150\" height=\"150\" src=\"https:\/\/www.nebrija.com\/medios\/actualidadnebrija\/wp-content\/uploads\/sites\/2\/2021\/05\/DSC06378-1web-150x150.jpg\" class=\"attachment-thumbnail size-thumbnail\" alt=\"Taller Avanzado de Urbanismo del M\u00e1ster en Arquitectura\" \/><\/a>\n\t\t\t<\/dt><\/dl><dl class='gallery-item'>\n\t\t\t<dt class='gallery-icon landscape'>\n\t\t\t\t<a href='https:\/\/www.nebrija.com\/medios\/actualidadnebrija\/wp-content\/uploads\/sites\/2\/2021\/05\/DSC06380-1web.jpg'><img loading=\"lazy\" decoding=\"async\" width=\"150\" height=\"150\" src=\"https:\/\/www.nebrija.com\/medios\/actualidadnebrija\/wp-content\/uploads\/sites\/2\/2021\/05\/DSC06380-1web-150x150.jpg\" class=\"attachment-thumbnail size-thumbnail\" alt=\"Taller Avanzado de Urbanismo del M\u00e1ster en Arquitectura\" \/><\/a>\n\t\t\t<\/dt><\/dl><br style=\"clear: both\" \/><dl class='gallery-item'>\n\t\t\t<dt class='gallery-icon landscape'>\n\t\t\t\t<a href='https:\/\/www.nebrija.com\/medios\/actualidadnebrija\/wp-content\/uploads\/sites\/2\/2021\/05\/DSC06383-1web.jpg'><img loading=\"lazy\" decoding=\"async\" width=\"150\" height=\"150\" src=\"https:\/\/www.nebrija.com\/medios\/actualidadnebrija\/wp-content\/uploads\/sites\/2\/2021\/05\/DSC06383-1web-150x150.jpg\" class=\"attachment-thumbnail size-thumbnail\" alt=\"Taller Avanzado de Urbanismo del M\u00e1ster en Arquitectura\" \/><\/a>\n\t\t\t<\/dt><\/dl><dl class='gallery-item'>\n\t\t\t<dt class='gallery-icon landscape'>\n\t\t\t\t<a href='https:\/\/www.nebrija.com\/medios\/actualidadnebrija\/wp-content\/uploads\/sites\/2\/2021\/05\/DSC06387-1web.jpg'><img loading=\"lazy\" decoding=\"async\" width=\"150\" height=\"150\" src=\"https:\/\/www.nebrija.com\/medios\/actualidadnebrija\/wp-content\/uploads\/sites\/2\/2021\/05\/DSC06387-1web-150x150.jpg\" class=\"attachment-thumbnail size-thumbnail\" alt=\"Taller Avanzado de Urbanismo del M\u00e1ster en Arquitectura\" \/><\/a>\n\t\t\t<\/dt><\/dl><dl class='gallery-item'>\n\t\t\t<dt class='gallery-icon landscape'>\n\t\t\t\t<a href='https:\/\/www.nebrija.com\/medios\/actualidadnebrija\/wp-content\/uploads\/sites\/2\/2021\/05\/DSC06399-1web.jpg'><img loading=\"lazy\" decoding=\"async\" width=\"150\" height=\"150\" src=\"https:\/\/www.nebrija.com\/medios\/actualidadnebrija\/wp-content\/uploads\/sites\/2\/2021\/05\/DSC06399-1web-150x150.jpg\" class=\"attachment-thumbnail size-thumbnail\" alt=\"Taller Avanzado de Urbanismo del M\u00e1ster en Arquitectura\" \/><\/a>\n\t\t\t<\/dt><\/dl><dl class='gallery-item'>\n\t\t\t<dt class='gallery-icon landscape'>\n\t\t\t\t<a href='https:\/\/www.nebrija.com\/medios\/actualidadnebrija\/wp-content\/uploads\/sites\/2\/2021\/05\/DSC06416-1web.jpg'><img loading=\"lazy\" decoding=\"async\" width=\"150\" height=\"150\" src=\"https:\/\/www.nebrija.com\/medios\/actualidadnebrija\/wp-content\/uploads\/sites\/2\/2021\/05\/DSC06416-1web-150x150.jpg\" class=\"attachment-thumbnail size-thumbnail\" alt=\"Taller Avanzado de Urbanismo del M\u00e1ster en Arquitectura\" \/><\/a>\n\t\t\t<\/dt><\/dl><br style=\"clear: both\" \/>\n\t\t<\/div>\n\n","protected":false},"excerpt":{"rendered":"<p>Los alumnos del Taller Avanzado de Urbanismo han presentado sus propuestas sobre nuevos usos para espacios vac\u00edos del \u00e1rea de Delicias al delegado del \u00c1rea de Desarrollo Urbano Sostenible del Ayuntamiento de Madrid.<\/p>\n","protected":false},"author":263,"featured_media":71189,"comment_status":"open","ping_status":"open","sticky":false,"template":"","format":"standard","meta":{"_acf_changed":false,"_monsterinsights_skip_tracking":false,"_monsterinsights_sitenote_active":false,"_monsterinsights_sitenote_note":"","_monsterinsights_sitenote_category":0,"footnotes":""},"categories":[3,3053],"tags":[4490,3673,4489],"acf":[],"yoast_head":"<!-- This site is optimized with the Yoast SEO plugin v22.1 - https:\/\/yoast.com\/wordpress\/plugins\/seo\/ -->\n<title>Nuevos usos urbanos sostenibles y \u00fatiles para el \u00e1rea de Delicias<\/title>\n<meta name=\"description\" content=\"Los alumnos del Taller Avanzado de Urbanismo han presentado sus propuestas sobre nuevos usos para espacios vac\u00edos del \u00e1rea de Delicias al delegado del \u00c1rea de Desarrollo Urbano Sostenible del Ayuntamiento de Madrid.\" \/>\n<meta name=\"robots\" content=\"index, follow, max-snippet:-1, max-image-preview:large, max-video-preview:-1\" \/>\n<link rel=\"canonical\" href=\"https:\/\/www.nebrija.com\/medios\/actualidadnebrija\/2021\/05\/24\/nuevos-usos-urbanos-sostenibles-y-utiles-para-el-area-de-delicias\/\" \/>\n<meta property=\"og:locale\" content=\"es_ES\" \/>\n<meta property=\"og:type\" content=\"article\" \/>\n<meta property=\"og:title\" content=\"Nuevos usos urbanos sostenibles y \u00fatiles para el \u00e1rea de Delicias\" \/>\n<meta property=\"og:description\" content=\"Los alumnos del Taller Avanzado de Urbanismo han presentado sus propuestas sobre nuevos usos para espacios vac\u00edos del \u00e1rea de Delicias al delegado del \u00c1rea de Desarrollo Urbano Sostenible del Ayuntamiento de Madrid.\" \/>\n<meta property=\"og:url\" content=\"https:\/\/www.nebrija.com\/medios\/actualidadnebrija\/2021\/05\/24\/nuevos-usos-urbanos-sostenibles-y-utiles-para-el-area-de-delicias\/\" \/>\n<meta property=\"og:site_name\" content=\"Actualidad Nebrija\" \/>\n<meta property=\"article:published_time\" content=\"2021-05-24T12:04:10+00:00\" \/>\n<meta property=\"article:modified_time\" content=\"2021-05-24T16:01:05+00:00\" \/>\n<meta property=\"og:image\" content=\"https:\/\/www.nebrija.com\/medios\/actualidadnebrija\/wp-content\/uploads\/sites\/2\/2021\/05\/DSC06367-1web.jpg\" \/>\n\t<meta property=\"og:image:width\" content=\"1100\" \/>\n\t<meta property=\"og:image:height\" content=\"734\" \/>\n\t<meta property=\"og:image:type\" content=\"image\/jpeg\" \/>\n<meta name=\"author\" content=\"pmartinezma\" \/>\n<meta name=\"twitter:card\" content=\"summary_large_image\" \/>\n<meta name=\"twitter:label1\" content=\"Escrito por\" \/>\n\t<meta name=\"twitter:data1\" content=\"pmartinezma\" \/>\n\t<meta name=\"twitter:label2\" content=\"Tiempo de lectura\" \/>\n\t<meta name=\"twitter:data2\" content=\"3 minutos\" \/>\n<!-- \/ Yoast SEO plugin. -->","yoast_head_json":{"title":"Nuevos usos urbanos sostenibles y \u00fatiles para el \u00e1rea de Delicias","description":"Los alumnos del Taller Avanzado de Urbanismo han presentado sus propuestas sobre nuevos usos para espacios vac\u00edos del \u00e1rea de Delicias al delegado del \u00c1rea de Desarrollo Urbano Sostenible del Ayuntamiento de Madrid.","robots":{"index":"index","follow":"follow","max-snippet":"max-snippet:-1","max-image-preview":"max-image-preview:large","max-video-preview":"max-video-preview:-1"},"canonical":"https:\/\/www.nebrija.com\/medios\/actualidadnebrija\/2021\/05\/24\/nuevos-usos-urbanos-sostenibles-y-utiles-para-el-area-de-delicias\/","og_locale":"es_ES","og_type":"article","og_title":"Nuevos usos urbanos sostenibles y \u00fatiles para el \u00e1rea de Delicias","og_description":"Los alumnos del Taller Avanzado de Urbanismo han presentado sus propuestas sobre nuevos usos para espacios vac\u00edos del \u00e1rea de Delicias al delegado del \u00c1rea de Desarrollo Urbano Sostenible del Ayuntamiento de Madrid.","og_url":"https:\/\/www.nebrija.com\/medios\/actualidadnebrija\/2021\/05\/24\/nuevos-usos-urbanos-sostenibles-y-utiles-para-el-area-de-delicias\/","og_site_name":"Actualidad Nebrija","article_published_time":"2021-05-24T12:04:10+00:00","article_modified_time":"2021-05-24T16:01:05+00:00","og_image":[{"width":1100,"height":734,"url":"https:\/\/www.nebrija.com\/medios\/actualidadnebrija\/wp-content\/uploads\/sites\/2\/2021\/05\/DSC06367-1web.jpg","type":"image\/jpeg"}],"author":"pmartinezma","twitter_card":"summary_large_image","twitter_misc":{"Escrito por":"pmartinezma","Tiempo de lectura":"3 minutos"},"schema":{"@context":"https:\/\/schema.org","@graph":[{"@type":"WebPage","@id":"https:\/\/www.nebrija.com\/medios\/actualidadnebrija\/2021\/05\/24\/nuevos-usos-urbanos-sostenibles-y-utiles-para-el-area-de-delicias\/","url":"https:\/\/www.nebrija.com\/medios\/actualidadnebrija\/2021\/05\/24\/nuevos-usos-urbanos-sostenibles-y-utiles-para-el-area-de-delicias\/","name":"Nuevos usos urbanos sostenibles y \u00fatiles para el \u00e1rea de Delicias","isPartOf":{"@id":"https:\/\/www.nebrija.com\/medios\/actualidadnebrija\/#website"},"datePublished":"2021-05-24T12:04:10+00:00","dateModified":"2021-05-24T16:01:05+00:00","author":{"@id":"https:\/\/www.nebrija.com\/medios\/actualidadnebrija\/#\/schema\/person\/eece520e53a2d6b773c896d785ca10ad"},"description":"Los alumnos del Taller Avanzado de Urbanismo han presentado sus propuestas sobre nuevos usos para espacios vac\u00edos del \u00e1rea de Delicias al delegado del \u00c1rea de Desarrollo Urbano Sostenible del Ayuntamiento de Madrid.","breadcrumb":{"@id":"https:\/\/www.nebrija.com\/medios\/actualidadnebrija\/2021\/05\/24\/nuevos-usos-urbanos-sostenibles-y-utiles-para-el-area-de-delicias\/#breadcrumb"},"inLanguage":"es","potentialAction":[{"@type":"ReadAction","target":["https:\/\/www.nebrija.com\/medios\/actualidadnebrija\/2021\/05\/24\/nuevos-usos-urbanos-sostenibles-y-utiles-para-el-area-de-delicias\/"]}]},{"@type":"BreadcrumbList","@id":"https:\/\/www.nebrija.com\/medios\/actualidadnebrija\/2021\/05\/24\/nuevos-usos-urbanos-sostenibles-y-utiles-para-el-area-de-delicias\/#breadcrumb","itemListElement":[{"@type":"ListItem","position":1,"name":"Home","item":"https:\/\/www.nebrija.com\/medios\/actualidadnebrija\/"},{"@type":"ListItem","position":2,"name":"Nuevos usos urbanos sostenibles y \u00fatiles para el \u00e1rea de Delicias"}]},{"@type":"WebSite","@id":"https:\/\/www.nebrija.com\/medios\/actualidadnebrija\/#website","url":"https:\/\/www.nebrija.com\/medios\/actualidadnebrija\/","name":"Actualidad Nebrija","description":"Noticias de la Universidad Nebrija","potentialAction":[{"@type":"SearchAction","target":{"@type":"EntryPoint","urlTemplate":"https:\/\/www.nebrija.com\/medios\/actualidadnebrija\/?s={search_term_string}"},"query-input":"required name=search_term_string"}],"inLanguage":"es"},{"@type":"Person","@id":"https:\/\/www.nebrija.com\/medios\/actualidadnebrija\/#\/schema\/person\/eece520e53a2d6b773c896d785ca10ad","name":"pmartinezma","image":{"@type":"ImageObject","inLanguage":"es","@id":"https:\/\/www.nebrija.com\/medios\/actualidadnebrija\/#\/schema\/person\/image\/","url":"https:\/\/secure.gravatar.com\/avatar\/5feaacc0ce30f23dc14c8724dc28a01f?s=96&d=mm&r=g","contentUrl":"https:\/\/secure.gravatar.com\/avatar\/5feaacc0ce30f23dc14c8724dc28a01f?s=96&d=mm&r=g","caption":"pmartinezma"},"url":"https:\/\/www.nebrija.com\/medios\/actualidadnebrija\/author\/pmartinezma\/"}]}},"_links":{"self":[{"href":"https:\/\/www.nebrija.com\/medios\/actualidadnebrija\/wp-json\/wp\/v2\/posts\/71188"}],"collection":[{"href":"https:\/\/www.nebrija.com\/medios\/actualidadnebrija\/wp-json\/wp\/v2\/posts"}],"about":[{"href":"https:\/\/www.nebrija.com\/medios\/actualidadnebrija\/wp-json\/wp\/v2\/types\/post"}],"author":[{"embeddable":true,"href":"https:\/\/www.nebrija.com\/medios\/actualidadnebrija\/wp-json\/wp\/v2\/users\/263"}],"replies":[{"embeddable":true,"href":"https:\/\/www.nebrija.com\/medios\/actualidadnebrija\/wp-json\/wp\/v2\/comments?post=71188"}],"version-history":[{"count":3,"href":"https:\/\/www.nebrija.com\/medios\/actualidadnebrija\/wp-json\/wp\/v2\/posts\/71188\/revisions"}],"predecessor-version":[{"id":71199,"href":"https:\/\/www.nebrija.com\/medios\/actualidadnebrija\/wp-json\/wp\/v2\/posts\/71188\/revisions\/71199"}],"wp:featuredmedia":[{"embeddable":true,"href":"https:\/\/www.nebrija.com\/medios\/actualidadnebrija\/wp-json\/wp\/v2\/media\/71189"}],"wp:attachment":[{"href":"https:\/\/www.nebrija.com\/medios\/actualidadnebrija\/wp-json\/wp\/v2\/media?parent=71188"}],"wp:term":[{"taxonomy":"category","embeddable":true,"href":"https:\/\/www.nebrija.com\/medios\/actualidadnebrija\/wp-json\/wp\/v2\/categories?post=71188"},{"taxonomy":"post_tag","embeddable":true,"href":"https:\/\/www.nebrija.com\/medios\/actualidadnebrija\/wp-json\/wp\/v2\/tags?post=71188"}],"curies":[{"name":"wp","href":"https:\/\/api.w.org\/{rel}","templated":true}]}}