{"id":71327,"date":"2021-06-01T09:00:51","date_gmt":"2021-06-01T07:00:51","guid":{"rendered":"https:\/\/www.nebrija.com\/medios\/actualidadnebrija\/?p=71327"},"modified":"2021-05-31T17:38:01","modified_gmt":"2021-05-31T15:38:01","slug":"optimismo-y-pesimismo-en-el-trabajo","status":"publish","type":"post","link":"https:\/\/www.nebrija.com\/medios\/actualidadnebrija\/2021\/06\/01\/optimismo-y-pesimismo-en-el-trabajo\/","title":{"rendered":"Optimismo y pesimismo en el trabajo"},"content":{"rendered":"<p>Si te pones a pensar en tu \u00e9poca universitaria y\/o tu experiencia laboral, seguro que llegas a la conclusi\u00f3n de que has estado en contacto con personas que se comportan y piensan de forma muy diferente a la tuya y algunas de ellas te han hecho m\u00e1s llevadero el trabajo que otras. Por eso, desde el <strong>Club Alumni Nebrija<\/strong>, te vamos a contar las pautas para estar a gusto en tu puesto de trabajo y con tus compa\u00f1eros. Te ense\u00f1amos el arte de convertir las discusiones o discrepancias en un espacio en el que podr\u00e1s mejorar tu productividad y tus relaciones.<\/p>\n<p>En el mundo laboral, nos encontramos con un grupo de personas a las que <strong>no hemos elegido como compa\u00f1eros<\/strong>, pero con las que tenemos que convivir 8 horas diarias. Por eso, es importante saber c\u00f3mo relacionarnos y estar a gusto con ellas, as\u00ed como conseguir un buen rendimiento de nuestro trabajo y llegar a los resultados esperados por la empresa.<\/p>\n<p>Si pensamos en una tortilla de patata (resultado del trabajo en grupo), lo fundamental no es el huevo, la patata, la cebolla o el aceite (cada uno de los trabajadores), claro que los componentes son importantes y es necesario hacer que cada uno de ellos desarrolle su potencial, pero, al fin y al cabo, el objetivo es obtener una excelente tortilla. Por eso, hay que saber trabajar en equipo y lidiar con esos puntos de vista diferentes, fomentando \u201cdiscusiones\u201d que lo propicien, diferenci\u00e1ndolo de la connotaci\u00f3n negativa de pelearse que utiliza otro enfoque.<\/p>\n<p>Y, tambi\u00e9n, hay que quitarle la connotaci\u00f3n negativa a discusi\u00f3n. Porque no es lo mismo discutir -intercambiar opiniones- que pelearse.<\/p>\n<p><a href=\"https:\/\/www.nebrija.com\/medios\/actualidadnebrija\/wp-content\/uploads\/sites\/2\/2021\/05\/trabajo.jpg\"><img loading=\"lazy\" decoding=\"async\" class=\"alignleft wp-image-71328 size-medium\" src=\"https:\/\/www.nebrija.com\/medios\/actualidadnebrija\/wp-content\/uploads\/sites\/2\/2021\/05\/trabajo-300x200.jpg\" alt=\"\" width=\"300\" height=\"200\" \/><\/a>A la hora de trabajar en grupo nos encontramos que, hoy en d\u00eda, los <strong>equipos <\/strong>son cada vez m\u00e1s <strong>heterog\u00e9neos, multidisciplinares e intergeneracionales.<\/strong><\/p>\n<p>Esto beneficia la variedad de opiniones, creatividad y puntos de vista, pero sin olvidarse de que el <strong>respeto y la argumentaci\u00f3n,<\/strong> son claves a la hora de realizar un buen trabajo en com\u00fan y fomentar y mantener un buen clima laboral.<\/p>\n<p>Cada persona tiene un <strong>estilo de comunicaci\u00f3n<\/strong> diferente -agresivo, pasivo y asertivo-, pero est\u00e1 claro que la indiferencia, los insultos, las descalificaciones, la cr\u00edtica destructiva y los gritos, no consiguen buenos resultados. Porque no es lo mismo pelearse que compartir opiniones. Antes de llegar a esos niveles, es mejor que salgas a pasear o que emplees estrategias que te sirvan para gestionar esas emociones y as\u00ed, cuando regreses, seguro que la comunicaci\u00f3n ser\u00e1 m\u00e1s productiva.<\/p>\n<p>Para conseguir que las discusiones lleguen a buen puerto y se consiga optimizar los resultados, debemos poner el <strong>foco de atenci\u00f3n en la b\u00fasqueda de soluciones<\/strong>, la anticipaci\u00f3n y <strong>valoraci\u00f3n de los riesgos<\/strong> de cada una de las acciones que se quieran tomar y, sobre todo, centrar nuestras acciones en aquellas <strong>variables <\/strong>en las que tengamos el <strong>control<\/strong> para cambiar. La polarizaci\u00f3n y los extremos son cualidades que afectan de forma negativa al grupo, aportando esa rigidez mental que carece de objetivismo a la hora de relativizar y aportar soluciones.<\/p>\n<h2>Fases en una discusi\u00f3n cr\u00edtica<\/h2>\n<p><a href=\"https:\/\/www.nebrija.com\/medios\/actualidadnebrija\/wp-content\/uploads\/sites\/2\/2021\/05\/grafico-1.png\"><img loading=\"lazy\" decoding=\"async\" class=\"size-medium wp-image-71329 alignleft\" src=\"https:\/\/www.nebrija.com\/medios\/actualidadnebrija\/wp-content\/uploads\/sites\/2\/2021\/05\/grafico-1-300x171.png\" alt=\"\" width=\"300\" height=\"171\" \/><\/a>Para llevar a cabo una buena discusi\u00f3n cr\u00edtica resolviendo las dudas y viendo los diferentes puntos de vista para llegar a la soluci\u00f3n \u00f3ptima, es recomendable seguir las siguientes fases sucesivas:<\/p>\n<p>&nbsp;<\/p>\n<p><a href=\"https:\/\/www.nebrija.com\/medios\/actualidadnebrija\/wp-content\/uploads\/sites\/2\/2021\/05\/tabla-1.png\"><img loading=\"lazy\" decoding=\"async\" class=\"alignnone wp-image-71330 size-full\" src=\"https:\/\/www.nebrija.com\/medios\/actualidadnebrija\/wp-content\/uploads\/sites\/2\/2021\/05\/tabla-1.png\" alt=\"\" width=\"581\" height=\"241\" \/><\/a><\/p>\n<p>La persona que se comporta de forma <strong>positiva<\/strong> no piensa que en el trabajo no haya problemas ni tiene una visi\u00f3n id\u00edlica y poco realista. <strong>Sabe que puede fracasar<\/strong>, no se vuelve inmune, pero tiene capacidad de reacci\u00f3n y asume el error como parte del proceso, a lo que llamamos resiliencia<strong>.<\/strong> Se centra en <strong>crear oportunidades<\/strong>, en saber <strong>analizar la situaci\u00f3n<\/strong> y poner el foco en aquellos aspectos en los que tiene el <strong>control<\/strong>.<\/p>\n<p>La <strong>constancia y la perseverancia<\/strong> son algunas de sus competencias m\u00e1s destacadas, saben que el factor suerte depende en un mayor porcentaje de sus acciones y su forma de pensar y perspectiva. Lo importante no es si vemos el vaso medio lleno o medio vac\u00edo, lo verdaderamente importante es si lo est\u00e1s llenando o vaciando.<\/p>\n<p>Y t\u00fa, \u00bfTe consideras una persona que se comporta de forma optimista? Si tienes dudas acerca de c\u00f3mo manejar tus emociones en tu puesto de trabajo, te recomendamos que eches un vistazo al art\u00edculo de <a href=\"https:\/\/www.nebrija.com\/medios\/actualidadnebrija\/2021\/02\/23\/primeros-auxilios-emocionales-como-enfrentar-la-vida-y-los-retos-profesionales-en-momentos-de-incertidumbre\/\">Gesti\u00f3n emocional<\/a><\/p>\n<p>Recuerda que desde el Club Alumni Nebrija, te ayudamos a trav\u00e9s del servicio de asesoramiento laboral. Pide m\u00e1s informaci\u00f3n en alumni@nebrija.es<\/p>\n<p>\u00a1Nos vemos en el siguiente art\u00edculo!<\/p>\n<p><em>Autora:\u00a0 Sonia Mediavilla Mart\u00edn. Club Alumni Nebrija<\/em><\/p>\n","protected":false},"excerpt":{"rendered":"<p>Si te pones a pensar en tu \u00e9poca universitaria y\/o tu experiencia laboral, seguro que llegas a la conclusi\u00f3n de que has estado en contacto con personas que se comportan y piensan de forma muy diferente a la tuya y<\/p>\n","protected":false},"author":263,"featured_media":71331,"comment_status":"open","ping_status":"open","sticky":false,"template":"","format":"standard","meta":{"_acf_changed":false,"_monsterinsights_skip_tracking":false,"_monsterinsights_sitenote_active":false,"_monsterinsights_sitenote_note":"","_monsterinsights_sitenote_category":0,"footnotes":""},"categories":[3100],"tags":[],"acf":[],"yoast_head":"<!-- This site is optimized with the Yoast SEO plugin v22.1 - https:\/\/yoast.com\/wordpress\/plugins\/seo\/ -->\n<title>Optimismo y pesimismo en el trabajo - Actualidad Nebrija<\/title>\n<meta name=\"robots\" content=\"index, follow, max-snippet:-1, max-image-preview:large, max-video-preview:-1\" \/>\n<link rel=\"canonical\" href=\"https:\/\/www.nebrija.com\/medios\/actualidadnebrija\/2021\/06\/01\/optimismo-y-pesimismo-en-el-trabajo\/\" \/>\n<meta property=\"og:locale\" content=\"es_ES\" \/>\n<meta property=\"og:type\" content=\"article\" \/>\n<meta property=\"og:title\" content=\"Optimismo y pesimismo en el trabajo - Actualidad Nebrija\" \/>\n<meta property=\"og:description\" content=\"Si te pones a pensar en tu \u00e9poca universitaria y\/o tu experiencia laboral, seguro que llegas a la conclusi\u00f3n de que has estado en contacto con personas que se comportan y piensan de forma muy diferente a la tuya y\" \/>\n<meta property=\"og:url\" content=\"https:\/\/www.nebrija.com\/medios\/actualidadnebrija\/2021\/06\/01\/optimismo-y-pesimismo-en-el-trabajo\/\" \/>\n<meta property=\"og:site_name\" content=\"Actualidad Nebrija\" \/>\n<meta property=\"article:published_time\" content=\"2021-06-01T07:00:51+00:00\" \/>\n<meta property=\"article:modified_time\" content=\"2021-05-31T15:38:01+00:00\" \/>\n<meta property=\"og:image\" content=\"https:\/\/www.nebrija.com\/medios\/actualidadnebrija\/wp-content\/uploads\/sites\/2\/2021\/05\/503d2158-e2b6-46a5-9cc2-593bb360f97b.jpg\" \/>\n\t<meta property=\"og:image:width\" content=\"800\" \/>\n\t<meta property=\"og:image:height\" content=\"467\" \/>\n\t<meta property=\"og:image:type\" content=\"image\/jpeg\" \/>\n<meta name=\"author\" content=\"pmartinezma\" \/>\n<meta name=\"twitter:card\" content=\"summary_large_image\" \/>\n<meta name=\"twitter:label1\" content=\"Escrito por\" \/>\n\t<meta name=\"twitter:data1\" content=\"pmartinezma\" \/>\n\t<meta name=\"twitter:label2\" content=\"Tiempo de lectura\" \/>\n\t<meta name=\"twitter:data2\" content=\"4 minutos\" \/>\n<!-- \/ Yoast SEO plugin. -->","yoast_head_json":{"title":"Optimismo y pesimismo en el trabajo - Actualidad Nebrija","robots":{"index":"index","follow":"follow","max-snippet":"max-snippet:-1","max-image-preview":"max-image-preview:large","max-video-preview":"max-video-preview:-1"},"canonical":"https:\/\/www.nebrija.com\/medios\/actualidadnebrija\/2021\/06\/01\/optimismo-y-pesimismo-en-el-trabajo\/","og_locale":"es_ES","og_type":"article","og_title":"Optimismo y pesimismo en el trabajo - Actualidad Nebrija","og_description":"Si te pones a pensar en tu \u00e9poca universitaria y\/o tu experiencia laboral, seguro que llegas a la conclusi\u00f3n de que has estado en contacto con personas que se comportan y piensan de forma muy diferente a la tuya y","og_url":"https:\/\/www.nebrija.com\/medios\/actualidadnebrija\/2021\/06\/01\/optimismo-y-pesimismo-en-el-trabajo\/","og_site_name":"Actualidad Nebrija","article_published_time":"2021-06-01T07:00:51+00:00","article_modified_time":"2021-05-31T15:38:01+00:00","og_image":[{"width":800,"height":467,"url":"https:\/\/www.nebrija.com\/medios\/actualidadnebrija\/wp-content\/uploads\/sites\/2\/2021\/05\/503d2158-e2b6-46a5-9cc2-593bb360f97b.jpg","type":"image\/jpeg"}],"author":"pmartinezma","twitter_card":"summary_large_image","twitter_misc":{"Escrito por":"pmartinezma","Tiempo de lectura":"4 minutos"},"schema":{"@context":"https:\/\/schema.org","@graph":[{"@type":"WebPage","@id":"https:\/\/www.nebrija.com\/medios\/actualidadnebrija\/2021\/06\/01\/optimismo-y-pesimismo-en-el-trabajo\/","url":"https:\/\/www.nebrija.com\/medios\/actualidadnebrija\/2021\/06\/01\/optimismo-y-pesimismo-en-el-trabajo\/","name":"Optimismo y pesimismo en el trabajo - Actualidad Nebrija","isPartOf":{"@id":"https:\/\/www.nebrija.com\/medios\/actualidadnebrija\/#website"},"datePublished":"2021-06-01T07:00:51+00:00","dateModified":"2021-05-31T15:38:01+00:00","author":{"@id":"https:\/\/www.nebrija.com\/medios\/actualidadnebrija\/#\/schema\/person\/eece520e53a2d6b773c896d785ca10ad"},"breadcrumb":{"@id":"https:\/\/www.nebrija.com\/medios\/actualidadnebrija\/2021\/06\/01\/optimismo-y-pesimismo-en-el-trabajo\/#breadcrumb"},"inLanguage":"es","potentialAction":[{"@type":"ReadAction","target":["https:\/\/www.nebrija.com\/medios\/actualidadnebrija\/2021\/06\/01\/optimismo-y-pesimismo-en-el-trabajo\/"]}]},{"@type":"BreadcrumbList","@id":"https:\/\/www.nebrija.com\/medios\/actualidadnebrija\/2021\/06\/01\/optimismo-y-pesimismo-en-el-trabajo\/#breadcrumb","itemListElement":[{"@type":"ListItem","position":1,"name":"Home","item":"https:\/\/www.nebrija.com\/medios\/actualidadnebrija\/"},{"@type":"ListItem","position":2,"name":"Optimismo y pesimismo en el trabajo"}]},{"@type":"WebSite","@id":"https:\/\/www.nebrija.com\/medios\/actualidadnebrija\/#website","url":"https:\/\/www.nebrija.com\/medios\/actualidadnebrija\/","name":"Actualidad Nebrija","description":"Noticias de la Universidad Nebrija","potentialAction":[{"@type":"SearchAction","target":{"@type":"EntryPoint","urlTemplate":"https:\/\/www.nebrija.com\/medios\/actualidadnebrija\/?s={search_term_string}"},"query-input":"required name=search_term_string"}],"inLanguage":"es"},{"@type":"Person","@id":"https:\/\/www.nebrija.com\/medios\/actualidadnebrija\/#\/schema\/person\/eece520e53a2d6b773c896d785ca10ad","name":"pmartinezma","image":{"@type":"ImageObject","inLanguage":"es","@id":"https:\/\/www.nebrija.com\/medios\/actualidadnebrija\/#\/schema\/person\/image\/","url":"https:\/\/secure.gravatar.com\/avatar\/5feaacc0ce30f23dc14c8724dc28a01f?s=96&d=mm&r=g","contentUrl":"https:\/\/secure.gravatar.com\/avatar\/5feaacc0ce30f23dc14c8724dc28a01f?s=96&d=mm&r=g","caption":"pmartinezma"},"url":"https:\/\/www.nebrija.com\/medios\/actualidadnebrija\/author\/pmartinezma\/"}]}},"_links":{"self":[{"href":"https:\/\/www.nebrija.com\/medios\/actualidadnebrija\/wp-json\/wp\/v2\/posts\/71327"}],"collection":[{"href":"https:\/\/www.nebrija.com\/medios\/actualidadnebrija\/wp-json\/wp\/v2\/posts"}],"about":[{"href":"https:\/\/www.nebrija.com\/medios\/actualidadnebrija\/wp-json\/wp\/v2\/types\/post"}],"author":[{"embeddable":true,"href":"https:\/\/www.nebrija.com\/medios\/actualidadnebrija\/wp-json\/wp\/v2\/users\/263"}],"replies":[{"embeddable":true,"href":"https:\/\/www.nebrija.com\/medios\/actualidadnebrija\/wp-json\/wp\/v2\/comments?post=71327"}],"version-history":[{"count":2,"href":"https:\/\/www.nebrija.com\/medios\/actualidadnebrija\/wp-json\/wp\/v2\/posts\/71327\/revisions"}],"predecessor-version":[{"id":71333,"href":"https:\/\/www.nebrija.com\/medios\/actualidadnebrija\/wp-json\/wp\/v2\/posts\/71327\/revisions\/71333"}],"wp:featuredmedia":[{"embeddable":true,"href":"https:\/\/www.nebrija.com\/medios\/actualidadnebrija\/wp-json\/wp\/v2\/media\/71331"}],"wp:attachment":[{"href":"https:\/\/www.nebrija.com\/medios\/actualidadnebrija\/wp-json\/wp\/v2\/media?parent=71327"}],"wp:term":[{"taxonomy":"category","embeddable":true,"href":"https:\/\/www.nebrija.com\/medios\/actualidadnebrija\/wp-json\/wp\/v2\/categories?post=71327"},{"taxonomy":"post_tag","embeddable":true,"href":"https:\/\/www.nebrija.com\/medios\/actualidadnebrija\/wp-json\/wp\/v2\/tags?post=71327"}],"curies":[{"name":"wp","href":"https:\/\/api.w.org\/{rel}","templated":true}]}}