{"id":71771,"date":"2021-06-22T09:00:09","date_gmt":"2021-06-22T07:00:09","guid":{"rendered":"https:\/\/www.nebrija.com\/medios\/actualidadnebrija\/?p=71771"},"modified":"2021-06-21T14:01:33","modified_gmt":"2021-06-21T12:01:33","slug":"formacion-continua-la-clave-del-exito-profesional","status":"publish","type":"post","link":"https:\/\/www.nebrija.com\/medios\/actualidadnebrija\/2021\/06\/22\/formacion-continua-la-clave-del-exito-profesional\/","title":{"rendered":"Formaci\u00f3n continua, la clave del \u00e9xito profesional"},"content":{"rendered":"<p>En pasados art\u00edculos hemos hablado de la tendencia profesional de ser un <a href=\"https:\/\/www.nebrija.com\/medios\/actualidadnebrija\/2021\/02\/12\/nueva-especie-a-la-vista-en-2021-el-camaleon-profesional\/\">trabajador camale\u00f3n<\/a>, tambi\u00e9n os hemos brindado numerosos consejos acerca de <a href=\"https:\/\/www.nebrija.com\/medios\/actualidadnebrija\/2021\/06\/01\/optimismo-y-pesimismo-en-el-trabajo\/\">diferentes aspectos de la vida laboral,<\/a> pero para que el desarrollo profesional sea posible ha de ir, inevitablemente, unido de la formaci\u00f3n continua. <strong>Desde Nebrija Alumni creemos que todo buen profesional que se precie ha de estar actualizado en metodolog\u00edas, herramientas y tendencias del mercado de su sector si quiere llegar a tener \u00e9xito profesional. <\/strong><\/p>\n<p>Esto se aplica a todas las profesiones sin excepci\u00f3n. No se entiende una cirujana que no aprenda nuevas t\u00e9cnicas m\u00e9dicas; un jurista que se quede al margen de las nuevas leyes; un conductor que no sepa manejar nuevos modelos de autom\u00f3viles o una persona de cara al p\u00fablico que no sepa cu\u00e1les son los nuevos productos.<\/p>\n<p><strong>Parece evidente, pero muchas veces se nos olvida que, para moverse al ritmo del mercado, los profesionales necesitan seguir form\u00e1ndose y que el tiempo de estudio no termina all\u00ed donde termina la formaci\u00f3n acad\u00e9mica<\/strong>. Un profesional l\u00edder y demandado tiene que hacerle hueco imperiosamente en su vida laboral a la formaci\u00f3n continua. Desde el Club Alumni Nebrija, como comunidad de talento, tenemos entre nuestras metas trabajar la formaci\u00f3n continua de nuestros egresados. Adem\u00e1s de nuestros m\u00faltiples eventos y formaciones, nos gustar\u00eda brindarte una serie de consejos para que os actualic\u00e9is como profesionales sin que os suponga un quebradero de cabeza o una inversi\u00f3n inasumible de tiempo o dinero. \u00a0As\u00ed, os brindamos tanto estrategias breves que pod\u00e9is implementar en vuestro d\u00eda a d\u00eda como estrategias m\u00e1s puntuales y profundas para mejorar como profesionales.<\/p>\n<h2><strong>Estrategias diarias de formaci\u00f3n continua<\/strong><\/h2>\n<ul>\n<li><strong><em>Feed<\/em><\/strong><strong> de LinkedIn y LinkedIn <em>Learning<\/em><\/strong><\/li>\n<\/ul>\n<p>Una de las maneras m\u00e1s sencillas y c\u00f3modas de mejorar como profesional d\u00eda a d\u00eda sin invertir m\u00e1s de nueve minutos diarios, seg\u00fan un estudio de esta propia red, es LinkedIn \u00bfC\u00f3mo? <strong>Crea un LinkedIn a tu medida. <\/strong>Sigue solo profesionales, empresas, grupos y colectivos de tu sector e inter\u00e9s para que en tu muro principal pueda estar actualizado diariamente con las tendencias y oportunidades laborales. \u00a1S\u00edguenos <a href=\"https:\/\/www.linkedin.com\/company\/alumninebrija\/\">aqu\u00ed<\/a>! \ud83d\ude09<\/p>\n<p>Adem\u00e1s, dentro de LinkedIn se encuentra la funcionalidad <strong>LinkedIn Learning<\/strong> con miles de cursos gratuitos desde pocos minutos a varas horas y diferentes niveles e idiomas para especializarte.<\/p>\n<ul>\n<li><strong>Redes Sociales no profesionales y prensa especializada<\/strong><\/li>\n<\/ul>\n<p>De la misma manera que el algoritmo de LinkedIn te muestra solo un entorno en base a tus intereses, el resto de las redes sociales como YouTube o LinkedIn son a\u00fan m\u00e1s expertas en ello. Por esto, te recomendamos que con una cuenta de correo exclusivamente profesional sigas canales de YouTube, cuentas de Instagram, Facebook, Twitter, Tik Tok, Twitch y las cuentas de prensa especializada dentro de las que est\u00e9n alineadas con tus inter\u00e9s y objetivos profesionales.<\/p>\n<p>El enfoque conviene que sea estrictamente profesional y que lo hagas de manera diferenciada de tus RRSS personales. De esta manera, la vuelta a casa del trabajo puede ser un excelente y sencillo momento para tu formaci\u00f3n continua. Ni que decir tiene que <strong>las cuentas de RRSS Nebrija Alumni te ser\u00e1n de gran ayuda<\/strong> \ud83d\ude09<\/p>\n<ul>\n<li><strong>Formaciones breves y <em>webinars<\/em><\/strong><\/li>\n<\/ul>\n<p>Hoy en d\u00eda, en la mayor\u00eda de las empresas e instituciones ofrecen <strong>formaciones complementarias o contenidos digitales de acceso libre e<\/strong>n muchas ocasiones. Adem\u00e1s, suelen ser breves para que los trabajadores puedan mejorar de manera diaria y r\u00e1pida sus habilidades. En el Club Alumni Nebrija ten\u00e9is formaciones gratuitas en nuestra secci\u00f3n <a href=\"https:\/\/www.instagram.com\/nebrijaalumni\/channel\/\">Instagram TV<\/a> y exclusivas para miembros del club en el campus virtual. Sin duda una manera c\u00f3moda y personalizada de f\u00f3rmate cu\u00e1ndo, d\u00f3nde y desde el dispositivo que quieras.<\/p>\n<ul>\n<li><strong>APPs especializadas <\/strong><\/li>\n<\/ul>\n<p>Muchas veces a trav\u00e9s de un video con el que no podemos interaccionar el aprendizaje no es efectivo, ya que <strong>en ocasiones es necesario \u201caprender haciendo\u201d <\/strong>para la mejora de muchas competencias es imprescindible. En estos casos conviene recurrir a alguna aplicaci\u00f3n espec\u00edfica que te ayude con la mejora de alguna <em>skill <\/em>como programar, dise\u00f1ar o aprender idiomas. Por ejemplo, uno de los beneficios de formar parte de nuestra comunidad de talento es el acceso Premium a la aplicaci\u00f3n de idiomas<a href=\"https:\/\/www.nebrija.com\/alumni-nebrija\/club.php\"> BUSUU<\/a><\/p>\n<h2><strong>Estrategias puntuales de formaci\u00f3n continua especializada <\/strong><\/h2>\n<ul>\n<li><strong>Cursos FUNDAE <\/strong><\/li>\n<\/ul>\n<p>El derecho a la formaci\u00f3n de los trabajadores es un logro esencial recogido en el Estatuto de los Trabajadores que regula toda actividad laboral en Espa\u00f1a. As\u00ed, cada trabajador tiene al menos a 20 horas de formaci\u00f3n al a\u00f1o pagada por la empresa. Esto se ejecuta a trav\u00e9s de la <strong>Fundaci\u00f3n Estatal para la Formaci\u00f3n en el Empleo.<\/strong> Te contaremos m\u00e1s acerca de esto en nuestro SPOOC dentro del <a href=\"https:\/\/campusvirtual.nebrija.es\/\">campus virtual<\/a> \u201cconceptos b\u00e1sicos para tu vida laboral\u201d<em> *Exclusivo para socios del Club Alumni Nebrija.<\/em><\/p>\n<ul>\n<li><strong>Asesoramiento y orientaci\u00f3n profesional especializada <\/strong><\/li>\n<\/ul>\n<p>Sin duda, si se tiene una necesidad formativa concreta o dudas acerca de donde seguir enfocando tu carrera laboral o, por el contrario, si se quiere conseguir objetivo laboral concreto,<strong> la formaci\u00f3n y asesoramiento especializado es una de las mejores opciones para continuar desarrollando la carrera profesional.<\/strong> Si quieres recibir asesoramiento especializado escr\u00edbenos a <a href=\"mailto:alumni@nebrija.es\">alumni@nebrija.es<\/a><\/p>\n<ul>\n<li><strong>Congresos, seminarios, eventos de <em>networking<\/em> espec\u00edficos<\/strong><\/li>\n<\/ul>\n<p>En muchas ocasiones la mejor formaci\u00f3n viene de la mano de los pioneros o profesionales referentes del sector que abrieron camino o crean tendencia profesional esas \u201ceminencias\u201d o <em>speakers<\/em> suele ser posible conocerlos y aprender con ellos <strong>a trav\u00e9s de eventos, congresos, desayunos profesionales<\/strong>\u2026etc. Desde el Club Alumni Nebrija realizamos eventos de <em>networking<\/em> exclusivos como estos. Te sugerimos que est\u00e9s al tanto en<a href=\"https:\/\/actos.nebrija.es\/63171\/detail\/nebrija-alumni-program-ii-edicion.html\"> Actos Nebrija<\/a> y en nuestras redes sociales.<\/p>\n<p><a href=\"https:\/\/www.nebrija.com\/medios\/actualidadnebrija\/wp-content\/uploads\/sites\/2\/2021\/06\/alumni-2.png\"><img loading=\"lazy\" decoding=\"async\" class=\"aligncenter wp-image-71773 size-large\" src=\"https:\/\/www.nebrija.com\/medios\/actualidadnebrija\/wp-content\/uploads\/sites\/2\/2021\/06\/alumni-2-1024x725.png\" alt=\"\" width=\"584\" height=\"413\" \/><\/a><\/p>\n<ul>\n<li><strong>Formaci\u00f3n complementaria acad\u00e9mica<\/strong><\/li>\n<\/ul>\n<p>Una de las opciones cuando se quiere dar un gran giro profesional o un gran avance laboral es volver a formarte a nivel acad\u00e9mico superior. Por ejemplo, con un m\u00e1ster, curso universitario superior, doctorado etc. Estas opciones suponen contar con tiempo y recursos para ello y una planificaci\u00f3n temporal m\u00e1s calmada que puede conllevar cambios vitales importantes. Os recordamos que por formar parte del Club Alumni Nebrija ten\u00e9is<strong> descuentos en segundas titulaciones.<\/strong><\/p>\n<p>Esperamos que esta informaci\u00f3n os sirva de gu\u00eda para seguir form\u00e1ndoos como profesionales. Adem\u00e1s, para complementar vuestro crecimiento os animamos a asistir a la segunda edici\u00f3n de <a href=\"https:\/\/actos.nebrija.es\/63171\/detail\/nebrija-alumni-program-ii-edicion.html\">Nebrija Alumni Program<\/a>. Recordad que vuestra universidad y el Club Alumni Nebrija estamos para ayudaros en todos estos procesos \u00a1Nos vemos en el siguiente art\u00edculo!<\/p>\n<p><em>Autora: Cristina Aparicio Rodr\u00edguez. Club\u00a0Alumni\u00a0Nebrija\u00a0\u00a0<\/em><\/p>\n","protected":false},"excerpt":{"rendered":"<p>En pasados art\u00edculos hemos hablado de la tendencia profesional de ser un trabajador camale\u00f3n, tambi\u00e9n os hemos brindado numerosos consejos acerca de diferentes aspectos de la vida laboral, pero para que el desarrollo profesional sea posible ha de ir, inevitablemente,<\/p>\n","protected":false},"author":263,"featured_media":71774,"comment_status":"open","ping_status":"open","sticky":false,"template":"","format":"standard","meta":{"_acf_changed":false,"_monsterinsights_skip_tracking":false,"_monsterinsights_sitenote_active":false,"_monsterinsights_sitenote_note":"","_monsterinsights_sitenote_category":0,"footnotes":""},"categories":[3100],"tags":[],"acf":[],"yoast_head":"<!-- This site is optimized with the Yoast SEO plugin v22.1 - https:\/\/yoast.com\/wordpress\/plugins\/seo\/ -->\n<title>Formaci\u00f3n continua, la clave del \u00e9xito profesional - Actualidad Nebrija<\/title>\n<meta name=\"robots\" content=\"index, follow, max-snippet:-1, max-image-preview:large, max-video-preview:-1\" \/>\n<link rel=\"canonical\" href=\"https:\/\/www.nebrija.com\/medios\/actualidadnebrija\/2021\/06\/22\/formacion-continua-la-clave-del-exito-profesional\/\" \/>\n<meta property=\"og:locale\" content=\"es_ES\" \/>\n<meta property=\"og:type\" content=\"article\" \/>\n<meta property=\"og:title\" content=\"Formaci\u00f3n continua, la clave del \u00e9xito profesional - Actualidad Nebrija\" \/>\n<meta property=\"og:description\" content=\"En pasados art\u00edculos hemos hablado de la tendencia profesional de ser un trabajador camale\u00f3n, tambi\u00e9n os hemos brindado numerosos consejos acerca de diferentes aspectos de la vida laboral, pero para que el desarrollo profesional sea posible ha de ir, inevitablemente,\" \/>\n<meta property=\"og:url\" content=\"https:\/\/www.nebrija.com\/medios\/actualidadnebrija\/2021\/06\/22\/formacion-continua-la-clave-del-exito-profesional\/\" \/>\n<meta property=\"og:site_name\" content=\"Actualidad Nebrija\" \/>\n<meta property=\"article:published_time\" content=\"2021-06-22T07:00:09+00:00\" \/>\n<meta property=\"article:modified_time\" content=\"2021-06-21T12:01:33+00:00\" \/>\n<meta property=\"og:image\" content=\"https:\/\/www.nebrija.com\/medios\/actualidadnebrija\/wp-content\/uploads\/sites\/2\/2021\/06\/portada-con-letras.png\" \/>\n\t<meta property=\"og:image:width\" content=\"1140\" \/>\n\t<meta property=\"og:image:height\" content=\"503\" \/>\n\t<meta property=\"og:image:type\" content=\"image\/png\" \/>\n<meta name=\"author\" content=\"pmartinezma\" \/>\n<meta name=\"twitter:card\" content=\"summary_large_image\" \/>\n<meta name=\"twitter:label1\" content=\"Escrito por\" \/>\n\t<meta name=\"twitter:data1\" content=\"pmartinezma\" \/>\n\t<meta name=\"twitter:label2\" content=\"Tiempo de lectura\" \/>\n\t<meta name=\"twitter:data2\" content=\"6 minutos\" \/>\n<!-- \/ Yoast SEO plugin. -->","yoast_head_json":{"title":"Formaci\u00f3n continua, la clave del \u00e9xito profesional - Actualidad Nebrija","robots":{"index":"index","follow":"follow","max-snippet":"max-snippet:-1","max-image-preview":"max-image-preview:large","max-video-preview":"max-video-preview:-1"},"canonical":"https:\/\/www.nebrija.com\/medios\/actualidadnebrija\/2021\/06\/22\/formacion-continua-la-clave-del-exito-profesional\/","og_locale":"es_ES","og_type":"article","og_title":"Formaci\u00f3n continua, la clave del \u00e9xito profesional - Actualidad Nebrija","og_description":"En pasados art\u00edculos hemos hablado de la tendencia profesional de ser un trabajador camale\u00f3n, tambi\u00e9n os hemos brindado numerosos consejos acerca de diferentes aspectos de la vida laboral, pero para que el desarrollo profesional sea posible ha de ir, inevitablemente,","og_url":"https:\/\/www.nebrija.com\/medios\/actualidadnebrija\/2021\/06\/22\/formacion-continua-la-clave-del-exito-profesional\/","og_site_name":"Actualidad Nebrija","article_published_time":"2021-06-22T07:00:09+00:00","article_modified_time":"2021-06-21T12:01:33+00:00","og_image":[{"width":1140,"height":503,"url":"https:\/\/www.nebrija.com\/medios\/actualidadnebrija\/wp-content\/uploads\/sites\/2\/2021\/06\/portada-con-letras.png","type":"image\/png"}],"author":"pmartinezma","twitter_card":"summary_large_image","twitter_misc":{"Escrito por":"pmartinezma","Tiempo de lectura":"6 minutos"},"schema":{"@context":"https:\/\/schema.org","@graph":[{"@type":"WebPage","@id":"https:\/\/www.nebrija.com\/medios\/actualidadnebrija\/2021\/06\/22\/formacion-continua-la-clave-del-exito-profesional\/","url":"https:\/\/www.nebrija.com\/medios\/actualidadnebrija\/2021\/06\/22\/formacion-continua-la-clave-del-exito-profesional\/","name":"Formaci\u00f3n continua, la clave del \u00e9xito profesional - Actualidad Nebrija","isPartOf":{"@id":"https:\/\/www.nebrija.com\/medios\/actualidadnebrija\/#website"},"datePublished":"2021-06-22T07:00:09+00:00","dateModified":"2021-06-21T12:01:33+00:00","author":{"@id":"https:\/\/www.nebrija.com\/medios\/actualidadnebrija\/#\/schema\/person\/eece520e53a2d6b773c896d785ca10ad"},"breadcrumb":{"@id":"https:\/\/www.nebrija.com\/medios\/actualidadnebrija\/2021\/06\/22\/formacion-continua-la-clave-del-exito-profesional\/#breadcrumb"},"inLanguage":"es","potentialAction":[{"@type":"ReadAction","target":["https:\/\/www.nebrija.com\/medios\/actualidadnebrija\/2021\/06\/22\/formacion-continua-la-clave-del-exito-profesional\/"]}]},{"@type":"BreadcrumbList","@id":"https:\/\/www.nebrija.com\/medios\/actualidadnebrija\/2021\/06\/22\/formacion-continua-la-clave-del-exito-profesional\/#breadcrumb","itemListElement":[{"@type":"ListItem","position":1,"name":"Home","item":"https:\/\/www.nebrija.com\/medios\/actualidadnebrija\/"},{"@type":"ListItem","position":2,"name":"Formaci\u00f3n continua, la clave del \u00e9xito profesional"}]},{"@type":"WebSite","@id":"https:\/\/www.nebrija.com\/medios\/actualidadnebrija\/#website","url":"https:\/\/www.nebrija.com\/medios\/actualidadnebrija\/","name":"Actualidad Nebrija","description":"Noticias de la Universidad Nebrija","potentialAction":[{"@type":"SearchAction","target":{"@type":"EntryPoint","urlTemplate":"https:\/\/www.nebrija.com\/medios\/actualidadnebrija\/?s={search_term_string}"},"query-input":"required name=search_term_string"}],"inLanguage":"es"},{"@type":"Person","@id":"https:\/\/www.nebrija.com\/medios\/actualidadnebrija\/#\/schema\/person\/eece520e53a2d6b773c896d785ca10ad","name":"pmartinezma","image":{"@type":"ImageObject","inLanguage":"es","@id":"https:\/\/www.nebrija.com\/medios\/actualidadnebrija\/#\/schema\/person\/image\/","url":"https:\/\/secure.gravatar.com\/avatar\/5feaacc0ce30f23dc14c8724dc28a01f?s=96&d=mm&r=g","contentUrl":"https:\/\/secure.gravatar.com\/avatar\/5feaacc0ce30f23dc14c8724dc28a01f?s=96&d=mm&r=g","caption":"pmartinezma"},"url":"https:\/\/www.nebrija.com\/medios\/actualidadnebrija\/author\/pmartinezma\/"}]}},"_links":{"self":[{"href":"https:\/\/www.nebrija.com\/medios\/actualidadnebrija\/wp-json\/wp\/v2\/posts\/71771"}],"collection":[{"href":"https:\/\/www.nebrija.com\/medios\/actualidadnebrija\/wp-json\/wp\/v2\/posts"}],"about":[{"href":"https:\/\/www.nebrija.com\/medios\/actualidadnebrija\/wp-json\/wp\/v2\/types\/post"}],"author":[{"embeddable":true,"href":"https:\/\/www.nebrija.com\/medios\/actualidadnebrija\/wp-json\/wp\/v2\/users\/263"}],"replies":[{"embeddable":true,"href":"https:\/\/www.nebrija.com\/medios\/actualidadnebrija\/wp-json\/wp\/v2\/comments?post=71771"}],"version-history":[{"count":6,"href":"https:\/\/www.nebrija.com\/medios\/actualidadnebrija\/wp-json\/wp\/v2\/posts\/71771\/revisions"}],"predecessor-version":[{"id":71780,"href":"https:\/\/www.nebrija.com\/medios\/actualidadnebrija\/wp-json\/wp\/v2\/posts\/71771\/revisions\/71780"}],"wp:featuredmedia":[{"embeddable":true,"href":"https:\/\/www.nebrija.com\/medios\/actualidadnebrija\/wp-json\/wp\/v2\/media\/71774"}],"wp:attachment":[{"href":"https:\/\/www.nebrija.com\/medios\/actualidadnebrija\/wp-json\/wp\/v2\/media?parent=71771"}],"wp:term":[{"taxonomy":"category","embeddable":true,"href":"https:\/\/www.nebrija.com\/medios\/actualidadnebrija\/wp-json\/wp\/v2\/categories?post=71771"},{"taxonomy":"post_tag","embeddable":true,"href":"https:\/\/www.nebrija.com\/medios\/actualidadnebrija\/wp-json\/wp\/v2\/tags?post=71771"}],"curies":[{"name":"wp","href":"https:\/\/api.w.org\/{rel}","templated":true}]}}