{"id":72221,"date":"2021-07-02T12:10:26","date_gmt":"2021-07-02T10:10:26","guid":{"rendered":"https:\/\/www.nebrija.com\/medios\/actualidadnebrija\/?p=72221"},"modified":"2021-07-05T15:51:29","modified_gmt":"2021-07-05T13:51:29","slug":"alexandra-delgado-publica-un-nuevo-articulo-en-la-revista-ciudad-y-territorio-estudios-territoriales-cytet","status":"publish","type":"post","link":"https:\/\/www.nebrija.com\/medios\/actualidadnebrija\/2021\/07\/02\/alexandra-delgado-publica-un-nuevo-articulo-en-la-revista-ciudad-y-territorio-estudios-territoriales-cytet\/","title":{"rendered":"Alexandra Delgado publica un nuevo art\u00edculo en la \u00abRevista Ciudad y Territorio Estudios Territoriales (CyTET)"},"content":{"rendered":"<p>La profesora Alexandra Delgado, investigadora principal del\u00a0<a href=\"https:\/\/www.nebrija.com\/investigacion-universidad\/grupos\/grupo-arquitectura.php\">Grupo de Investigaci\u00f3n La Arquitectura y el Urbanismo antes las Transformaciones Sociales, Econ\u00f3micas y Territoriales (At-the-oUTSET)<\/a>, ha publicado un nuevo art\u00edculo en el volumen 53, n\u00famero 208, de 2021, en la\u00a0<em style=\"font-weight: inherit;\">Revista Ciudad y Territorio Estudios Territoriales (CyTET)<\/em>, una de las revistas m\u00e1s prestigiosas en nuestro pa\u00eds en Urbanismo.<\/p>\n<p>Este art\u00edculo se ha realizado en el marco de la investigaci\u00f3n sobre sostenibilidad urbana y territorial y su medici\u00f3n a trav\u00e9s de indicadores de la <a href=\"https:\/\/www.nebrija.com\/catedras\/catedra-recuperacion-energia-transporte-superficie\/\">C\u00e1tedra Nebrija-Santander de Tecnolog\u00edas de Transporte Sostenible<\/a>. El art\u00edculo lleva por t\u00edtulo <em>Transformaci\u00f3n territorial y transporte de mercanc\u00edas en la Regi\u00f3n Metropolitana de Madrid: hacia nuevas estrategias de sostenibilidad<\/em>.\u00a0En \u00e9l se aborda la transformaci\u00f3n territorial en\u00a0la escala intermedia en el caso paradigm\u00e1tico de la Comunidad de Madrid. La nueva econom\u00eda y el empleo metropolitano y su relaci\u00f3n con la nueva forma espacial metropolitana conllevan ciertas din\u00e1micas e impactos territoriales. Por ello, se consideran\u00a0espacios de\u00a0centralidad en log\u00edstica y\u00a0transporte de mercanc\u00edas. Ambas cuestiones se relacionan para la integraci\u00f3n de datos de transporte, de energ\u00eda y de emisiones de CO2 en el espacio metropolitano, con el objetivo \u00faltimo de la b\u00fasqueda de nuevos futuros posibles.<\/p>\n<p>El trabajo de Delgado muestra c\u00f3mo las transformaciones territoriales tienen un espacio singular de representaci\u00f3n en las \u00e1reas metropolitanas en el desarrollo de su papel como espacios de aglomeraci\u00f3n, consumo y proximidad. Esto repercute en el despliegue territorial de una serie de infraestructuras donde cobran inter\u00e9s por su funci\u00f3n las relacionadas con el transporte de mercanc\u00edas. Si en el an\u00e1lisis del marco estatal espa\u00f1ol se observa el fuerte crecimiento de las infraestructuras mayor aun que el aumento de la movilidad interior de mercanc\u00edas, la Regi\u00f3n Metropolitana de Madrid muestra un perfil diferenciado habiendo aumentado a\u00fan m\u00e1s el transporte de mercanc\u00edas que la ocupaci\u00f3n de suelo artificial, que ha sido significativa. Destaca el declive del transporte de mercanc\u00edas por ferrocarril frente al modo por carretera lo que incide en las emisiones de CO<sub style=\"font-style: inherit; font-weight: inherit;\">2<\/sub>\u00a0y hace necesario plantear nuevas estrategias de sostenibilidad.<\/p>\n<p>El art\u00edculo puede leerse <a href=\"https:\/\/doi.org\/10.37230\/CyTET.2021.208.04\">aqu\u00ed.<\/a><\/p>\n","protected":false},"excerpt":{"rendered":"<p>Este art\u00edculo se ha realizado en el marco de la investigaci\u00f3n sobre sostenibilidad urbana y territorial y su medici\u00f3n a trav\u00e9s de indicadores de la C\u00e1tedra Nebrija-Santander de Tecnolog\u00edas de Transporte Sostenible.<\/p>\n","protected":false},"author":263,"featured_media":72284,"comment_status":"open","ping_status":"open","sticky":false,"template":"","format":"standard","meta":{"_acf_changed":false,"_monsterinsights_skip_tracking":false,"_monsterinsights_sitenote_active":false,"_monsterinsights_sitenote_note":"","_monsterinsights_sitenote_category":0,"footnotes":""},"categories":[3,3053,3064],"tags":[4412,3315,3347,4566,3311],"acf":[],"yoast_head":"<!-- This site is optimized with the Yoast SEO plugin v22.1 - https:\/\/yoast.com\/wordpress\/plugins\/seo\/ -->\n<title>Alexandra Delgado publica un nuevo art\u00edculo en la \u00abRevista Ciudad y Territorio Estudios Territoriales (CyTET)<\/title>\n<meta name=\"description\" content=\"Este art\u00edculo se ha realizado en el marco de la investigaci\u00f3n sobre sostenibilidad urbana y territorial y su medici\u00f3n a trav\u00e9s de indicadores de la C\u00e1tedra Nebrija-Santander de Tecnolog\u00edas de Transporte Sostenible.\" \/>\n<meta name=\"robots\" content=\"index, follow, max-snippet:-1, max-image-preview:large, max-video-preview:-1\" \/>\n<link rel=\"canonical\" href=\"https:\/\/www.nebrija.com\/medios\/actualidadnebrija\/2021\/07\/02\/alexandra-delgado-publica-un-nuevo-articulo-en-la-revista-ciudad-y-territorio-estudios-territoriales-cytet\/\" \/>\n<meta property=\"og:locale\" content=\"es_ES\" \/>\n<meta property=\"og:type\" content=\"article\" \/>\n<meta property=\"og:title\" content=\"Alexandra Delgado publica un nuevo art\u00edculo en la \u00abRevista Ciudad y Territorio Estudios Territoriales (CyTET)\" \/>\n<meta property=\"og:description\" content=\"Este art\u00edculo se ha realizado en el marco de la investigaci\u00f3n sobre sostenibilidad urbana y territorial y su medici\u00f3n a trav\u00e9s de indicadores de la C\u00e1tedra Nebrija-Santander de Tecnolog\u00edas de Transporte Sostenible.\" \/>\n<meta property=\"og:url\" content=\"https:\/\/www.nebrija.com\/medios\/actualidadnebrija\/2021\/07\/02\/alexandra-delgado-publica-un-nuevo-articulo-en-la-revista-ciudad-y-territorio-estudios-territoriales-cytet\/\" \/>\n<meta property=\"og:site_name\" content=\"Actualidad Nebrija\" \/>\n<meta property=\"article:published_time\" content=\"2021-07-02T10:10:26+00:00\" \/>\n<meta property=\"article:modified_time\" content=\"2021-07-05T13:51:29+00:00\" \/>\n<meta property=\"og:image\" content=\"https:\/\/www.nebrija.com\/medios\/actualidadnebrija\/wp-content\/uploads\/sites\/2\/2021\/07\/alexandra-delgado-787x459-1.jpg\" \/>\n\t<meta property=\"og:image:width\" content=\"787\" \/>\n\t<meta property=\"og:image:height\" content=\"459\" \/>\n\t<meta property=\"og:image:type\" content=\"image\/jpeg\" \/>\n<meta name=\"author\" content=\"pmartinezma\" \/>\n<meta name=\"twitter:card\" content=\"summary_large_image\" \/>\n<meta name=\"twitter:label1\" content=\"Escrito por\" \/>\n\t<meta name=\"twitter:data1\" content=\"pmartinezma\" \/>\n\t<meta name=\"twitter:label2\" content=\"Tiempo de lectura\" \/>\n\t<meta name=\"twitter:data2\" content=\"2 minutos\" \/>\n<!-- \/ Yoast SEO plugin. -->","yoast_head_json":{"title":"Alexandra Delgado publica un nuevo art\u00edculo en la \u00abRevista Ciudad y Territorio Estudios Territoriales (CyTET)","description":"Este art\u00edculo se ha realizado en el marco de la investigaci\u00f3n sobre sostenibilidad urbana y territorial y su medici\u00f3n a trav\u00e9s de indicadores de la C\u00e1tedra Nebrija-Santander de Tecnolog\u00edas de Transporte Sostenible.","robots":{"index":"index","follow":"follow","max-snippet":"max-snippet:-1","max-image-preview":"max-image-preview:large","max-video-preview":"max-video-preview:-1"},"canonical":"https:\/\/www.nebrija.com\/medios\/actualidadnebrija\/2021\/07\/02\/alexandra-delgado-publica-un-nuevo-articulo-en-la-revista-ciudad-y-territorio-estudios-territoriales-cytet\/","og_locale":"es_ES","og_type":"article","og_title":"Alexandra Delgado publica un nuevo art\u00edculo en la \u00abRevista Ciudad y Territorio Estudios Territoriales (CyTET)","og_description":"Este art\u00edculo se ha realizado en el marco de la investigaci\u00f3n sobre sostenibilidad urbana y territorial y su medici\u00f3n a trav\u00e9s de indicadores de la C\u00e1tedra Nebrija-Santander de Tecnolog\u00edas de Transporte Sostenible.","og_url":"https:\/\/www.nebrija.com\/medios\/actualidadnebrija\/2021\/07\/02\/alexandra-delgado-publica-un-nuevo-articulo-en-la-revista-ciudad-y-territorio-estudios-territoriales-cytet\/","og_site_name":"Actualidad Nebrija","article_published_time":"2021-07-02T10:10:26+00:00","article_modified_time":"2021-07-05T13:51:29+00:00","og_image":[{"width":787,"height":459,"url":"https:\/\/www.nebrija.com\/medios\/actualidadnebrija\/wp-content\/uploads\/sites\/2\/2021\/07\/alexandra-delgado-787x459-1.jpg","type":"image\/jpeg"}],"author":"pmartinezma","twitter_card":"summary_large_image","twitter_misc":{"Escrito por":"pmartinezma","Tiempo de lectura":"2 minutos"},"schema":{"@context":"https:\/\/schema.org","@graph":[{"@type":"WebPage","@id":"https:\/\/www.nebrija.com\/medios\/actualidadnebrija\/2021\/07\/02\/alexandra-delgado-publica-un-nuevo-articulo-en-la-revista-ciudad-y-territorio-estudios-territoriales-cytet\/","url":"https:\/\/www.nebrija.com\/medios\/actualidadnebrija\/2021\/07\/02\/alexandra-delgado-publica-un-nuevo-articulo-en-la-revista-ciudad-y-territorio-estudios-territoriales-cytet\/","name":"Alexandra Delgado publica un nuevo art\u00edculo en la \u00abRevista Ciudad y Territorio Estudios Territoriales (CyTET)","isPartOf":{"@id":"https:\/\/www.nebrija.com\/medios\/actualidadnebrija\/#website"},"datePublished":"2021-07-02T10:10:26+00:00","dateModified":"2021-07-05T13:51:29+00:00","author":{"@id":"https:\/\/www.nebrija.com\/medios\/actualidadnebrija\/#\/schema\/person\/eece520e53a2d6b773c896d785ca10ad"},"description":"Este art\u00edculo se ha realizado en el marco de la investigaci\u00f3n sobre sostenibilidad urbana y territorial y su medici\u00f3n a trav\u00e9s de indicadores de la C\u00e1tedra Nebrija-Santander de Tecnolog\u00edas de Transporte Sostenible.","breadcrumb":{"@id":"https:\/\/www.nebrija.com\/medios\/actualidadnebrija\/2021\/07\/02\/alexandra-delgado-publica-un-nuevo-articulo-en-la-revista-ciudad-y-territorio-estudios-territoriales-cytet\/#breadcrumb"},"inLanguage":"es","potentialAction":[{"@type":"ReadAction","target":["https:\/\/www.nebrija.com\/medios\/actualidadnebrija\/2021\/07\/02\/alexandra-delgado-publica-un-nuevo-articulo-en-la-revista-ciudad-y-territorio-estudios-territoriales-cytet\/"]}]},{"@type":"BreadcrumbList","@id":"https:\/\/www.nebrija.com\/medios\/actualidadnebrija\/2021\/07\/02\/alexandra-delgado-publica-un-nuevo-articulo-en-la-revista-ciudad-y-territorio-estudios-territoriales-cytet\/#breadcrumb","itemListElement":[{"@type":"ListItem","position":1,"name":"Home","item":"https:\/\/www.nebrija.com\/medios\/actualidadnebrija\/"},{"@type":"ListItem","position":2,"name":"Alexandra Delgado publica un nuevo art\u00edculo en la \u00abRevista Ciudad y Territorio Estudios Territoriales (CyTET)"}]},{"@type":"WebSite","@id":"https:\/\/www.nebrija.com\/medios\/actualidadnebrija\/#website","url":"https:\/\/www.nebrija.com\/medios\/actualidadnebrija\/","name":"Actualidad Nebrija","description":"Noticias de la Universidad Nebrija","potentialAction":[{"@type":"SearchAction","target":{"@type":"EntryPoint","urlTemplate":"https:\/\/www.nebrija.com\/medios\/actualidadnebrija\/?s={search_term_string}"},"query-input":"required name=search_term_string"}],"inLanguage":"es"},{"@type":"Person","@id":"https:\/\/www.nebrija.com\/medios\/actualidadnebrija\/#\/schema\/person\/eece520e53a2d6b773c896d785ca10ad","name":"pmartinezma","image":{"@type":"ImageObject","inLanguage":"es","@id":"https:\/\/www.nebrija.com\/medios\/actualidadnebrija\/#\/schema\/person\/image\/","url":"https:\/\/secure.gravatar.com\/avatar\/5feaacc0ce30f23dc14c8724dc28a01f?s=96&d=mm&r=g","contentUrl":"https:\/\/secure.gravatar.com\/avatar\/5feaacc0ce30f23dc14c8724dc28a01f?s=96&d=mm&r=g","caption":"pmartinezma"},"url":"https:\/\/www.nebrija.com\/medios\/actualidadnebrija\/author\/pmartinezma\/"}]}},"_links":{"self":[{"href":"https:\/\/www.nebrija.com\/medios\/actualidadnebrija\/wp-json\/wp\/v2\/posts\/72221"}],"collection":[{"href":"https:\/\/www.nebrija.com\/medios\/actualidadnebrija\/wp-json\/wp\/v2\/posts"}],"about":[{"href":"https:\/\/www.nebrija.com\/medios\/actualidadnebrija\/wp-json\/wp\/v2\/types\/post"}],"author":[{"embeddable":true,"href":"https:\/\/www.nebrija.com\/medios\/actualidadnebrija\/wp-json\/wp\/v2\/users\/263"}],"replies":[{"embeddable":true,"href":"https:\/\/www.nebrija.com\/medios\/actualidadnebrija\/wp-json\/wp\/v2\/comments?post=72221"}],"version-history":[{"count":2,"href":"https:\/\/www.nebrija.com\/medios\/actualidadnebrija\/wp-json\/wp\/v2\/posts\/72221\/revisions"}],"predecessor-version":[{"id":72223,"href":"https:\/\/www.nebrija.com\/medios\/actualidadnebrija\/wp-json\/wp\/v2\/posts\/72221\/revisions\/72223"}],"wp:featuredmedia":[{"embeddable":true,"href":"https:\/\/www.nebrija.com\/medios\/actualidadnebrija\/wp-json\/wp\/v2\/media\/72284"}],"wp:attachment":[{"href":"https:\/\/www.nebrija.com\/medios\/actualidadnebrija\/wp-json\/wp\/v2\/media?parent=72221"}],"wp:term":[{"taxonomy":"category","embeddable":true,"href":"https:\/\/www.nebrija.com\/medios\/actualidadnebrija\/wp-json\/wp\/v2\/categories?post=72221"},{"taxonomy":"post_tag","embeddable":true,"href":"https:\/\/www.nebrija.com\/medios\/actualidadnebrija\/wp-json\/wp\/v2\/tags?post=72221"}],"curies":[{"name":"wp","href":"https:\/\/api.w.org\/{rel}","templated":true}]}}