{"id":74115,"date":"2021-11-22T12:08:12","date_gmt":"2021-11-22T11:08:12","guid":{"rendered":"https:\/\/www.nebrija.com\/medios\/actualidadnebrija\/?p=74115"},"modified":"2021-11-22T12:08:12","modified_gmt":"2021-11-22T11:08:12","slug":"los-inicios-de-garcia-lorca-como-poeta","status":"publish","type":"post","link":"https:\/\/www.nebrija.com\/medios\/actualidadnebrija\/2021\/11\/22\/los-inicios-de-garcia-lorca-como-poeta\/","title":{"rendered":"Los inicios de Garc\u00eda Lorca como poeta"},"content":{"rendered":"<p>Este a\u00f1o 2021 se cumplen 100 a\u00f1os de la publicaci\u00f3n de las primeras obras de Federico Garc\u00eda Lorca: \u2018Libro de poemas\u2019 y \u2018Poema de cante jondo\u2019.<\/p>\n<p>En este especial, Fernando Carratal\u00e1 Teruel, catedr\u00e1tico y doctor en Filolog\u00eda Hisp\u00e1nica por la Universidad de Murcia, lleva a cabo un trabajo de comentario de texto de algunos poemas extra\u00eddos de dichos libros. A trav\u00e9s de este an\u00e1lisis, el autor pretende acercar a los lectores el \u2018universo Lorca\u2019 desde un punto de vista est\u00e9tico, ling\u00fc\u00edstico y musical.<\/p>\n<p>Si quieres conocer mejor la figura y la obra temprana de Federico Garc\u00eda Lorca, puedes encontrar el art\u00edculo completo<strong><a href=\"http:\/\/biblioteca.nebrija.es\/cgi-bin\/opac\/?TITN=124897\"> <em>Los inicios de Garc\u00eda Lorca como poeta<\/em><\/a><\/strong>\u00a0publicado en el \u2018Bolet\u00edn del Ilustre Colegio Oficial de Doctores y Licenciados en Filosof\u00eda y Letras y en Ciencias\u2019, n. 297 de septiembre-octubre de 2021, en la secci\u00f3n de \u2018Apuntes de lengua castellana y literatura\u2019, que est\u00e1 disponible en formato electr\u00f3nico a trav\u00e9s de nuestro <a href=\"http:\/\/biblioteca.nebrija.es\/cgi-bin\/opac\/?TITN=77997\"><strong>Cat\u00e1logo-OPAC ~ Web Portal<\/strong>.<\/a><\/p>\n","protected":false},"excerpt":{"rendered":"<p>Este a\u00f1o 2021 se cumplen 100 a\u00f1os de la publicaci\u00f3n de las primeras obras de Federico Garc\u00eda Lorca: \u2018Libro de poemas\u2019 y \u2018Poema de cante jondo\u2019. En este especial, Fernando Carratal\u00e1 Teruel, catedr\u00e1tico y doctor en Filolog\u00eda Hisp\u00e1nica por la<\/p>\n","protected":false},"author":263,"featured_media":74116,"comment_status":"open","ping_status":"open","sticky":false,"template":"","format":"standard","meta":{"_acf_changed":false,"_monsterinsights_skip_tracking":false,"_monsterinsights_sitenote_active":false,"_monsterinsights_sitenote_note":"","_monsterinsights_sitenote_category":0,"footnotes":""},"categories":[3063],"tags":[],"acf":[],"yoast_head":"<!-- This site is optimized with the Yoast SEO plugin v22.1 - https:\/\/yoast.com\/wordpress\/plugins\/seo\/ -->\n<title>Los inicios de Garc\u00eda Lorca como poeta - Actualidad Nebrija<\/title>\n<meta name=\"robots\" content=\"index, follow, max-snippet:-1, max-image-preview:large, max-video-preview:-1\" \/>\n<link rel=\"canonical\" href=\"https:\/\/www.nebrija.com\/medios\/actualidadnebrija\/2021\/11\/22\/los-inicios-de-garcia-lorca-como-poeta\/\" \/>\n<meta property=\"og:locale\" content=\"es_ES\" \/>\n<meta property=\"og:type\" content=\"article\" \/>\n<meta property=\"og:title\" content=\"Los inicios de Garc\u00eda Lorca como poeta - Actualidad Nebrija\" \/>\n<meta property=\"og:description\" content=\"Este a\u00f1o 2021 se cumplen 100 a\u00f1os de la publicaci\u00f3n de las primeras obras de Federico Garc\u00eda Lorca: \u2018Libro de poemas\u2019 y \u2018Poema de cante jondo\u2019. En este especial, Fernando Carratal\u00e1 Teruel, catedr\u00e1tico y doctor en Filolog\u00eda Hisp\u00e1nica por la\" \/>\n<meta property=\"og:url\" content=\"https:\/\/www.nebrija.com\/medios\/actualidadnebrija\/2021\/11\/22\/los-inicios-de-garcia-lorca-como-poeta\/\" \/>\n<meta property=\"og:site_name\" content=\"Actualidad Nebrija\" \/>\n<meta property=\"article:published_time\" content=\"2021-11-22T11:08:12+00:00\" \/>\n<meta property=\"og:image\" content=\"https:\/\/www.nebrija.com\/medios\/actualidadnebrija\/wp-content\/uploads\/sites\/2\/2021\/11\/Inicios_Garcia_Lorca.jpg\" \/>\n\t<meta property=\"og:image:width\" content=\"531\" \/>\n\t<meta property=\"og:image:height\" content=\"748\" \/>\n\t<meta property=\"og:image:type\" content=\"image\/jpeg\" \/>\n<meta name=\"author\" content=\"pmartinezma\" \/>\n<meta name=\"twitter:card\" content=\"summary_large_image\" \/>\n<meta name=\"twitter:label1\" content=\"Escrito por\" \/>\n\t<meta name=\"twitter:data1\" content=\"pmartinezma\" \/>\n\t<meta name=\"twitter:label2\" content=\"Tiempo de lectura\" \/>\n\t<meta name=\"twitter:data2\" content=\"1 minuto\" \/>\n<!-- \/ Yoast SEO plugin. -->","yoast_head_json":{"title":"Los inicios de Garc\u00eda Lorca como poeta - Actualidad Nebrija","robots":{"index":"index","follow":"follow","max-snippet":"max-snippet:-1","max-image-preview":"max-image-preview:large","max-video-preview":"max-video-preview:-1"},"canonical":"https:\/\/www.nebrija.com\/medios\/actualidadnebrija\/2021\/11\/22\/los-inicios-de-garcia-lorca-como-poeta\/","og_locale":"es_ES","og_type":"article","og_title":"Los inicios de Garc\u00eda Lorca como poeta - Actualidad Nebrija","og_description":"Este a\u00f1o 2021 se cumplen 100 a\u00f1os de la publicaci\u00f3n de las primeras obras de Federico Garc\u00eda Lorca: \u2018Libro de poemas\u2019 y \u2018Poema de cante jondo\u2019. En este especial, Fernando Carratal\u00e1 Teruel, catedr\u00e1tico y doctor en Filolog\u00eda Hisp\u00e1nica por la","og_url":"https:\/\/www.nebrija.com\/medios\/actualidadnebrija\/2021\/11\/22\/los-inicios-de-garcia-lorca-como-poeta\/","og_site_name":"Actualidad Nebrija","article_published_time":"2021-11-22T11:08:12+00:00","og_image":[{"width":531,"height":748,"url":"https:\/\/www.nebrija.com\/medios\/actualidadnebrija\/wp-content\/uploads\/sites\/2\/2021\/11\/Inicios_Garcia_Lorca.jpg","type":"image\/jpeg"}],"author":"pmartinezma","twitter_card":"summary_large_image","twitter_misc":{"Escrito por":"pmartinezma","Tiempo de lectura":"1 minuto"},"schema":{"@context":"https:\/\/schema.org","@graph":[{"@type":"WebPage","@id":"https:\/\/www.nebrija.com\/medios\/actualidadnebrija\/2021\/11\/22\/los-inicios-de-garcia-lorca-como-poeta\/","url":"https:\/\/www.nebrija.com\/medios\/actualidadnebrija\/2021\/11\/22\/los-inicios-de-garcia-lorca-como-poeta\/","name":"Los inicios de Garc\u00eda Lorca como poeta - Actualidad Nebrija","isPartOf":{"@id":"https:\/\/www.nebrija.com\/medios\/actualidadnebrija\/#website"},"datePublished":"2021-11-22T11:08:12+00:00","dateModified":"2021-11-22T11:08:12+00:00","author":{"@id":"https:\/\/www.nebrija.com\/medios\/actualidadnebrija\/#\/schema\/person\/eece520e53a2d6b773c896d785ca10ad"},"breadcrumb":{"@id":"https:\/\/www.nebrija.com\/medios\/actualidadnebrija\/2021\/11\/22\/los-inicios-de-garcia-lorca-como-poeta\/#breadcrumb"},"inLanguage":"es","potentialAction":[{"@type":"ReadAction","target":["https:\/\/www.nebrija.com\/medios\/actualidadnebrija\/2021\/11\/22\/los-inicios-de-garcia-lorca-como-poeta\/"]}]},{"@type":"BreadcrumbList","@id":"https:\/\/www.nebrija.com\/medios\/actualidadnebrija\/2021\/11\/22\/los-inicios-de-garcia-lorca-como-poeta\/#breadcrumb","itemListElement":[{"@type":"ListItem","position":1,"name":"Home","item":"https:\/\/www.nebrija.com\/medios\/actualidadnebrija\/"},{"@type":"ListItem","position":2,"name":"Los inicios de Garc\u00eda Lorca como poeta"}]},{"@type":"WebSite","@id":"https:\/\/www.nebrija.com\/medios\/actualidadnebrija\/#website","url":"https:\/\/www.nebrija.com\/medios\/actualidadnebrija\/","name":"Actualidad Nebrija","description":"Noticias de la Universidad Nebrija","potentialAction":[{"@type":"SearchAction","target":{"@type":"EntryPoint","urlTemplate":"https:\/\/www.nebrija.com\/medios\/actualidadnebrija\/?s={search_term_string}"},"query-input":"required name=search_term_string"}],"inLanguage":"es"},{"@type":"Person","@id":"https:\/\/www.nebrija.com\/medios\/actualidadnebrija\/#\/schema\/person\/eece520e53a2d6b773c896d785ca10ad","name":"pmartinezma","image":{"@type":"ImageObject","inLanguage":"es","@id":"https:\/\/www.nebrija.com\/medios\/actualidadnebrija\/#\/schema\/person\/image\/","url":"https:\/\/secure.gravatar.com\/avatar\/5feaacc0ce30f23dc14c8724dc28a01f?s=96&d=mm&r=g","contentUrl":"https:\/\/secure.gravatar.com\/avatar\/5feaacc0ce30f23dc14c8724dc28a01f?s=96&d=mm&r=g","caption":"pmartinezma"},"url":"https:\/\/www.nebrija.com\/medios\/actualidadnebrija\/author\/pmartinezma\/"}]}},"_links":{"self":[{"href":"https:\/\/www.nebrija.com\/medios\/actualidadnebrija\/wp-json\/wp\/v2\/posts\/74115"}],"collection":[{"href":"https:\/\/www.nebrija.com\/medios\/actualidadnebrija\/wp-json\/wp\/v2\/posts"}],"about":[{"href":"https:\/\/www.nebrija.com\/medios\/actualidadnebrija\/wp-json\/wp\/v2\/types\/post"}],"author":[{"embeddable":true,"href":"https:\/\/www.nebrija.com\/medios\/actualidadnebrija\/wp-json\/wp\/v2\/users\/263"}],"replies":[{"embeddable":true,"href":"https:\/\/www.nebrija.com\/medios\/actualidadnebrija\/wp-json\/wp\/v2\/comments?post=74115"}],"version-history":[{"count":2,"href":"https:\/\/www.nebrija.com\/medios\/actualidadnebrija\/wp-json\/wp\/v2\/posts\/74115\/revisions"}],"predecessor-version":[{"id":74119,"href":"https:\/\/www.nebrija.com\/medios\/actualidadnebrija\/wp-json\/wp\/v2\/posts\/74115\/revisions\/74119"}],"wp:featuredmedia":[{"embeddable":true,"href":"https:\/\/www.nebrija.com\/medios\/actualidadnebrija\/wp-json\/wp\/v2\/media\/74116"}],"wp:attachment":[{"href":"https:\/\/www.nebrija.com\/medios\/actualidadnebrija\/wp-json\/wp\/v2\/media?parent=74115"}],"wp:term":[{"taxonomy":"category","embeddable":true,"href":"https:\/\/www.nebrija.com\/medios\/actualidadnebrija\/wp-json\/wp\/v2\/categories?post=74115"},{"taxonomy":"post_tag","embeddable":true,"href":"https:\/\/www.nebrija.com\/medios\/actualidadnebrija\/wp-json\/wp\/v2\/tags?post=74115"}],"curies":[{"name":"wp","href":"https:\/\/api.w.org\/{rel}","templated":true}]}}