{"id":74517,"date":"2021-12-13T15:07:01","date_gmt":"2021-12-13T14:07:01","guid":{"rendered":"https:\/\/www.nebrija.com\/medios\/actualidadnebrija\/?p=74517"},"modified":"2021-12-13T15:07:01","modified_gmt":"2021-12-13T14:07:01","slug":"neoclasicismo","status":"publish","type":"post","link":"https:\/\/www.nebrija.com\/medios\/actualidadnebrija\/2021\/12\/13\/neoclasicismo\/","title":{"rendered":"Neoclasicismo"},"content":{"rendered":"<h2>Una vuelta a la pureza clasicista<\/h2>\n<p>\u201cEn un ambiente de profundas transformaciones sociales, pol\u00edticas y econ\u00f3micas, el ocaso del siglo XVIII contempl\u00f3 el fin del Barroco y la eclosi\u00f3n de una nueva forma de expresi\u00f3n art\u00edstica fundamentada en la recuperaci\u00f3n de la Antig\u00fcedad cl\u00e1sica\u201d.<\/p>\n<p>La revista \u201cDescubrir el arte\u201d, especializada en el \u00e1rea de Bellas Artes e Historia del Arte, publica en su n\u00famero de noviembre un especial monogr\u00e1fico sobre el periodo art\u00edstico conocido como Neoclasicismo:<\/p>\n<ul>\n<li>\u00a0Pintura: <em><strong><a href=\"https:\/\/biblioteca.nebrija.es\/cgi-bin\/opac\/?TITN=124835\">El amor a las formas bellas<\/a><\/strong>, <\/em>por Luis Alberto P\u00e9rez Velarde.<\/li>\n<\/ul>\n<p>\u201cRelacionada en sus principios con las corrientes pol\u00edticas y filos\u00f3ficas de la \u00e9poca, y manifiestamente enfrentada a la voluptuosidad del rococ\u00f3, la pintura neocl\u00e1sica defendi\u00f3 el gusto por el equilibrio y el dibujo en las composiciones, lo que le confiri\u00f3 a su vez unos matices fr\u00edos y acad\u00e9micos\u201d.<\/p>\n<ul>\n<li>Escultura:<strong> <em><a href=\"https:\/\/biblioteca.nebrija.es\/cgi-bin\/opac\/?TITN=124837\">Canova y su entorno<\/a>,<\/em><\/strong> por Miguel \u00c1ngel Elvira Barba.<\/li>\n<\/ul>\n<p>\u201cEl nacimiento del neoclasicismo en la escultura, que se suele situar en Roma poco despu\u00e9s de 1780, responde a un planteamiento muy concreto, como fue la b\u00fasqueda por los artistas de la pureza y la bondad que se hallaban en los comienzos de la cultura, es decir, en la Grecia m\u00e1s remota\u201d.<\/p>\n<ul>\n<li>Arquitectura: <strong><a href=\"https:\/\/biblioteca.nebrija.es\/cgi-bin\/opac\/?TITN=124838\"><em>Cultivo de la geometr\u00eda,<\/em><\/a><\/strong> por Jes\u00fas Cantera Montenegro.<\/li>\n<\/ul>\n<p>\u201cEn coherencia con el gusto por la vida natural propio de la \u00e9poca, asistimos a la consolidaci\u00f3n de conceptos como la sencillez estructural de las formas arquitect\u00f3nicas grecorromanas y a la creaci\u00f3n de edificios y ciudades ideales basadas en el uso del cubo y la esfera\u201d.<\/p>\n<ul>\n<li>M\u00fasica: <em><a href=\"https:\/\/biblioteca.nebrija.es\/cgi-bin\/opac\/?TITN=124839\"><strong>Entre sentimiento y raz\u00f3n<\/strong><\/a>,<\/em> por Ruth Piquer Sanclemente.<\/li>\n<\/ul>\n<p>\u201cEn la creaci\u00f3n musical del siglo XVIII est\u00e1n presentes cualidades est\u00e9ticas que se asocian con la universalidad, la familiaridad, el orden o el equilibrio, como respuesta a los ideales de la Ilustraci\u00f3n\u201d.<\/p>\n<p>Si quieres leer los art\u00edculos completos, encontrar\u00e1s la revista en la Biblioteca del Campus de Madrid-Princesa, o consulta nuestro <a href=\"http:\/\/biblioteca.nebrija.es\/cgi-bin\/opac\/?TITN=21945\"><strong>Cat\u00e1logo-OPAC ~ Web Portal<\/strong> <\/a>de la Red de Bibliotecas para localizarla.<\/p>\n","protected":false},"excerpt":{"rendered":"<p>Una vuelta a la pureza clasicista \u201cEn un ambiente de profundas transformaciones sociales, pol\u00edticas y econ\u00f3micas, el ocaso del siglo XVIII contempl\u00f3 el fin del Barroco y la eclosi\u00f3n de una nueva forma de expresi\u00f3n art\u00edstica fundamentada en la recuperaci\u00f3n<\/p>\n","protected":false},"author":263,"featured_media":74518,"comment_status":"open","ping_status":"open","sticky":false,"template":"","format":"standard","meta":{"_acf_changed":false,"_monsterinsights_skip_tracking":false,"_monsterinsights_sitenote_active":false,"_monsterinsights_sitenote_note":"","_monsterinsights_sitenote_category":0,"footnotes":""},"categories":[3063],"tags":[],"acf":[],"yoast_head":"<!-- This site is optimized with the Yoast SEO plugin v22.1 - https:\/\/yoast.com\/wordpress\/plugins\/seo\/ -->\n<title>Neoclasicismo - Actualidad Nebrija<\/title>\n<meta name=\"robots\" content=\"index, follow, max-snippet:-1, max-image-preview:large, max-video-preview:-1\" \/>\n<link rel=\"canonical\" href=\"https:\/\/www.nebrija.com\/medios\/actualidadnebrija\/2021\/12\/13\/neoclasicismo\/\" \/>\n<meta property=\"og:locale\" content=\"es_ES\" \/>\n<meta property=\"og:type\" content=\"article\" \/>\n<meta property=\"og:title\" content=\"Neoclasicismo - Actualidad Nebrija\" \/>\n<meta property=\"og:description\" content=\"Una vuelta a la pureza clasicista \u201cEn un ambiente de profundas transformaciones sociales, pol\u00edticas y econ\u00f3micas, el ocaso del siglo XVIII contempl\u00f3 el fin del Barroco y la eclosi\u00f3n de una nueva forma de expresi\u00f3n art\u00edstica fundamentada en la recuperaci\u00f3n\" \/>\n<meta property=\"og:url\" content=\"https:\/\/www.nebrija.com\/medios\/actualidadnebrija\/2021\/12\/13\/neoclasicismo\/\" \/>\n<meta property=\"og:site_name\" content=\"Actualidad Nebrija\" \/>\n<meta property=\"article:published_time\" content=\"2021-12-13T14:07:01+00:00\" \/>\n<meta property=\"og:image\" content=\"https:\/\/www.nebrija.com\/medios\/actualidadnebrija\/wp-content\/uploads\/sites\/2\/2021\/12\/Neoclasicismo.jpg\" \/>\n\t<meta property=\"og:image:width\" content=\"449\" \/>\n\t<meta property=\"og:image:height\" content=\"596\" \/>\n\t<meta property=\"og:image:type\" content=\"image\/jpeg\" \/>\n<meta name=\"author\" content=\"pmartinezma\" \/>\n<meta name=\"twitter:card\" content=\"summary_large_image\" \/>\n<meta name=\"twitter:label1\" content=\"Escrito por\" \/>\n\t<meta name=\"twitter:data1\" content=\"pmartinezma\" \/>\n\t<meta name=\"twitter:label2\" content=\"Tiempo de lectura\" \/>\n\t<meta name=\"twitter:data2\" content=\"2 minutos\" \/>\n<!-- \/ Yoast SEO plugin. -->","yoast_head_json":{"title":"Neoclasicismo - Actualidad Nebrija","robots":{"index":"index","follow":"follow","max-snippet":"max-snippet:-1","max-image-preview":"max-image-preview:large","max-video-preview":"max-video-preview:-1"},"canonical":"https:\/\/www.nebrija.com\/medios\/actualidadnebrija\/2021\/12\/13\/neoclasicismo\/","og_locale":"es_ES","og_type":"article","og_title":"Neoclasicismo - Actualidad Nebrija","og_description":"Una vuelta a la pureza clasicista \u201cEn un ambiente de profundas transformaciones sociales, pol\u00edticas y econ\u00f3micas, el ocaso del siglo XVIII contempl\u00f3 el fin del Barroco y la eclosi\u00f3n de una nueva forma de expresi\u00f3n art\u00edstica fundamentada en la recuperaci\u00f3n","og_url":"https:\/\/www.nebrija.com\/medios\/actualidadnebrija\/2021\/12\/13\/neoclasicismo\/","og_site_name":"Actualidad Nebrija","article_published_time":"2021-12-13T14:07:01+00:00","og_image":[{"width":449,"height":596,"url":"https:\/\/www.nebrija.com\/medios\/actualidadnebrija\/wp-content\/uploads\/sites\/2\/2021\/12\/Neoclasicismo.jpg","type":"image\/jpeg"}],"author":"pmartinezma","twitter_card":"summary_large_image","twitter_misc":{"Escrito por":"pmartinezma","Tiempo de lectura":"2 minutos"},"schema":{"@context":"https:\/\/schema.org","@graph":[{"@type":"WebPage","@id":"https:\/\/www.nebrija.com\/medios\/actualidadnebrija\/2021\/12\/13\/neoclasicismo\/","url":"https:\/\/www.nebrija.com\/medios\/actualidadnebrija\/2021\/12\/13\/neoclasicismo\/","name":"Neoclasicismo - Actualidad Nebrija","isPartOf":{"@id":"https:\/\/www.nebrija.com\/medios\/actualidadnebrija\/#website"},"datePublished":"2021-12-13T14:07:01+00:00","dateModified":"2021-12-13T14:07:01+00:00","author":{"@id":"https:\/\/www.nebrija.com\/medios\/actualidadnebrija\/#\/schema\/person\/eece520e53a2d6b773c896d785ca10ad"},"breadcrumb":{"@id":"https:\/\/www.nebrija.com\/medios\/actualidadnebrija\/2021\/12\/13\/neoclasicismo\/#breadcrumb"},"inLanguage":"es","potentialAction":[{"@type":"ReadAction","target":["https:\/\/www.nebrija.com\/medios\/actualidadnebrija\/2021\/12\/13\/neoclasicismo\/"]}]},{"@type":"BreadcrumbList","@id":"https:\/\/www.nebrija.com\/medios\/actualidadnebrija\/2021\/12\/13\/neoclasicismo\/#breadcrumb","itemListElement":[{"@type":"ListItem","position":1,"name":"Home","item":"https:\/\/www.nebrija.com\/medios\/actualidadnebrija\/"},{"@type":"ListItem","position":2,"name":"Neoclasicismo"}]},{"@type":"WebSite","@id":"https:\/\/www.nebrija.com\/medios\/actualidadnebrija\/#website","url":"https:\/\/www.nebrija.com\/medios\/actualidadnebrija\/","name":"Actualidad Nebrija","description":"Noticias de la Universidad Nebrija","potentialAction":[{"@type":"SearchAction","target":{"@type":"EntryPoint","urlTemplate":"https:\/\/www.nebrija.com\/medios\/actualidadnebrija\/?s={search_term_string}"},"query-input":"required name=search_term_string"}],"inLanguage":"es"},{"@type":"Person","@id":"https:\/\/www.nebrija.com\/medios\/actualidadnebrija\/#\/schema\/person\/eece520e53a2d6b773c896d785ca10ad","name":"pmartinezma","image":{"@type":"ImageObject","inLanguage":"es","@id":"https:\/\/www.nebrija.com\/medios\/actualidadnebrija\/#\/schema\/person\/image\/","url":"https:\/\/secure.gravatar.com\/avatar\/5feaacc0ce30f23dc14c8724dc28a01f?s=96&d=mm&r=g","contentUrl":"https:\/\/secure.gravatar.com\/avatar\/5feaacc0ce30f23dc14c8724dc28a01f?s=96&d=mm&r=g","caption":"pmartinezma"},"url":"https:\/\/www.nebrija.com\/medios\/actualidadnebrija\/author\/pmartinezma\/"}]}},"_links":{"self":[{"href":"https:\/\/www.nebrija.com\/medios\/actualidadnebrija\/wp-json\/wp\/v2\/posts\/74517"}],"collection":[{"href":"https:\/\/www.nebrija.com\/medios\/actualidadnebrija\/wp-json\/wp\/v2\/posts"}],"about":[{"href":"https:\/\/www.nebrija.com\/medios\/actualidadnebrija\/wp-json\/wp\/v2\/types\/post"}],"author":[{"embeddable":true,"href":"https:\/\/www.nebrija.com\/medios\/actualidadnebrija\/wp-json\/wp\/v2\/users\/263"}],"replies":[{"embeddable":true,"href":"https:\/\/www.nebrija.com\/medios\/actualidadnebrija\/wp-json\/wp\/v2\/comments?post=74517"}],"version-history":[{"count":1,"href":"https:\/\/www.nebrija.com\/medios\/actualidadnebrija\/wp-json\/wp\/v2\/posts\/74517\/revisions"}],"predecessor-version":[{"id":74520,"href":"https:\/\/www.nebrija.com\/medios\/actualidadnebrija\/wp-json\/wp\/v2\/posts\/74517\/revisions\/74520"}],"wp:featuredmedia":[{"embeddable":true,"href":"https:\/\/www.nebrija.com\/medios\/actualidadnebrija\/wp-json\/wp\/v2\/media\/74518"}],"wp:attachment":[{"href":"https:\/\/www.nebrija.com\/medios\/actualidadnebrija\/wp-json\/wp\/v2\/media?parent=74517"}],"wp:term":[{"taxonomy":"category","embeddable":true,"href":"https:\/\/www.nebrija.com\/medios\/actualidadnebrija\/wp-json\/wp\/v2\/categories?post=74517"},{"taxonomy":"post_tag","embeddable":true,"href":"https:\/\/www.nebrija.com\/medios\/actualidadnebrija\/wp-json\/wp\/v2\/tags?post=74517"}],"curies":[{"name":"wp","href":"https:\/\/api.w.org\/{rel}","templated":true}]}}