{"id":75225,"date":"2022-01-31T14:08:11","date_gmt":"2022-01-31T13:08:11","guid":{"rendered":"https:\/\/www.nebrija.com\/medios\/actualidadnebrija\/?p=75225"},"modified":"2022-01-31T14:16:52","modified_gmt":"2022-01-31T13:16:52","slug":"iii-quedada-runmarcha-nebrija","status":"publish","type":"post","link":"https:\/\/www.nebrija.com\/medios\/actualidadnebrija\/2022\/01\/31\/iii-quedada-runmarcha-nebrija\/","title":{"rendered":"III Quedada Run y Marcha Nebrija"},"content":{"rendered":"<h2>La jornada congreg\u00f3 a 40 participantes en una nueva actividad del programa \u201cNebrija Saludable\u201d<\/h2>\n<p>El pasado domingo 30 de enero de 2022 tuvo lugar la III Quedada Run&amp;Marcha Nebrija, organizada por el Club de Deportes con el respaldo de la Fundaci\u00f3n Nebrija.<\/p>\n<p>La jornada congreg\u00f3 a cuarenta participantes entre alumnos y PDI\/PAS de la Universidad en las distintas categor\u00edas y distancias, as\u00ed como colaboradores de la prueba, alumnos del Club de Voluntariado que facilitaron la celebraci\u00f3n de la misma gracias a su ayuda en tareas de avituallamiento, balizaje del recorrido e informaci\u00f3n sobre la acci\u00f3n solidaria asociada a la misma.<\/p>\n<p>A las 11:00 de la ma\u00f1ana, en la madrile\u00f1a Casa de Campo, se dieron cita todos los participantes para completar las distancias de la prueba: 4,5km, 9km y 13,5km, ya fuera corriendo o en formato \u201cmarcha\u201d.<\/p>\n<p>Sobre un circuito de 4,5km, los participantes fueron tomando la salida de manera escalonada, de forma individual o en grupos de un m\u00e1ximo de 8 personas.<\/p>\n<p>Cada participante registraba el recorrido y tiempo empleado en su dispositivo m\u00f3vil y cuando finalizaba su carrera o marcha, lo mostraba a la organizaci\u00f3n, estableci\u00e9ndose las distintas clasificaciones de cada categor\u00eda y distancia:<\/p>\n<p>Marcha<\/p>\n<ol>\n<li>Marta Mart\u00ednez Mallen (Residencias)<\/li>\n<li>\u00c1ngeles Quevedo Atienza (Departamento de Lenguas\/ILM)<\/li>\n<li>Mercedes Pedrajas L\u00f3pez (CAFYD)<\/li>\n<\/ol>\n<p>Running_4,5km<\/p>\n<ol>\n<li>Regina Garc\u00eda Castro (Alumna Club Running)<\/li>\n<li>Pilar Men\u00e9ndez Mart\u00edn<\/li>\n<li>Laura Gal\u00e1n Hidalgo (Global Campus Nebrija)<\/li>\n<\/ol>\n<p>Running_9km<\/p>\n<ol>\n<li>Arturo Marquez Miranda (Facultad de Educaci\u00f3n)<\/li>\n<li>Fernando P\u00e9rez Montes (Departamento de Infraestructuras y Servicios)<\/li>\n<li>Jos\u00e9 Luis Tapia Iglesias (Facultad de Educaci\u00f3n)<\/li>\n<\/ol>\n<p>Running_13,5km<\/p>\n<ol>\n<li>David L\u00f3pez Ovelar (Alumno Club Running)<\/li>\n<li>Blanca Navarro Calbet (Alumna Club Running)<\/li>\n<\/ol>\n<p>La participaci\u00f3n total fue la siguiente:<\/p>\n<ul>\n<li>PAS\/PDI: 28 participantes.<\/li>\n<li>Alumnos: 12 participantes y voluntarios.<\/li>\n<\/ul>\n<p>La jornada se celebr\u00f3 en el marco del compromiso de la Fundaci\u00f3n Antonio de Nebrija con la Agenda 2030 para la consecuci\u00f3n de los Objetivos de Desarrollo Sostenible (ODS) fijados por la Organizaci\u00f3n de Naciones Unidas (ONU), que con acciones como esta, pretende trabajar de manera coordinada para la consecuci\u00f3n de algunos de ellos en el entorno universitario, en este caso:<\/p>\n<ul>\n<li>Objetivo 3: Salud y bienestar entre los empleados de nuestra organizaci\u00f3n.<\/li>\n<li>Objetivo 11 \u2013 Ciudades y Comunidades Sostenibles realizando este tipo de actividades en entornos verdes y con acceso limitado a veh\u00edculos a motor.<\/li>\n<\/ul>\n<p>Pr\u00f3ximas actividades del Programa Saludable para empleados de las entidades Nebrina:<\/p>\n<ul>\n<li>IV Trekking Nebrija \u2013 13 de febrero de 2022\u2013 Sierra de Madrid.<\/li>\n<\/ul>\n<p>M\u00e1s informaci\u00f3n: Servicio de Deportes \u2013\u00a0<a href=\"mailto:deportes@nebrija.es\">deportes@nebrija.es<\/a>\u00a0\u00a0y\u00a0<a href=\"mailto:nebrijasaludable@nebrija.es\">nebrijasaludable@nebrija.es<\/a><\/p>\n<p>Facebook &amp; Twitter: @NebrijaSports<\/p>\n\n\t\t<style type=\"text\/css\">\n\t\t\t#gallery-1 {\n\t\t\t\tmargin: auto;\n\t\t\t}\n\t\t\t#gallery-1 .gallery-item {\n\t\t\t\tfloat: left;\n\t\t\t\tmargin-top: 10px;\n\t\t\t\ttext-align: center;\n\t\t\t\twidth: 20%;\n\t\t\t}\n\t\t\t#gallery-1 img {\n\t\t\t\tborder: 2px solid #cfcfcf;\n\t\t\t}\n\t\t\t#gallery-1 .gallery-caption {\n\t\t\t\tmargin-left: 0;\n\t\t\t}\n\t\t\t\/* see gallery_shortcode() in wp-includes\/media.php *\/\n\t\t<\/style>\n\t\t<div id='gallery-1' class='gallery galleryid-75225 gallery-columns-5 gallery-size-thumbnail'><dl class='gallery-item'>\n\t\t\t<dt class='gallery-icon landscape'>\n\t\t\t\t<a href='https:\/\/www.nebrija.com\/medios\/actualidadnebrija\/wp-content\/uploads\/sites\/2\/2022\/01\/dea1e31d-2f71-46ee-97a7-22939a60cdc5.jpeg'><img loading=\"lazy\" decoding=\"async\" width=\"150\" height=\"150\" src=\"https:\/\/www.nebrija.com\/medios\/actualidadnebrija\/wp-content\/uploads\/sites\/2\/2022\/01\/dea1e31d-2f71-46ee-97a7-22939a60cdc5-150x150.jpeg\" class=\"attachment-thumbnail size-thumbnail\" alt=\"III QUEDADA RUNNING NEBRIJA\" \/><\/a>\n\t\t\t<\/dt><\/dl><dl class='gallery-item'>\n\t\t\t<dt class='gallery-icon landscape'>\n\t\t\t\t<a href='https:\/\/www.nebrija.com\/medios\/actualidadnebrija\/wp-content\/uploads\/sites\/2\/2022\/01\/IMG_5962.jpeg'><img loading=\"lazy\" decoding=\"async\" width=\"150\" height=\"150\" src=\"https:\/\/www.nebrija.com\/medios\/actualidadnebrija\/wp-content\/uploads\/sites\/2\/2022\/01\/IMG_5962-150x150.jpeg\" class=\"attachment-thumbnail size-thumbnail\" alt=\"III QUEDADA RUNNING NEBRIJA\" \/><\/a>\n\t\t\t<\/dt><\/dl><dl class='gallery-item'>\n\t\t\t<dt class='gallery-icon landscape'>\n\t\t\t\t<a href='https:\/\/www.nebrija.com\/medios\/actualidadnebrija\/wp-content\/uploads\/sites\/2\/2022\/01\/IMG_5963.jpeg'><img loading=\"lazy\" decoding=\"async\" width=\"150\" height=\"150\" src=\"https:\/\/www.nebrija.com\/medios\/actualidadnebrija\/wp-content\/uploads\/sites\/2\/2022\/01\/IMG_5963-150x150.jpeg\" class=\"attachment-thumbnail size-thumbnail\" alt=\"III QUEDADA RUNNING NEBRIJA\" \/><\/a>\n\t\t\t<\/dt><\/dl><dl class='gallery-item'>\n\t\t\t<dt class='gallery-icon landscape'>\n\t\t\t\t<a href='https:\/\/www.nebrija.com\/medios\/actualidadnebrija\/wp-content\/uploads\/sites\/2\/2022\/01\/IMG_5964.jpeg'><img loading=\"lazy\" decoding=\"async\" width=\"150\" height=\"150\" src=\"https:\/\/www.nebrija.com\/medios\/actualidadnebrija\/wp-content\/uploads\/sites\/2\/2022\/01\/IMG_5964-150x150.jpeg\" class=\"attachment-thumbnail size-thumbnail\" alt=\"III QUEDADA RUNNING NEBRIJA\" \/><\/a>\n\t\t\t<\/dt><\/dl><dl class='gallery-item'>\n\t\t\t<dt class='gallery-icon landscape'>\n\t\t\t\t<a href='https:\/\/www.nebrija.com\/medios\/actualidadnebrija\/wp-content\/uploads\/sites\/2\/2022\/01\/IMG_5965.jpeg'><img loading=\"lazy\" decoding=\"async\" width=\"150\" height=\"150\" src=\"https:\/\/www.nebrija.com\/medios\/actualidadnebrija\/wp-content\/uploads\/sites\/2\/2022\/01\/IMG_5965-150x150.jpeg\" class=\"attachment-thumbnail size-thumbnail\" alt=\"III QUEDADA RUNNING NEBRIJA\" \/><\/a>\n\t\t\t<\/dt><\/dl><br style=\"clear: both\" \/><dl class='gallery-item'>\n\t\t\t<dt class='gallery-icon landscape'>\n\t\t\t\t<a href='https:\/\/www.nebrija.com\/medios\/actualidadnebrija\/wp-content\/uploads\/sites\/2\/2022\/01\/IMG_5967.jpeg'><img loading=\"lazy\" decoding=\"async\" width=\"150\" height=\"150\" src=\"https:\/\/www.nebrija.com\/medios\/actualidadnebrija\/wp-content\/uploads\/sites\/2\/2022\/01\/IMG_5967-150x150.jpeg\" class=\"attachment-thumbnail size-thumbnail\" alt=\"III QUEDADA RUNNING NEBRIJA\" \/><\/a>\n\t\t\t<\/dt><\/dl><dl class='gallery-item'>\n\t\t\t<dt class='gallery-icon landscape'>\n\t\t\t\t<a href='https:\/\/www.nebrija.com\/medios\/actualidadnebrija\/wp-content\/uploads\/sites\/2\/2022\/01\/IMG_5969.jpeg'><img loading=\"lazy\" decoding=\"async\" width=\"150\" height=\"150\" src=\"https:\/\/www.nebrija.com\/medios\/actualidadnebrija\/wp-content\/uploads\/sites\/2\/2022\/01\/IMG_5969-150x150.jpeg\" class=\"attachment-thumbnail size-thumbnail\" alt=\"III QUEDADA RUNNING NEBRIJA\" \/><\/a>\n\t\t\t<\/dt><\/dl><dl class='gallery-item'>\n\t\t\t<dt class='gallery-icon landscape'>\n\t\t\t\t<a href='https:\/\/www.nebrija.com\/medios\/actualidadnebrija\/wp-content\/uploads\/sites\/2\/2022\/01\/IMG_5971.jpeg'><img loading=\"lazy\" decoding=\"async\" width=\"150\" height=\"150\" src=\"https:\/\/www.nebrija.com\/medios\/actualidadnebrija\/wp-content\/uploads\/sites\/2\/2022\/01\/IMG_5971-150x150.jpeg\" class=\"attachment-thumbnail size-thumbnail\" alt=\"III QUEDADA RUNNING NEBRIJA\" \/><\/a>\n\t\t\t<\/dt><\/dl><dl class='gallery-item'>\n\t\t\t<dt class='gallery-icon landscape'>\n\t\t\t\t<a href='https:\/\/www.nebrija.com\/medios\/actualidadnebrija\/wp-content\/uploads\/sites\/2\/2022\/01\/IMG_5972.jpeg'><img loading=\"lazy\" decoding=\"async\" width=\"150\" height=\"150\" src=\"https:\/\/www.nebrija.com\/medios\/actualidadnebrija\/wp-content\/uploads\/sites\/2\/2022\/01\/IMG_5972-150x150.jpeg\" class=\"attachment-thumbnail size-thumbnail\" alt=\"III QUEDADA RUNNING NEBRIJA\" \/><\/a>\n\t\t\t<\/dt><\/dl><dl class='gallery-item'>\n\t\t\t<dt class='gallery-icon landscape'>\n\t\t\t\t<a href='https:\/\/www.nebrija.com\/medios\/actualidadnebrija\/wp-content\/uploads\/sites\/2\/2022\/01\/IMG_5973.jpeg'><img loading=\"lazy\" decoding=\"async\" width=\"150\" height=\"150\" src=\"https:\/\/www.nebrija.com\/medios\/actualidadnebrija\/wp-content\/uploads\/sites\/2\/2022\/01\/IMG_5973-150x150.jpeg\" class=\"attachment-thumbnail size-thumbnail\" alt=\"III QUEDADA RUNNING NEBRIJA\" \/><\/a>\n\t\t\t<\/dt><\/dl><br style=\"clear: both\" \/><dl class='gallery-item'>\n\t\t\t<dt class='gallery-icon landscape'>\n\t\t\t\t<a href='https:\/\/www.nebrija.com\/medios\/actualidadnebrija\/wp-content\/uploads\/sites\/2\/2022\/01\/IMG_5976.jpeg'><img loading=\"lazy\" decoding=\"async\" width=\"150\" height=\"150\" src=\"https:\/\/www.nebrija.com\/medios\/actualidadnebrija\/wp-content\/uploads\/sites\/2\/2022\/01\/IMG_5976-150x150.jpeg\" class=\"attachment-thumbnail size-thumbnail\" alt=\"III QUEDADA RUNNING NEBRIJA\" \/><\/a>\n\t\t\t<\/dt><\/dl><dl class='gallery-item'>\n\t\t\t<dt class='gallery-icon landscape'>\n\t\t\t\t<a href='https:\/\/www.nebrija.com\/medios\/actualidadnebrija\/wp-content\/uploads\/sites\/2\/2022\/01\/IMG_5978.jpeg'><img loading=\"lazy\" decoding=\"async\" width=\"150\" height=\"150\" src=\"https:\/\/www.nebrija.com\/medios\/actualidadnebrija\/wp-content\/uploads\/sites\/2\/2022\/01\/IMG_5978-150x150.jpeg\" class=\"attachment-thumbnail size-thumbnail\" alt=\"III QUEDADA RUNNING NEBRIJA\" \/><\/a>\n\t\t\t<\/dt><\/dl><dl class='gallery-item'>\n\t\t\t<dt class='gallery-icon landscape'>\n\t\t\t\t<a href='https:\/\/www.nebrija.com\/medios\/actualidadnebrija\/wp-content\/uploads\/sites\/2\/2022\/01\/IMG_5980.jpeg'><img loading=\"lazy\" decoding=\"async\" width=\"150\" height=\"150\" src=\"https:\/\/www.nebrija.com\/medios\/actualidadnebrija\/wp-content\/uploads\/sites\/2\/2022\/01\/IMG_5980-150x150.jpeg\" class=\"attachment-thumbnail size-thumbnail\" alt=\"III QUEDADA RUNNING NEBRIJA\" \/><\/a>\n\t\t\t<\/dt><\/dl><dl class='gallery-item'>\n\t\t\t<dt class='gallery-icon landscape'>\n\t\t\t\t<a href='https:\/\/www.nebrija.com\/medios\/actualidadnebrija\/wp-content\/uploads\/sites\/2\/2022\/01\/IMG_5984.jpeg'><img loading=\"lazy\" decoding=\"async\" width=\"150\" height=\"150\" src=\"https:\/\/www.nebrija.com\/medios\/actualidadnebrija\/wp-content\/uploads\/sites\/2\/2022\/01\/IMG_5984-150x150.jpeg\" class=\"attachment-thumbnail size-thumbnail\" alt=\"III QUEDADA RUNNING NEBRIJA\" \/><\/a>\n\t\t\t<\/dt><\/dl><dl class='gallery-item'>\n\t\t\t<dt class='gallery-icon landscape'>\n\t\t\t\t<a href='https:\/\/www.nebrija.com\/medios\/actualidadnebrija\/wp-content\/uploads\/sites\/2\/2022\/01\/IMG_5985.jpeg'><img loading=\"lazy\" decoding=\"async\" width=\"150\" height=\"150\" src=\"https:\/\/www.nebrija.com\/medios\/actualidadnebrija\/wp-content\/uploads\/sites\/2\/2022\/01\/IMG_5985-150x150.jpeg\" class=\"attachment-thumbnail size-thumbnail\" alt=\"III QUEDADA RUNNING NEBRIJA\" \/><\/a>\n\t\t\t<\/dt><\/dl><br style=\"clear: both\" \/><dl class='gallery-item'>\n\t\t\t<dt class='gallery-icon landscape'>\n\t\t\t\t<a href='https:\/\/www.nebrija.com\/medios\/actualidadnebrija\/wp-content\/uploads\/sites\/2\/2022\/01\/IMG_5989.jpeg'><img loading=\"lazy\" decoding=\"async\" width=\"150\" height=\"150\" src=\"https:\/\/www.nebrija.com\/medios\/actualidadnebrija\/wp-content\/uploads\/sites\/2\/2022\/01\/IMG_5989-150x150.jpeg\" class=\"attachment-thumbnail size-thumbnail\" alt=\"III QUEDADA RUNNING NEBRIJA\" \/><\/a>\n\t\t\t<\/dt><\/dl><dl class='gallery-item'>\n\t\t\t<dt class='gallery-icon landscape'>\n\t\t\t\t<a href='https:\/\/www.nebrija.com\/medios\/actualidadnebrija\/wp-content\/uploads\/sites\/2\/2022\/01\/IMG_5991.jpeg'><img loading=\"lazy\" decoding=\"async\" width=\"150\" height=\"150\" src=\"https:\/\/www.nebrija.com\/medios\/actualidadnebrija\/wp-content\/uploads\/sites\/2\/2022\/01\/IMG_5991-150x150.jpeg\" class=\"attachment-thumbnail size-thumbnail\" alt=\"III QUEDADA RUNNING NEBRIJA\" \/><\/a>\n\t\t\t<\/dt><\/dl><dl class='gallery-item'>\n\t\t\t<dt class='gallery-icon landscape'>\n\t\t\t\t<a href='https:\/\/www.nebrija.com\/medios\/actualidadnebrija\/wp-content\/uploads\/sites\/2\/2022\/01\/IMG_5992.jpeg'><img loading=\"lazy\" decoding=\"async\" width=\"150\" height=\"150\" src=\"https:\/\/www.nebrija.com\/medios\/actualidadnebrija\/wp-content\/uploads\/sites\/2\/2022\/01\/IMG_5992-150x150.jpeg\" class=\"attachment-thumbnail size-thumbnail\" alt=\"III QUEDADA RUNNING NEBRIJA\" \/><\/a>\n\t\t\t<\/dt><\/dl><dl class='gallery-item'>\n\t\t\t<dt class='gallery-icon landscape'>\n\t\t\t\t<a href='https:\/\/www.nebrija.com\/medios\/actualidadnebrija\/wp-content\/uploads\/sites\/2\/2022\/01\/IMG_5996.jpeg'><img loading=\"lazy\" decoding=\"async\" width=\"150\" height=\"150\" src=\"https:\/\/www.nebrija.com\/medios\/actualidadnebrija\/wp-content\/uploads\/sites\/2\/2022\/01\/IMG_5996-150x150.jpeg\" class=\"attachment-thumbnail size-thumbnail\" alt=\"III QUEDADA RUNNING NEBRIJA\" \/><\/a>\n\t\t\t<\/dt><\/dl><dl class='gallery-item'>\n\t\t\t<dt class='gallery-icon landscape'>\n\t\t\t\t<a href='https:\/\/www.nebrija.com\/medios\/actualidadnebrija\/wp-content\/uploads\/sites\/2\/2022\/01\/IMG_5997.jpeg'><img loading=\"lazy\" decoding=\"async\" width=\"150\" height=\"150\" src=\"https:\/\/www.nebrija.com\/medios\/actualidadnebrija\/wp-content\/uploads\/sites\/2\/2022\/01\/IMG_5997-150x150.jpeg\" class=\"attachment-thumbnail size-thumbnail\" alt=\"III QUEDADA RUNNING NEBRIJA\" \/><\/a>\n\t\t\t<\/dt><\/dl><br style=\"clear: both\" \/><dl class='gallery-item'>\n\t\t\t<dt class='gallery-icon landscape'>\n\t\t\t\t<a href='https:\/\/www.nebrija.com\/medios\/actualidadnebrija\/wp-content\/uploads\/sites\/2\/2022\/01\/IMG_5998.jpeg'><img loading=\"lazy\" decoding=\"async\" width=\"150\" height=\"150\" src=\"https:\/\/www.nebrija.com\/medios\/actualidadnebrija\/wp-content\/uploads\/sites\/2\/2022\/01\/IMG_5998-150x150.jpeg\" class=\"attachment-thumbnail size-thumbnail\" alt=\"III QUEDADA RUNNING NEBRIJA\" \/><\/a>\n\t\t\t<\/dt><\/dl><dl class='gallery-item'>\n\t\t\t<dt class='gallery-icon landscape'>\n\t\t\t\t<a href='https:\/\/www.nebrija.com\/medios\/actualidadnebrija\/wp-content\/uploads\/sites\/2\/2022\/01\/IMG_6001.jpeg'><img loading=\"lazy\" decoding=\"async\" width=\"150\" height=\"150\" src=\"https:\/\/www.nebrija.com\/medios\/actualidadnebrija\/wp-content\/uploads\/sites\/2\/2022\/01\/IMG_6001-150x150.jpeg\" class=\"attachment-thumbnail size-thumbnail\" alt=\"III QUEDADA RUNNING NEBRIJA\" \/><\/a>\n\t\t\t<\/dt><\/dl><dl class='gallery-item'>\n\t\t\t<dt class='gallery-icon landscape'>\n\t\t\t\t<a href='https:\/\/www.nebrija.com\/medios\/actualidadnebrija\/wp-content\/uploads\/sites\/2\/2022\/01\/IMG_6002.jpeg'><img loading=\"lazy\" decoding=\"async\" width=\"150\" height=\"150\" src=\"https:\/\/www.nebrija.com\/medios\/actualidadnebrija\/wp-content\/uploads\/sites\/2\/2022\/01\/IMG_6002-150x150.jpeg\" class=\"attachment-thumbnail size-thumbnail\" alt=\"III QUEDADA RUNNING NEBRIJA\" \/><\/a>\n\t\t\t<\/dt><\/dl><dl class='gallery-item'>\n\t\t\t<dt class='gallery-icon landscape'>\n\t\t\t\t<a href='https:\/\/www.nebrija.com\/medios\/actualidadnebrija\/wp-content\/uploads\/sites\/2\/2022\/01\/IMG_6003.jpeg'><img loading=\"lazy\" decoding=\"async\" width=\"150\" height=\"150\" src=\"https:\/\/www.nebrija.com\/medios\/actualidadnebrija\/wp-content\/uploads\/sites\/2\/2022\/01\/IMG_6003-150x150.jpeg\" class=\"attachment-thumbnail size-thumbnail\" alt=\"III QUEDADA RUNNING NEBRIJA\" \/><\/a>\n\t\t\t<\/dt><\/dl><dl class='gallery-item'>\n\t\t\t<dt class='gallery-icon landscape'>\n\t\t\t\t<a href='https:\/\/www.nebrija.com\/medios\/actualidadnebrija\/wp-content\/uploads\/sites\/2\/2022\/01\/IMG_6006.jpeg'><img loading=\"lazy\" decoding=\"async\" width=\"150\" height=\"150\" src=\"https:\/\/www.nebrija.com\/medios\/actualidadnebrija\/wp-content\/uploads\/sites\/2\/2022\/01\/IMG_6006-150x150.jpeg\" class=\"attachment-thumbnail size-thumbnail\" alt=\"III QUEDADA RUNNING NEBRIJA\" \/><\/a>\n\t\t\t<\/dt><\/dl><br style=\"clear: both\" \/>\n\t\t<\/div>\n\n","protected":false},"excerpt":{"rendered":"<p>La jornada congreg\u00f3 a 40 participantes en una nueva actividad del programa \u201cNebrija Saludable\u201d El pasado domingo 30 de enero de 2022 tuvo lugar la III Quedada Run&amp;Marcha Nebrija, organizada por el Club de Deportes con el respaldo de la<\/p>\n","protected":false},"author":263,"featured_media":75250,"comment_status":"open","ping_status":"open","sticky":false,"template":"","format":"standard","meta":{"_acf_changed":false,"_monsterinsights_skip_tracking":false,"_monsterinsights_sitenote_active":false,"_monsterinsights_sitenote_note":"","_monsterinsights_sitenote_category":0,"footnotes":""},"categories":[3062],"tags":[],"acf":[],"yoast_head":"<!-- This site is optimized with the Yoast SEO plugin v22.1 - https:\/\/yoast.com\/wordpress\/plugins\/seo\/ -->\n<title>III Quedada Run y Marcha Nebrija - Actualidad Nebrija<\/title>\n<meta name=\"robots\" content=\"index, follow, max-snippet:-1, max-image-preview:large, max-video-preview:-1\" \/>\n<link rel=\"canonical\" href=\"https:\/\/www.nebrija.com\/medios\/actualidadnebrija\/2022\/01\/31\/iii-quedada-runmarcha-nebrija\/\" \/>\n<meta property=\"og:locale\" content=\"es_ES\" \/>\n<meta property=\"og:type\" content=\"article\" \/>\n<meta property=\"og:title\" content=\"III Quedada Run y Marcha Nebrija - Actualidad Nebrija\" \/>\n<meta property=\"og:description\" content=\"La jornada congreg\u00f3 a 40 participantes en una nueva actividad del programa \u201cNebrija Saludable\u201d El pasado domingo 30 de enero de 2022 tuvo lugar la III Quedada Run&amp;Marcha Nebrija, organizada por el Club de Deportes con el respaldo de la\" \/>\n<meta property=\"og:url\" content=\"https:\/\/www.nebrija.com\/medios\/actualidadnebrija\/2022\/01\/31\/iii-quedada-runmarcha-nebrija\/\" \/>\n<meta property=\"og:site_name\" content=\"Actualidad Nebrija\" \/>\n<meta property=\"article:published_time\" content=\"2022-01-31T13:08:11+00:00\" \/>\n<meta property=\"article:modified_time\" content=\"2022-01-31T13:16:52+00:00\" \/>\n<meta property=\"og:image\" content=\"https:\/\/www.nebrija.com\/medios\/actualidadnebrija\/wp-content\/uploads\/sites\/2\/2022\/01\/IMG_6006.jpeg\" \/>\n\t<meta property=\"og:image:width\" content=\"1000\" \/>\n\t<meta property=\"og:image:height\" content=\"750\" \/>\n\t<meta property=\"og:image:type\" content=\"image\/jpeg\" \/>\n<meta name=\"author\" content=\"pmartinezma\" \/>\n<meta name=\"twitter:card\" content=\"summary_large_image\" \/>\n<meta name=\"twitter:label1\" content=\"Escrito por\" \/>\n\t<meta name=\"twitter:data1\" content=\"pmartinezma\" \/>\n\t<meta name=\"twitter:label2\" content=\"Tiempo de lectura\" \/>\n\t<meta name=\"twitter:data2\" content=\"2 minutos\" \/>\n<!-- \/ Yoast SEO plugin. -->","yoast_head_json":{"title":"III Quedada Run y Marcha Nebrija - Actualidad Nebrija","robots":{"index":"index","follow":"follow","max-snippet":"max-snippet:-1","max-image-preview":"max-image-preview:large","max-video-preview":"max-video-preview:-1"},"canonical":"https:\/\/www.nebrija.com\/medios\/actualidadnebrija\/2022\/01\/31\/iii-quedada-runmarcha-nebrija\/","og_locale":"es_ES","og_type":"article","og_title":"III Quedada Run y Marcha Nebrija - Actualidad Nebrija","og_description":"La jornada congreg\u00f3 a 40 participantes en una nueva actividad del programa \u201cNebrija Saludable\u201d El pasado domingo 30 de enero de 2022 tuvo lugar la III Quedada Run&amp;Marcha Nebrija, organizada por el Club de Deportes con el respaldo de la","og_url":"https:\/\/www.nebrija.com\/medios\/actualidadnebrija\/2022\/01\/31\/iii-quedada-runmarcha-nebrija\/","og_site_name":"Actualidad Nebrija","article_published_time":"2022-01-31T13:08:11+00:00","article_modified_time":"2022-01-31T13:16:52+00:00","og_image":[{"width":1000,"height":750,"url":"https:\/\/www.nebrija.com\/medios\/actualidadnebrija\/wp-content\/uploads\/sites\/2\/2022\/01\/IMG_6006.jpeg","type":"image\/jpeg"}],"author":"pmartinezma","twitter_card":"summary_large_image","twitter_misc":{"Escrito por":"pmartinezma","Tiempo de lectura":"2 minutos"},"schema":{"@context":"https:\/\/schema.org","@graph":[{"@type":"WebPage","@id":"https:\/\/www.nebrija.com\/medios\/actualidadnebrija\/2022\/01\/31\/iii-quedada-runmarcha-nebrija\/","url":"https:\/\/www.nebrija.com\/medios\/actualidadnebrija\/2022\/01\/31\/iii-quedada-runmarcha-nebrija\/","name":"III Quedada Run y Marcha Nebrija - Actualidad Nebrija","isPartOf":{"@id":"https:\/\/www.nebrija.com\/medios\/actualidadnebrija\/#website"},"datePublished":"2022-01-31T13:08:11+00:00","dateModified":"2022-01-31T13:16:52+00:00","author":{"@id":"https:\/\/www.nebrija.com\/medios\/actualidadnebrija\/#\/schema\/person\/eece520e53a2d6b773c896d785ca10ad"},"breadcrumb":{"@id":"https:\/\/www.nebrija.com\/medios\/actualidadnebrija\/2022\/01\/31\/iii-quedada-runmarcha-nebrija\/#breadcrumb"},"inLanguage":"es","potentialAction":[{"@type":"ReadAction","target":["https:\/\/www.nebrija.com\/medios\/actualidadnebrija\/2022\/01\/31\/iii-quedada-runmarcha-nebrija\/"]}]},{"@type":"BreadcrumbList","@id":"https:\/\/www.nebrija.com\/medios\/actualidadnebrija\/2022\/01\/31\/iii-quedada-runmarcha-nebrija\/#breadcrumb","itemListElement":[{"@type":"ListItem","position":1,"name":"Home","item":"https:\/\/www.nebrija.com\/medios\/actualidadnebrija\/"},{"@type":"ListItem","position":2,"name":"III Quedada Run y Marcha Nebrija"}]},{"@type":"WebSite","@id":"https:\/\/www.nebrija.com\/medios\/actualidadnebrija\/#website","url":"https:\/\/www.nebrija.com\/medios\/actualidadnebrija\/","name":"Actualidad Nebrija","description":"Noticias de la Universidad Nebrija","potentialAction":[{"@type":"SearchAction","target":{"@type":"EntryPoint","urlTemplate":"https:\/\/www.nebrija.com\/medios\/actualidadnebrija\/?s={search_term_string}"},"query-input":"required name=search_term_string"}],"inLanguage":"es"},{"@type":"Person","@id":"https:\/\/www.nebrija.com\/medios\/actualidadnebrija\/#\/schema\/person\/eece520e53a2d6b773c896d785ca10ad","name":"pmartinezma","image":{"@type":"ImageObject","inLanguage":"es","@id":"https:\/\/www.nebrija.com\/medios\/actualidadnebrija\/#\/schema\/person\/image\/","url":"https:\/\/secure.gravatar.com\/avatar\/5feaacc0ce30f23dc14c8724dc28a01f?s=96&d=mm&r=g","contentUrl":"https:\/\/secure.gravatar.com\/avatar\/5feaacc0ce30f23dc14c8724dc28a01f?s=96&d=mm&r=g","caption":"pmartinezma"},"url":"https:\/\/www.nebrija.com\/medios\/actualidadnebrija\/author\/pmartinezma\/"}]}},"_links":{"self":[{"href":"https:\/\/www.nebrija.com\/medios\/actualidadnebrija\/wp-json\/wp\/v2\/posts\/75225"}],"collection":[{"href":"https:\/\/www.nebrija.com\/medios\/actualidadnebrija\/wp-json\/wp\/v2\/posts"}],"about":[{"href":"https:\/\/www.nebrija.com\/medios\/actualidadnebrija\/wp-json\/wp\/v2\/types\/post"}],"author":[{"embeddable":true,"href":"https:\/\/www.nebrija.com\/medios\/actualidadnebrija\/wp-json\/wp\/v2\/users\/263"}],"replies":[{"embeddable":true,"href":"https:\/\/www.nebrija.com\/medios\/actualidadnebrija\/wp-json\/wp\/v2\/comments?post=75225"}],"version-history":[{"count":3,"href":"https:\/\/www.nebrija.com\/medios\/actualidadnebrija\/wp-json\/wp\/v2\/posts\/75225\/revisions"}],"predecessor-version":[{"id":75254,"href":"https:\/\/www.nebrija.com\/medios\/actualidadnebrija\/wp-json\/wp\/v2\/posts\/75225\/revisions\/75254"}],"wp:featuredmedia":[{"embeddable":true,"href":"https:\/\/www.nebrija.com\/medios\/actualidadnebrija\/wp-json\/wp\/v2\/media\/75250"}],"wp:attachment":[{"href":"https:\/\/www.nebrija.com\/medios\/actualidadnebrija\/wp-json\/wp\/v2\/media?parent=75225"}],"wp:term":[{"taxonomy":"category","embeddable":true,"href":"https:\/\/www.nebrija.com\/medios\/actualidadnebrija\/wp-json\/wp\/v2\/categories?post=75225"},{"taxonomy":"post_tag","embeddable":true,"href":"https:\/\/www.nebrija.com\/medios\/actualidadnebrija\/wp-json\/wp\/v2\/tags?post=75225"}],"curies":[{"name":"wp","href":"https:\/\/api.w.org\/{rel}","templated":true}]}}