{"id":75527,"date":"2022-02-09T14:18:18","date_gmt":"2022-02-09T13:18:18","guid":{"rendered":"https:\/\/www.nebrija.com\/medios\/actualidadnebrija\/?p=75527"},"modified":"2022-02-09T16:23:21","modified_gmt":"2022-02-09T15:23:21","slug":"ano-cultural-nebrija-instituto-cervantes","status":"publish","type":"post","link":"https:\/\/www.nebrija.com\/medios\/actualidadnebrija\/2022\/02\/09\/ano-cultural-nebrija-instituto-cervantes\/","title":{"rendered":"El A\u00f1o Cultural Nebrija llega al Instituto Cervantes"},"content":{"rendered":"<p>El A\u00f1o Cultural Nebrija se inaugur\u00f3 en un doble acto en el Instituto Cervantes, donde se deposit\u00f3 el legado de Antonio Nebrija en la c\u00e1mara acorazada de Caja de las Letras y se presentaron todas las actividades programadas.<!--more--><\/p>\n<p>La agenda dise\u00f1ada para el <a href=\"https:\/\/nebrija500.es\/\" target=\"_blank\" rel=\"noopener noreferrer\">V Centenario del Fallecimiento<\/a> del humanista sevillano es intensa, con numerosos actos organizados por una Comisi\u00f3n Interadministrativa presidida por la Fundaci\u00f3n Antonio de Nebrija.<\/p>\n<h2>El A\u00f1o Cultural Nebrija y el legado a la Caja de las Letras<\/h2>\n<p>En la caja de seguridad n\u00ba 1708 se ha depositado un ejemplar de la segunda edici\u00f3n del siglo XVIII de la Gram\u00e1tica castellana de Nebrija (se tard\u00f3 mucho en reimprimir la edici\u00f3n original de 1492). El legado incluye tambi\u00e9n una muestra de tierra de Lebrija (Sevilla), la localidad natal del humanista espa\u00f1ol. Se completa con otra muestra de tierra del Patio de las Lenguas del Rectorado de la Universidad de Alcal\u00e1 de Henares\u00a0 como s\u00edmbolo del lugar donde est\u00e1 enterrado el humanista.<\/p>\n<p>La Caja de las Letras guarda en las cajas de seguridad m\u00e1s de 60 legados que desde 2007 han ido depositando personalidades \u2013hombres y mujeres- de la cultura en espa\u00f1ol. Entre ellos hay reconocidos escritores y nombres destacados del cine, el arte, la m\u00fasica, el teatro, la danza o la ciencia a los que ahora se suma el del pol\u00edmata espa\u00f1ol. El Instituto Cervantes atesora esos simb\u00f3licos legados, con el objetivo de crear una especie de museo patrimonial de la cultura hispano hablante y su memoria viva, de la que sin duda forma parte esencial Antonio de Nebrija.<\/p>\n<p>El acto estuvo presentado por el director del Instituto Cervantes. Luis Garc\u00eda Montero, quien asegur\u00f3 que Nebrija es \u201cuna figura que ilumina nuestro presente, como ilumin\u00f3 tambi\u00e9n nuestro pasado\u201d. Puso tambi\u00e9n de manifiesto la actualidad del humanista espa\u00f1ol como defensor del librepensamiento y del papel del conocimiento sobre las ideas. \u201cHay jueces que han querido sustituir el consejo de los cient\u00edficos para decidir lo que se deb\u00eda hacer o no en tiempo de pandemia. \u00bfQu\u00e9 diablos de servidumbre es esta que somete el conocimiento a los prejuicios?\u201d, dijo, parafraseando al sabio de Lebrija. \u201cLos humanistas, y Nebrija como ejemplo, defendieron el conocimiento frente a la barbarie\u201d.<\/p>\n<h3>El &#8220;gran a\u00f1o&#8221; de la lengua y la cultura<\/h3>\n<p>En el acto tambi\u00e9n participaron el presidente de la <a href=\"https:\/\/www.nebrija.com\/medios\/actualidadnebrija\/2021\/11\/29\/arranca-oficialmente-en-lebrija-el-v-centenario-de-antonio-de-nebrija\/\"><strong>Comisi\u00f3n Interadministrativa<\/strong><\/a> del V Centenario del Fallecimiento de Antonio de Nebrija y rector de la Universidad Nebrija, Jos\u00e9 Mu\u00f1iz Fern\u00e1ndez; la vicerrectora de Pol\u00edticas de Responsabilidad Social y Extensi\u00f3n Universitaria de la Universidad de Alcal\u00e1 de Henares, Mar\u00eda Jes\u00fas Such; la directora general del Libro y Fomento de la Lectura, Mar\u00eda Jos\u00e9 G\u00e1lvez; el acad\u00e9mico de la Real Academia Espa\u00f1ola Juan Gil Fern\u00e1ndez; el alcalde de Alcal\u00e1 de Henares (ciudad madrile\u00f1a en la que falleci\u00f3 Nebrija), Javier Rodr\u00edguez Palacios; y el alcalde <a href=\"https:\/\/www.nebrija.com\/medios\/actualidadnebrija\/2021\/11\/29\/arranca-oficialmente-en-lebrija-el-v-centenario-de-antonio-de-nebrija\/\"><strong>Lebrija<\/strong><\/a>, Jos\u00e9 Benito Barroso.<\/p>\n<p>Mu\u00f1iz puso de relieve el simbolismo del acto del legado de Nebrija a la Caja de las Letras. Destac\u00f3 asimismo\u00a0 la diversidad de instituciones que integran la Comisi\u00f3n del V Centenario, de naturaleza p\u00fablica y privada, \u201creflejo de la sociedad, poli\u00e9drica y multivariada\u201d. Adem\u00e1s recalc\u00f3 como el clima de acuerdo y la simbiosis que ha presidido cada uno de los pasos que se han dado para hilvanar los numeros\u00edsimos actos. \u201cVa a ser un gran a\u00f1o de la lengua y la cultura espa\u00f1olas para recordar y honrar a Nebrija\u201d, dijo.<\/p>\n<p>El acad\u00e9mico Juan Gil record\u00f3 que Nebrija sent\u00f3 las bases de la ortograf\u00eda castellana, \u201cal proclamar que hay que escribir como se habla y hablar como se escribe\u201d. Tambi\u00e9n puso de relieve lo esencial de su figura humanista. \u201cMientras sus compatriotas paseaban las armas por el mundo, \u00e9l decidi\u00f3 librar en solitario una no menos cruenta guerra contra la incultura y la barbarie\u201d.<\/p>\n<p>La directora general del Libro, Mar\u00eda Jos\u00e9 G\u00e1lvez incidi\u00f3 en todo lo que Nebrija hizo por el libro y el fomento de la lectura. \u201cDemocratiz\u00f3 e hizo accesible lo que se consideraba solo un lujo y bien de unos pocos\u201d, dijo. Por su parte, la vicerrectora de la Universidad de Alcal\u00e1 calific\u00f3 a Nebrija como \u201cuno de los sabios m\u00e1s grandes de su tiempo\u201d. Record\u00f3 que su infinita sed de conocimiento se acompa\u00f1\u00f3 del inter\u00e9s por compartirlo y demostrar que \u201cel saber en cualquier disciplina no era tal si no se expresaba adecuadamente\u201d.<\/p>\n<h3>A\u00f1o Cultural Nebrija: Gran Gala en el Teatro Real y muchas actividades<\/h3>\n<p>Tras la entrega del legado se procedi\u00f3 a la presentaci\u00f3n de las actividades que conformar\u00e1n el A\u00f1o Nebrija, y que ha programado y coordinado la Comisi\u00f3n Interadministrativa del V Centenario del Fallecimiento de Antonio de Nebrija.<\/p>\n<p>Entre las m\u00e1s importantes figura una gran Gala Nebrija en el Teatro Real (21 de febrero de 2022). Tambi\u00e9n habr\u00e1 una exposici\u00f3n en la Biblioteca Nacional de Espa\u00f1a. Y se publicar\u00e1n diversos libros, de un c\u00f3mic y una novela sobre su vida. Habr\u00e1 un documental para televisi\u00f3n, un congreso internacional en Lebrija, un panel Nebrija en el Congreso Internacional de Hispanistas (Neuch\u00e2tel, Suiza).<\/p>\n<p>Igualmente habr\u00e1 presencia en el Congreso Internacional de la Lengua Espa\u00f1ola (CILE, Arequipa, Per\u00fa). Se lanzar\u00e1n tambi\u00e9n diversos proyectos culturales digitales en web y redes sociales, monogr\u00e1ficos en revistas culturales, textos acad\u00e9micos de docentes y alumnos universitarios. A lo anterior se sumar\u00e1n varios conciertos y una obra de teatro. Por \u00faltimo habr\u00e1 otro tipo de acciones como emisi\u00f3n de monedas y sellos conmemorativos. Tambi\u00e9n la construcci\u00f3n de un monumento en su ciudad natal, cursos MOOC, etc\u00e9tera.<\/p>\n<p>El alcalde de Lebrija, Jos\u00e9 Benito Barroso, desvel\u00f3 que la Ruta ecuestre Nebrisense saldr\u00e1 de Lebrija el 12 de marzo y acabar\u00e1 el 9 de abril en Alcal\u00e1 de Henares. Con esta actividad se quiere recuperar la cultura de la \u00e9poca y reivindicar el patrimonio cultural que dej\u00f3 el pol\u00edmata sevillano.<\/p>\n<p>El regidor de Alcal\u00e1 de Henares, Javier Rodr\u00edguez, puso en valor la figura de Nebrija, asegurando que su legado \u201cva a quedar para toda la eternidad\u201d.<\/p>\n<h4>La figura de Nebrija<\/h4>\n<p>Antonio de Nebrija (1441-1522) fue, cronol\u00f3gicamente, el primer humanista hisp\u00e1nico. C\u00e9lebre por su Gram\u00e1tica castellana (1492), primera en una lengua europea moderna, fue el introductor del humanismo renacentista italiano en la Pen\u00ednsula, en la d\u00e9cada de 1470.<\/p>\n<p>Como pol\u00edmata y trabajador incansable, sus campos de actividad no se limitaron a la filolog\u00eda de la lengua castellana y las lenguas cl\u00e1sicas. Tambi\u00e9n abarcaron amplias \u00e1reas culturales. Nebrija fue gram\u00e1tico, traductor, ex\u00e9geta b\u00edblico, docente, catedr\u00e1tico, lexic\u00f3grafo, ling\u00fcista, escritor, poeta, historiador, cronista real, impresor y editor. Sus textos versan sobre \u00e1reas tan diversas como el derecho, la medicina, la astronom\u00eda o la pedagog\u00eda.<\/p>\n<p>Su actividad profesional se extendi\u00f3 durante m\u00e1s de medio siglo. Nebrija fue el primer escritor del que se tiene constancia escrita en toda la Pen\u00ednsula Ib\u00e9rica en reclamar derechos de autor para sus obras. Tambi\u00e9n fue un adalid de la libertad de expresi\u00f3n.<\/p>\n\n\t\t<style type=\"text\/css\">\n\t\t\t#gallery-1 {\n\t\t\t\tmargin: auto;\n\t\t\t}\n\t\t\t#gallery-1 .gallery-item {\n\t\t\t\tfloat: left;\n\t\t\t\tmargin-top: 10px;\n\t\t\t\ttext-align: center;\n\t\t\t\twidth: 25%;\n\t\t\t}\n\t\t\t#gallery-1 img {\n\t\t\t\tborder: 2px solid #cfcfcf;\n\t\t\t}\n\t\t\t#gallery-1 .gallery-caption {\n\t\t\t\tmargin-left: 0;\n\t\t\t}\n\t\t\t\/* see gallery_shortcode() in wp-includes\/media.php *\/\n\t\t<\/style>\n\t\t<div id='gallery-1' class='gallery galleryid-75527 gallery-columns-4 gallery-size-thumbnail'><dl class='gallery-item'>\n\t\t\t<dt class='gallery-icon landscape'>\n\t\t\t\t<a href='https:\/\/www.nebrija.com\/medios\/actualidadnebrija\/wp-content\/uploads\/sites\/2\/2022\/02\/Ano-Cultural-Nebrija-Instituto-Cervantes-e1758539210562.jpg'><img loading=\"lazy\" decoding=\"async\" width=\"150\" height=\"150\" src=\"https:\/\/www.nebrija.com\/medios\/actualidadnebrija\/wp-content\/uploads\/sites\/2\/2022\/02\/Ano-Cultural-Nebrija-Instituto-Cervantes-150x150.jpg\" class=\"attachment-thumbnail size-thumbnail\" alt=\"Instituto Cervantes legado Nebrija\" \/><\/a>\n\t\t\t<\/dt><\/dl><dl class='gallery-item'>\n\t\t\t<dt class='gallery-icon landscape'>\n\t\t\t\t<a href='https:\/\/www.nebrija.com\/medios\/actualidadnebrija\/wp-content\/uploads\/sites\/2\/2022\/02\/Ano-Nebrija-1-e1762337675918.jpg'><img loading=\"lazy\" decoding=\"async\" width=\"150\" height=\"150\" src=\"https:\/\/www.nebrija.com\/medios\/actualidadnebrija\/wp-content\/uploads\/sites\/2\/2022\/02\/Ano-Nebrija-1-150x150.jpg\" class=\"attachment-thumbnail size-thumbnail\" alt=\"A\u00f1o Cultural Nebrija\" \/><\/a>\n\t\t\t<\/dt><\/dl><dl class='gallery-item'>\n\t\t\t<dt class='gallery-icon landscape'>\n\t\t\t\t<a href='https:\/\/www.nebrija.com\/medios\/actualidadnebrija\/wp-content\/uploads\/sites\/2\/2022\/02\/Ano-Nebrija-3-e1753961322917.jpg'><img loading=\"lazy\" decoding=\"async\" width=\"150\" height=\"150\" src=\"https:\/\/www.nebrija.com\/medios\/actualidadnebrija\/wp-content\/uploads\/sites\/2\/2022\/02\/Ano-Nebrija-3-150x150.jpg\" class=\"attachment-thumbnail size-thumbnail\" alt=\"A\u00f1o Nebrija Caja de las Letras\" \/><\/a>\n\t\t\t<\/dt><\/dl><dl class='gallery-item'>\n\t\t\t<dt class='gallery-icon landscape'>\n\t\t\t\t<a href='https:\/\/www.nebrija.com\/medios\/actualidadnebrija\/wp-content\/uploads\/sites\/2\/2022\/02\/Caja-de-las-Letras-Ano-Nebrija-e1758538042471.jpg'><img loading=\"lazy\" decoding=\"async\" width=\"150\" height=\"150\" src=\"https:\/\/www.nebrija.com\/medios\/actualidadnebrija\/wp-content\/uploads\/sites\/2\/2022\/02\/Caja-de-las-Letras-Ano-Nebrija-150x150.jpg\" class=\"attachment-thumbnail size-thumbnail\" alt=\"A\u00f1o Cultural Nebrija\" \/><\/a>\n\t\t\t<\/dt><\/dl><br style=\"clear: both\" \/>\n\t\t<\/div>\n\n","protected":false},"excerpt":{"rendered":"<p>El A\u00f1o Cultural Nebrija se inaugur\u00f3 en un doble acto en el Instituto Cervantes, donde se deposit\u00f3 el legado de Antonio Nebrija en la c\u00e1mara acorazada de Caja de las Letras y se presentaron todas las actividades programadas.<\/p>\n","protected":false},"author":1182,"featured_media":75533,"comment_status":"open","ping_status":"open","sticky":false,"template":"","format":"standard","meta":{"_acf_changed":false,"_monsterinsights_skip_tracking":false,"_monsterinsights_sitenote_active":false,"_monsterinsights_sitenote_note":"","_monsterinsights_sitenote_category":0,"footnotes":""},"categories":[1,3058,3078,4776],"tags":[4786,4469,4785,3124,4787,4470],"acf":[],"yoast_head":"<!-- This site is optimized with the Yoast SEO plugin v22.1 - https:\/\/yoast.com\/wordpress\/plugins\/seo\/ -->\n<title>El A\u00f1o Cultural Nebrija llega al Instituto Cervantes - Actualidad Nebrija<\/title>\n<meta name=\"description\" content=\"Se inaugura el A\u00f1o Cultural Nebrija con el legado a la Caja de las Letras y la presentaci\u00f3n de actividades en el Instituto Cervantes.\" \/>\n<meta name=\"robots\" content=\"index, follow, max-snippet:-1, max-image-preview:large, max-video-preview:-1\" \/>\n<link rel=\"canonical\" href=\"https:\/\/www.nebrija.com\/medios\/actualidadnebrija\/2022\/02\/09\/ano-cultural-nebrija-instituto-cervantes\/\" \/>\n<meta property=\"og:locale\" content=\"es_ES\" \/>\n<meta property=\"og:type\" content=\"article\" \/>\n<meta property=\"og:title\" content=\"El A\u00f1o Cultural Nebrija llega al Instituto Cervantes - Actualidad Nebrija\" \/>\n<meta property=\"og:description\" content=\"Se inaugura el A\u00f1o Cultural Nebrija con el legado a la Caja de las Letras y la presentaci\u00f3n de actividades en el Instituto Cervantes.\" \/>\n<meta property=\"og:url\" content=\"https:\/\/www.nebrija.com\/medios\/actualidadnebrija\/2022\/02\/09\/ano-cultural-nebrija-instituto-cervantes\/\" \/>\n<meta property=\"og:site_name\" content=\"Actualidad Nebrija\" \/>\n<meta property=\"article:published_time\" content=\"2022-02-09T13:18:18+00:00\" \/>\n<meta property=\"article:modified_time\" content=\"2022-02-09T15:23:21+00:00\" \/>\n<meta property=\"og:image\" content=\"https:\/\/www.nebrija.com\/medios\/actualidadnebrija\/wp-content\/uploads\/sites\/2\/2022\/02\/Se-inaugura-el-Ano-Cultural-Nebrija.jpg\" \/>\n\t<meta property=\"og:image:width\" content=\"1200\" \/>\n\t<meta property=\"og:image:height\" content=\"791\" \/>\n\t<meta property=\"og:image:type\" content=\"image\/jpeg\" \/>\n<meta name=\"author\" content=\"mcamposd\" \/>\n<meta name=\"twitter:card\" content=\"summary_large_image\" \/>\n<meta name=\"twitter:label1\" content=\"Escrito por\" \/>\n\t<meta name=\"twitter:data1\" content=\"mcamposd\" \/>\n\t<meta name=\"twitter:label2\" content=\"Tiempo de lectura\" \/>\n\t<meta name=\"twitter:data2\" content=\"6 minutos\" \/>\n<!-- \/ Yoast SEO plugin. -->","yoast_head_json":{"title":"El A\u00f1o Cultural Nebrija llega al Instituto Cervantes - Actualidad Nebrija","description":"Se inaugura el A\u00f1o Cultural Nebrija con el legado a la Caja de las Letras y la presentaci\u00f3n de actividades en el Instituto Cervantes.","robots":{"index":"index","follow":"follow","max-snippet":"max-snippet:-1","max-image-preview":"max-image-preview:large","max-video-preview":"max-video-preview:-1"},"canonical":"https:\/\/www.nebrija.com\/medios\/actualidadnebrija\/2022\/02\/09\/ano-cultural-nebrija-instituto-cervantes\/","og_locale":"es_ES","og_type":"article","og_title":"El A\u00f1o Cultural Nebrija llega al Instituto Cervantes - Actualidad Nebrija","og_description":"Se inaugura el A\u00f1o Cultural Nebrija con el legado a la Caja de las Letras y la presentaci\u00f3n de actividades en el Instituto Cervantes.","og_url":"https:\/\/www.nebrija.com\/medios\/actualidadnebrija\/2022\/02\/09\/ano-cultural-nebrija-instituto-cervantes\/","og_site_name":"Actualidad Nebrija","article_published_time":"2022-02-09T13:18:18+00:00","article_modified_time":"2022-02-09T15:23:21+00:00","og_image":[{"width":1200,"height":791,"url":"https:\/\/www.nebrija.com\/medios\/actualidadnebrija\/wp-content\/uploads\/sites\/2\/2022\/02\/Se-inaugura-el-Ano-Cultural-Nebrija.jpg","type":"image\/jpeg"}],"author":"mcamposd","twitter_card":"summary_large_image","twitter_misc":{"Escrito por":"mcamposd","Tiempo de lectura":"6 minutos"},"schema":{"@context":"https:\/\/schema.org","@graph":[{"@type":"WebPage","@id":"https:\/\/www.nebrija.com\/medios\/actualidadnebrija\/2022\/02\/09\/ano-cultural-nebrija-instituto-cervantes\/","url":"https:\/\/www.nebrija.com\/medios\/actualidadnebrija\/2022\/02\/09\/ano-cultural-nebrija-instituto-cervantes\/","name":"El A\u00f1o Cultural Nebrija llega al Instituto Cervantes - Actualidad Nebrija","isPartOf":{"@id":"https:\/\/www.nebrija.com\/medios\/actualidadnebrija\/#website"},"datePublished":"2022-02-09T13:18:18+00:00","dateModified":"2022-02-09T15:23:21+00:00","author":{"@id":"https:\/\/www.nebrija.com\/medios\/actualidadnebrija\/#\/schema\/person\/205582e65069359d9f07d260f6d48a9c"},"description":"Se inaugura el A\u00f1o Cultural Nebrija con el legado a la Caja de las Letras y la presentaci\u00f3n de actividades en el Instituto Cervantes.","breadcrumb":{"@id":"https:\/\/www.nebrija.com\/medios\/actualidadnebrija\/2022\/02\/09\/ano-cultural-nebrija-instituto-cervantes\/#breadcrumb"},"inLanguage":"es","potentialAction":[{"@type":"ReadAction","target":["https:\/\/www.nebrija.com\/medios\/actualidadnebrija\/2022\/02\/09\/ano-cultural-nebrija-instituto-cervantes\/"]}]},{"@type":"BreadcrumbList","@id":"https:\/\/www.nebrija.com\/medios\/actualidadnebrija\/2022\/02\/09\/ano-cultural-nebrija-instituto-cervantes\/#breadcrumb","itemListElement":[{"@type":"ListItem","position":1,"name":"Home","item":"https:\/\/www.nebrija.com\/medios\/actualidadnebrija\/"},{"@type":"ListItem","position":2,"name":"El A\u00f1o Cultural Nebrija llega al Instituto Cervantes"}]},{"@type":"WebSite","@id":"https:\/\/www.nebrija.com\/medios\/actualidadnebrija\/#website","url":"https:\/\/www.nebrija.com\/medios\/actualidadnebrija\/","name":"Actualidad Nebrija","description":"Noticias de la Universidad Nebrija","potentialAction":[{"@type":"SearchAction","target":{"@type":"EntryPoint","urlTemplate":"https:\/\/www.nebrija.com\/medios\/actualidadnebrija\/?s={search_term_string}"},"query-input":"required name=search_term_string"}],"inLanguage":"es"},{"@type":"Person","@id":"https:\/\/www.nebrija.com\/medios\/actualidadnebrija\/#\/schema\/person\/205582e65069359d9f07d260f6d48a9c","name":"mcamposd","image":{"@type":"ImageObject","inLanguage":"es","@id":"https:\/\/www.nebrija.com\/medios\/actualidadnebrija\/#\/schema\/person\/image\/","url":"https:\/\/secure.gravatar.com\/avatar\/d0592be503e718fe4bc82c9a3b03724e?s=96&d=mm&r=g","contentUrl":"https:\/\/secure.gravatar.com\/avatar\/d0592be503e718fe4bc82c9a3b03724e?s=96&d=mm&r=g","caption":"mcamposd"},"url":"https:\/\/www.nebrija.com\/medios\/actualidadnebrija\/author\/mcamposd\/"}]}},"_links":{"self":[{"href":"https:\/\/www.nebrija.com\/medios\/actualidadnebrija\/wp-json\/wp\/v2\/posts\/75527"}],"collection":[{"href":"https:\/\/www.nebrija.com\/medios\/actualidadnebrija\/wp-json\/wp\/v2\/posts"}],"about":[{"href":"https:\/\/www.nebrija.com\/medios\/actualidadnebrija\/wp-json\/wp\/v2\/types\/post"}],"author":[{"embeddable":true,"href":"https:\/\/www.nebrija.com\/medios\/actualidadnebrija\/wp-json\/wp\/v2\/users\/1182"}],"replies":[{"embeddable":true,"href":"https:\/\/www.nebrija.com\/medios\/actualidadnebrija\/wp-json\/wp\/v2\/comments?post=75527"}],"version-history":[{"count":13,"href":"https:\/\/www.nebrija.com\/medios\/actualidadnebrija\/wp-json\/wp\/v2\/posts\/75527\/revisions"}],"predecessor-version":[{"id":75536,"href":"https:\/\/www.nebrija.com\/medios\/actualidadnebrija\/wp-json\/wp\/v2\/posts\/75527\/revisions\/75536"}],"wp:featuredmedia":[{"embeddable":true,"href":"https:\/\/www.nebrija.com\/medios\/actualidadnebrija\/wp-json\/wp\/v2\/media\/75533"}],"wp:attachment":[{"href":"https:\/\/www.nebrija.com\/medios\/actualidadnebrija\/wp-json\/wp\/v2\/media?parent=75527"}],"wp:term":[{"taxonomy":"category","embeddable":true,"href":"https:\/\/www.nebrija.com\/medios\/actualidadnebrija\/wp-json\/wp\/v2\/categories?post=75527"},{"taxonomy":"post_tag","embeddable":true,"href":"https:\/\/www.nebrija.com\/medios\/actualidadnebrija\/wp-json\/wp\/v2\/tags?post=75527"}],"curies":[{"name":"wp","href":"https:\/\/api.w.org\/{rel}","templated":true}]}}