{"id":75554,"date":"2022-02-10T14:56:32","date_gmt":"2022-02-10T13:56:32","guid":{"rendered":"https:\/\/www.nebrija.com\/medios\/actualidadnebrija\/?p=75554"},"modified":"2022-02-10T16:50:03","modified_gmt":"2022-02-10T15:50:03","slug":"nebrija-comic","status":"publish","type":"post","link":"https:\/\/www.nebrija.com\/medios\/actualidadnebrija\/2022\/02\/10\/nebrija-comic\/","title":{"rendered":"El legado de Nebrija, tambi\u00e9n en c\u00f3mic"},"content":{"rendered":"<p>Agust\u00edn Comotto ha escrito y dibujado el c\u00f3mic biogr\u00e1fico <em>&#8216;Nebrija&#8217;,<\/em> para profundizar en la figura de Antonio de Nebrija desde una interesante y novedosa perspectiva gr\u00e1fica.<!--more--><\/p>\n<p>El c\u00f3mic se present\u00f3 en un coloquio cultural en el <a href=\"https:\/\/www.nebrija.com\/medios\/actualidadnebrija\/2022\/02\/09\/ano-cultural-nebrija-instituto-cervantes\/\"><strong>Instituto Cervantes de Madrid<\/strong><\/a>. La novela gr\u00e1fica est\u00e1 publicada por N\u00f3rdica Libros y cofinanciada por el Ayuntamiento de Lebrija y la <strong>Fundaci\u00f3n<\/strong><strong> Antonio de Nebrija<\/strong>. Su presentaci\u00f3n se enmarca en los actos programados por el <a href=\"https:\/\/nebrija500.es\/\" target=\"_blank\" rel=\"noopener noreferrer\"><strong>V Centenario del Fallecimiento del humanista sevillano<\/strong><\/a>.<\/p>\n<h2>Un c\u00f3mic para acercar Nebrija a los j\u00f3venes<\/h2>\n<p>En <em>Nebrija<\/em>, Agust\u00edn Comotto ahonda en la figura del pol\u00edmata y en su ingente legado, fusionando dibujo y narrativa. Lo hace en una visi\u00f3n gr\u00e1fica sobre la vida del gran humanista y autor de la primera gram\u00e1tica castellana. Adem\u00e1s de atraer la atenci\u00f3n de los amantes del c\u00f3mic, el autor es capaz de llegar as\u00ed a lectores m\u00e1s j\u00f3venes. La intenci\u00f3n es difundir entre ellos la labor de quien se considera el primer defensor de los derechos de autor y de la libertad de expresi\u00f3n y de conciencia.<\/p>\n<p>El autor argentino, afincado en Espa\u00f1a, ha trabajado durante m\u00e1s de un a\u00f1o en este monumental c\u00f3mic. Incluye una completa secci\u00f3n con las biograf\u00edas de los protagonistas y un mapa de su contexto hist\u00f3rico. Comotto destac\u00f3 que la necesidad de recuperar el trabajo de este gran humanista es \u201cimpresionante\u201d, citando como ejemplo la canci\u00f3n que competir\u00e1 por Espa\u00f1a para Eurovisi\u00f3n. \u201cNo me representa porque no tiene ni siquiera una gram\u00e1tica\u201d, lament\u00f3.<\/p>\n<p>Para Comotto, el pol\u00edmata representa la curiosidad como elemento primordial de la condici\u00f3n humana. \u201cNebrija pens\u00f3 que un sonido significaba una letra y ese es el \u00e1ngulo y el pilar fundamental del castellano, a diferencia de otras lenguas.<\/p>\n<p>La presentaci\u00f3n en el Instituto Cervantes corri\u00f3 a cargo de Ernesto P\u00e9rez Z\u00fa\u00f1iga, subdirector de Cultura de la instituci\u00f3n. Tambi\u00e9n acudi\u00f3 Mar\u00eda Jos\u00e9 G\u00e1lvez, directora general del Libro y Fomento de la Lectura. Igualmente estuvo presente Diego Moreno, editor del libro; y Diego Moldes, director de Relaciones Institucionales de la Fundaci\u00f3n Antonio de Nebrija. Adem\u00e1s particip\u00f3 con unas palabras el alcalde de <a href=\"https:\/\/www.nebrija.com\/medios\/actualidadnebrija\/2020\/03\/11\/lebrija-y-nebrija-unidos-en-el-v-centenario-de-antonio\/\"><strong>Lebrija<\/strong><\/a>, Jos\u00e9 Benito Barroso.<\/p>\n<h3>Un legado que sigue vigente<\/h3>\n<p>G\u00e1lvez remarc\u00f3 el \u201cgusto exquisito\u201d de la novela gr\u00e1fica de Comotto. \u201cNebrija no es una figura del pasado. Vivi\u00f3 hace cinco siglos. Pero lo traemos hoy con este libro porque el humanismo, los valores y la filosof\u00eda que nos traslad\u00f3 siguen vigentes\u201d, advirti\u00f3.<\/p>\n<p>P\u00e9rez Z\u00fa\u00f1iga, por su parte, record\u00f3 que la obra del ilustrador acercar\u00e1 a Nebrija a un p\u00fablico que a\u00fan no lo conoce. Tambi\u00e9n celebr\u00f3 que el V Centenario del Fallecimiento del pol\u00edmata sevillano sea \u00fatil para fomentar los valores del humanismo, \u201cen tiempos dif\u00edciles, que lo son, para la cultura, el pensamiento y la democracia\u201d.<\/p>\n<p>El alcalde de Lebrija opin\u00f3 que Nebrija es \u201ccomo el Erasmo de Rotterdam de nuestro pa\u00eds\u201d. Por su parte, el editor Diego Moreno se alegr\u00f3 de contribuir con este c\u00f3mic a difundir la obra de Nebrija, la defensa de la lengua, la creaci\u00f3n y la autor\u00eda. \u201cEn una \u00e9poca en la que la Filosof\u00eda y la Lengua est\u00e1n perdiendo importancia curricular y desapareciendo de las escuelas\u201d, advirti\u00f3.<\/p>\n<p>El director de Relaciones Institucionales de la Fundaci\u00f3n Antonio de Nebrija record\u00f3 que m\u00e1s del 80 % de la obra del humanista sigue sin traducirse del lat\u00edn y confi\u00f3 en que la obra de Comotto sirva para acercar su figura al p\u00fablico en general, y a los j\u00f3venes en particular.<\/p>\n<h3>Agust\u00edn Comotto, el novelista gr\u00e1fico autor del c\u00f3mic sobre Nebrija<\/h3>\n<p>Autor de varios libros publicados en M\u00e9xico, Francia, Italia, Corea, Argentina, Venezuela y Espa\u00f1a, desde los a\u00f1os noventa Comotto (Buenos Aires, 1964) se dedica exclusivamente al campo de las obras gr\u00e1ficas como ilustrador y escritor. En 2001 gan\u00f3 el premio <em>A la orilla del viento<\/em> del Fondo de Cultura Econ\u00f3mica de M\u00e9xico por el libro <em>Siete millones de escarabajos<\/em>. Al a\u00f1o siguiente, tambi\u00e9n fue menci\u00f3n White Raven de la Biblioteca de Munich (Alemania) por esa misma obra. Con <em>Nebrija<\/em> profundiza en el arte de contar con im\u00e1genes, con un manejo magistral de la ilustraci\u00f3n y la narrativa gr\u00e1fica sobre la figura del humanista hisp\u00e1nico y ciudadano universal.<\/p>\n<p>El acto de presentaci\u00f3n del c\u00f3mic <em>Nebrija<\/em> se cerr\u00f3 con la actuaci\u00f3n musical de Carlos Cantero, que interpret\u00f3 unas piezas de m\u00fasica espa\u00f1ola con la\u00fad renacentista.<\/p>\n<h4><strong>Del c\u00f3mic, a la Gran Gala Nebrija en el Teatro Real<\/strong><\/h4>\n<p>2022 es un a\u00f1o se\u00f1alado para la cultura espa\u00f1ola. Se cumple el V Centenario del fallecimiento de Antonio de Nebrija, declarado en los Presupuestos Generales del Estado de 2021 como \u201cAcontecimiento de excepcional inter\u00e9s p\u00fablico\u201d. A este efecto, la <strong>Comisi\u00f3n Interadministrativa del V Centenario del Fallecimiento de Antonio de Nebrija<\/strong>, presidida por la Fundaci\u00f3n Antonio de Nebrija, est\u00e1 divulgando el ingente legado de Nebrija en una intensa celebraci\u00f3n.<\/p>\n<p>La publicaci\u00f3n del c\u00f3mic <em>Nebrija<\/em> se enmarca en la ampl\u00edsima agenda de actividades programadas. El\u00a0 pistoletazo de salida ser\u00e1 una gran Gala de inauguraci\u00f3n del A\u00f1o Cultural Nebrija en el Teatro Real (21 de febrero de 2022). Le seguir\u00e1n una exposici\u00f3n en la Biblioteca Nacional de Espa\u00f1a y la publicaci\u00f3n de diversos libros. Tambi\u00e9n un documental para televisi\u00f3n y un congreso internacional en Lebrija.<\/p>\n<p>Se sumar\u00e1n congresos internacionales en Suiza y Per\u00fa. Y otros proyectos culturales de diferente \u00edndole.<\/p>\n\n\t\t<style type=\"text\/css\">\n\t\t\t#gallery-1 {\n\t\t\t\tmargin: auto;\n\t\t\t}\n\t\t\t#gallery-1 .gallery-item {\n\t\t\t\tfloat: left;\n\t\t\t\tmargin-top: 10px;\n\t\t\t\ttext-align: center;\n\t\t\t\twidth: 33%;\n\t\t\t}\n\t\t\t#gallery-1 img {\n\t\t\t\tborder: 2px solid #cfcfcf;\n\t\t\t}\n\t\t\t#gallery-1 .gallery-caption {\n\t\t\t\tmargin-left: 0;\n\t\t\t}\n\t\t\t\/* see gallery_shortcode() in wp-includes\/media.php *\/\n\t\t<\/style>\n\t\t<div id='gallery-1' class='gallery galleryid-75554 gallery-columns-3 gallery-size-thumbnail'><dl class='gallery-item'>\n\t\t\t<dt class='gallery-icon landscape'>\n\t\t\t\t<a href='https:\/\/www.nebrija.com\/medios\/actualidadnebrija\/wp-content\/uploads\/sites\/2\/2022\/02\/comic-agustin-comotto.jpg'><img loading=\"lazy\" decoding=\"async\" width=\"150\" height=\"150\" src=\"https:\/\/www.nebrija.com\/medios\/actualidadnebrija\/wp-content\/uploads\/sites\/2\/2022\/02\/comic-agustin-comotto-150x150.jpg\" class=\"attachment-thumbnail size-thumbnail\" alt=\"c\u00f3mic agust\u00edn comotto\" \/><\/a>\n\t\t\t<\/dt><\/dl><dl class='gallery-item'>\n\t\t\t<dt class='gallery-icon portrait'>\n\t\t\t\t<a href='https:\/\/www.nebrija.com\/medios\/actualidadnebrija\/wp-content\/uploads\/sites\/2\/2022\/02\/comic-Nebrija-e1757328535128.jpg'><img loading=\"lazy\" decoding=\"async\" width=\"150\" height=\"150\" src=\"https:\/\/www.nebrija.com\/medios\/actualidadnebrija\/wp-content\/uploads\/sites\/2\/2022\/02\/comic-Nebrija-150x150.jpg\" class=\"attachment-thumbnail size-thumbnail\" alt=\"c\u00f3mic Nebrija\" \/><\/a>\n\t\t\t<\/dt><\/dl><dl class='gallery-item'>\n\t\t\t<dt class='gallery-icon portrait'>\n\t\t\t\t<a href='https:\/\/www.nebrija.com\/medios\/actualidadnebrija\/wp-content\/uploads\/sites\/2\/2022\/02\/Comotto-comic-e1757337797651.jpg'><img loading=\"lazy\" decoding=\"async\" width=\"150\" height=\"150\" src=\"https:\/\/www.nebrija.com\/medios\/actualidadnebrija\/wp-content\/uploads\/sites\/2\/2022\/02\/Comotto-comic-150x150.jpg\" class=\"attachment-thumbnail size-thumbnail\" alt=\"Comotto c\u00f3mic\" \/><\/a>\n\t\t\t<\/dt><\/dl><br style=\"clear: both\" \/><dl class='gallery-item'>\n\t\t\t<dt class='gallery-icon landscape'>\n\t\t\t\t<a href='https:\/\/www.nebrija.com\/medios\/actualidadnebrija\/wp-content\/uploads\/sites\/2\/2022\/02\/laud-comic.jpg'><img loading=\"lazy\" decoding=\"async\" width=\"150\" height=\"150\" src=\"https:\/\/www.nebrija.com\/medios\/actualidadnebrija\/wp-content\/uploads\/sites\/2\/2022\/02\/laud-comic-150x150.jpg\" class=\"attachment-thumbnail size-thumbnail\" alt=\"la\u00fad c\u00f3mic\" \/><\/a>\n\t\t\t<\/dt><\/dl><dl class='gallery-item'>\n\t\t\t<dt class='gallery-icon landscape'>\n\t\t\t\t<a href='https:\/\/www.nebrija.com\/medios\/actualidadnebrija\/wp-content\/uploads\/sites\/2\/2022\/02\/Moldes-comic-Nebrija.jpg'><img loading=\"lazy\" decoding=\"async\" width=\"150\" height=\"150\" src=\"https:\/\/www.nebrija.com\/medios\/actualidadnebrija\/wp-content\/uploads\/sites\/2\/2022\/02\/Moldes-comic-Nebrija-150x150.jpg\" class=\"attachment-thumbnail size-thumbnail\" alt=\"Moldes c\u00f3mic Nebrija\" \/><\/a>\n\t\t\t<\/dt><\/dl><dl class='gallery-item'>\n\t\t\t<dt class='gallery-icon landscape'>\n\t\t\t\t<a href='https:\/\/www.nebrija.com\/medios\/actualidadnebrija\/wp-content\/uploads\/sites\/2\/2022\/02\/presentacion-comic-Comotto.jpg'><img loading=\"lazy\" decoding=\"async\" width=\"150\" height=\"150\" src=\"https:\/\/www.nebrija.com\/medios\/actualidadnebrija\/wp-content\/uploads\/sites\/2\/2022\/02\/presentacion-comic-Comotto-150x150.jpg\" class=\"attachment-thumbnail size-thumbnail\" alt=\"presentaci\u00f3n c\u00f3mic Comotto\" \/><\/a>\n\t\t\t<\/dt><\/dl><br style=\"clear: both\" \/><dl class='gallery-item'>\n\t\t\t<dt class='gallery-icon landscape'>\n\t\t\t\t<a href='https:\/\/www.nebrija.com\/medios\/actualidadnebrija\/wp-content\/uploads\/sites\/2\/2022\/02\/presentacion-comic.jpg'><img loading=\"lazy\" decoding=\"async\" width=\"150\" height=\"150\" src=\"https:\/\/www.nebrija.com\/medios\/actualidadnebrija\/wp-content\/uploads\/sites\/2\/2022\/02\/presentacion-comic-150x150.jpg\" class=\"attachment-thumbnail size-thumbnail\" alt=\"presentaci\u00f3n c\u00f3mic\" \/><\/a>\n\t\t\t<\/dt><\/dl><dl class='gallery-item'>\n\t\t\t<dt class='gallery-icon landscape'>\n\t\t\t\t<a href='https:\/\/www.nebrija.com\/medios\/actualidadnebrija\/wp-content\/uploads\/sites\/2\/2022\/02\/directora-libro-comic-nebrija.jpg'><img loading=\"lazy\" decoding=\"async\" width=\"150\" height=\"150\" src=\"https:\/\/www.nebrija.com\/medios\/actualidadnebrija\/wp-content\/uploads\/sites\/2\/2022\/02\/directora-libro-comic-nebrija-150x150.jpg\" class=\"attachment-thumbnail size-thumbnail\" alt=\"directora libro c\u00f3mic nebrija\" \/><\/a>\n\t\t\t<\/dt><\/dl><dl class='gallery-item'>\n\t\t\t<dt class='gallery-icon landscape'>\n\t\t\t\t<a href='https:\/\/www.nebrija.com\/medios\/actualidadnebrija\/wp-content\/uploads\/sites\/2\/2022\/02\/instituto-cervantes.jpg'><img loading=\"lazy\" decoding=\"async\" width=\"150\" height=\"150\" src=\"https:\/\/www.nebrija.com\/medios\/actualidadnebrija\/wp-content\/uploads\/sites\/2\/2022\/02\/instituto-cervantes-150x150.jpg\" class=\"attachment-thumbnail size-thumbnail\" alt=\"instituto cervantes\" \/><\/a>\n\t\t\t<\/dt><\/dl><br style=\"clear: both\" \/><dl class='gallery-item'>\n\t\t\t<dt class='gallery-icon landscape'>\n\t\t\t\t<a href='https:\/\/www.nebrija.com\/medios\/actualidadnebrija\/wp-content\/uploads\/sites\/2\/2022\/02\/comic-nebrija-instituto-cervantes.jpg'><img loading=\"lazy\" decoding=\"async\" width=\"150\" height=\"150\" src=\"https:\/\/www.nebrija.com\/medios\/actualidadnebrija\/wp-content\/uploads\/sites\/2\/2022\/02\/comic-nebrija-instituto-cervantes-150x150.jpg\" class=\"attachment-thumbnail size-thumbnail\" alt=\"Coloquio c\u00f3mic\" \/><\/a>\n\t\t\t<\/dt><\/dl>\n\t\t\t<br style='clear: both' \/>\n\t\t<\/div>\n\n","protected":false},"excerpt":{"rendered":"<p>Agust\u00edn Comotto ha escrito y dibujado el c\u00f3mic biogr\u00e1fico &#8216;Nebrija&#8217;, para profundizar en la figura de Antonio de Nebrija desde una interesante y novedosa perspectiva gr\u00e1fica.<\/p>\n","protected":false},"author":1182,"featured_media":75555,"comment_status":"open","ping_status":"open","sticky":false,"template":"","format":"standard","meta":{"_acf_changed":false,"_monsterinsights_skip_tracking":false,"_monsterinsights_sitenote_active":false,"_monsterinsights_sitenote_note":"","_monsterinsights_sitenote_category":0,"footnotes":""},"categories":[1,3058,3078,4776],"tags":[4792,4791,3124,4787,4763,4793,4470],"acf":[],"yoast_head":"<!-- This site is optimized with the Yoast SEO plugin v22.1 - https:\/\/yoast.com\/wordpress\/plugins\/seo\/ -->\n<title>El legado de Nebrija, tambi\u00e9n en c\u00f3mic - Actualidad Nebrija<\/title>\n<meta name=\"description\" content=\"Agust\u00edn Comotto ha escrito y dibujado el c\u00f3mic biogr\u00e1fico Nebrija, para profundizar en la figura de Antonio de Nebrija.\" \/>\n<meta name=\"robots\" content=\"index, follow, max-snippet:-1, max-image-preview:large, max-video-preview:-1\" \/>\n<link rel=\"canonical\" href=\"https:\/\/www.nebrija.com\/medios\/actualidadnebrija\/2022\/02\/10\/nebrija-comic\/\" \/>\n<meta property=\"og:locale\" content=\"es_ES\" \/>\n<meta property=\"og:type\" content=\"article\" \/>\n<meta property=\"og:title\" content=\"El legado de Nebrija, tambi\u00e9n en c\u00f3mic - Actualidad Nebrija\" \/>\n<meta property=\"og:description\" content=\"Agust\u00edn Comotto ha escrito y dibujado el c\u00f3mic biogr\u00e1fico Nebrija, para profundizar en la figura de Antonio de Nebrija.\" \/>\n<meta property=\"og:url\" content=\"https:\/\/www.nebrija.com\/medios\/actualidadnebrija\/2022\/02\/10\/nebrija-comic\/\" \/>\n<meta property=\"og:site_name\" content=\"Actualidad Nebrija\" \/>\n<meta property=\"article:published_time\" content=\"2022-02-10T13:56:32+00:00\" \/>\n<meta property=\"article:modified_time\" content=\"2022-02-10T15:50:03+00:00\" \/>\n<meta property=\"og:image\" content=\"https:\/\/www.nebrija.com\/medios\/actualidadnebrija\/wp-content\/uploads\/sites\/2\/2022\/02\/El-legado-de-Nebrija-tambien-en-comic.jpg\" \/>\n\t<meta property=\"og:image:width\" content=\"1100\" \/>\n\t<meta property=\"og:image:height\" content=\"734\" \/>\n\t<meta property=\"og:image:type\" content=\"image\/jpeg\" \/>\n<meta name=\"author\" content=\"mcamposd\" \/>\n<meta name=\"twitter:card\" content=\"summary_large_image\" \/>\n<meta name=\"twitter:label1\" content=\"Escrito por\" \/>\n\t<meta name=\"twitter:data1\" content=\"mcamposd\" \/>\n\t<meta name=\"twitter:label2\" content=\"Tiempo de lectura\" \/>\n\t<meta name=\"twitter:data2\" content=\"5 minutos\" \/>\n<!-- \/ Yoast SEO plugin. -->","yoast_head_json":{"title":"El legado de Nebrija, tambi\u00e9n en c\u00f3mic - Actualidad Nebrija","description":"Agust\u00edn Comotto ha escrito y dibujado el c\u00f3mic biogr\u00e1fico Nebrija, para profundizar en la figura de Antonio de Nebrija.","robots":{"index":"index","follow":"follow","max-snippet":"max-snippet:-1","max-image-preview":"max-image-preview:large","max-video-preview":"max-video-preview:-1"},"canonical":"https:\/\/www.nebrija.com\/medios\/actualidadnebrija\/2022\/02\/10\/nebrija-comic\/","og_locale":"es_ES","og_type":"article","og_title":"El legado de Nebrija, tambi\u00e9n en c\u00f3mic - Actualidad Nebrija","og_description":"Agust\u00edn Comotto ha escrito y dibujado el c\u00f3mic biogr\u00e1fico Nebrija, para profundizar en la figura de Antonio de Nebrija.","og_url":"https:\/\/www.nebrija.com\/medios\/actualidadnebrija\/2022\/02\/10\/nebrija-comic\/","og_site_name":"Actualidad Nebrija","article_published_time":"2022-02-10T13:56:32+00:00","article_modified_time":"2022-02-10T15:50:03+00:00","og_image":[{"width":1100,"height":734,"url":"https:\/\/www.nebrija.com\/medios\/actualidadnebrija\/wp-content\/uploads\/sites\/2\/2022\/02\/El-legado-de-Nebrija-tambien-en-comic.jpg","type":"image\/jpeg"}],"author":"mcamposd","twitter_card":"summary_large_image","twitter_misc":{"Escrito por":"mcamposd","Tiempo de lectura":"5 minutos"},"schema":{"@context":"https:\/\/schema.org","@graph":[{"@type":"WebPage","@id":"https:\/\/www.nebrija.com\/medios\/actualidadnebrija\/2022\/02\/10\/nebrija-comic\/","url":"https:\/\/www.nebrija.com\/medios\/actualidadnebrija\/2022\/02\/10\/nebrija-comic\/","name":"El legado de Nebrija, tambi\u00e9n en c\u00f3mic - Actualidad Nebrija","isPartOf":{"@id":"https:\/\/www.nebrija.com\/medios\/actualidadnebrija\/#website"},"datePublished":"2022-02-10T13:56:32+00:00","dateModified":"2022-02-10T15:50:03+00:00","author":{"@id":"https:\/\/www.nebrija.com\/medios\/actualidadnebrija\/#\/schema\/person\/205582e65069359d9f07d260f6d48a9c"},"description":"Agust\u00edn Comotto ha escrito y dibujado el c\u00f3mic biogr\u00e1fico Nebrija, para profundizar en la figura de Antonio de Nebrija.","breadcrumb":{"@id":"https:\/\/www.nebrija.com\/medios\/actualidadnebrija\/2022\/02\/10\/nebrija-comic\/#breadcrumb"},"inLanguage":"es","potentialAction":[{"@type":"ReadAction","target":["https:\/\/www.nebrija.com\/medios\/actualidadnebrija\/2022\/02\/10\/nebrija-comic\/"]}]},{"@type":"BreadcrumbList","@id":"https:\/\/www.nebrija.com\/medios\/actualidadnebrija\/2022\/02\/10\/nebrija-comic\/#breadcrumb","itemListElement":[{"@type":"ListItem","position":1,"name":"Home","item":"https:\/\/www.nebrija.com\/medios\/actualidadnebrija\/"},{"@type":"ListItem","position":2,"name":"El legado de Nebrija, tambi\u00e9n en c\u00f3mic"}]},{"@type":"WebSite","@id":"https:\/\/www.nebrija.com\/medios\/actualidadnebrija\/#website","url":"https:\/\/www.nebrija.com\/medios\/actualidadnebrija\/","name":"Actualidad Nebrija","description":"Noticias de la Universidad Nebrija","potentialAction":[{"@type":"SearchAction","target":{"@type":"EntryPoint","urlTemplate":"https:\/\/www.nebrija.com\/medios\/actualidadnebrija\/?s={search_term_string}"},"query-input":"required name=search_term_string"}],"inLanguage":"es"},{"@type":"Person","@id":"https:\/\/www.nebrija.com\/medios\/actualidadnebrija\/#\/schema\/person\/205582e65069359d9f07d260f6d48a9c","name":"mcamposd","image":{"@type":"ImageObject","inLanguage":"es","@id":"https:\/\/www.nebrija.com\/medios\/actualidadnebrija\/#\/schema\/person\/image\/","url":"https:\/\/secure.gravatar.com\/avatar\/d0592be503e718fe4bc82c9a3b03724e?s=96&d=mm&r=g","contentUrl":"https:\/\/secure.gravatar.com\/avatar\/d0592be503e718fe4bc82c9a3b03724e?s=96&d=mm&r=g","caption":"mcamposd"},"url":"https:\/\/www.nebrija.com\/medios\/actualidadnebrija\/author\/mcamposd\/"}]}},"_links":{"self":[{"href":"https:\/\/www.nebrija.com\/medios\/actualidadnebrija\/wp-json\/wp\/v2\/posts\/75554"}],"collection":[{"href":"https:\/\/www.nebrija.com\/medios\/actualidadnebrija\/wp-json\/wp\/v2\/posts"}],"about":[{"href":"https:\/\/www.nebrija.com\/medios\/actualidadnebrija\/wp-json\/wp\/v2\/types\/post"}],"author":[{"embeddable":true,"href":"https:\/\/www.nebrija.com\/medios\/actualidadnebrija\/wp-json\/wp\/v2\/users\/1182"}],"replies":[{"embeddable":true,"href":"https:\/\/www.nebrija.com\/medios\/actualidadnebrija\/wp-json\/wp\/v2\/comments?post=75554"}],"version-history":[{"count":6,"href":"https:\/\/www.nebrija.com\/medios\/actualidadnebrija\/wp-json\/wp\/v2\/posts\/75554\/revisions"}],"predecessor-version":[{"id":75572,"href":"https:\/\/www.nebrija.com\/medios\/actualidadnebrija\/wp-json\/wp\/v2\/posts\/75554\/revisions\/75572"}],"wp:featuredmedia":[{"embeddable":true,"href":"https:\/\/www.nebrija.com\/medios\/actualidadnebrija\/wp-json\/wp\/v2\/media\/75555"}],"wp:attachment":[{"href":"https:\/\/www.nebrija.com\/medios\/actualidadnebrija\/wp-json\/wp\/v2\/media?parent=75554"}],"wp:term":[{"taxonomy":"category","embeddable":true,"href":"https:\/\/www.nebrija.com\/medios\/actualidadnebrija\/wp-json\/wp\/v2\/categories?post=75554"},{"taxonomy":"post_tag","embeddable":true,"href":"https:\/\/www.nebrija.com\/medios\/actualidadnebrija\/wp-json\/wp\/v2\/tags?post=75554"}],"curies":[{"name":"wp","href":"https:\/\/api.w.org\/{rel}","templated":true}]}}