{"id":75755,"date":"2022-02-22T14:04:29","date_gmt":"2022-02-22T13:04:29","guid":{"rendered":"https:\/\/www.nebrija.com\/medios\/actualidadnebrija\/?p=75755"},"modified":"2022-02-23T09:53:34","modified_gmt":"2022-02-23T08:53:34","slug":"rey-destaca-vigencia-nebrija","status":"publish","type":"post","link":"https:\/\/www.nebrija.com\/medios\/actualidadnebrija\/2022\/02\/22\/rey-destaca-vigencia-nebrija\/","title":{"rendered":"El Rey destaca la vigencia y la modernidad del legado de Antonio Nebrija"},"content":{"rendered":"<p>En una gran gala en el Teatro Real, puesta de largo de los actos del V Centenario, el Rey recuerda que Nebrija interpret\u00f3 la lengua como \u201cun espacio com\u00fan y compartido por todos\u201d.<!--more--><\/p>\n<p>Felipe VI sostiene que la lengua es \u201cun espacio com\u00fan y compartido por todos\u201d donde se construyen \u201cel pensamiento, los valores y la sociedad\u201d. El Rey asegura que muchos de los valores que predic\u00f3 el humanista Antonio Nebrija \u201csiguen vigentes\u201d. Es el caso de la defensa de la libertad de pensamiento y de expresi\u00f3n; mientras que el propio gram\u00e1tico sigue siendo, cinco siglos despu\u00e9s, \u201ctodo un ejemplo de modernidad, compromiso y libertad\u201d.<\/p>\n<p>El Rey pronunci\u00f3 esas palabras en la celebraci\u00f3n de una gran gala en el Teatro Real. Con ella arrancaba oficialmente los actos del <a href=\"https:\/\/nebrija500.es\/\"><strong>V Centenario de Antonio Nebrija<\/strong><\/a>.<\/p>\n<h2>El Rey preside la gran Gala Nebrija que uni\u00f3 la palabra y la m\u00fasica<\/h2>\n<p>El evento cultural, presidido por SS. MM. los Reyes de Espa\u00f1a, gir\u00f3 \u00edntegramente en torno a la figura de Antonio de Nebrija, introductor del humanismo en Espa\u00f1a y autor de la primera gram\u00e1tica castellana.<\/p>\n<p>El V Centenario de Antonio de Nebrija se va a celebrar durante todo el a\u00f1o 2022. Es una efem\u00e9ride impulsada de forma un\u00e1nime por todo el arco parlamentario. Una Comisi\u00f3n creada espec\u00edficamente para esta labor se encarga de organizar y promover las actividades. Con ellas se pretende difundir las valiosas aportaciones que este sabio hizo a la cultura hisp\u00e1nica. La Comisi\u00f3n est\u00e1 presidida por la Fundaci\u00f3n Antonio de Nebrija. En ella se integran <a href=\"https:\/\/www.nebrija.com\/medios\/actualidadnebrija\/2021\/10\/14\/quince-instituciones-culturales-y-politicas-espanolas-se-unen-para-celebrar-el-v-centenario-de-antonio-de-nebrija-en-2022\/#:~:text=Las%20instituciones%20que%20han%20firmado,el%20Ayuntamiento%20de%20Sevilla%2C%20el\">15 instituciones pol\u00edticas y culturales<\/a>.<\/p>\n<p>El Rey sostuvo que el V Centenario de Nebrija y las actividades ayudar\u00e1n a defender y difundir, como hizo Nebrija, \u201cel amor por el conocimiento, la pasi\u00f3n por la ciencia, la fidelidad inquebrantable de los principios y el respeto por los seres humanos por encima de cualquier diferencia, ya sea de lengua, origen, creencia, raza u orientaci\u00f3n\u201d.<\/p>\n<h3>La lengua elimina barreras<\/h3>\n<p>La gala, conducida por la periodista de Televisi\u00f3n Espa\u00f1ola Elena S. S\u00e1nchez, comenz\u00f3 con un minuto de silencio por las v\u00edctimas del naufragio del pesquero Villa de Pitanxo, en aguas de Terranova.<\/p>\n<p>En su intervenci\u00f3n, el ministro de Cultura y Deporte, Miquel Iceta, destac\u00f3 las virtudes de di\u00e1logo y entendimiento de Nebrija, y su visi\u00f3n de la lengua, como elemento que \u201celimina barreras y genera comunidad\u201d.<\/p>\n<p>\u201cQuien ama su lengua las ama a todas y esto tambi\u00e9n es un legado de Nebrija que celebrar en este pa\u00eds pluriling\u00fce\u201d, a\u00f1adi\u00f3 Iceta. \u201cLa lengua es, adem\u00e1s, un bien econ\u00f3mico. Una materia prima que, al contrario que el petr\u00f3leo, la madera, o la piedra, no se agota con el uso, sino que crece cuanto m\u00e1s se emplea, enriqueci\u00e9ndonos a todos, y formando el sustrato esencial de nuestra sociedad y de las industrias culturales\u201d.<\/p>\n<h3>Asistencia de autoridades<\/h3>\n<p>Junto a Iceta, al evento asisti\u00f3 el ministro de la Presidencia, Relaciones con las Cortes y Memoria Democr\u00e1tica, F\u00e9lix Bola\u00f1os. Tambi\u00e9n el ministro de Universidades, Joan Subirats. Adem\u00e1s, entre los asistentes se cont\u00f3 con el expresidente del Gobierno, Jos\u00e9 Luis Rodr\u00edguez Zapatero.<\/p>\n<p>Por otro lado, el director general del Teatro Real, Ignacio Garc\u00eda-Belenguer, tambi\u00e9n acudi\u00f3 a la gala. Adem\u00e1s, el presidente de la Comisi\u00f3n Interadministrativa de V Centenario de Nebrija y rector de la Universidad Nebrija, Jos\u00e9 Mu\u00f1iz; y el presidente de la Fundaci\u00f3n Antonio de Nebrija, Manuel Villa-Cellino.<\/p>\n<h3>Un legado cultural que tambi\u00e9n se canta<\/h3>\n<p>El legado de Nebrija y la cultura en espa\u00f1ol fueron el hilo conductor de la gala. Estuvieron en los discursos de las autoridades y en los v\u00eddeos divulgativos. Tambi\u00e9n en las palabras de la presentadora, que iba desgranando la vida y obra del sevillano. Pero Igualmente en las emocionantes actuaciones que, desde la recuperaci\u00f3n de la tradici\u00f3n o la renovaci\u00f3n del lenguaje musical, estuvieron unidas por la palabra en espa\u00f1ol.<\/p>\n<p>El cierre musical lo puso la cantautora y compositora Rozal\u00e9n, reconocida con el Premio Nacional de M\u00fasicas Actuales 2021. La artista, ganadora de un Goya, valor\u00f3 el don de la palabra en una breve intervenci\u00f3n. \u201cA veces no encontramos las palabras y la m\u00fasica es la que se ocupa de llenar esos vac\u00edos. A veces la palabra est\u00e1 en otras formas\u201d.<\/p>\n<p>Antes de Rozal\u00e9n actu\u00f3 David Dorantes, ilustre lebrijano y miembro de una dinast\u00eda de m\u00fasicos flamencos. Interpret\u00f3 la Sinton\u00eda <em>Elio Antonio de Nebrija<\/em>, una composici\u00f3n propia encargada por el Ayuntamiento de Lebrija y cedida gratuitamente a la Comisi\u00f3n del V Centenario.<\/p>\n<p>Tambi\u00e9n particip\u00f3 Haze, m\u00fasico urbano, fil\u00f3logo, profesor de Lengua y Literatura en el instituto de Educaci\u00f3n Secundaria San Jos\u00e9 de Coria del R\u00edo. Apasionado de la figura de Nebrija e hilo conductor del documental <em>Elio, <\/em>es el primer rapero en pisar las tablas del Teatro Real.<\/p>\n<p>El compositor e int\u00e9rprete Eliseo Parra, investigador del folclore y de la tradici\u00f3n musical espa\u00f1ola, interpret\u00f3 dos piezas del siglo XV. Una muestra de que la m\u00fasica que pudo escuchar Nebrija se mantiene viva.<\/p>\n<h4>La lengua, un <em>software<\/em> libre<\/h4>\n<p>En su intervenci\u00f3n, Jos\u00e9 Mu\u00f1iz, presidente de la Comisi\u00f3n Interadministrativa del V Centenario de Antonio de Nebrija y rector de la Universidad Nebrija, confi\u00f3 en que este a\u00f1o conmemorativo sirva para dar un fuerte impulso a los estudios sobre el espa\u00f1ol, \u201cuna lengua con gran vitalidad y con un potencial econ\u00f3mico enorme, no en vano la hablamos cerca de 600 millones de personas en todo el mundo\u201d.<\/p>\n<p>Consider\u00f3 adem\u00e1s que se trata de una ocasi\u00f3n \u00fanica para profundizar en el conocimiento de Nebrija. Pero tambi\u00e9n para propiciar una reflexi\u00f3n sobre el papel que pueden desempe\u00f1ar las humanidades en la era digital. \u201cHablamos y nos comunicamos en nuestra lengua de forma natural, simplemente modulando el aire que respiramos, sin necesidad de bajar ninguna aplicaci\u00f3n. Bien pensado, parece m\u00e1gico. Estamos conectados a trav\u00e9s del viento, mediante un <em>software<\/em> libre, nuestra lengua, que nos permite comunicarnos, expresar ideas y sentimientos, imaginar, crear, proyectar\u201d.<\/p>\n<p>Por su parte, Dar\u00edo Villanueva, presidente del Patronato de la Universidad Nebrija y miembro de la Real Academia Espa\u00f1ola hizo votos porque en el V Centenario de Nebrija se reconozca definitivamente que, con su <em>Gram\u00e1tica castellana <\/em>de 1492, Elio Antonio de Nebrija \u201cno fue el ide\u00f3logo de la <em>lengua del Imperio<\/em>, sino el patriarca del <em>imperio de las lenguas<\/em> en el Nuevo Mundo\u201d.<\/p>\n\n\t\t<style type=\"text\/css\">\n\t\t\t#gallery-1 {\n\t\t\t\tmargin: auto;\n\t\t\t}\n\t\t\t#gallery-1 .gallery-item {\n\t\t\t\tfloat: left;\n\t\t\t\tmargin-top: 10px;\n\t\t\t\ttext-align: center;\n\t\t\t\twidth: 33%;\n\t\t\t}\n\t\t\t#gallery-1 img {\n\t\t\t\tborder: 2px solid #cfcfcf;\n\t\t\t}\n\t\t\t#gallery-1 .gallery-caption {\n\t\t\t\tmargin-left: 0;\n\t\t\t}\n\t\t\t\/* see gallery_shortcode() in wp-includes\/media.php *\/\n\t\t<\/style>\n\t\t<div id='gallery-1' class='gallery galleryid-75755 gallery-columns-3 gallery-size-thumbnail'><dl class='gallery-item'>\n\t\t\t<dt class='gallery-icon landscape'>\n\t\t\t\t<a href='https:\/\/www.nebrija.com\/medios\/actualidadnebrija\/wp-content\/uploads\/sites\/2\/2022\/02\/Dario-Villanueva-Gala-Nebrija-e1751978386568.jpg'><img loading=\"lazy\" decoding=\"async\" width=\"150\" height=\"150\" src=\"https:\/\/www.nebrija.com\/medios\/actualidadnebrija\/wp-content\/uploads\/sites\/2\/2022\/02\/Dario-Villanueva-Gala-Nebrija-150x150.jpg\" class=\"attachment-thumbnail size-thumbnail\" alt=\"Dar\u00edo Villanueva\" \/><\/a>\n\t\t\t<\/dt><\/dl><dl class='gallery-item'>\n\t\t\t<dt class='gallery-icon landscape'>\n\t\t\t\t<a href='https:\/\/www.nebrija.com\/medios\/actualidadnebrija\/wp-content\/uploads\/sites\/2\/2022\/02\/Iceta-Gala-Nebrija-e1752482866319.jpg'><img loading=\"lazy\" decoding=\"async\" width=\"150\" height=\"150\" src=\"https:\/\/www.nebrija.com\/medios\/actualidadnebrija\/wp-content\/uploads\/sites\/2\/2022\/02\/Iceta-Gala-Nebrija-150x150.jpg\" class=\"attachment-thumbnail size-thumbnail\" alt=\"Iceta\" \/><\/a>\n\t\t\t<\/dt><\/dl><dl class='gallery-item'>\n\t\t\t<dt class='gallery-icon landscape'>\n\t\t\t\t<a href='https:\/\/www.nebrija.com\/medios\/actualidadnebrija\/wp-content\/uploads\/sites\/2\/2022\/02\/Gala-Nebrija-Teatro-Real-e1751543270456.jpg'><img loading=\"lazy\" decoding=\"async\" width=\"150\" height=\"150\" src=\"https:\/\/www.nebrija.com\/medios\/actualidadnebrija\/wp-content\/uploads\/sites\/2\/2022\/02\/Gala-Nebrija-Teatro-Real-150x150.jpg\" class=\"attachment-thumbnail size-thumbnail\" alt=\"Gala Nebrija Teatro Real\" \/><\/a>\n\t\t\t<\/dt><\/dl><br style=\"clear: both\" \/><dl class='gallery-item'>\n\t\t\t<dt class='gallery-icon landscape'>\n\t\t\t\t<a href='https:\/\/www.nebrija.com\/medios\/actualidadnebrija\/wp-content\/uploads\/sites\/2\/2022\/02\/Gran-Gala-Nebrija-e1751971697453.jpg'><img loading=\"lazy\" decoding=\"async\" width=\"150\" height=\"150\" src=\"https:\/\/www.nebrija.com\/medios\/actualidadnebrija\/wp-content\/uploads\/sites\/2\/2022\/02\/Gran-Gala-Nebrija-150x150.jpg\" class=\"attachment-thumbnail size-thumbnail\" alt=\"Villa-Cellino y Mu\u00f1iz\" \/><\/a>\n\t\t\t<\/dt><\/dl><dl class='gallery-item'>\n\t\t\t<dt class='gallery-icon landscape'>\n\t\t\t\t<a href='https:\/\/www.nebrija.com\/medios\/actualidadnebrija\/wp-content\/uploads\/sites\/2\/2022\/02\/Jose-Muniz-Gala-Nebrija-e1752483127864.jpg'><img loading=\"lazy\" decoding=\"async\" width=\"150\" height=\"150\" src=\"https:\/\/www.nebrija.com\/medios\/actualidadnebrija\/wp-content\/uploads\/sites\/2\/2022\/02\/Jose-Muniz-Gala-Nebrija-150x150.jpg\" class=\"attachment-thumbnail size-thumbnail\" alt=\"Jos\u00e9 Mu\u00f1iz\" \/><\/a>\n\t\t\t<\/dt><\/dl><dl class='gallery-item'>\n\t\t\t<dt class='gallery-icon landscape'>\n\t\t\t\t<a href='https:\/\/www.nebrija.com\/medios\/actualidadnebrija\/wp-content\/uploads\/sites\/2\/2022\/02\/Recepcion-Reyes-e1748867801120.jpg'><img loading=\"lazy\" decoding=\"async\" width=\"150\" height=\"150\" src=\"https:\/\/www.nebrija.com\/medios\/actualidadnebrija\/wp-content\/uploads\/sites\/2\/2022\/02\/Recepcion-Reyes-150x150.jpg\" class=\"attachment-thumbnail size-thumbnail\" alt=\"Recepci\u00f3n Reyes Gala Nebrija\" \/><\/a>\n\t\t\t<\/dt><\/dl><br style=\"clear: both\" \/><dl class='gallery-item'>\n\t\t\t<dt class='gallery-icon landscape'>\n\t\t\t\t<a href='https:\/\/www.nebrija.com\/medios\/actualidadnebrija\/wp-content\/uploads\/sites\/2\/2022\/02\/Rey-Nebrija-e1753704580793.jpg'><img loading=\"lazy\" decoding=\"async\" width=\"150\" height=\"150\" src=\"https:\/\/www.nebrija.com\/medios\/actualidadnebrija\/wp-content\/uploads\/sites\/2\/2022\/02\/Rey-Nebrija-150x150.jpg\" class=\"attachment-thumbnail size-thumbnail\" alt=\"Rey Nebrija\" \/><\/a>\n\t\t\t<\/dt><\/dl><dl class='gallery-item'>\n\t\t\t<dt class='gallery-icon landscape'>\n\t\t\t\t<a href='https:\/\/www.nebrija.com\/medios\/actualidadnebrija\/wp-content\/uploads\/sites\/2\/2022\/02\/Elena-S.-Sanchez-Gala-Nebrija-e1751979913180.jpg'><img loading=\"lazy\" decoding=\"async\" width=\"150\" height=\"150\" src=\"https:\/\/www.nebrija.com\/medios\/actualidadnebrija\/wp-content\/uploads\/sites\/2\/2022\/02\/Elena-S.-Sanchez-Gala-Nebrija-150x150.jpg\" class=\"attachment-thumbnail size-thumbnail\" alt=\"Elena S. S\u00e1nchez\" \/><\/a>\n\t\t\t<\/dt><\/dl><dl class='gallery-item'>\n\t\t\t<dt class='gallery-icon landscape'>\n\t\t\t\t<a href='https:\/\/www.nebrija.com\/medios\/actualidadnebrija\/wp-content\/uploads\/sites\/2\/2022\/02\/Reyes-gala-Nebrija-e1749022447892.jpg'><img loading=\"lazy\" decoding=\"async\" width=\"150\" height=\"150\" src=\"https:\/\/www.nebrija.com\/medios\/actualidadnebrija\/wp-content\/uploads\/sites\/2\/2022\/02\/Reyes-gala-Nebrija-150x150.jpg\" class=\"attachment-thumbnail size-thumbnail\" alt=\"Reyes gala Nebrija\" \/><\/a>\n\t\t\t<\/dt><\/dl><br style=\"clear: both\" \/><dl class='gallery-item'>\n\t\t\t<dt class='gallery-icon landscape'>\n\t\t\t\t<a href='https:\/\/www.nebrija.com\/medios\/actualidadnebrija\/wp-content\/uploads\/sites\/2\/2022\/02\/Rozalen-Gala-Nebrija-e1751978292266.jpg'><img loading=\"lazy\" decoding=\"async\" width=\"150\" height=\"150\" src=\"https:\/\/www.nebrija.com\/medios\/actualidadnebrija\/wp-content\/uploads\/sites\/2\/2022\/02\/Rozalen-Gala-Nebrija-150x150.jpg\" class=\"attachment-thumbnail size-thumbnail\" alt=\"Rozal\u00e9n\" \/><\/a>\n\t\t\t<\/dt><\/dl><dl class='gallery-item'>\n\t\t\t<dt class='gallery-icon landscape'>\n\t\t\t\t<a href='https:\/\/www.nebrija.com\/medios\/actualidadnebrija\/wp-content\/uploads\/sites\/2\/2022\/02\/Haze-Gala-Nebrija-e1752485722352.jpg'><img loading=\"lazy\" decoding=\"async\" width=\"150\" height=\"150\" src=\"https:\/\/www.nebrija.com\/medios\/actualidadnebrija\/wp-content\/uploads\/sites\/2\/2022\/02\/Haze-Gala-Nebrija-150x150.jpg\" class=\"attachment-thumbnail size-thumbnail\" alt=\"Haze\" \/><\/a>\n\t\t\t<\/dt><\/dl><dl class='gallery-item'>\n\t\t\t<dt class='gallery-icon landscape'>\n\t\t\t\t<a href='https:\/\/www.nebrija.com\/medios\/actualidadnebrija\/wp-content\/uploads\/sites\/2\/2022\/02\/Eliseo-Parra-Gala-Nebrija-e1751979086231.jpg'><img loading=\"lazy\" decoding=\"async\" width=\"150\" height=\"150\" src=\"https:\/\/www.nebrija.com\/medios\/actualidadnebrija\/wp-content\/uploads\/sites\/2\/2022\/02\/Eliseo-Parra-Gala-Nebrija-150x150.jpg\" class=\"attachment-thumbnail size-thumbnail\" alt=\"Eliseo Parra\" \/><\/a>\n\t\t\t<\/dt><\/dl><br style=\"clear: both\" \/><dl class='gallery-item'>\n\t\t\t<dt class='gallery-icon landscape'>\n\t\t\t\t<a href='https:\/\/www.nebrija.com\/medios\/actualidadnebrija\/wp-content\/uploads\/sites\/2\/2022\/02\/Rey-Gala-Nebrija-e1748867693854.jpg'><img loading=\"lazy\" decoding=\"async\" width=\"150\" height=\"150\" src=\"https:\/\/www.nebrija.com\/medios\/actualidadnebrija\/wp-content\/uploads\/sites\/2\/2022\/02\/Rey-Gala-Nebrija-150x150.jpg\" class=\"attachment-thumbnail size-thumbnail\" alt=\"Reyes Gala Nebrija\" \/><\/a>\n\t\t\t<\/dt><\/dl><dl class='gallery-item'>\n\t\t\t<dt class='gallery-icon landscape'>\n\t\t\t\t<a href='https:\/\/www.nebrija.com\/medios\/actualidadnebrija\/wp-content\/uploads\/sites\/2\/2022\/02\/Dorantes-Gala-Nebrija-e1751979048735.jpg'><img loading=\"lazy\" decoding=\"async\" width=\"150\" height=\"150\" src=\"https:\/\/www.nebrija.com\/medios\/actualidadnebrija\/wp-content\/uploads\/sites\/2\/2022\/02\/Dorantes-Gala-Nebrija-150x150.jpg\" class=\"attachment-thumbnail size-thumbnail\" alt=\"Dorantes\" \/><\/a>\n\t\t\t<\/dt><\/dl><dl class='gallery-item'>\n\t\t\t<dt class='gallery-icon landscape'>\n\t\t\t\t<a href='https:\/\/www.nebrija.com\/medios\/actualidadnebrija\/wp-content\/uploads\/sites\/2\/2022\/02\/El-Rey-destaca-la-vigencia-y-la-modernidad-de-Nebrija-e1751979358724.jpg'><img loading=\"lazy\" decoding=\"async\" width=\"150\" height=\"150\" src=\"https:\/\/www.nebrija.com\/medios\/actualidadnebrija\/wp-content\/uploads\/sites\/2\/2022\/02\/El-Rey-destaca-la-vigencia-y-la-modernidad-de-Nebrija-150x150.jpg\" class=\"attachment-thumbnail size-thumbnail\" alt=\"El Rey destaca la vigencia y la modernidad de Nebrija\" \/><\/a>\n\t\t\t<\/dt><\/dl><br style=\"clear: both\" \/>\n\t\t<\/div>\n\n\n\t\t<style type=\"text\/css\">\n\t\t\t#gallery-2 {\n\t\t\t\tmargin: auto;\n\t\t\t}\n\t\t\t#gallery-2 .gallery-item {\n\t\t\t\tfloat: left;\n\t\t\t\tmargin-top: 10px;\n\t\t\t\ttext-align: center;\n\t\t\t\twidth: 33%;\n\t\t\t}\n\t\t\t#gallery-2 img {\n\t\t\t\tborder: 2px solid #cfcfcf;\n\t\t\t}\n\t\t\t#gallery-2 .gallery-caption {\n\t\t\t\tmargin-left: 0;\n\t\t\t}\n\t\t\t\/* see gallery_shortcode() in wp-includes\/media.php *\/\n\t\t<\/style>\n\t\t<div id='gallery-2' class='gallery galleryid-75755 gallery-columns-3 gallery-size-thumbnail'><dl class='gallery-item'>\n\t\t\t<dt class='gallery-icon landscape'>\n\t\t\t\t<a href='https:\/\/www.nebrija.com\/medios\/actualidadnebrija\/wp-content\/uploads\/sites\/2\/2022\/02\/Universidad-Nebrija-21-02-2022_0673-e1748867464841.jpg'><img loading=\"lazy\" decoding=\"async\" width=\"150\" height=\"150\" src=\"https:\/\/www.nebrija.com\/medios\/actualidadnebrija\/wp-content\/uploads\/sites\/2\/2022\/02\/Universidad-Nebrija-21-02-2022_0673-150x150.jpg\" class=\"attachment-thumbnail size-thumbnail\" alt=\"Universidad Nebrija\" \/><\/a>\n\t\t\t<\/dt><\/dl><dl class='gallery-item'>\n\t\t\t<dt class='gallery-icon landscape'>\n\t\t\t\t<a href='https:\/\/www.nebrija.com\/medios\/actualidadnebrija\/wp-content\/uploads\/sites\/2\/2022\/02\/Universidad-Nebrija-21-02-2022_0565-e1748868201333.jpg'><img loading=\"lazy\" decoding=\"async\" width=\"150\" height=\"150\" src=\"https:\/\/www.nebrija.com\/medios\/actualidadnebrija\/wp-content\/uploads\/sites\/2\/2022\/02\/Universidad-Nebrija-21-02-2022_0565-150x150.jpg\" class=\"attachment-thumbnail size-thumbnail\" alt=\"Actuaci\u00f3n musical\" \/><\/a>\n\t\t\t<\/dt><\/dl><dl class='gallery-item'>\n\t\t\t<dt class='gallery-icon landscape'>\n\t\t\t\t<a href='https:\/\/www.nebrija.com\/medios\/actualidadnebrija\/wp-content\/uploads\/sites\/2\/2022\/02\/Universidad-Nebrija-21-02-2022_0534-e1752483023809.jpg'><img loading=\"lazy\" decoding=\"async\" width=\"150\" height=\"150\" src=\"https:\/\/www.nebrija.com\/medios\/actualidadnebrija\/wp-content\/uploads\/sites\/2\/2022\/02\/Universidad-Nebrija-21-02-2022_0534-150x150.jpg\" class=\"attachment-thumbnail size-thumbnail\" alt=\"Villanueva\" \/><\/a>\n\t\t\t<\/dt><\/dl><br style=\"clear: both\" \/>\n\t\t<\/div>\n\n","protected":false},"excerpt":{"rendered":"<p>En una gran gala en el Teatro Real, puesta de largo de los actos del V Centenario, el Rey recuerda que Nebrija interpret\u00f3 la lengua como \u201cun espacio com\u00fan y compartido por todos\u201d.<\/p>\n","protected":false},"author":1182,"featured_media":75762,"comment_status":"open","ping_status":"open","sticky":false,"template":"","format":"link","meta":{"_acf_changed":false,"_monsterinsights_skip_tracking":false,"_monsterinsights_sitenote_active":false,"_monsterinsights_sitenote_note":"","_monsterinsights_sitenote_category":0,"footnotes":""},"categories":[1,3058,3078,4776],"tags":[3124,4807,4805,4806,3492,4470],"acf":[],"yoast_head":"<!-- This site is optimized with the Yoast SEO plugin v22.1 - https:\/\/yoast.com\/wordpress\/plugins\/seo\/ -->\n<title>El Rey destaca la vigencia y la modernidad del legado de Antonio Nebrija - Actualidad Nebrija<\/title>\n<meta name=\"description\" content=\"El Rey destaca la vigencia y la modernidad de Nebrija en una gran gala en el Teatro Real que arranca los actos del V Centenario.\" \/>\n<meta name=\"robots\" content=\"index, follow, max-snippet:-1, max-image-preview:large, max-video-preview:-1\" \/>\n<link rel=\"canonical\" href=\"https:\/\/www.nebrija.com\/medios\/actualidadnebrija\/2022\/02\/22\/rey-destaca-vigencia-nebrija\/\" \/>\n<meta property=\"og:locale\" content=\"es_ES\" \/>\n<meta property=\"og:type\" content=\"article\" \/>\n<meta property=\"og:title\" content=\"El Rey destaca la vigencia y la modernidad del legado de Antonio Nebrija - Actualidad Nebrija\" \/>\n<meta property=\"og:description\" content=\"El Rey destaca la vigencia y la modernidad de Nebrija en una gran gala en el Teatro Real que arranca los actos del V Centenario.\" \/>\n<meta property=\"og:url\" content=\"https:\/\/www.nebrija.com\/medios\/actualidadnebrija\/2022\/02\/22\/rey-destaca-vigencia-nebrija\/\" \/>\n<meta property=\"og:site_name\" content=\"Actualidad Nebrija\" \/>\n<meta property=\"article:published_time\" content=\"2022-02-22T13:04:29+00:00\" \/>\n<meta property=\"article:modified_time\" content=\"2022-02-23T08:53:34+00:00\" \/>\n<meta property=\"og:image\" content=\"https:\/\/www.nebrija.com\/medios\/actualidadnebrija\/wp-content\/uploads\/sites\/2\/2022\/02\/El-Rey-destaca-la-vigencia-y-la-modernidad-de-Nebrija.jpg\" \/>\n\t<meta property=\"og:image:width\" content=\"2000\" \/>\n\t<meta property=\"og:image:height\" content=\"1335\" \/>\n\t<meta property=\"og:image:type\" content=\"image\/jpeg\" \/>\n<meta name=\"author\" content=\"mcamposd\" \/>\n<meta name=\"twitter:card\" content=\"summary_large_image\" \/>\n<meta name=\"twitter:label1\" content=\"Escrito por\" \/>\n\t<meta name=\"twitter:data1\" content=\"mcamposd\" \/>\n\t<meta name=\"twitter:label2\" content=\"Tiempo de lectura\" \/>\n\t<meta name=\"twitter:data2\" content=\"6 minutos\" \/>\n<!-- \/ Yoast SEO plugin. -->","yoast_head_json":{"title":"El Rey destaca la vigencia y la modernidad del legado de Antonio Nebrija - Actualidad Nebrija","description":"El Rey destaca la vigencia y la modernidad de Nebrija en una gran gala en el Teatro Real que arranca los actos del V Centenario.","robots":{"index":"index","follow":"follow","max-snippet":"max-snippet:-1","max-image-preview":"max-image-preview:large","max-video-preview":"max-video-preview:-1"},"canonical":"https:\/\/www.nebrija.com\/medios\/actualidadnebrija\/2022\/02\/22\/rey-destaca-vigencia-nebrija\/","og_locale":"es_ES","og_type":"article","og_title":"El Rey destaca la vigencia y la modernidad del legado de Antonio Nebrija - Actualidad Nebrija","og_description":"El Rey destaca la vigencia y la modernidad de Nebrija en una gran gala en el Teatro Real que arranca los actos del V Centenario.","og_url":"https:\/\/www.nebrija.com\/medios\/actualidadnebrija\/2022\/02\/22\/rey-destaca-vigencia-nebrija\/","og_site_name":"Actualidad Nebrija","article_published_time":"2022-02-22T13:04:29+00:00","article_modified_time":"2022-02-23T08:53:34+00:00","og_image":[{"width":2000,"height":1335,"url":"https:\/\/www.nebrija.com\/medios\/actualidadnebrija\/wp-content\/uploads\/sites\/2\/2022\/02\/El-Rey-destaca-la-vigencia-y-la-modernidad-de-Nebrija.jpg","type":"image\/jpeg"}],"author":"mcamposd","twitter_card":"summary_large_image","twitter_misc":{"Escrito por":"mcamposd","Tiempo de lectura":"6 minutos"},"schema":{"@context":"https:\/\/schema.org","@graph":[{"@type":"WebPage","@id":"https:\/\/www.nebrija.com\/medios\/actualidadnebrija\/2022\/02\/22\/rey-destaca-vigencia-nebrija\/","url":"https:\/\/www.nebrija.com\/medios\/actualidadnebrija\/2022\/02\/22\/rey-destaca-vigencia-nebrija\/","name":"El Rey destaca la vigencia y la modernidad del legado de Antonio Nebrija - Actualidad Nebrija","isPartOf":{"@id":"https:\/\/www.nebrija.com\/medios\/actualidadnebrija\/#website"},"datePublished":"2022-02-22T13:04:29+00:00","dateModified":"2022-02-23T08:53:34+00:00","author":{"@id":"https:\/\/www.nebrija.com\/medios\/actualidadnebrija\/#\/schema\/person\/205582e65069359d9f07d260f6d48a9c"},"description":"El Rey destaca la vigencia y la modernidad de Nebrija en una gran gala en el Teatro Real que arranca los actos del V Centenario.","breadcrumb":{"@id":"https:\/\/www.nebrija.com\/medios\/actualidadnebrija\/2022\/02\/22\/rey-destaca-vigencia-nebrija\/#breadcrumb"},"inLanguage":"es","potentialAction":[{"@type":"ReadAction","target":["https:\/\/www.nebrija.com\/medios\/actualidadnebrija\/2022\/02\/22\/rey-destaca-vigencia-nebrija\/"]}]},{"@type":"BreadcrumbList","@id":"https:\/\/www.nebrija.com\/medios\/actualidadnebrija\/2022\/02\/22\/rey-destaca-vigencia-nebrija\/#breadcrumb","itemListElement":[{"@type":"ListItem","position":1,"name":"Home","item":"https:\/\/www.nebrija.com\/medios\/actualidadnebrija\/"},{"@type":"ListItem","position":2,"name":"El Rey destaca la vigencia y la modernidad del legado de Antonio Nebrija"}]},{"@type":"WebSite","@id":"https:\/\/www.nebrija.com\/medios\/actualidadnebrija\/#website","url":"https:\/\/www.nebrija.com\/medios\/actualidadnebrija\/","name":"Actualidad Nebrija","description":"Noticias de la Universidad Nebrija","potentialAction":[{"@type":"SearchAction","target":{"@type":"EntryPoint","urlTemplate":"https:\/\/www.nebrija.com\/medios\/actualidadnebrija\/?s={search_term_string}"},"query-input":"required name=search_term_string"}],"inLanguage":"es"},{"@type":"Person","@id":"https:\/\/www.nebrija.com\/medios\/actualidadnebrija\/#\/schema\/person\/205582e65069359d9f07d260f6d48a9c","name":"mcamposd","image":{"@type":"ImageObject","inLanguage":"es","@id":"https:\/\/www.nebrija.com\/medios\/actualidadnebrija\/#\/schema\/person\/image\/","url":"https:\/\/secure.gravatar.com\/avatar\/d0592be503e718fe4bc82c9a3b03724e?s=96&d=mm&r=g","contentUrl":"https:\/\/secure.gravatar.com\/avatar\/d0592be503e718fe4bc82c9a3b03724e?s=96&d=mm&r=g","caption":"mcamposd"},"url":"https:\/\/www.nebrija.com\/medios\/actualidadnebrija\/author\/mcamposd\/"}]}},"_links":{"self":[{"href":"https:\/\/www.nebrija.com\/medios\/actualidadnebrija\/wp-json\/wp\/v2\/posts\/75755"}],"collection":[{"href":"https:\/\/www.nebrija.com\/medios\/actualidadnebrija\/wp-json\/wp\/v2\/posts"}],"about":[{"href":"https:\/\/www.nebrija.com\/medios\/actualidadnebrija\/wp-json\/wp\/v2\/types\/post"}],"author":[{"embeddable":true,"href":"https:\/\/www.nebrija.com\/medios\/actualidadnebrija\/wp-json\/wp\/v2\/users\/1182"}],"replies":[{"embeddable":true,"href":"https:\/\/www.nebrija.com\/medios\/actualidadnebrija\/wp-json\/wp\/v2\/comments?post=75755"}],"version-history":[{"count":10,"href":"https:\/\/www.nebrija.com\/medios\/actualidadnebrija\/wp-json\/wp\/v2\/posts\/75755\/revisions"}],"predecessor-version":[{"id":75827,"href":"https:\/\/www.nebrija.com\/medios\/actualidadnebrija\/wp-json\/wp\/v2\/posts\/75755\/revisions\/75827"}],"wp:featuredmedia":[{"embeddable":true,"href":"https:\/\/www.nebrija.com\/medios\/actualidadnebrija\/wp-json\/wp\/v2\/media\/75762"}],"wp:attachment":[{"href":"https:\/\/www.nebrija.com\/medios\/actualidadnebrija\/wp-json\/wp\/v2\/media?parent=75755"}],"wp:term":[{"taxonomy":"category","embeddable":true,"href":"https:\/\/www.nebrija.com\/medios\/actualidadnebrija\/wp-json\/wp\/v2\/categories?post=75755"},{"taxonomy":"post_tag","embeddable":true,"href":"https:\/\/www.nebrija.com\/medios\/actualidadnebrija\/wp-json\/wp\/v2\/tags?post=75755"}],"curies":[{"name":"wp","href":"https:\/\/api.w.org\/{rel}","templated":true}]}}