{"id":76621,"date":"2022-03-23T10:03:35","date_gmt":"2022-03-23T09:03:35","guid":{"rendered":"https:\/\/www.nebrija.com\/medios\/actualidadnebrija\/?p=76621"},"modified":"2022-06-03T10:03:23","modified_gmt":"2022-06-03T08:03:23","slug":"bizum-crecimiento-tiendas-fisicas-contactless","status":"publish","type":"post","link":"https:\/\/www.nebrija.com\/medios\/actualidadnebrija\/2022\/03\/23\/bizum-crecimiento-tiendas-fisicas-contactless\/","title":{"rendered":"Bizum pone el reto de su crecimiento en tiendas f\u00edsicas y con pago contactless"},"content":{"rendered":"<p>La implantaci\u00f3n de Bizum como soluci\u00f3n de pago en tiendas f\u00edsicas es el reto de la compa\u00f1\u00eda para este a\u00f1o. \u201cEstamos en fase de desarrollo tecnol\u00f3gico y nos vamos a inclinar por el <em>contactless<\/em>\u201d. As\u00ed lo anunci\u00f3 \u00c1ngel Nigorra, director general de la plataforma tecnol\u00f3gica, durante una conferencia pronunciada en el Campus Madrid-Princesa de la Universidad Nebrija.<\/p>\n<p>Las primeras experiencias de Bizum en tiendas f\u00edsicas comenzaron en 2019, concretamente en los 11.000 establecimientos de Loter\u00edas y Apuestas del Estado. Continuar ahora en esa senda es el gran desaf\u00edo de la compa\u00f1\u00eda, para seguir la tendencia de convertir el m\u00f3vil en un instrumento de pagos y hacer frente a propuestas de otros competidores.<\/p>\n<h2>Bizum registra un crecimiento intermensual del 15 % en comercio electr\u00f3nico<\/h2>\n<p>Desde 2019, tambi\u00e9n es posible pagar por Bizum en comercio electr\u00f3nico, en cuyo foco est\u00e1 centrada la actual actividad de marketing y comercial de la compa\u00f1\u00eda. Por el momento hay 30.000 comercios en Internet que aceptan Bizum y el crecimiento intermensual de transacciones alcanza hasta el 15 %.<\/p>\n<p>Bizum naci\u00f3 en octubre de 2016 como soluci\u00f3n de pago a trav\u00e9s del m\u00f3vil en tiempo real y de cuenta a cuenta. Participada por 23 bancos, Bizum cuenta con 31 marcas bancarias adheridas en la actualidad, lo que supone m\u00e1s del 99 % de la cuota de mercado. El crecimiento entre particulares ha sido exponencial. Si a finales de 2017 contaban con su primer mill\u00f3n de usuarios, ahora son casi 20 millones. En toda su trayectoria se han hecho 920 millones de transacciones por valor de 47.000 millones de euros. Nigorra anunci\u00f3 que este a\u00f1o se espera alcanzar los 800 millones de transacciones.<\/p>\n<p>Aunque el crecimiento ven\u00eda ya siendo exponencial, la pandemia supuso una cierta aceleraci\u00f3n, de forma que 2021 se alcanzaron m\u00e1s de 500 millones de transacciones solo en ese ejercicio y, por otro lado, favoreci\u00f3 la incorporaci\u00f3n de perfiles de usuarios m\u00e1s adultos.<\/p>\n<h3>Bizum.help<\/h3>\n<p>Adem\u00e1s de transacciones entre particulares, desde 2017 Bizum tambi\u00e9n permite hacer donaciones a ONG y cuenta con casi 6000 organizaciones adheridas al servicio. El a\u00f1o pasado se donaron 15 millones de euros, un 50 % m\u00e1s que en el ejercicio anterior. En 2021, solo con La Palma se alcanzaron 1,5 millones en una semana y ya en 2022 cerca de 2,5 millones en dos semanas con la guerra de Ucrania.<\/p>\n<p>Con el fin de ayudar a las ONG en la captaci\u00f3n de fondos, la compa\u00f1\u00eda acaba de presentar Bizum.help, una nueva plataforma para dar visibilidad y ayudar a las organizaciones sociales a difundir su actividad, acerc\u00e1ndola a los ciudadanos e informando sobre c\u00f3mo realizar donaciones. \u201cLa utilizaci\u00f3n por parte de los usuarios de la funcionalidad de donaciones con Bizum ha tenido un despegue que, en un principio, no preve\u00edamos. En los \u00faltimos meses hemos tenido causas, desastres y emergencias que, desafortunadamente, han permitido demostrar su gran utilidad para la donaci\u00f3n espont\u00e1nea\u201d, coment\u00f3 Nigorra.<\/p>\n<h3>Criptomonedas y euro digital<\/h3>\n<p>A corto y medio plazo, la compa\u00f1\u00eda descarta entrar en el negocio de las criptomonedas, porque no est\u00e1n actuando como medio de pago sino como activo de inversi\u00f3n, \u201cy con una regulaci\u00f3n a\u00fan pendiente de desarrollar, lo que es fundamental para transmitir confianza\u201d, agreg\u00f3 Nigorra. \u201cBizum es un servicio que pretende ser universal y las criptomonedas est\u00e1n hoy muy lejos de eso\u201d.<\/p>\n<p>La compa\u00f1\u00eda descarta por el momento la implantaci\u00f3n en otros pa\u00edses, seg\u00fan admiti\u00f3 Fernando Rodr\u00edguez, Business Development Director de Bizum. Pero, cuando llegue ese momento, probablemente pasar\u00e1 por llegar a acuerdos con soluciones de pago similares de otros pa\u00edses. \u201cEn Portugal, Francia o Suecia ya hay negocios parecidos. M\u00e1s que Bizum crezca en esos pa\u00edses, se tratar\u00eda de llegar a acuerdos con las soluciones que ellos tienen\u201d.<\/p>\n<p>Por otro lado, Rodr\u00edguez opin\u00f3 que Bizum s\u00ed puede desempe\u00f1ar un papel importante en el euro digital, dada su experiencia en distribuci\u00f3n de un servicio a trav\u00e9s de m\u00faltiples entidades financieras.<\/p>\n<h3>Pr\u00e1cticas para estudiantes<\/h3>\n<p>La conferencia tuvo lugar tras la firma de un convenio de cooperaci\u00f3n educativa entre ambas instituciones, que tiene como objetivo facilitar la formaci\u00f3n de los estudiantes de la Universidad Nebrija a trav\u00e9s de su incorporaci\u00f3n a Bizum para la realizaci\u00f3n de per\u00edodos de pr\u00e1cticas seg\u00fan sus necesidades, favoreciendo as\u00ed el desarrollo profesional de los estudiantes y su acceso al mercado de trabajo.<\/p>\n<p>Los alumnos podr\u00e1n completar un periodo de pr\u00e1cticas con la duraci\u00f3n establecida en su plan de estudios y, adicionalmente, periodos de pr\u00e1cticas extracurriculares que tendr\u00e1n preferentemente una duraci\u00f3n no superior al cincuenta por ciento del curso acad\u00e9mico. Las actividades del estudiante beneficiario ser\u00e1n compatibles con el calendario laboral y con el r\u00e9gimen de trabajo habitual de Bizum y estar\u00e1n subordinadas a sus obligaciones acad\u00e9micas.<\/p>\n<p>Las pr\u00e1cticas ser\u00e1n remuneradas. La Universidad Nebrija presentar\u00e1 a los candidatos que mejor se ajusten al perfil acad\u00e9mico y profesional. Bizum seleccionar\u00e1 a los que considere m\u00e1s adecuados.<\/p>\n<h4>Convenio de colaboraci\u00f3n<\/h4>\n<p>Por otra parte, la Universidad Nebrija y Bizum tambi\u00e9n han formalizado un marco estable de colaboraci\u00f3n en relaci\u00f3n con aquellos programas acad\u00e9micos, culturales o de formaci\u00f3n en los que se puedan materializar las acciones conjuntas de inter\u00e9s com\u00fan y que redunden en beneficio de ambas partes. Ello incluir\u00eda colaboraci\u00f3n en proyectos de investigaci\u00f3n, asesoramiento mutuo en \u00e1reas acad\u00e9micas de su especialidad, colaboraci\u00f3n en programas acad\u00e9micos; y otras actividades acad\u00e9micas y culturales.<\/p>\n<p>Por \u00faltimo, ambas instituciones tambi\u00e9n suscribieron un acuerdo por el que los empleados de Bizum, sus c\u00f3nyuges e hijos podr\u00e1n disfrutar de condiciones de descuento. Estos ser\u00e1n de un 10 % en los t\u00edtulos de Grado y de un 15 % en los de Postgrado de la Universidad Nebrija.<\/p>\n\n\t\t<style type=\"text\/css\">\n\t\t\t#gallery-1 {\n\t\t\t\tmargin: auto;\n\t\t\t}\n\t\t\t#gallery-1 .gallery-item {\n\t\t\t\tfloat: left;\n\t\t\t\tmargin-top: 10px;\n\t\t\t\ttext-align: center;\n\t\t\t\twidth: 50%;\n\t\t\t}\n\t\t\t#gallery-1 img {\n\t\t\t\tborder: 2px solid #cfcfcf;\n\t\t\t}\n\t\t\t#gallery-1 .gallery-caption {\n\t\t\t\tmargin-left: 0;\n\t\t\t}\n\t\t\t\/* see gallery_shortcode() in wp-includes\/media.php *\/\n\t\t<\/style>\n\t\t<div id='gallery-1' class='gallery galleryid-76621 gallery-columns-2 gallery-size-thumbnail'><dl class='gallery-item'>\n\t\t\t<dt class='gallery-icon landscape'>\n\t\t\t\t<a href='https:\/\/www.nebrija.com\/medios\/actualidadnebrija\/wp-content\/uploads\/sites\/2\/2022\/03\/Jose-Muniz-y-Angel-Nigorra-e1752484950360.jpg'><img loading=\"lazy\" decoding=\"async\" width=\"150\" height=\"150\" src=\"https:\/\/www.nebrija.com\/medios\/actualidadnebrija\/wp-content\/uploads\/sites\/2\/2022\/03\/Jose-Muniz-y-Angel-Nigorra-150x150.jpg\" class=\"attachment-thumbnail size-thumbnail\" alt=\"Jos\u00e9 Mu\u00f1iz y \u00c1ngel Nigorra\" \/><\/a>\n\t\t\t<\/dt><\/dl><dl class='gallery-item'>\n\t\t\t<dt class='gallery-icon landscape'>\n\t\t\t\t<a href='https:\/\/www.nebrija.com\/medios\/actualidadnebrija\/wp-content\/uploads\/sites\/2\/2022\/03\/Bizum-e1752485156378.jpg'><img loading=\"lazy\" decoding=\"async\" width=\"150\" height=\"150\" src=\"https:\/\/www.nebrija.com\/medios\/actualidadnebrija\/wp-content\/uploads\/sites\/2\/2022\/03\/Bizum-150x150.jpg\" class=\"attachment-thumbnail size-thumbnail\" alt=\"Bizum\" \/><\/a>\n\t\t\t<\/dt><\/dl><br style=\"clear: both\" \/><dl class='gallery-item'>\n\t\t\t<dt class='gallery-icon landscape'>\n\t\t\t\t<a href='https:\/\/www.nebrija.com\/medios\/actualidadnebrija\/wp-content\/uploads\/sites\/2\/2022\/03\/Convenio-Bizum-Nebrija-e1751969710700.jpg'><img loading=\"lazy\" decoding=\"async\" width=\"150\" height=\"150\" src=\"https:\/\/www.nebrija.com\/medios\/actualidadnebrija\/wp-content\/uploads\/sites\/2\/2022\/03\/Convenio-Bizum-Nebrija-150x150.jpg\" class=\"attachment-thumbnail size-thumbnail\" alt=\"Convenio Bizum Nebrija\" \/><\/a>\n\t\t\t<\/dt><\/dl><dl class='gallery-item'>\n\t\t\t<dt class='gallery-icon landscape'>\n\t\t\t\t<a href='https:\/\/www.nebrija.com\/medios\/actualidadnebrija\/wp-content\/uploads\/sites\/2\/2022\/03\/Bizum-Nebrija-e1751969698910.jpg'><img loading=\"lazy\" decoding=\"async\" width=\"150\" height=\"150\" src=\"https:\/\/www.nebrija.com\/medios\/actualidadnebrija\/wp-content\/uploads\/sites\/2\/2022\/03\/Bizum-Nebrija-150x150.jpg\" class=\"attachment-thumbnail size-thumbnail\" alt=\"Bizum Nebrija\" \/><\/a>\n\t\t\t<\/dt><\/dl><br style=\"clear: both\" \/>\n\t\t<\/div>\n\n","protected":false},"excerpt":{"rendered":"<p>Los alumnos de la Universidad Nebrija podr\u00e1n hacer pr\u00e1cticas en Bizum, en virtud de un convenio suscrito entre ambas instituciones.<\/p>\n","protected":false},"author":1182,"featured_media":76626,"comment_status":"open","ping_status":"open","sticky":false,"template":"","format":"standard","meta":{"_acf_changed":false,"_monsterinsights_skip_tracking":false,"_monsterinsights_sitenote_active":false,"_monsterinsights_sitenote_note":"","_monsterinsights_sitenote_category":0,"footnotes":""},"categories":[12,3051,3078],"tags":[3124],"acf":[],"yoast_head":"<!-- This site is optimized with the Yoast SEO plugin v22.1 - https:\/\/yoast.com\/wordpress\/plugins\/seo\/ -->\n<title>Bizum pone el reto de su crecimiento en tiendas f\u00edsicas y con pago contactless - Actualidad Nebrija<\/title>\n<meta name=\"description\" content=\"Bizum firma un convenio con la Universidad Nebrija y pone ahora el reto de su crecimiento en tiendas f\u00edsicas y con pago contactless.\" \/>\n<meta name=\"robots\" content=\"index, follow, max-snippet:-1, max-image-preview:large, max-video-preview:-1\" \/>\n<link rel=\"canonical\" href=\"https:\/\/www.nebrija.com\/medios\/actualidadnebrija\/2022\/03\/23\/bizum-crecimiento-tiendas-fisicas-contactless\/\" \/>\n<meta property=\"og:locale\" content=\"es_ES\" \/>\n<meta property=\"og:type\" content=\"article\" \/>\n<meta property=\"og:title\" content=\"Bizum pone el reto de su crecimiento en tiendas f\u00edsicas y con pago contactless - Actualidad Nebrija\" \/>\n<meta property=\"og:description\" content=\"Bizum firma un convenio con la Universidad Nebrija y pone ahora el reto de su crecimiento en tiendas f\u00edsicas y con pago contactless.\" \/>\n<meta property=\"og:url\" content=\"https:\/\/www.nebrija.com\/medios\/actualidadnebrija\/2022\/03\/23\/bizum-crecimiento-tiendas-fisicas-contactless\/\" \/>\n<meta property=\"og:site_name\" content=\"Actualidad Nebrija\" \/>\n<meta property=\"article:published_time\" content=\"2022-03-23T09:03:35+00:00\" \/>\n<meta property=\"article:modified_time\" content=\"2022-06-03T08:03:23+00:00\" \/>\n<meta property=\"og:image\" content=\"https:\/\/www.nebrija.com\/medios\/actualidadnebrija\/wp-content\/uploads\/sites\/2\/2022\/03\/Bizum-pone-ahora-el-reto-de-su-crecimiento-en-tiendas-fisicas-y-con-pago-contactless.jpg\" \/>\n\t<meta property=\"og:image:width\" content=\"2500\" \/>\n\t<meta property=\"og:image:height\" content=\"1668\" \/>\n\t<meta property=\"og:image:type\" content=\"image\/jpeg\" \/>\n<meta name=\"author\" content=\"mcamposd\" \/>\n<meta name=\"twitter:card\" content=\"summary_large_image\" \/>\n<meta name=\"twitter:label1\" content=\"Escrito por\" \/>\n\t<meta name=\"twitter:data1\" content=\"mcamposd\" \/>\n\t<meta name=\"twitter:label2\" content=\"Tiempo de lectura\" \/>\n\t<meta name=\"twitter:data2\" content=\"5 minutos\" \/>\n<!-- \/ Yoast SEO plugin. -->","yoast_head_json":{"title":"Bizum pone el reto de su crecimiento en tiendas f\u00edsicas y con pago contactless - Actualidad Nebrija","description":"Bizum firma un convenio con la Universidad Nebrija y pone ahora el reto de su crecimiento en tiendas f\u00edsicas y con pago contactless.","robots":{"index":"index","follow":"follow","max-snippet":"max-snippet:-1","max-image-preview":"max-image-preview:large","max-video-preview":"max-video-preview:-1"},"canonical":"https:\/\/www.nebrija.com\/medios\/actualidadnebrija\/2022\/03\/23\/bizum-crecimiento-tiendas-fisicas-contactless\/","og_locale":"es_ES","og_type":"article","og_title":"Bizum pone el reto de su crecimiento en tiendas f\u00edsicas y con pago contactless - Actualidad Nebrija","og_description":"Bizum firma un convenio con la Universidad Nebrija y pone ahora el reto de su crecimiento en tiendas f\u00edsicas y con pago contactless.","og_url":"https:\/\/www.nebrija.com\/medios\/actualidadnebrija\/2022\/03\/23\/bizum-crecimiento-tiendas-fisicas-contactless\/","og_site_name":"Actualidad Nebrija","article_published_time":"2022-03-23T09:03:35+00:00","article_modified_time":"2022-06-03T08:03:23+00:00","og_image":[{"width":2500,"height":1668,"url":"https:\/\/www.nebrija.com\/medios\/actualidadnebrija\/wp-content\/uploads\/sites\/2\/2022\/03\/Bizum-pone-ahora-el-reto-de-su-crecimiento-en-tiendas-fisicas-y-con-pago-contactless.jpg","type":"image\/jpeg"}],"author":"mcamposd","twitter_card":"summary_large_image","twitter_misc":{"Escrito por":"mcamposd","Tiempo de lectura":"5 minutos"},"schema":{"@context":"https:\/\/schema.org","@graph":[{"@type":"WebPage","@id":"https:\/\/www.nebrija.com\/medios\/actualidadnebrija\/2022\/03\/23\/bizum-crecimiento-tiendas-fisicas-contactless\/","url":"https:\/\/www.nebrija.com\/medios\/actualidadnebrija\/2022\/03\/23\/bizum-crecimiento-tiendas-fisicas-contactless\/","name":"Bizum pone el reto de su crecimiento en tiendas f\u00edsicas y con pago contactless - Actualidad Nebrija","isPartOf":{"@id":"https:\/\/www.nebrija.com\/medios\/actualidadnebrija\/#website"},"datePublished":"2022-03-23T09:03:35+00:00","dateModified":"2022-06-03T08:03:23+00:00","author":{"@id":"https:\/\/www.nebrija.com\/medios\/actualidadnebrija\/#\/schema\/person\/205582e65069359d9f07d260f6d48a9c"},"description":"Bizum firma un convenio con la Universidad Nebrija y pone ahora el reto de su crecimiento en tiendas f\u00edsicas y con pago contactless.","breadcrumb":{"@id":"https:\/\/www.nebrija.com\/medios\/actualidadnebrija\/2022\/03\/23\/bizum-crecimiento-tiendas-fisicas-contactless\/#breadcrumb"},"inLanguage":"es","potentialAction":[{"@type":"ReadAction","target":["https:\/\/www.nebrija.com\/medios\/actualidadnebrija\/2022\/03\/23\/bizum-crecimiento-tiendas-fisicas-contactless\/"]}]},{"@type":"BreadcrumbList","@id":"https:\/\/www.nebrija.com\/medios\/actualidadnebrija\/2022\/03\/23\/bizum-crecimiento-tiendas-fisicas-contactless\/#breadcrumb","itemListElement":[{"@type":"ListItem","position":1,"name":"Home","item":"https:\/\/www.nebrija.com\/medios\/actualidadnebrija\/"},{"@type":"ListItem","position":2,"name":"Bizum pone el reto de su crecimiento en tiendas f\u00edsicas y con pago contactless"}]},{"@type":"WebSite","@id":"https:\/\/www.nebrija.com\/medios\/actualidadnebrija\/#website","url":"https:\/\/www.nebrija.com\/medios\/actualidadnebrija\/","name":"Actualidad Nebrija","description":"Noticias de la Universidad Nebrija","potentialAction":[{"@type":"SearchAction","target":{"@type":"EntryPoint","urlTemplate":"https:\/\/www.nebrija.com\/medios\/actualidadnebrija\/?s={search_term_string}"},"query-input":"required name=search_term_string"}],"inLanguage":"es"},{"@type":"Person","@id":"https:\/\/www.nebrija.com\/medios\/actualidadnebrija\/#\/schema\/person\/205582e65069359d9f07d260f6d48a9c","name":"mcamposd","image":{"@type":"ImageObject","inLanguage":"es","@id":"https:\/\/www.nebrija.com\/medios\/actualidadnebrija\/#\/schema\/person\/image\/","url":"https:\/\/secure.gravatar.com\/avatar\/d0592be503e718fe4bc82c9a3b03724e?s=96&d=mm&r=g","contentUrl":"https:\/\/secure.gravatar.com\/avatar\/d0592be503e718fe4bc82c9a3b03724e?s=96&d=mm&r=g","caption":"mcamposd"},"url":"https:\/\/www.nebrija.com\/medios\/actualidadnebrija\/author\/mcamposd\/"}]}},"_links":{"self":[{"href":"https:\/\/www.nebrija.com\/medios\/actualidadnebrija\/wp-json\/wp\/v2\/posts\/76621"}],"collection":[{"href":"https:\/\/www.nebrija.com\/medios\/actualidadnebrija\/wp-json\/wp\/v2\/posts"}],"about":[{"href":"https:\/\/www.nebrija.com\/medios\/actualidadnebrija\/wp-json\/wp\/v2\/types\/post"}],"author":[{"embeddable":true,"href":"https:\/\/www.nebrija.com\/medios\/actualidadnebrija\/wp-json\/wp\/v2\/users\/1182"}],"replies":[{"embeddable":true,"href":"https:\/\/www.nebrija.com\/medios\/actualidadnebrija\/wp-json\/wp\/v2\/comments?post=76621"}],"version-history":[{"count":5,"href":"https:\/\/www.nebrija.com\/medios\/actualidadnebrija\/wp-json\/wp\/v2\/posts\/76621\/revisions"}],"predecessor-version":[{"id":76668,"href":"https:\/\/www.nebrija.com\/medios\/actualidadnebrija\/wp-json\/wp\/v2\/posts\/76621\/revisions\/76668"}],"wp:featuredmedia":[{"embeddable":true,"href":"https:\/\/www.nebrija.com\/medios\/actualidadnebrija\/wp-json\/wp\/v2\/media\/76626"}],"wp:attachment":[{"href":"https:\/\/www.nebrija.com\/medios\/actualidadnebrija\/wp-json\/wp\/v2\/media?parent=76621"}],"wp:term":[{"taxonomy":"category","embeddable":true,"href":"https:\/\/www.nebrija.com\/medios\/actualidadnebrija\/wp-json\/wp\/v2\/categories?post=76621"},{"taxonomy":"post_tag","embeddable":true,"href":"https:\/\/www.nebrija.com\/medios\/actualidadnebrija\/wp-json\/wp\/v2\/tags?post=76621"}],"curies":[{"name":"wp","href":"https:\/\/api.w.org\/{rel}","templated":true}]}}