{"id":78681,"date":"2022-06-01T14:41:25","date_gmt":"2022-06-01T12:41:25","guid":{"rendered":"https:\/\/www.nebrija.com\/medios\/actualidadnebrija\/?p=78681"},"modified":"2022-06-01T16:13:15","modified_gmt":"2022-06-01T14:13:15","slug":"la-feria-del-libro-rinde-homenaje-a-nebrija-pionero-en-la-defensa-de-los-derechos-de-autor","status":"publish","type":"post","link":"https:\/\/www.nebrija.com\/medios\/actualidadnebrija\/2022\/06\/01\/la-feria-del-libro-rinde-homenaje-a-nebrija-pionero-en-la-defensa-de-los-derechos-de-autor\/","title":{"rendered":"La Feria del Libro rinde homenaje a Nebrija, pionero en la defensa de los derechos de autor"},"content":{"rendered":"<p>Un innovador, un aut\u00e9ntico moderno y el pionero en la defensa de los derechos de autor. El legado de Antonio de Nebrija sigue vivo 500 a\u00f1os despu\u00e9s.\u00a0 As\u00ed lo subrayaron grandes expertos en su figura durante la conmemoraci\u00f3n del D\u00eda de Nebrija en la 81\u00aa edici\u00f3n de la <a href=\"https:\/\/www.ferialibromadrid.com\/\" target=\"_blank\" rel=\"noopener noreferrer\"><strong>Feria del Libro de Madrid<\/strong><\/a>.<\/p>\n<p>En esta jornada conmemorativa, la Feria del Libro acogi\u00f3, entre otros actos, la mesa redonda <em>Conociendo a Nebrija. <\/em>Fue\u00a0un encuentro organizado por la Universidad Nebrija y la <a href=\"https:\/\/www.fundacionnebrija.org\/\" target=\"_blank\" rel=\"noopener noreferrer\"><strong>Fundaci\u00f3n Antonio de Nebrija.<\/strong><\/a> El objetivo era dar a conocer la figura del gram\u00e1tico en el marco del <a href=\"https:\/\/nebrija500.es\/\" target=\"_blank\" rel=\"noopener noreferrer\"><strong>V Centenario de su Fallecimiento<\/strong><\/a>, que tiene lugar este a\u00f1o. Esta conmemoraci\u00f3n era un evento \u201cinamovible\u201d en el calendario, seg\u00fan asegur\u00f3 Eva Or\u00fae, directora de la Feria del Libro.<\/p>\n<h2>Conociendo a Nebrija en la Feria del Libro<\/h2>\n<p>En la mesa redonda moderada por la directora de Comunicaci\u00f3n de la Universidad Nebrija, Mar\u00eda Gil, se pusieron de relieve aspectos relacionados con Nebrija que siguen vigentes. Entre ellos, el gram\u00e1tico fue pionero en reclamar los privilegios de impresi\u00f3n. Ser\u00eda el equivalente a lo que hoy llamar\u00edamos derechos de autor, para impedir la pirater\u00eda, utilizando la terminolog\u00eda moderna, un asunto pertinente en el marco de la Feria del Libro.<\/p>\n<p>\u201cParte de sus libros son los primeros que se editan en Salamanca. Pide un privilegio real a la reina para que en todos los reinos de castilla no se pueda editar ni reimprimir esos libros durante un periodo de a\u00f1os. Es una cosa novedos\u00edsima porque el autor queda protegido por esos privilegios reales de Isabel la Cat\u00f3lica, Carlos I y Felipe II, que van a seguir manteniendo sus nietos y probablemente alg\u00fan bisnieto. Toda la familia de Nebrija vivi\u00f3 del muerto por lo menos durante la primera mitad del XVI\u201d, detall\u00f3 Juan Gil, catedr\u00e1tico de Filolog\u00eda Latina, miembro de la Real Academia de la Lengua y presidente de la Comisi\u00f3n Cient\u00edfica Nacional del V Centenario.<\/p>\n<p>Su papel en el desarrollo de la imprenta en la corona de Castilla tambi\u00e9n fue fundamental, tras haber conocido esta innovaci\u00f3n durante su estancia en Bolonia. De hecho, uno de los primeros libros que se imprimen son sus <em>Introducciones latinas<\/em>. \u201cNebrija estaba \u00edntimamente ligado a esa revoluci\u00f3n tecnol\u00f3gica, que no nos imaginamos lo que supuso hace 500 a\u00f1os. Fue el primer paso a la democratizaci\u00f3n de la cultura y el saber, y ahora estamos en el segundo paso\u201d, manifest\u00f3 Luis Garc\u00eda Jambrina, profesor de Literatura Espa\u00f1ola en la Universidad de Salamanca, escritor y autor de la novela <em>El manuscrito de niebla<\/em>.<\/p>\n<h3>Gram\u00e1tica castellana<\/h3>\n<p>En el D\u00eda de Nebrija en la Feria del Libro tambi\u00e9n se subrayaron otros aspectos de la figura del sabio de Lebrija, amante de los libros, impulsor de la imprenta y librepensador. \u201cLa <em>Gram\u00e1tica castellana<\/em> revela lo revolucionario que fue Nebrija. Entonces no se entend\u00eda una gram\u00e1tica de una lengua vulgar, porque la gente la aprend\u00eda desde su infancia. No entend\u00edan la importancia de fijar las reglas. En eso fue absolutamente visionario. En su \u00e9poca no se le reconoci\u00f3, pero gracias a \u00e9l, el castellano tiene sus reglas fijadas y es una lengua con prestigio cient\u00edfico\u201d, opin\u00f3 Eva D\u00edaz P\u00e9rez. Escritora, periodista, directora del Centro Andaluz de las Letras, y autora de la <a href=\"https:\/\/www.nebrija.com\/medios\/actualidadnebrija\/2022\/04\/19\/antonio-de-nebrija-el-caballero-de-las-letras-latinas\/\"><strong>novela <\/strong><\/a><em><a href=\"https:\/\/www.nebrija.com\/medios\/actualidadnebrija\/2022\/04\/19\/antonio-de-nebrija-el-caballero-de-las-letras-latinas\/\"><strong>El sue\u00f1o del gram\u00e1tico<\/strong><\/a>.<\/em><\/p>\n<p>\u201cUna de las cosas afortunadas del V Centenario es que hemos bajado un poco del pedestal a Nebrija y habita entre nosotros\u201d, agreg\u00f3 D\u00edaz P\u00e9rez<em>.<\/em> \u201cAunque es una persona muy estudiada en ambientes acad\u00e9micos, esta conmemoraci\u00f3n va a servir para reconocerlo como uno de los nuestros\u201d.<\/p>\n<h3>Una gram\u00e1tica moderna<\/h3>\n<p>Por su parte, las <em>Introducciones latinas<\/em> de Nebrija fueron \u201cel manual de finales del XV y todo el XVI\u201d, sostuvo Juan Gil. \u201cEl lat\u00edn que se sab\u00eda en Espa\u00f1a se basaba en manuales anquilosados. La gran aportaci\u00f3n de Antonio de Lebrija es crear un manual muy sucinto, bien pensado, que desbanca a toda esa ro\u00f1a medieval y permite entrar en otro mundo\u201d, manifest\u00f3 el autor del ensayo <em>Antonio de Lebrija<\/em>. A las puertas del viaje de Crist\u00f3bal Col\u00f3n, Nebrija \u201cse da cuenta de que la lengua espa\u00f1ola va a ser exportada\u201d, agreg\u00f3 el acad\u00e9mico.<\/p>\n<p>Adem\u00e1s, en una \u00e9poca en la que el lat\u00edn era el equivalente a nuestro ingl\u00e9s internacional, Nebrija comenz\u00f3 a perge\u00f1ar la <em>Gram\u00e1tica castellana<\/em> con todo el peso del entorno pol\u00edtico del momento. \u201cA punto de caer Granada, se abr\u00eda puerta a nuevos s\u00fabditos de la corona que no hablaban el idioma. Y el cardenal Cisneros visionaba toda la gran campa\u00f1a que iba a realizar el rey Fernando para expandirse hacia Jerusal\u00e9n\u201d, apunt\u00f3 Agust\u00edn Comotto, escritor e ilustrador, autor del <a href=\"https:\/\/www.nebrija.com\/medios\/actualidadnebrija\/2022\/02\/10\/nebrija-comic\/\">c\u00f3mic <\/a><em><a href=\"https:\/\/www.nebrija.com\/medios\/actualidadnebrija\/2022\/02\/10\/nebrija-comic\/\">Nebrija<\/a>.<\/em><\/p>\n<h3>Nebrija librepensador y educador<\/h3>\n<p>Garc\u00eda Jambrina estim\u00f3 que la gran lecci\u00f3n de Nebrija fue la libertad de expresi\u00f3n, de pensamiento y de conciencia, para lo que le hizo falta valent\u00eda y someterse a un proceso inquisitorial del que sali\u00f3 absuelto. \u201cNo fue un simple gram\u00e1tico\u201d, consider\u00f3. Y parafrase\u00f3 las palabras del sabio en su <em>Apolog\u00eda<\/em> (1507), perfectamente vigentes hoy: \u201c\u00bfQu\u00e9 diablos de servidumbre es esta, o qu\u00e9 dominaci\u00f3n tan injusta y tir\u00e1nica, que no se permita, respetando la piedad, decir libremente lo que pienses? \u00bfQu\u00e9 digo decirlo? Ni siquiera escribirlo escondi\u00e9ndose dentro de los muros de tu casa, o excavar un hoyo y susurrarlo dentro, o al menos meditarlo d\u00e1ndole vueltas en tu interior.\u201d<\/p>\n<p>Por \u00faltimo, Jos\u00e9 Mu\u00f1iz, rector de la Universidad Nebrija y presidente de la <a href=\"https:\/\/www.nebrija.com\/medios\/actualidadnebrija\/2021\/10\/14\/quince-instituciones-culturales-y-politicas-espanolas-se-unen-para-celebrar-el-v-centenario-de-antonio-de-nebrija-en-2022\/\"><strong>Comisi\u00f3n Interadministrativa<\/strong><\/a> del V Centenario del Fallecimiento de Nebrija, puso de relieve la faceta como educador del pol\u00edmata. \u201cEs un universitario de pies a cabeza. Para ser universitario, hay que tener pasi\u00f3n por saber, querer aprender. Su esp\u00edritu de libertad y el concepto de libertad de c\u00e1tedra van en ese sentido. No se puede investigar sin libertad. Tuvo ideas muy modernas en cuanto a la educaci\u00f3n. Nebrija es el faro e inspiraci\u00f3n para los universitarios\u201d.<\/p>\n\n\t\t<style type=\"text\/css\">\n\t\t\t#gallery-1 {\n\t\t\t\tmargin: auto;\n\t\t\t}\n\t\t\t#gallery-1 .gallery-item {\n\t\t\t\tfloat: left;\n\t\t\t\tmargin-top: 10px;\n\t\t\t\ttext-align: center;\n\t\t\t\twidth: 33%;\n\t\t\t}\n\t\t\t#gallery-1 img {\n\t\t\t\tborder: 2px solid #cfcfcf;\n\t\t\t}\n\t\t\t#gallery-1 .gallery-caption {\n\t\t\t\tmargin-left: 0;\n\t\t\t}\n\t\t\t\/* see gallery_shortcode() in wp-includes\/media.php *\/\n\t\t<\/style>\n\t\t<div id='gallery-1' class='gallery galleryid-78681 gallery-columns-3 gallery-size-thumbnail'><dl class='gallery-item'>\n\t\t\t<dt class='gallery-icon landscape'>\n\t\t\t\t<a href='https:\/\/www.nebrija.com\/medios\/actualidadnebrija\/wp-content\/uploads\/sites\/2\/2022\/06\/Agustin-Comotto-e1753099191727.jpg'><img loading=\"lazy\" decoding=\"async\" width=\"150\" height=\"100\" src=\"https:\/\/www.nebrija.com\/medios\/actualidadnebrija\/wp-content\/uploads\/sites\/2\/2022\/06\/Agustin-Comotto-150x100.jpg\" class=\"attachment-thumbnail size-thumbnail\" alt=\"Agust\u00edn Comotto\" \/><\/a>\n\t\t\t<\/dt><\/dl><dl class='gallery-item'>\n\t\t\t<dt class='gallery-icon landscape'>\n\t\t\t\t<a href='https:\/\/www.nebrija.com\/medios\/actualidadnebrija\/wp-content\/uploads\/sites\/2\/2022\/06\/feria-libro-nebrija-e1749034930398.jpg'><img loading=\"lazy\" decoding=\"async\" width=\"150\" height=\"100\" src=\"https:\/\/www.nebrija.com\/medios\/actualidadnebrija\/wp-content\/uploads\/sites\/2\/2022\/06\/feria-libro-nebrija-150x100.jpg\" class=\"attachment-thumbnail size-thumbnail\" alt=\"feria libro nebrija\" \/><\/a>\n\t\t\t<\/dt><\/dl><dl class='gallery-item'>\n\t\t\t<dt class='gallery-icon landscape'>\n\t\t\t\t<a href='https:\/\/www.nebrija.com\/medios\/actualidadnebrija\/wp-content\/uploads\/sites\/2\/2022\/06\/Feria-del-Libro-Dia-Nebrija-e1751979168992.jpg'><img loading=\"lazy\" decoding=\"async\" width=\"150\" height=\"100\" src=\"https:\/\/www.nebrija.com\/medios\/actualidadnebrija\/wp-content\/uploads\/sites\/2\/2022\/06\/Feria-del-Libro-Dia-Nebrija-150x100.jpg\" class=\"attachment-thumbnail size-thumbnail\" alt=\"Feria del Libro D\u00eda Nebrija\" \/><\/a>\n\t\t\t<\/dt><\/dl><br style=\"clear: both\" \/><dl class='gallery-item'>\n\t\t\t<dt class='gallery-icon landscape'>\n\t\t\t\t<a href='https:\/\/www.nebrija.com\/medios\/actualidadnebrija\/wp-content\/uploads\/sites\/2\/2022\/06\/mesa-redonda-Nebrija-e1752487424253.jpg'><img loading=\"lazy\" decoding=\"async\" width=\"150\" height=\"100\" src=\"https:\/\/www.nebrija.com\/medios\/actualidadnebrija\/wp-content\/uploads\/sites\/2\/2022\/06\/mesa-redonda-Nebrija-150x100.jpg\" class=\"attachment-thumbnail size-thumbnail\" alt=\"mesa redonda Nebrija\" \/><\/a>\n\t\t\t<\/dt><\/dl><dl class='gallery-item'>\n\t\t\t<dt class='gallery-icon landscape'>\n\t\t\t\t<a href='https:\/\/www.nebrija.com\/medios\/actualidadnebrija\/wp-content\/uploads\/sites\/2\/2022\/06\/Eva-Diaz-Perez-y-Maria-Gil-e1752482940727.jpg'><img loading=\"lazy\" decoding=\"async\" width=\"150\" height=\"100\" src=\"https:\/\/www.nebrija.com\/medios\/actualidadnebrija\/wp-content\/uploads\/sites\/2\/2022\/06\/Eva-Diaz-Perez-y-Maria-Gil-150x100.jpg\" class=\"attachment-thumbnail size-thumbnail\" alt=\"Eva D\u00edaz P\u00e9rez y Mar\u00eda Gil\" \/><\/a>\n\t\t\t<\/dt><\/dl><dl class='gallery-item'>\n\t\t\t<dt class='gallery-icon landscape'>\n\t\t\t\t<a href='https:\/\/www.nebrija.com\/medios\/actualidadnebrija\/wp-content\/uploads\/sites\/2\/2022\/06\/Maria-Gil-y-Juan-Gil-e1752485193336.jpg'><img loading=\"lazy\" decoding=\"async\" width=\"150\" height=\"100\" src=\"https:\/\/www.nebrija.com\/medios\/actualidadnebrija\/wp-content\/uploads\/sites\/2\/2022\/06\/Maria-Gil-y-Juan-Gil-150x100.jpg\" class=\"attachment-thumbnail size-thumbnail\" alt=\"Mar\u00eda Gil y Juan Gil\" \/><\/a>\n\t\t\t<\/dt><\/dl><br style=\"clear: both\" \/>\n\t\t<\/div>\n\n","protected":false},"excerpt":{"rendered":"<p>Expertos reivindican su vigencia en un encuentro, en el d\u00eda dedicado al gram\u00e1tico en la feria.<\/p>\n","protected":false},"author":1182,"featured_media":78687,"comment_status":"open","ping_status":"open","sticky":false,"template":"","format":"standard","meta":{"_acf_changed":false,"_monsterinsights_skip_tracking":false,"_monsterinsights_sitenote_active":false,"_monsterinsights_sitenote_note":"","_monsterinsights_sitenote_category":0,"footnotes":""},"categories":[4776],"tags":[3124,4897,4608,4470],"acf":[],"yoast_head":"<!-- This site is optimized with the Yoast SEO plugin v22.1 - https:\/\/yoast.com\/wordpress\/plugins\/seo\/ -->\n<title>La Feria del Libro rinde homenaje a Nebrija, pionero en la defensa de los derechos de autor - Actualidad Nebrija<\/title>\n<meta name=\"description\" content=\"El legado de Nebrija sigue vivo. As\u00ed lo subrayaron expertos en su figura durante la conmemoraci\u00f3n del D\u00eda de Nebrija en la Feria del Libro.\" \/>\n<meta name=\"robots\" content=\"index, follow, max-snippet:-1, max-image-preview:large, max-video-preview:-1\" \/>\n<link rel=\"canonical\" href=\"https:\/\/www.nebrija.com\/medios\/actualidadnebrija\/2022\/06\/01\/la-feria-del-libro-rinde-homenaje-a-nebrija-pionero-en-la-defensa-de-los-derechos-de-autor\/\" \/>\n<meta property=\"og:locale\" content=\"es_ES\" \/>\n<meta property=\"og:type\" content=\"article\" \/>\n<meta property=\"og:title\" content=\"La Feria del Libro rinde homenaje a Nebrija, pionero en la defensa de los derechos de autor - Actualidad Nebrija\" \/>\n<meta property=\"og:description\" content=\"El legado de Nebrija sigue vivo. As\u00ed lo subrayaron expertos en su figura durante la conmemoraci\u00f3n del D\u00eda de Nebrija en la Feria del Libro.\" \/>\n<meta property=\"og:url\" content=\"https:\/\/www.nebrija.com\/medios\/actualidadnebrija\/2022\/06\/01\/la-feria-del-libro-rinde-homenaje-a-nebrija-pionero-en-la-defensa-de-los-derechos-de-autor\/\" \/>\n<meta property=\"og:site_name\" content=\"Actualidad Nebrija\" \/>\n<meta property=\"article:published_time\" content=\"2022-06-01T12:41:25+00:00\" \/>\n<meta property=\"article:modified_time\" content=\"2022-06-01T14:13:15+00:00\" \/>\n<meta property=\"og:image\" content=\"https:\/\/www.nebrija.com\/medios\/actualidadnebrija\/wp-content\/uploads\/sites\/2\/2022\/06\/La-Feria-del-Libro-rinde-homenaje-a-Nebrija-pionero-en-los-derechos-de-autor.jpg\" \/>\n\t<meta property=\"og:image:width\" content=\"2500\" \/>\n\t<meta property=\"og:image:height\" content=\"1667\" \/>\n\t<meta property=\"og:image:type\" content=\"image\/jpeg\" \/>\n<meta name=\"author\" content=\"mcamposd\" \/>\n<meta name=\"twitter:card\" content=\"summary_large_image\" \/>\n<meta name=\"twitter:label1\" content=\"Escrito por\" \/>\n\t<meta name=\"twitter:data1\" content=\"mcamposd\" \/>\n\t<meta name=\"twitter:label2\" content=\"Tiempo de lectura\" \/>\n\t<meta name=\"twitter:data2\" content=\"5 minutos\" \/>\n<!-- \/ Yoast SEO plugin. -->","yoast_head_json":{"title":"La Feria del Libro rinde homenaje a Nebrija, pionero en la defensa de los derechos de autor - Actualidad Nebrija","description":"El legado de Nebrija sigue vivo. As\u00ed lo subrayaron expertos en su figura durante la conmemoraci\u00f3n del D\u00eda de Nebrija en la Feria del Libro.","robots":{"index":"index","follow":"follow","max-snippet":"max-snippet:-1","max-image-preview":"max-image-preview:large","max-video-preview":"max-video-preview:-1"},"canonical":"https:\/\/www.nebrija.com\/medios\/actualidadnebrija\/2022\/06\/01\/la-feria-del-libro-rinde-homenaje-a-nebrija-pionero-en-la-defensa-de-los-derechos-de-autor\/","og_locale":"es_ES","og_type":"article","og_title":"La Feria del Libro rinde homenaje a Nebrija, pionero en la defensa de los derechos de autor - Actualidad Nebrija","og_description":"El legado de Nebrija sigue vivo. As\u00ed lo subrayaron expertos en su figura durante la conmemoraci\u00f3n del D\u00eda de Nebrija en la Feria del Libro.","og_url":"https:\/\/www.nebrija.com\/medios\/actualidadnebrija\/2022\/06\/01\/la-feria-del-libro-rinde-homenaje-a-nebrija-pionero-en-la-defensa-de-los-derechos-de-autor\/","og_site_name":"Actualidad Nebrija","article_published_time":"2022-06-01T12:41:25+00:00","article_modified_time":"2022-06-01T14:13:15+00:00","og_image":[{"width":2500,"height":1667,"url":"https:\/\/www.nebrija.com\/medios\/actualidadnebrija\/wp-content\/uploads\/sites\/2\/2022\/06\/La-Feria-del-Libro-rinde-homenaje-a-Nebrija-pionero-en-los-derechos-de-autor.jpg","type":"image\/jpeg"}],"author":"mcamposd","twitter_card":"summary_large_image","twitter_misc":{"Escrito por":"mcamposd","Tiempo de lectura":"5 minutos"},"schema":{"@context":"https:\/\/schema.org","@graph":[{"@type":"WebPage","@id":"https:\/\/www.nebrija.com\/medios\/actualidadnebrija\/2022\/06\/01\/la-feria-del-libro-rinde-homenaje-a-nebrija-pionero-en-la-defensa-de-los-derechos-de-autor\/","url":"https:\/\/www.nebrija.com\/medios\/actualidadnebrija\/2022\/06\/01\/la-feria-del-libro-rinde-homenaje-a-nebrija-pionero-en-la-defensa-de-los-derechos-de-autor\/","name":"La Feria del Libro rinde homenaje a Nebrija, pionero en la defensa de los derechos de autor - Actualidad Nebrija","isPartOf":{"@id":"https:\/\/www.nebrija.com\/medios\/actualidadnebrija\/#website"},"datePublished":"2022-06-01T12:41:25+00:00","dateModified":"2022-06-01T14:13:15+00:00","author":{"@id":"https:\/\/www.nebrija.com\/medios\/actualidadnebrija\/#\/schema\/person\/205582e65069359d9f07d260f6d48a9c"},"description":"El legado de Nebrija sigue vivo. As\u00ed lo subrayaron expertos en su figura durante la conmemoraci\u00f3n del D\u00eda de Nebrija en la Feria del Libro.","breadcrumb":{"@id":"https:\/\/www.nebrija.com\/medios\/actualidadnebrija\/2022\/06\/01\/la-feria-del-libro-rinde-homenaje-a-nebrija-pionero-en-la-defensa-de-los-derechos-de-autor\/#breadcrumb"},"inLanguage":"es","potentialAction":[{"@type":"ReadAction","target":["https:\/\/www.nebrija.com\/medios\/actualidadnebrija\/2022\/06\/01\/la-feria-del-libro-rinde-homenaje-a-nebrija-pionero-en-la-defensa-de-los-derechos-de-autor\/"]}]},{"@type":"BreadcrumbList","@id":"https:\/\/www.nebrija.com\/medios\/actualidadnebrija\/2022\/06\/01\/la-feria-del-libro-rinde-homenaje-a-nebrija-pionero-en-la-defensa-de-los-derechos-de-autor\/#breadcrumb","itemListElement":[{"@type":"ListItem","position":1,"name":"Home","item":"https:\/\/www.nebrija.com\/medios\/actualidadnebrija\/"},{"@type":"ListItem","position":2,"name":"La Feria del Libro rinde homenaje a Nebrija, pionero en la defensa de los derechos de autor"}]},{"@type":"WebSite","@id":"https:\/\/www.nebrija.com\/medios\/actualidadnebrija\/#website","url":"https:\/\/www.nebrija.com\/medios\/actualidadnebrija\/","name":"Actualidad Nebrija","description":"Noticias de la Universidad Nebrija","potentialAction":[{"@type":"SearchAction","target":{"@type":"EntryPoint","urlTemplate":"https:\/\/www.nebrija.com\/medios\/actualidadnebrija\/?s={search_term_string}"},"query-input":"required name=search_term_string"}],"inLanguage":"es"},{"@type":"Person","@id":"https:\/\/www.nebrija.com\/medios\/actualidadnebrija\/#\/schema\/person\/205582e65069359d9f07d260f6d48a9c","name":"mcamposd","image":{"@type":"ImageObject","inLanguage":"es","@id":"https:\/\/www.nebrija.com\/medios\/actualidadnebrija\/#\/schema\/person\/image\/","url":"https:\/\/secure.gravatar.com\/avatar\/d0592be503e718fe4bc82c9a3b03724e?s=96&d=mm&r=g","contentUrl":"https:\/\/secure.gravatar.com\/avatar\/d0592be503e718fe4bc82c9a3b03724e?s=96&d=mm&r=g","caption":"mcamposd"},"url":"https:\/\/www.nebrija.com\/medios\/actualidadnebrija\/author\/mcamposd\/"}]}},"_links":{"self":[{"href":"https:\/\/www.nebrija.com\/medios\/actualidadnebrija\/wp-json\/wp\/v2\/posts\/78681"}],"collection":[{"href":"https:\/\/www.nebrija.com\/medios\/actualidadnebrija\/wp-json\/wp\/v2\/posts"}],"about":[{"href":"https:\/\/www.nebrija.com\/medios\/actualidadnebrija\/wp-json\/wp\/v2\/types\/post"}],"author":[{"embeddable":true,"href":"https:\/\/www.nebrija.com\/medios\/actualidadnebrija\/wp-json\/wp\/v2\/users\/1182"}],"replies":[{"embeddable":true,"href":"https:\/\/www.nebrija.com\/medios\/actualidadnebrija\/wp-json\/wp\/v2\/comments?post=78681"}],"version-history":[{"count":6,"href":"https:\/\/www.nebrija.com\/medios\/actualidadnebrija\/wp-json\/wp\/v2\/posts\/78681\/revisions"}],"predecessor-version":[{"id":78694,"href":"https:\/\/www.nebrija.com\/medios\/actualidadnebrija\/wp-json\/wp\/v2\/posts\/78681\/revisions\/78694"}],"wp:featuredmedia":[{"embeddable":true,"href":"https:\/\/www.nebrija.com\/medios\/actualidadnebrija\/wp-json\/wp\/v2\/media\/78687"}],"wp:attachment":[{"href":"https:\/\/www.nebrija.com\/medios\/actualidadnebrija\/wp-json\/wp\/v2\/media?parent=78681"}],"wp:term":[{"taxonomy":"category","embeddable":true,"href":"https:\/\/www.nebrija.com\/medios\/actualidadnebrija\/wp-json\/wp\/v2\/categories?post=78681"},{"taxonomy":"post_tag","embeddable":true,"href":"https:\/\/www.nebrija.com\/medios\/actualidadnebrija\/wp-json\/wp\/v2\/tags?post=78681"}],"curies":[{"name":"wp","href":"https:\/\/api.w.org\/{rel}","templated":true}]}}