{"id":79477,"date":"2022-06-24T12:24:21","date_gmt":"2022-06-24T10:24:21","guid":{"rendered":"https:\/\/www.nebrija.com\/medios\/actualidadnebrija\/?p=79477"},"modified":"2024-05-31T11:09:32","modified_gmt":"2024-05-31T09:09:32","slug":"las-series-espanolas-juegan-en-la-champions-league-de-la-ficcion","status":"publish","type":"post","link":"https:\/\/www.nebrija.com\/medios\/actualidadnebrija\/2022\/06\/24\/las-series-espanolas-juegan-en-la-champions-league-de-la-ficcion\/","title":{"rendered":"Las series espa\u00f1olas juegan en la `Champions League\u00b4 de la ficci\u00f3n"},"content":{"rendered":"<p><em>La nueva edad de oro de las series de ficci\u00f3n en Espa\u00f1a<\/em>, que re\u00fane a cerca de cincuenta acad\u00e9micos y profesionales del sector, es un completo y actual an\u00e1lisis de la industria audiovisual que reflexiona sobre los nuevos modelos y las \u00faltimas producciones de ficci\u00f3n televisivas convertidas en verdaderos fen\u00f3menos medi\u00e1ticos.<\/p>\n<p>La editorial Tirant Lo Blanch, a trav\u00e9s de su colecci\u00f3n Tirant Humanidades, apuesta por esta publicaci\u00f3n, coordinada por Roc\u00edo Gago, Marta Saavedra y Nicol\u00e1s Grijalba, profesores de la Universidad Nebrija. A trav\u00e9s de 18 cap\u00edtulos, divididos en tres bloques tem\u00e1ticos (Mercado audiovisual, Producci\u00f3n y formatos y Casos de \u00e9xito), investigadores y profesionales del sector abordan el impacto que las series de ficci\u00f3n espa\u00f1olas contempor\u00e1neas tienen en el sector: c\u00f3mo han sabido acoplarse a las nuevas ventanas de exhibici\u00f3n y su capacidad para estimular narrativas m\u00e1s inclusivas, con g\u00e9neros m\u00e1s abiertos y complejos.<\/p>\n<p>Las series tienen un impacto social evidente a la vez que son productos culturales y generadores de negocio, con \u00edndices de consumo m\u00e1s que notables. Este libro recoge las obras de mayor impacto creadas en una etapa considerada por los expertos como \u201cla nueva edad de oro de la ficci\u00f3n espa\u00f1ola\u201d; as\u00ed, se presentan los casos de \u00e9xito de reconocidas productoras como Netflix, Movistar+, Onza Entertainment, TVE, Zeta Studios, Mediapro, The Good Mood, Amazon Prime Video, Buend\u00eda Producciones, Mediaset, WarnerMedia, Fox Espa\u00f1a, Diagonal TV, Boomerang TV, Bamb\u00fa Producciones y HBO Max, entre otras.<\/p>\n<p>\u201cLas series se han convertido en un referente cultural al mismo nivel que la literatura o el cine. Los espectadores acuden a ellas y son un reflejo de los intereses de la sociedad actual\u201d, apunta Roc\u00edo Gago, coordinadora de la publicaci\u00f3n.<\/p>\n<p><strong>Presentaci\u00f3n en la Universidad Nebrija<\/strong><\/p>\n<p>La Universidad Nebrija present\u00f3 el libro el 22 de junio en un acto dirigido por Nicol\u00e1s Grijalba, coordinador tambi\u00e9n de la obra.<\/p>\n<p>\u201cEn la revitalizaci\u00f3n de esta industria no s\u00f3lo han participado los grandes medios y productoras de siempre, tambi\u00e9n los creadores han encontrado verdaderos aliados en las plataformas de subscripci\u00f3n y v\u00eddeo bajo demanda. Estas \u00faltimas, adem\u00e1s, han permitido una mayor internacionalizaci\u00f3n de las producciones en espa\u00f1ol por todo el mundo\u201d, manifest\u00f3 el docente, que consider\u00f3 las series como \u201cun producto cultural b\u00e1sico y un motor de cambio de la industria audiovisual&#8221;.<\/p>\n<p>Marta Saavedra, vicedecana de la Facultad de Comunicaci\u00f3n y Artes, present\u00f3 la publicaci\u00f3n dando valor al trabajo conjunto entre reputados profesionales de cada \u00e1rea de actividad vinculada al audiovisual con acad\u00e9micos expertos en creaci\u00f3n, producci\u00f3n, distribuci\u00f3n, consumo y comercializaci\u00f3n de la producci\u00f3n audiovisual.<\/p>\n<p>De este modo, agradeci\u00f3 la participaci\u00f3n de Daniel \u00c9cija, Sonia Mart\u00ednez, Rodrigo Sorogoyen, Javier Olivares, Arantxa \u00c9cija, Jos\u00e9 Iriondo, Iv\u00e1n Escobar, Santiago de la Rica, Bego\u00f1a \u00c1lvarez, Jos\u00e9 Ram\u00f3n Ayerra, Laura Belloso, Marc Cistar\u00e9, Carlota Mart\u00ednez Pereda, Adriana Ozores, David Molina, Javier Naya, Ra\u00fal Prieto, Paco Tom\u00e1s, Ana Rujas, Claudia Costafreda, Emilio S\u00e1nchez-Zaballos, Beatriz Setua\u00edn, Enrique Silguero, Luis Alc\u00e1zar y Daniel All\u00fae.<\/p>\n<p>\u201cHa sido un lujo trabajar con los mejores creadores, productores, guionistas, directores, actores o distribuidores de este pa\u00eds y descubrir de primera mano la evoluci\u00f3n de la industria audiovisual y la imparable marca Espa\u00f1a de nuestras producciones\u201d, explic\u00f3 la docente.<\/p>\n<p>Despu\u00e9s, recuper\u00f3 las palabras de Daniel y Arantxa \u00c9cija, incluidas en el libro, y subray\u00f3, como dice el <em>showrunner<\/em> que \u201cla potencia del mercado nacional, unida a las oportunidades del escenario actual, logra que Espa\u00f1a sea competitiva a nivel global, reconocida internacionalmente y din\u00e1mica, apostando por formatos y g\u00e9neros menos convencionales\u201d. As\u00ed, replic\u00f3 las palabras de la productora ejecutiva: \u201cEstamos en la <em>Champions League<\/em>, la ficci\u00f3n espa\u00f1ola es s\u00f3lida, brillante, a los autores se los rifan los m\u00e1s grandes; se producen casi un centenar de series por temporada y hasta se venden monos rojos en la Patagonia\u201d. Arantxa \u00c9cija, directora de programas de ficci\u00f3n de Mediaset Espa\u00f1a, destaca esta idea en el volumen: \u201cPor una vez, hemos estado en la cresta cuando ha llegado la ola\u201d.<\/p>\n<p>Al hilo del an\u00e1lisis sobre la situaci\u00f3n del mercado audiovisual espa\u00f1ol y del \u00e9xito de algunas producciones en el \u00e1mbito internacional, Marta Saavedra apunt\u00f3 que el libro se present\u00f3 dentro de las actividades conmemorativas de V Centenario del fallecimiento de Antonio de Nebrija. La celebraci\u00f3n tiene, entre sus prop\u00f3sitos, destacar la importancia del espa\u00f1ol en el mundo y la aportaci\u00f3n de la lengua y la cultura nacional en distintos mercados. Asimismo, el proyecto de investigaci\u00f3n se enmarca dentro de las l\u00edneas de trabajo del Observatorio Nebrija del Espa\u00f1ol, liderado por Jos\u00e9 Luis Garc\u00eda Delgado.<\/p>\n<p>Marta Saavedra tambi\u00e9n lanz\u00f3 un mensaje reivindicativo: &#8220;Las mujeres son imprescindibles en el mundo del audiovisual. Necesitamos m\u00e1s miradas femeninas&#8221;.<\/p>\n<p>Igualmente, la coordinadora del libro destac\u00f3 el trabajo de los acad\u00e9micos Marta Perlado, Luis Alonso, Jos\u00e9 Luis Garc\u00eda Delgado, H\u00e9ctor Alv\u00e1rez, Mar\u00eda Bergaz, Mar\u00eda Jos\u00e9 Establ\u00e9s, Anto Garz\u00eda, Juan Ignacio Fern\u00e1ndez, Jes\u00fas M. Gonz\u00e1lez, Marta Gonz\u00e1lez, Mercedes Herrero, Amaya Hern\u00e1ndez, Andy Tav\u00e1rez, Acoid\u00e1n M\u00e9ndez, Julio P. Manzanares, Luis Miguel Pedrero, Mar Ramos, Alejandro Priego, Lorena Palomino, Fernando P\u00e9rez, Fernando Toledano, Carmen Torres, Abel S\u00e1nchez y Saida Santana, as\u00ed como de la ilustradora Esther Mu\u00f1oz.<\/p>\n<p><strong>Una etapa \u201ccon sus virtudes y con lo que se nos escapa\u201d<\/strong><\/p>\n<p>El acto de presentaci\u00f3n prosigui\u00f3 con una mesa redonda que analiz\u00f3 el pasado, presente y futuro de la producci\u00f3n espa\u00f1ola. Moderada por Roc\u00edo Gago, cont\u00f3 con la presencia del guionista Iv\u00e1n Escobar, el director Jos\u00e9 Ram\u00f3n Ayerra \u201cTapi\u201d y el productor ejecutivo y guionista Javier Olivares, cocreador de <em>El ministerio del tiempo<\/em>, quien en el pr\u00f3logo de <em>La nueva edad de oro de las series de ficci\u00f3n en Espa\u00f1a<\/em> escribe lo que luego fue el punto de partida del debate: \u201c\u00bfVivimos en una edad de oro? Sin duda, nos encontramos en un momento de producci\u00f3n como no lo ha habido antes. Y, lo que es m\u00e1s importante, nuestras series se ven como nuca ha ocurrido antes\u201d.<\/p>\n<p>De hecho, Olivares opin\u00f3 que en el presente todav\u00eda hay que definir si estamos ante una nueva edad de oro y, si ya vivimos en ella, definirla \u201ccon sus virtudes y con lo que se nos escapa\u201d. A su juicio, la primera edad de oro, la de TVE, engloba obras maestras como <em>Anillos de oro<\/em> o <em>Turno de Oficio<\/em>, que \u201cno generaron una industria\u201d; la segunda viene impulsada por la \u201chist\u00f3rica\u201d Globomedia, que s\u00ed genera esa industria, un oficio \u201cy una solidaridad entre profesionales que no existe en el cine\u201d; la tercera edad de oro es \u201cla de los creadores\u201d con referencias como <em>Fari\u00f1a<\/em> o el <em>Ministerio del tiempo<\/em>.<\/p>\n<p>Jos\u00e9 Ram\u00f3n Ayerra \u201cTapi\u201d (<em>\u00c1guila Roja<\/em> o <em>El Internado<\/em>) cree que el cambio en la ficci\u00f3n espa\u00f1ola \u201ctiene mucho que ver con el desarrollo tecnol\u00f3gico porque nos comunicamos de otra manera\u201d. Para \u00e9l, \u201cel modelo de consumo en nuestra industria se ha individualizado; cada miembro de la familia ve una cosa distinta y esto ha hecho que la producci\u00f3n suba\u201d.<\/p>\n<p>Consciente de crear pol\u00e9mica, Iv\u00e1n Escobar guionista de <em>Los hombres de Paco <\/em>o <em>Vis a vis<\/em>, manifest\u00f3 que antes las series como <em>Los Serrano<\/em> -en la que coincidieron los cuatro profesionales de la mesa redonda- \u201cte interpelaban a la cara, hablaban de tus hijos, de la familia, evocaban conflictos de tama\u00f1o muy humano\u201d. Sus \u201cdudas\u201d de que Espa\u00f1a abandere una nueva edad de oro de la ficci\u00f3n est\u00e1n avivadas por la \u201cp\u00e9rdida de patrones locales, de la toma de tierra, de historias que te cuentan por qu\u00e9 una sand\u00eda vale tres veces m\u00e1s\u201d. En el coloquio adujo que el talento \u201cno es tan generoso ni tan numeroso como creemos\u201d.<\/p>\n<p>En este sentido, Olivares reconoci\u00f3 que la industria \u201cdevora todo y se hacen muchas series que corren el riesgo de ser olvidadas\u201d y que, como \u201cel pa\u00eds europeo m\u00e1s americanizado, nos hemos entregado a las plataformas produciendo mejor que nadie y m\u00e1s barato\u201d. Adem\u00e1s, la ficci\u00f3n en abierto \u201cpr\u00e1cticamente ha desaparecido\u201d. Continu\u00f3: \u201cEstamos perdiendo la fiesta de <em>Isabel<\/em> y <em>El Ministerio del Tiempo<\/em>, esa ficci\u00f3n televisiva que naci\u00f3 en lo popular\u2026 estamos desconectados de la cultura de ficci\u00f3n europea, de hablar de los problemas que nos afectan, tenemos que contar y mostrar c\u00f3mo somos\u201d.<\/p>\n<p><strong>\u201cConectar con el espectador que est\u00e1s buscando\u201d.<\/strong><\/p>\n<p>Aunque el \u00e9xito de una serie \u201ces que se haga\u201d, Tapi record\u00f3 la clave que hace que un formato, \u201cque no es una ingenier\u00eda ni una ciencia exacta\u201d, triunfe: \u201cconectar con el espectador que est\u00e1s buscando\u201d. Iv\u00e1n Escobar a\u00f1adi\u00f3 que estamos en una \u00e9poca de \u201cseries espejo, de buscar un <em>Stranger Thing<\/em>s a lo latino y estas no van a funcionar\u201d. Apareci\u00f3 en el intercambio de palabras de nuevo <em>Los Serrano<\/em>, que, para Olivares, era una serie \u201ccon la que lo pasabas bien, pero siempre contaba algo por debajo, sobre esos deseos que no se pueden cumplir, sobre esas cosas que los guionistas escribimos para ahorrarnos dinero en un psiquiatra\u201d.<\/p>\n<p>La profesora e investigadora Roc\u00edo Gago plante\u00f3 una \u00faltima pregunta: \u00bfc\u00f3mo est\u00e1 la ficci\u00f3n espa\u00f1ola en t\u00e9rminos de empleabilidad? \u201cA nivel cuantitativo es un buen momento, pero no a nivel cualitativo\u2026 ahora se paga menos a un guionista que hace a\u00f1os. Tambi\u00e9n hacen falta t\u00e9cnicos y luchar por los \u00a0derechos de autor\u201d, coment\u00f3 Javier Olivares. \u201cAhora hay una formaci\u00f3n constante como en la Universidad Nebrija, en el guion se busca desesperadamente talento e ides nuevas\u201d, a\u00f1adi\u00f3 Iv\u00e1n Escobar.<\/p>\n<p>Tapi, por su parte, verbaliz\u00f3 una inquietud: \u201c\u00bfHacia d\u00f3nde vamos en este momento de gran producci\u00f3n cuando hay tanto volumen de trabajo y nuevas plataformas? \u201c.<\/p>\n<p>Muchas preguntas quedaron en el aire. En el veloz ritmo de las series espa\u00f1olas quiz\u00e1 falte algo de perspectiva temporal y m\u00e1s an\u00e1lisis. Sobre este \u00faltimo aspecto, \u00c1lvaro Bustinduy, vicerrector de Investigaci\u00f3n de la Universidad Nebrija, elogi\u00f3 el libro <em>La nueva edad de oro de las series de ficci\u00f3n en Espa\u00f1a<\/em> como \u201cuna obra colectiva de gran inter\u00e9s cient\u00edfico e investigador\u201d. Este reto, \u201cque hay que seguir estudiando\u201d, conecta con el nuevo programa de doctorado que pondr\u00e1 en marcha la Facultad de Comunicaci\u00f3n y Artes sobre la innovaci\u00f3n que condiciona la evoluci\u00f3n de los medios.<\/p>\n<p><strong>Presentes en el evento de series del a\u00f1o: Conecta FICTION &amp; ENTERTAINMENT<\/strong><\/p>\n<p>El libro se present\u00f3 simult\u00e1neamente en <a href=\"https:\/\/www.eventconecta.com\/que-es-conecta-fiction\/\">Conecta FICTION &amp; ENTERTAINMENT<\/a>, foro internacional de coproducci\u00f3n y <em>networking<\/em> de series y otros contenidos de entretenimiento para televisi\u00f3n, celebrado en Toledo. As\u00ed, los profesionales del sector y todas las productoras y actores internacionales que operan en el mercado de contenidos fueron conocedores de la nueva obra, que precisamente analiza sus producciones y las claves de la industria.<\/p>\n<p>Los responsables de mostrar la obra simult\u00e1neamente a la presentaci\u00f3n oficial en la Universidad Nebrija fueron los autores Mar Ramos, coordinadora acad\u00e9mica de Pr\u00e1cticas Profesionales de la Facultad de Comunicaci\u00f3n y Artes, y Acoid\u00e1n M\u00e9ndez, director del <a href=\"https:\/\/www.nebrija.com\/programas-postgrado\/master\/direccion-realizacion-series-ficcion\/#:~:text=David%20Molina%20Encinas%20Profesor%20de,y%2C%20adem%C3%A1s%20ha%20ejercido%20la\">M\u00e1ster en Direcci\u00f3n y Realizaci\u00f3n de Series de Ficci\u00f3n<\/a>.<\/p>\n<p>Este evento profesional est\u00e1 enfocado a la creaci\u00f3n, desarrollo, producci\u00f3n, financiaci\u00f3n, emisi\u00f3n y comercializaci\u00f3n de contenido televisivo y est\u00e1 posicionado entre los diez mejores eventos del mercado internacional de televisi\u00f3n en la industria audiovisual. Cuenta con el apoyo y la presencia de empresas como Netflix, HBO, Buend\u00eda Estudios, RTVE, SGAE, Ministerio de Cultura y Deportes, Ministerio de Asuntos Econ\u00f3micos y Transformaci\u00f3n Digital, Iberia, Banijai, Zeppelin, Disney o Unicorn TV.<\/p>\n<p>La invitaci\u00f3n de los organizadores a los autores del libro muestra la importancia de esta obra, que supone el an\u00e1lisis m\u00e1s actual sobre la producci\u00f3n audiovisual espa\u00f1ola de la mano de sus protagonistas, sus creadores. Se recoge, as\u00ed, el impacto de series tan reconocidas como <em>La casa de papel<\/em>, <em>Las chicas del cable<\/em>, <em>Veneno<\/em>, <em>Skam<\/em>, <em>\u00c9lite<\/em> o <em>Vis a vis<\/em>, entre otras.<\/p>\n<p><em>Texto: Javier Picos. Fotos: Zaida del R\u00edo.<\/em><\/p>\n\n\t\t<style type=\"text\/css\">\n\t\t\t#gallery-1 {\n\t\t\t\tmargin: auto;\n\t\t\t}\n\t\t\t#gallery-1 .gallery-item {\n\t\t\t\tfloat: left;\n\t\t\t\tmargin-top: 10px;\n\t\t\t\ttext-align: center;\n\t\t\t\twidth: 33%;\n\t\t\t}\n\t\t\t#gallery-1 img {\n\t\t\t\tborder: 2px solid #cfcfcf;\n\t\t\t}\n\t\t\t#gallery-1 .gallery-caption {\n\t\t\t\tmargin-left: 0;\n\t\t\t}\n\t\t\t\/* see gallery_shortcode() in wp-includes\/media.php *\/\n\t\t<\/style>\n\t\t<div id='gallery-1' class='gallery galleryid-79477 gallery-columns-3 gallery-size-thumbnail'><dl class='gallery-item'>\n\t\t\t<dt class='gallery-icon portrait'>\n\t\t\t\t<a href='https:\/\/www.nebrija.com\/medios\/actualidadnebrija\/2022\/06\/24\/las-series-espanolas-juegan-en-la-champions-league-de-la-ficcion\/libro_series_fca_unne-1\/'><img loading=\"lazy\" decoding=\"async\" width=\"100\" height=\"150\" src=\"https:\/\/www.nebrija.com\/medios\/actualidadnebrija\/wp-content\/uploads\/sites\/2\/2022\/06\/Libro_series_FCA_UNNE-1-100x150.jpg\" class=\"attachment-thumbnail size-thumbnail\" alt=\"\" \/><\/a>\n\t\t\t<\/dt><\/dl><dl class='gallery-item'>\n\t\t\t<dt class='gallery-icon landscape'>\n\t\t\t\t<a href='https:\/\/www.nebrija.com\/medios\/actualidadnebrija\/2022\/06\/24\/las-series-espanolas-juegan-en-la-champions-league-de-la-ficcion\/libro_series_fca_unne-2\/'><img loading=\"lazy\" decoding=\"async\" width=\"150\" height=\"100\" src=\"https:\/\/www.nebrija.com\/medios\/actualidadnebrija\/wp-content\/uploads\/sites\/2\/2022\/06\/Libro_series_FCA_UNNE-2-150x100.jpg\" class=\"attachment-thumbnail size-thumbnail\" alt=\"\" \/><\/a>\n\t\t\t<\/dt><\/dl><dl class='gallery-item'>\n\t\t\t<dt class='gallery-icon landscape'>\n\t\t\t\t<a href='https:\/\/www.nebrija.com\/medios\/actualidadnebrija\/2022\/06\/24\/las-series-espanolas-juegan-en-la-champions-league-de-la-ficcion\/libro_series_fca_unne-3\/'><img loading=\"lazy\" decoding=\"async\" width=\"150\" height=\"100\" src=\"https:\/\/www.nebrija.com\/medios\/actualidadnebrija\/wp-content\/uploads\/sites\/2\/2022\/06\/Libro_series_FCA_UNNE-3-150x100.jpg\" class=\"attachment-thumbnail size-thumbnail\" alt=\"\" \/><\/a>\n\t\t\t<\/dt><\/dl><br style=\"clear: both\" \/><dl class='gallery-item'>\n\t\t\t<dt class='gallery-icon landscape'>\n\t\t\t\t<a href='https:\/\/www.nebrija.com\/medios\/actualidadnebrija\/2022\/06\/24\/las-series-espanolas-juegan-en-la-champions-league-de-la-ficcion\/libro_series_fca_unne-4\/'><img loading=\"lazy\" decoding=\"async\" width=\"150\" height=\"100\" src=\"https:\/\/www.nebrija.com\/medios\/actualidadnebrija\/wp-content\/uploads\/sites\/2\/2022\/06\/Libro_series_FCA_UNNE-4-150x100.jpg\" class=\"attachment-thumbnail size-thumbnail\" alt=\"\" \/><\/a>\n\t\t\t<\/dt><\/dl><dl class='gallery-item'>\n\t\t\t<dt class='gallery-icon landscape'>\n\t\t\t\t<a href='https:\/\/www.nebrija.com\/medios\/actualidadnebrija\/2022\/06\/24\/las-series-espanolas-juegan-en-la-champions-league-de-la-ficcion\/libro_series_fca_unne-5\/'><img loading=\"lazy\" decoding=\"async\" width=\"150\" height=\"100\" src=\"https:\/\/www.nebrija.com\/medios\/actualidadnebrija\/wp-content\/uploads\/sites\/2\/2022\/06\/Libro_series_FCA_UNNE-5-150x100.jpg\" class=\"attachment-thumbnail size-thumbnail\" alt=\"\" \/><\/a>\n\t\t\t<\/dt><\/dl><dl class='gallery-item'>\n\t\t\t<dt class='gallery-icon landscape'>\n\t\t\t\t<a href='https:\/\/www.nebrija.com\/medios\/actualidadnebrija\/2022\/06\/24\/las-series-espanolas-juegan-en-la-champions-league-de-la-ficcion\/libro_series_fca_unne-6\/'><img loading=\"lazy\" decoding=\"async\" width=\"150\" height=\"100\" src=\"https:\/\/www.nebrija.com\/medios\/actualidadnebrija\/wp-content\/uploads\/sites\/2\/2022\/06\/Libro_series_FCA_UNNE-6-150x100.jpg\" class=\"attachment-thumbnail size-thumbnail\" alt=\"\" \/><\/a>\n\t\t\t<\/dt><\/dl><br style=\"clear: both\" \/><dl class='gallery-item'>\n\t\t\t<dt class='gallery-icon landscape'>\n\t\t\t\t<a href='https:\/\/www.nebrija.com\/medios\/actualidadnebrija\/2022\/06\/24\/las-series-espanolas-juegan-en-la-champions-league-de-la-ficcion\/libro_series_fca_unne-7\/'><img loading=\"lazy\" decoding=\"async\" width=\"150\" height=\"100\" src=\"https:\/\/www.nebrija.com\/medios\/actualidadnebrija\/wp-content\/uploads\/sites\/2\/2022\/06\/Libro_series_FCA_UNNE-7-150x100.jpg\" class=\"attachment-thumbnail size-thumbnail\" alt=\"\" \/><\/a>\n\t\t\t<\/dt><\/dl><dl class='gallery-item'>\n\t\t\t<dt class='gallery-icon landscape'>\n\t\t\t\t<a href='https:\/\/www.nebrija.com\/medios\/actualidadnebrija\/2022\/06\/24\/las-series-espanolas-juegan-en-la-champions-league-de-la-ficcion\/libro_series_fca_unne-8\/'><img loading=\"lazy\" decoding=\"async\" width=\"150\" height=\"100\" src=\"https:\/\/www.nebrija.com\/medios\/actualidadnebrija\/wp-content\/uploads\/sites\/2\/2022\/06\/Libro_series_FCA_UNNE-8-150x100.jpg\" class=\"attachment-thumbnail size-thumbnail\" alt=\"\" \/><\/a>\n\t\t\t<\/dt><\/dl><dl class='gallery-item'>\n\t\t\t<dt class='gallery-icon landscape'>\n\t\t\t\t<a href='https:\/\/www.nebrija.com\/medios\/actualidadnebrija\/2022\/06\/24\/las-series-espanolas-juegan-en-la-champions-league-de-la-ficcion\/libro_series_fca_unne-9\/'><img loading=\"lazy\" decoding=\"async\" width=\"150\" height=\"100\" src=\"https:\/\/www.nebrija.com\/medios\/actualidadnebrija\/wp-content\/uploads\/sites\/2\/2022\/06\/Libro_series_FCA_UNNE-9-150x100.jpg\" class=\"attachment-thumbnail size-thumbnail\" alt=\"\" \/><\/a>\n\t\t\t<\/dt><\/dl><br style=\"clear: both\" \/><dl class='gallery-item'>\n\t\t\t<dt class='gallery-icon landscape'>\n\t\t\t\t<a href='https:\/\/www.nebrija.com\/medios\/actualidadnebrija\/2022\/06\/24\/las-series-espanolas-juegan-en-la-champions-league-de-la-ficcion\/libro_series_fca_unne-10\/'><img loading=\"lazy\" decoding=\"async\" width=\"150\" height=\"100\" src=\"https:\/\/www.nebrija.com\/medios\/actualidadnebrija\/wp-content\/uploads\/sites\/2\/2022\/06\/Libro_series_FCA_UNNE-10-150x100.jpg\" class=\"attachment-thumbnail size-thumbnail\" alt=\"\" \/><\/a>\n\t\t\t<\/dt><\/dl><dl class='gallery-item'>\n\t\t\t<dt class='gallery-icon landscape'>\n\t\t\t\t<a href='https:\/\/www.nebrija.com\/medios\/actualidadnebrija\/2022\/06\/24\/las-series-espanolas-juegan-en-la-champions-league-de-la-ficcion\/libro_series_fca_unne-11\/'><img loading=\"lazy\" decoding=\"async\" width=\"150\" height=\"100\" src=\"https:\/\/www.nebrija.com\/medios\/actualidadnebrija\/wp-content\/uploads\/sites\/2\/2022\/06\/Libro_series_FCA_UNNE-11-150x100.jpg\" class=\"attachment-thumbnail size-thumbnail\" alt=\"\" \/><\/a>\n\t\t\t<\/dt><\/dl><dl class='gallery-item'>\n\t\t\t<dt class='gallery-icon landscape'>\n\t\t\t\t<a href='https:\/\/www.nebrija.com\/medios\/actualidadnebrija\/2022\/06\/24\/las-series-espanolas-juegan-en-la-champions-league-de-la-ficcion\/libro_series_fca_unne-12\/'><img loading=\"lazy\" decoding=\"async\" width=\"150\" height=\"100\" src=\"https:\/\/www.nebrija.com\/medios\/actualidadnebrija\/wp-content\/uploads\/sites\/2\/2022\/06\/Libro_series_FCA_UNNE-12-150x100.jpg\" class=\"attachment-thumbnail size-thumbnail\" alt=\"\" \/><\/a>\n\t\t\t<\/dt><\/dl><br style=\"clear: both\" \/><dl class='gallery-item'>\n\t\t\t<dt class='gallery-icon landscape'>\n\t\t\t\t<a href='https:\/\/www.nebrija.com\/medios\/actualidadnebrija\/2022\/06\/24\/las-series-espanolas-juegan-en-la-champions-league-de-la-ficcion\/libro_series_fca_unne-13\/'><img loading=\"lazy\" decoding=\"async\" width=\"150\" height=\"100\" src=\"https:\/\/www.nebrija.com\/medios\/actualidadnebrija\/wp-content\/uploads\/sites\/2\/2022\/06\/Libro_series_FCA_UNNE-13-150x100.jpg\" class=\"attachment-thumbnail size-thumbnail\" alt=\"\" \/><\/a>\n\t\t\t<\/dt><\/dl><dl class='gallery-item'>\n\t\t\t<dt class='gallery-icon landscape'>\n\t\t\t\t<a href='https:\/\/www.nebrija.com\/medios\/actualidadnebrija\/2022\/06\/24\/las-series-espanolas-juegan-en-la-champions-league-de-la-ficcion\/libro_series_fca_unne-14\/'><img loading=\"lazy\" decoding=\"async\" width=\"150\" height=\"100\" src=\"https:\/\/www.nebrija.com\/medios\/actualidadnebrija\/wp-content\/uploads\/sites\/2\/2022\/06\/Libro_series_FCA_UNNE-14-150x100.jpg\" class=\"attachment-thumbnail size-thumbnail\" alt=\"\" \/><\/a>\n\t\t\t<\/dt><\/dl><dl class='gallery-item'>\n\t\t\t<dt class='gallery-icon landscape'>\n\t\t\t\t<a href='https:\/\/www.nebrija.com\/medios\/actualidadnebrija\/2022\/06\/24\/las-series-espanolas-juegan-en-la-champions-league-de-la-ficcion\/libro_series_fca_unne-15\/'><img loading=\"lazy\" decoding=\"async\" width=\"150\" height=\"100\" src=\"https:\/\/www.nebrija.com\/medios\/actualidadnebrija\/wp-content\/uploads\/sites\/2\/2022\/06\/Libro_series_FCA_UNNE-15-150x100.jpg\" class=\"attachment-thumbnail size-thumbnail\" alt=\"\" \/><\/a>\n\t\t\t<\/dt><\/dl><br style=\"clear: both\" \/>\n\t\t<\/div>\n\n","protected":false},"excerpt":{"rendered":"<p>La Universidad Nebrija presenta el libro ` La nueva edad de oro de las series de ficci\u00f3n en Espa\u00f1a\u00b4 (editorial Tirant Lo Blanch), coordinado por los profesores Roc\u00edo Gago, Marta Saavedra y Nicol\u00e1s Grijalba.<\/p>\n","protected":false},"author":326,"featured_media":79491,"comment_status":"open","ping_status":"open","sticky":false,"template":"","format":"standard","meta":{"_acf_changed":false,"_monsterinsights_skip_tracking":false,"_monsterinsights_sitenote_active":false,"_monsterinsights_sitenote_note":"","_monsterinsights_sitenote_category":0,"footnotes":""},"categories":[3050,4776],"tags":[4983,3124,3865,4981,3164,4982,3585,3584,4288,4313,4499],"acf":[],"yoast_head":"<!-- This site is optimized with the Yoast SEO plugin v22.1 - https:\/\/yoast.com\/wordpress\/plugins\/seo\/ -->\n<title>Las series espa\u00f1olas juegan en la `Champions League\u00b4 de la ficci\u00f3n - Actualidad Nebrija<\/title>\n<meta name=\"description\" content=\"La Universidad Nebrija presenta el libro ` La nueva edad de oro de las series de ficci\u00f3n en Espa\u00f1a\u00b4 (editorial Tirant Lo Blanch).\" \/>\n<meta name=\"robots\" content=\"index, follow, max-snippet:-1, max-image-preview:large, max-video-preview:-1\" \/>\n<link rel=\"canonical\" href=\"https:\/\/www.nebrija.com\/medios\/actualidadnebrija\/2022\/06\/24\/las-series-espanolas-juegan-en-la-champions-league-de-la-ficcion\/\" \/>\n<meta property=\"og:locale\" content=\"es_ES\" \/>\n<meta property=\"og:type\" content=\"article\" \/>\n<meta property=\"og:title\" content=\"Las series espa\u00f1olas juegan en la `Champions League\u00b4 de la ficci\u00f3n - Actualidad Nebrija\" \/>\n<meta property=\"og:description\" content=\"La Universidad Nebrija presenta el libro ` La nueva edad de oro de las series de ficci\u00f3n en Espa\u00f1a\u00b4 (editorial Tirant Lo Blanch).\" \/>\n<meta property=\"og:url\" content=\"https:\/\/www.nebrija.com\/medios\/actualidadnebrija\/2022\/06\/24\/las-series-espanolas-juegan-en-la-champions-league-de-la-ficcion\/\" \/>\n<meta property=\"og:site_name\" content=\"Actualidad Nebrija\" \/>\n<meta property=\"article:published_time\" content=\"2022-06-24T10:24:21+00:00\" \/>\n<meta property=\"article:modified_time\" content=\"2024-05-31T09:09:32+00:00\" \/>\n<meta property=\"og:image\" content=\"https:\/\/www.nebrija.com\/medios\/actualidadnebrija\/wp-content\/uploads\/sites\/2\/2022\/06\/Libro_series_FCA_UNNE-11.jpg\" \/>\n\t<meta property=\"og:image:width\" content=\"1200\" \/>\n\t<meta property=\"og:image:height\" content=\"800\" \/>\n\t<meta property=\"og:image:type\" content=\"image\/jpeg\" \/>\n<meta name=\"author\" content=\"jpicos\" \/>\n<meta name=\"twitter:card\" content=\"summary_large_image\" \/>\n<meta name=\"twitter:label1\" content=\"Escrito por\" \/>\n\t<meta name=\"twitter:data1\" content=\"jpicos\" \/>\n\t<meta name=\"twitter:label2\" content=\"Tiempo de lectura\" \/>\n\t<meta name=\"twitter:data2\" content=\"9 minutos\" \/>\n<!-- \/ Yoast SEO plugin. -->","yoast_head_json":{"title":"Las series espa\u00f1olas juegan en la `Champions League\u00b4 de la ficci\u00f3n - Actualidad Nebrija","description":"La Universidad Nebrija presenta el libro ` La nueva edad de oro de las series de ficci\u00f3n en Espa\u00f1a\u00b4 (editorial Tirant Lo Blanch).","robots":{"index":"index","follow":"follow","max-snippet":"max-snippet:-1","max-image-preview":"max-image-preview:large","max-video-preview":"max-video-preview:-1"},"canonical":"https:\/\/www.nebrija.com\/medios\/actualidadnebrija\/2022\/06\/24\/las-series-espanolas-juegan-en-la-champions-league-de-la-ficcion\/","og_locale":"es_ES","og_type":"article","og_title":"Las series espa\u00f1olas juegan en la `Champions League\u00b4 de la ficci\u00f3n - Actualidad Nebrija","og_description":"La Universidad Nebrija presenta el libro ` La nueva edad de oro de las series de ficci\u00f3n en Espa\u00f1a\u00b4 (editorial Tirant Lo Blanch).","og_url":"https:\/\/www.nebrija.com\/medios\/actualidadnebrija\/2022\/06\/24\/las-series-espanolas-juegan-en-la-champions-league-de-la-ficcion\/","og_site_name":"Actualidad Nebrija","article_published_time":"2022-06-24T10:24:21+00:00","article_modified_time":"2024-05-31T09:09:32+00:00","og_image":[{"width":1200,"height":800,"url":"https:\/\/www.nebrija.com\/medios\/actualidadnebrija\/wp-content\/uploads\/sites\/2\/2022\/06\/Libro_series_FCA_UNNE-11.jpg","type":"image\/jpeg"}],"author":"jpicos","twitter_card":"summary_large_image","twitter_misc":{"Escrito por":"jpicos","Tiempo de lectura":"9 minutos"},"schema":{"@context":"https:\/\/schema.org","@graph":[{"@type":"WebPage","@id":"https:\/\/www.nebrija.com\/medios\/actualidadnebrija\/2022\/06\/24\/las-series-espanolas-juegan-en-la-champions-league-de-la-ficcion\/","url":"https:\/\/www.nebrija.com\/medios\/actualidadnebrija\/2022\/06\/24\/las-series-espanolas-juegan-en-la-champions-league-de-la-ficcion\/","name":"Las series espa\u00f1olas juegan en la `Champions League\u00b4 de la ficci\u00f3n - Actualidad Nebrija","isPartOf":{"@id":"https:\/\/www.nebrija.com\/medios\/actualidadnebrija\/#website"},"datePublished":"2022-06-24T10:24:21+00:00","dateModified":"2024-05-31T09:09:32+00:00","author":{"@id":"https:\/\/www.nebrija.com\/medios\/actualidadnebrija\/#\/schema\/person\/0cd40b7dd3f54459e2cfc009dbd255c6"},"description":"La Universidad Nebrija presenta el libro ` La nueva edad de oro de las series de ficci\u00f3n en Espa\u00f1a\u00b4 (editorial Tirant Lo Blanch).","breadcrumb":{"@id":"https:\/\/www.nebrija.com\/medios\/actualidadnebrija\/2022\/06\/24\/las-series-espanolas-juegan-en-la-champions-league-de-la-ficcion\/#breadcrumb"},"inLanguage":"es","potentialAction":[{"@type":"ReadAction","target":["https:\/\/www.nebrija.com\/medios\/actualidadnebrija\/2022\/06\/24\/las-series-espanolas-juegan-en-la-champions-league-de-la-ficcion\/"]}]},{"@type":"BreadcrumbList","@id":"https:\/\/www.nebrija.com\/medios\/actualidadnebrija\/2022\/06\/24\/las-series-espanolas-juegan-en-la-champions-league-de-la-ficcion\/#breadcrumb","itemListElement":[{"@type":"ListItem","position":1,"name":"Home","item":"https:\/\/www.nebrija.com\/medios\/actualidadnebrija\/"},{"@type":"ListItem","position":2,"name":"Las series espa\u00f1olas juegan en la `Champions League\u00b4 de la ficci\u00f3n"}]},{"@type":"WebSite","@id":"https:\/\/www.nebrija.com\/medios\/actualidadnebrija\/#website","url":"https:\/\/www.nebrija.com\/medios\/actualidadnebrija\/","name":"Actualidad Nebrija","description":"Noticias de la Universidad Nebrija","potentialAction":[{"@type":"SearchAction","target":{"@type":"EntryPoint","urlTemplate":"https:\/\/www.nebrija.com\/medios\/actualidadnebrija\/?s={search_term_string}"},"query-input":"required name=search_term_string"}],"inLanguage":"es"},{"@type":"Person","@id":"https:\/\/www.nebrija.com\/medios\/actualidadnebrija\/#\/schema\/person\/0cd40b7dd3f54459e2cfc009dbd255c6","name":"jpicos","image":{"@type":"ImageObject","inLanguage":"es","@id":"https:\/\/www.nebrija.com\/medios\/actualidadnebrija\/#\/schema\/person\/image\/","url":"https:\/\/secure.gravatar.com\/avatar\/c4a1005cff3fd9bb5185e9671f4f3e9b?s=96&d=mm&r=g","contentUrl":"https:\/\/secure.gravatar.com\/avatar\/c4a1005cff3fd9bb5185e9671f4f3e9b?s=96&d=mm&r=g","caption":"jpicos"},"url":"https:\/\/www.nebrija.com\/medios\/actualidadnebrija\/author\/jpicos\/"}]}},"_links":{"self":[{"href":"https:\/\/www.nebrija.com\/medios\/actualidadnebrija\/wp-json\/wp\/v2\/posts\/79477"}],"collection":[{"href":"https:\/\/www.nebrija.com\/medios\/actualidadnebrija\/wp-json\/wp\/v2\/posts"}],"about":[{"href":"https:\/\/www.nebrija.com\/medios\/actualidadnebrija\/wp-json\/wp\/v2\/types\/post"}],"author":[{"embeddable":true,"href":"https:\/\/www.nebrija.com\/medios\/actualidadnebrija\/wp-json\/wp\/v2\/users\/326"}],"replies":[{"embeddable":true,"href":"https:\/\/www.nebrija.com\/medios\/actualidadnebrija\/wp-json\/wp\/v2\/comments?post=79477"}],"version-history":[{"count":3,"href":"https:\/\/www.nebrija.com\/medios\/actualidadnebrija\/wp-json\/wp\/v2\/posts\/79477\/revisions"}],"predecessor-version":[{"id":93074,"href":"https:\/\/www.nebrija.com\/medios\/actualidadnebrija\/wp-json\/wp\/v2\/posts\/79477\/revisions\/93074"}],"wp:featuredmedia":[{"embeddable":true,"href":"https:\/\/www.nebrija.com\/medios\/actualidadnebrija\/wp-json\/wp\/v2\/media\/79491"}],"wp:attachment":[{"href":"https:\/\/www.nebrija.com\/medios\/actualidadnebrija\/wp-json\/wp\/v2\/media?parent=79477"}],"wp:term":[{"taxonomy":"category","embeddable":true,"href":"https:\/\/www.nebrija.com\/medios\/actualidadnebrija\/wp-json\/wp\/v2\/categories?post=79477"},{"taxonomy":"post_tag","embeddable":true,"href":"https:\/\/www.nebrija.com\/medios\/actualidadnebrija\/wp-json\/wp\/v2\/tags?post=79477"}],"curies":[{"name":"wp","href":"https:\/\/api.w.org\/{rel}","templated":true}]}}