{"id":79818,"date":"2022-07-13T13:30:02","date_gmt":"2022-07-13T11:30:02","guid":{"rendered":"https:\/\/www.nebrija.com\/medios\/actualidadnebrija\/?p=79818"},"modified":"2024-05-31T11:01:59","modified_gmt":"2024-05-31T09:01:59","slug":"la-iii-escuela-de-verano-foro-recursos-humanos-nebrija-debate-sobre-el-talento-en-la-gestion-de-equipos","status":"publish","type":"post","link":"https:\/\/www.nebrija.com\/medios\/actualidadnebrija\/2022\/07\/13\/la-iii-escuela-de-verano-foro-recursos-humanos-nebrija-debate-sobre-el-talento-en-la-gestion-de-equipos\/","title":{"rendered":"La III Escuela de Verano Foro Recursos Humanos-Nebrija debate sobre el talento en la gesti\u00f3n de equipos"},"content":{"rendered":"<p>El Foro Recursos Humanos y la Universidad Nebrija conformaron la tercera edici\u00f3n de su <a href=\"https:\/\/www.fororecursoshumanos.com\/iii-edicion-escuela-verano-rrhh\/\">Escuela de Verano <\/a>en tres jornadas <em>bajo el lema Hacia una nueva forma de pensar, sentir y lidera<\/em>r. Con el patrocinio de EY y la colaboraci\u00f3n de empresas como Recruiting Erasmus, Fundaci\u00f3n m\u00e1shumano, OpenHR y DKV, entre otras entidades, las 200 personas inscritas en sus sesiones presenciales y virtuales escucharon a relevantes nombres en la gesti\u00f3n del talento.<\/p>\n<p>En la apertura de las jornadas, Francisco Garc\u00eda Cabello, fundador y CEO del Foro Recursos Humanos, confirm\u00f3 que la universidad y los recursos humanos \u201cest\u00e1n cada vez m\u00e1s cerca\u201d gracias a la puesta en com\u00fan en estos encuentros de \u201capasionadas\u201d conversaciones. La reflexi\u00f3n y el \u201cprioritario\u201d contexto universitario resultan, para \u00e9l, piezas clave en el campo de la empleabilidad, una de las l\u00edneas estrat\u00e9gicas de Nebrija. Su rector Jos\u00e9 Mu\u00f1iz as\u00ed lo constat\u00f3: \u201cNuestros clientes son las empresas y nuestros productos son los estudiantes\u201d.<\/p>\n<p>Con el ejemplo del pol\u00edmata Antonio de Nebrija, del que se cumplen quinientos a\u00f1os de su fallecimiento, y del valor de la investigaci\u00f3n y del m\u00e9todo riguroso, la Universidad Nebrija, con 9962 convenios firmados con diferentes entidades, \u201cfomenta la necesaria simbiosis entre la empresa y la universidad\u201d.<\/p>\n<h2><strong>Huir del adanismo<\/strong><\/h2>\n<p>Jos\u00e9 Mu\u00f1iz aprovech\u00f3 su presencia en la Escuela de Verano Foro Recursos Humanos-Nebrija para instar a los responsables de recursos humanos a estar al tanto de las \u00faltimas novedades tecnol\u00f3gicas en el manejo de datos y a huir del \u201cadanismo, de querer empezar de cero, porque todos tenemos que conocer lo anterior porque la inspiraci\u00f3n se basa en los hombros de gigantes de otros\u201d. Despu\u00e9s de apuntar la tradici\u00f3n de Espa\u00f1a en la gestaci\u00f3n y desarrollo de los recursos humanos, Mu\u00f1iz cedi\u00f3 el testigo a Jos\u00e9 Luis Risco, director de RRHH de EY, que resumi\u00f3 la din\u00e1mica actual de los departamentos de capital humano: \u201cVivimos en un mundo incierto, donde las personas tendr\u00e1n m\u00e1s movilidad en el mercado del trabajo. No pasa nada, hay que seguir apostando por el talento en una sociedad cambiante\u201d.<\/p>\n<p>Tom\u00e1s Pereda, subdirector de la <a href=\"https:\/\/www.mashumano.org\/\">Fundaci\u00f3n m\u00e1shumano<\/a>, durante su intervenci\u00f3n, insisti\u00f3 en c\u00f3mo la Escuela de Verano, en sus tres a\u00f1os de existencia, ha coincidido en un momento de transformaci\u00f3n \u201cmuy profunda\u201d donde las tendencias han confluido en \u201cun <em>big bang <\/em>que ha afectado a las personas\u201d. Por este motivo, sesiones como las que potencia el Foro Recursos Humanos y la Universidad Nebrija \u201ctratan de destilar\u201d asuntos actuales como la denominada \u201cgran renuncia\u201d o \u201cla p\u00e9rdida del miedo a la incertidumbre laboral\u201d. Formular preguntas acertadas, incentivar el pensamiento cr\u00edtico y analizar el contexto son, en su opini\u00f3n, tres acciones recogidas en los debates del encuentro.<\/p>\n<p>Alfonso Jim\u00e9nez, <em>partner <\/em>en Exec Avenue y fundador de Recruiting Erasmus, cerr\u00f3 las primeras intervenciones de bienvenida. Como sus compa\u00f1eros de mesa, intent\u00f3 acotar el significado actual de los recursos humanos. \u201cLos entiendo no como un c\u00famulo de verdades absolutas, sino, desde un cierto relativismo, como un intento de buscar la mejor gesti\u00f3n para cada circunstancia\u201d. El autor de <em>El arte de liderar<\/em>, que <a href=\"https:\/\/www.nebrija.com\/medios\/actualidadnebrija\/2020\/02\/03\/no-hay-un-modelo-unico-de-liderazgo-porque-lider-se-nace-pero-tambien-se-hace\/\">present\u00f3 <\/a>en el mismo sal\u00f3n de actos de la Universidad Nebrija en los d\u00edas previos al confinamiento por la covid-19, evidenci\u00f3 que los cambios demogr\u00e1ficos ya han llegado al mercado de trabajo. Los profesionales de los recursos humanos deben tener en cuenta el envejecimiento de la poblaci\u00f3n, la \u201cnecesidad\u201d de alargar la vida laboral o combatir el \u201cedadismo -la discriminaci\u00f3n por la edad- avanzado\u201d. Adem\u00e1s, hay otros aspectos que cobran relevancia en \u201cel entorno cambiante en el que vivimos\u201d como los valores sociales y las nuevas unidades familiares, la naturaleza geoestrat\u00e9gica -con una guerra en Europa- o el desarrollo tecnol\u00f3gico. Todos estos asuntos resultan, para Alfonso Jim\u00e9nez, fundamentales para que \u201ccada d\u00eda abramos las puertas y las ventanas de nuestras empresas y sigamos siendo competitivos\u201d.<\/p>\n<h2><strong>Programa de expertos<\/strong><\/h2>\n<p>La III Edici\u00f3n de la Escuela de Verano, respaldada e impulsada tambi\u00e9n por Eva Iglesias, directora del M\u00e1ster en Liderazgo y Direcci\u00f3n de RRHH de la Universidad Nebrija, cont\u00f3 con participantes de la talla de Chistine Loos, directora general de Stimulus Spain y directora de Estrategia Internacional International Strategy, Human &amp; Work; Rainiero Holgado, CEO deUnilabs Spain; Isabel S\u00e1nchez Ruiz, CEO de Delaviuda; Javier Ruiz de Azc\u00e1rate, presidente de Catenon &amp; TalentHackers; Patricia de Blas, senior HR<em> manager<\/em>, de Beam Suntory; Concepci\u00f3n Lag\u00fcela, responsable de \u00c1rea de Desarrollo Interno de Correos, Emilio Cort\u00e9s, director de <em>People and Sourcing<\/em> y presidente de la Fundaci\u00f3n Evolutio; Jos\u00e9 Juan Mart\u00edn, CEO de OpenHR; Luis Fernando Rodr\u00edguez Mart\u00edn, CEO de Watch&amp;Act; Jaime Sol, socio director de People Advisory Services de EY; Mar Garre, directora de Personas, Comunicaci\u00f3n y Sostenibilidad de L\u00ednea Directa Aseguradora; \u00c1ngel Serrano, cofundador, &amp; CEO de Zityhub; Roc\u00edo Rufilanchas, <em>global chief people officer<\/em> de Astara, y Antonio Pe\u00f1alver, socio de People First Consulting y autor del libro <em>El l\u00edder 5.0<\/em>.<\/p>\n<p>Durante la clausura de las jornadas, Fernando Corral, vicerrector de Profesorado y Talento de la Universidad Nebrija, puso en primer plano \u201cla humanizaci\u00f3n\u201d en el trabajo y el \u201cliderazgo humano\u201d para lograr la cercan\u00eda basada en tres dimensiones: la autenticidad, la empat\u00eda y la resiliencia. Corral desarroll\u00f3, citando m\u00e9todos, pr\u00e1cticas y teor\u00edas de recursos humanos, conceptos como la flexibilidad, el optimismo \u2013\u201cque se puede entrenar\u201d-, la salud, la agilidad cognitiva, el aprendizaje adaptativo o la formaci\u00f3n. Sobre este \u00faltimo aspecto mostr\u00f3 el ejemplo de c\u00f3mo la Universidad Nebrija apost\u00f3 por un curso sobre salud financiera para los trabajadores al que al final se apuntaron 67 trabajadores.<\/p>\n<p>Asimismo, Corral insisti\u00f3 en reinventar la propuesta de valor para el empleado con el fin de lograr personas \u201csatisfechas\u201d. \u201cSentirse entendido y valorado, sentirse cuidado e involucrado o desarrollar el potencial de cada uno\u201d son varios de los ejes de esta iniciativa humanista.<\/p>\n<p><em>Texto: Javier Picos. Fotos: Zaida del R\u00edo.<\/em><\/p>\n\n\t\t<style type=\"text\/css\">\n\t\t\t#gallery-1 {\n\t\t\t\tmargin: auto;\n\t\t\t}\n\t\t\t#gallery-1 .gallery-item {\n\t\t\t\tfloat: left;\n\t\t\t\tmargin-top: 10px;\n\t\t\t\ttext-align: center;\n\t\t\t\twidth: 20%;\n\t\t\t}\n\t\t\t#gallery-1 img {\n\t\t\t\tborder: 2px solid #cfcfcf;\n\t\t\t}\n\t\t\t#gallery-1 .gallery-caption {\n\t\t\t\tmargin-left: 0;\n\t\t\t}\n\t\t\t\/* see gallery_shortcode() in wp-includes\/media.php *\/\n\t\t<\/style>\n\t\t<div id='gallery-1' class='gallery galleryid-79818 gallery-columns-5 gallery-size-thumbnail'><dl class='gallery-item'>\n\t\t\t<dt class='gallery-icon landscape'>\n\t\t\t\t<a href='https:\/\/www.nebrija.com\/medios\/actualidadnebrija\/wp-content\/uploads\/sites\/2\/2022\/07\/ForoRRHH_UNNE-1.jpg'><img loading=\"lazy\" decoding=\"async\" width=\"150\" height=\"76\" src=\"https:\/\/www.nebrija.com\/medios\/actualidadnebrija\/wp-content\/uploads\/sites\/2\/2022\/07\/ForoRRHH_UNNE-1-150x76.jpg\" class=\"attachment-thumbnail size-thumbnail\" alt=\"\" \/><\/a>\n\t\t\t<\/dt><\/dl><dl class='gallery-item'>\n\t\t\t<dt class='gallery-icon landscape'>\n\t\t\t\t<a href='https:\/\/www.nebrija.com\/medios\/actualidadnebrija\/wp-content\/uploads\/sites\/2\/2022\/07\/ForoRRHH_UNNE-2.jpg'><img loading=\"lazy\" decoding=\"async\" width=\"150\" height=\"75\" src=\"https:\/\/www.nebrija.com\/medios\/actualidadnebrija\/wp-content\/uploads\/sites\/2\/2022\/07\/ForoRRHH_UNNE-2-150x75.jpg\" class=\"attachment-thumbnail size-thumbnail\" alt=\"\" \/><\/a>\n\t\t\t<\/dt><\/dl><dl class='gallery-item'>\n\t\t\t<dt class='gallery-icon landscape'>\n\t\t\t\t<a href='https:\/\/www.nebrija.com\/medios\/actualidadnebrija\/wp-content\/uploads\/sites\/2\/2022\/07\/ForoRRHH_UNNE-3.jpg'><img loading=\"lazy\" decoding=\"async\" width=\"150\" height=\"84\" src=\"https:\/\/www.nebrija.com\/medios\/actualidadnebrija\/wp-content\/uploads\/sites\/2\/2022\/07\/ForoRRHH_UNNE-3-150x84.jpg\" class=\"attachment-thumbnail size-thumbnail\" alt=\"\" \/><\/a>\n\t\t\t<\/dt><\/dl><dl class='gallery-item'>\n\t\t\t<dt class='gallery-icon landscape'>\n\t\t\t\t<a href='https:\/\/www.nebrija.com\/medios\/actualidadnebrija\/wp-content\/uploads\/sites\/2\/2022\/07\/ForoRRHH_UNNE-4.jpg'><img loading=\"lazy\" decoding=\"async\" width=\"150\" height=\"84\" src=\"https:\/\/www.nebrija.com\/medios\/actualidadnebrija\/wp-content\/uploads\/sites\/2\/2022\/07\/ForoRRHH_UNNE-4-150x84.jpg\" class=\"attachment-thumbnail size-thumbnail\" alt=\"\" \/><\/a>\n\t\t\t<\/dt><\/dl><dl class='gallery-item'>\n\t\t\t<dt class='gallery-icon landscape'>\n\t\t\t\t<a href='https:\/\/www.nebrija.com\/medios\/actualidadnebrija\/wp-content\/uploads\/sites\/2\/2022\/07\/ForoRRHH_UNNE-5.jpg'><img loading=\"lazy\" decoding=\"async\" width=\"150\" height=\"84\" src=\"https:\/\/www.nebrija.com\/medios\/actualidadnebrija\/wp-content\/uploads\/sites\/2\/2022\/07\/ForoRRHH_UNNE-5-150x84.jpg\" class=\"attachment-thumbnail size-thumbnail\" alt=\"\" \/><\/a>\n\t\t\t<\/dt><\/dl><br style=\"clear: both\" \/><dl class='gallery-item'>\n\t\t\t<dt class='gallery-icon landscape'>\n\t\t\t\t<a href='https:\/\/www.nebrija.com\/medios\/actualidadnebrija\/wp-content\/uploads\/sites\/2\/2022\/07\/ForoRRHH_UNNE-6.jpg'><img loading=\"lazy\" decoding=\"async\" width=\"150\" height=\"84\" src=\"https:\/\/www.nebrija.com\/medios\/actualidadnebrija\/wp-content\/uploads\/sites\/2\/2022\/07\/ForoRRHH_UNNE-6-150x84.jpg\" class=\"attachment-thumbnail size-thumbnail\" alt=\"\" \/><\/a>\n\t\t\t<\/dt><\/dl><dl class='gallery-item'>\n\t\t\t<dt class='gallery-icon landscape'>\n\t\t\t\t<a href='https:\/\/www.nebrija.com\/medios\/actualidadnebrija\/wp-content\/uploads\/sites\/2\/2022\/07\/ForoRRHH_UNNE-7.jpg'><img loading=\"lazy\" decoding=\"async\" width=\"150\" height=\"84\" src=\"https:\/\/www.nebrija.com\/medios\/actualidadnebrija\/wp-content\/uploads\/sites\/2\/2022\/07\/ForoRRHH_UNNE-7-150x84.jpg\" class=\"attachment-thumbnail size-thumbnail\" alt=\"\" \/><\/a>\n\t\t\t<\/dt><\/dl><dl class='gallery-item'>\n\t\t\t<dt class='gallery-icon landscape'>\n\t\t\t\t<a href='https:\/\/www.nebrija.com\/medios\/actualidadnebrija\/wp-content\/uploads\/sites\/2\/2022\/07\/ForoRRHH_UNNE-8.jpg'><img loading=\"lazy\" decoding=\"async\" width=\"150\" height=\"84\" src=\"https:\/\/www.nebrija.com\/medios\/actualidadnebrija\/wp-content\/uploads\/sites\/2\/2022\/07\/ForoRRHH_UNNE-8-150x84.jpg\" class=\"attachment-thumbnail size-thumbnail\" alt=\"\" \/><\/a>\n\t\t\t<\/dt><\/dl><dl class='gallery-item'>\n\t\t\t<dt class='gallery-icon landscape'>\n\t\t\t\t<a href='https:\/\/www.nebrija.com\/medios\/actualidadnebrija\/wp-content\/uploads\/sites\/2\/2022\/07\/ForoRRHH_UNNE-9.jpg'><img loading=\"lazy\" decoding=\"async\" width=\"150\" height=\"84\" src=\"https:\/\/www.nebrija.com\/medios\/actualidadnebrija\/wp-content\/uploads\/sites\/2\/2022\/07\/ForoRRHH_UNNE-9-150x84.jpg\" class=\"attachment-thumbnail size-thumbnail\" alt=\"\" \/><\/a>\n\t\t\t<\/dt><\/dl><dl class='gallery-item'>\n\t\t\t<dt class='gallery-icon landscape'>\n\t\t\t\t<a href='https:\/\/www.nebrija.com\/medios\/actualidadnebrija\/wp-content\/uploads\/sites\/2\/2022\/07\/ForoRRHH_UNNE-10.jpg'><img loading=\"lazy\" decoding=\"async\" width=\"150\" height=\"88\" src=\"https:\/\/www.nebrija.com\/medios\/actualidadnebrija\/wp-content\/uploads\/sites\/2\/2022\/07\/ForoRRHH_UNNE-10-150x88.jpg\" class=\"attachment-thumbnail size-thumbnail\" alt=\"\" \/><\/a>\n\t\t\t<\/dt><\/dl><br style=\"clear: both\" \/><dl class='gallery-item'>\n\t\t\t<dt class='gallery-icon landscape'>\n\t\t\t\t<a href='https:\/\/www.nebrija.com\/medios\/actualidadnebrija\/wp-content\/uploads\/sites\/2\/2022\/07\/ForoRRHH_UNNE-11.jpg'><img loading=\"lazy\" decoding=\"async\" width=\"150\" height=\"84\" src=\"https:\/\/www.nebrija.com\/medios\/actualidadnebrija\/wp-content\/uploads\/sites\/2\/2022\/07\/ForoRRHH_UNNE-11-150x84.jpg\" class=\"attachment-thumbnail size-thumbnail\" alt=\"\" \/><\/a>\n\t\t\t<\/dt><\/dl><dl class='gallery-item'>\n\t\t\t<dt class='gallery-icon landscape'>\n\t\t\t\t<a href='https:\/\/www.nebrija.com\/medios\/actualidadnebrija\/wp-content\/uploads\/sites\/2\/2022\/07\/ForoRRHH_UNNE-12.jpg'><img loading=\"lazy\" decoding=\"async\" width=\"150\" height=\"79\" src=\"https:\/\/www.nebrija.com\/medios\/actualidadnebrija\/wp-content\/uploads\/sites\/2\/2022\/07\/ForoRRHH_UNNE-12-150x79.jpg\" class=\"attachment-thumbnail size-thumbnail\" alt=\"\" \/><\/a>\n\t\t\t<\/dt><\/dl><dl class='gallery-item'>\n\t\t\t<dt class='gallery-icon landscape'>\n\t\t\t\t<a href='https:\/\/www.nebrija.com\/medios\/actualidadnebrija\/wp-content\/uploads\/sites\/2\/2022\/07\/ForoRRHH_UNNE-13.jpg'><img loading=\"lazy\" decoding=\"async\" width=\"150\" height=\"84\" src=\"https:\/\/www.nebrija.com\/medios\/actualidadnebrija\/wp-content\/uploads\/sites\/2\/2022\/07\/ForoRRHH_UNNE-13-150x84.jpg\" class=\"attachment-thumbnail size-thumbnail\" alt=\"\" \/><\/a>\n\t\t\t<\/dt><\/dl><dl class='gallery-item'>\n\t\t\t<dt class='gallery-icon landscape'>\n\t\t\t\t<a href='https:\/\/www.nebrija.com\/medios\/actualidadnebrija\/wp-content\/uploads\/sites\/2\/2022\/07\/ForoRRHH_UNNE-14.jpg'><img loading=\"lazy\" decoding=\"async\" width=\"150\" height=\"84\" src=\"https:\/\/www.nebrija.com\/medios\/actualidadnebrija\/wp-content\/uploads\/sites\/2\/2022\/07\/ForoRRHH_UNNE-14-150x84.jpg\" class=\"attachment-thumbnail size-thumbnail\" alt=\"\" \/><\/a>\n\t\t\t<\/dt><\/dl><dl class='gallery-item'>\n\t\t\t<dt class='gallery-icon landscape'>\n\t\t\t\t<a href='https:\/\/www.nebrija.com\/medios\/actualidadnebrija\/wp-content\/uploads\/sites\/2\/2022\/07\/ForoRRHH_UNNE-15.jpg'><img loading=\"lazy\" decoding=\"async\" width=\"150\" height=\"84\" src=\"https:\/\/www.nebrija.com\/medios\/actualidadnebrija\/wp-content\/uploads\/sites\/2\/2022\/07\/ForoRRHH_UNNE-15-150x84.jpg\" class=\"attachment-thumbnail size-thumbnail\" alt=\"\" \/><\/a>\n\t\t\t<\/dt><\/dl><br style=\"clear: both\" \/><dl class='gallery-item'>\n\t\t\t<dt class='gallery-icon landscape'>\n\t\t\t\t<a href='https:\/\/www.nebrija.com\/medios\/actualidadnebrija\/wp-content\/uploads\/sites\/2\/2022\/07\/ForoRRHH_UNNE-16.jpg'><img loading=\"lazy\" decoding=\"async\" width=\"150\" height=\"94\" src=\"https:\/\/www.nebrija.com\/medios\/actualidadnebrija\/wp-content\/uploads\/sites\/2\/2022\/07\/ForoRRHH_UNNE-16-150x94.jpg\" class=\"attachment-thumbnail size-thumbnail\" alt=\"\" \/><\/a>\n\t\t\t<\/dt><\/dl><dl class='gallery-item'>\n\t\t\t<dt class='gallery-icon landscape'>\n\t\t\t\t<a href='https:\/\/www.nebrija.com\/medios\/actualidadnebrija\/wp-content\/uploads\/sites\/2\/2022\/07\/ForoRRHH_UNNE-17.jpg'><img loading=\"lazy\" decoding=\"async\" width=\"150\" height=\"113\" src=\"https:\/\/www.nebrija.com\/medios\/actualidadnebrija\/wp-content\/uploads\/sites\/2\/2022\/07\/ForoRRHH_UNNE-17-150x113.jpg\" class=\"attachment-thumbnail size-thumbnail\" alt=\"\" \/><\/a>\n\t\t\t<\/dt><\/dl><dl class='gallery-item'>\n\t\t\t<dt class='gallery-icon landscape'>\n\t\t\t\t<a href='https:\/\/www.nebrija.com\/medios\/actualidadnebrija\/wp-content\/uploads\/sites\/2\/2022\/07\/ForoRRHH_UNNE-18.jpg'><img loading=\"lazy\" decoding=\"async\" width=\"150\" height=\"113\" src=\"https:\/\/www.nebrija.com\/medios\/actualidadnebrija\/wp-content\/uploads\/sites\/2\/2022\/07\/ForoRRHH_UNNE-18-150x113.jpg\" class=\"attachment-thumbnail size-thumbnail\" alt=\"\" \/><\/a>\n\t\t\t<\/dt><\/dl><dl class='gallery-item'>\n\t\t\t<dt class='gallery-icon landscape'>\n\t\t\t\t<a href='https:\/\/www.nebrija.com\/medios\/actualidadnebrija\/wp-content\/uploads\/sites\/2\/2022\/07\/ForoRRHH_UNNE-19.jpg'><img loading=\"lazy\" decoding=\"async\" width=\"150\" height=\"87\" src=\"https:\/\/www.nebrija.com\/medios\/actualidadnebrija\/wp-content\/uploads\/sites\/2\/2022\/07\/ForoRRHH_UNNE-19-150x87.jpg\" class=\"attachment-thumbnail size-thumbnail\" alt=\"\" \/><\/a>\n\t\t\t<\/dt><\/dl>\n\t\t\t<br style='clear: both' \/>\n\t\t<\/div>\n\n","protected":false},"excerpt":{"rendered":"<p>200 personas asisten a las sesiones presenciales y virtuales durante tres jornadas.<\/p>\n","protected":false},"author":326,"featured_media":79820,"comment_status":"open","ping_status":"open","sticky":false,"template":"","format":"standard","meta":{"_acf_changed":false,"_monsterinsights_skip_tracking":false,"_monsterinsights_sitenote_active":false,"_monsterinsights_sitenote_note":"","_monsterinsights_sitenote_category":0,"footnotes":""},"categories":[3051],"tags":[5011,3124,4077,4299,4044,5012,4080,5010],"acf":[],"yoast_head":"<!-- This site is optimized with the Yoast SEO plugin v22.1 - https:\/\/yoast.com\/wordpress\/plugins\/seo\/ -->\n<title>La III Escuela de Verano Foro Recursos Humanos-Nebrija debate sobre el talento en la gesti\u00f3n de equipos - Actualidad Nebrija<\/title>\n<meta name=\"robots\" content=\"index, follow, max-snippet:-1, max-image-preview:large, max-video-preview:-1\" \/>\n<link rel=\"canonical\" href=\"https:\/\/www.nebrija.com\/medios\/actualidadnebrija\/2022\/07\/13\/la-iii-escuela-de-verano-foro-recursos-humanos-nebrija-debate-sobre-el-talento-en-la-gestion-de-equipos\/\" \/>\n<meta property=\"og:locale\" content=\"es_ES\" \/>\n<meta property=\"og:type\" content=\"article\" \/>\n<meta property=\"og:title\" content=\"La III Escuela de Verano Foro Recursos Humanos-Nebrija debate sobre el talento en la gesti\u00f3n de equipos - Actualidad Nebrija\" \/>\n<meta property=\"og:description\" content=\"200 personas asisten a las sesiones presenciales y virtuales durante tres jornadas.\" \/>\n<meta property=\"og:url\" content=\"https:\/\/www.nebrija.com\/medios\/actualidadnebrija\/2022\/07\/13\/la-iii-escuela-de-verano-foro-recursos-humanos-nebrija-debate-sobre-el-talento-en-la-gestion-de-equipos\/\" \/>\n<meta property=\"og:site_name\" content=\"Actualidad Nebrija\" \/>\n<meta property=\"article:published_time\" content=\"2022-07-13T11:30:02+00:00\" \/>\n<meta property=\"article:modified_time\" content=\"2024-05-31T09:01:59+00:00\" \/>\n<meta property=\"og:image\" content=\"https:\/\/www.nebrija.com\/medios\/actualidadnebrija\/wp-content\/uploads\/sites\/2\/2022\/07\/ForoRRHH_UNNE-2.jpg\" \/>\n\t<meta property=\"og:image:width\" content=\"1100\" \/>\n\t<meta property=\"og:image:height\" content=\"550\" \/>\n\t<meta property=\"og:image:type\" content=\"image\/jpeg\" \/>\n<meta name=\"author\" content=\"jpicos\" \/>\n<meta name=\"twitter:card\" content=\"summary_large_image\" \/>\n<meta name=\"twitter:label1\" content=\"Escrito por\" \/>\n\t<meta name=\"twitter:data1\" content=\"jpicos\" \/>\n\t<meta name=\"twitter:label2\" content=\"Tiempo de lectura\" \/>\n\t<meta name=\"twitter:data2\" content=\"5 minutos\" \/>\n<!-- \/ Yoast SEO plugin. -->","yoast_head_json":{"title":"La III Escuela de Verano Foro Recursos Humanos-Nebrija debate sobre el talento en la gesti\u00f3n de equipos - Actualidad Nebrija","robots":{"index":"index","follow":"follow","max-snippet":"max-snippet:-1","max-image-preview":"max-image-preview:large","max-video-preview":"max-video-preview:-1"},"canonical":"https:\/\/www.nebrija.com\/medios\/actualidadnebrija\/2022\/07\/13\/la-iii-escuela-de-verano-foro-recursos-humanos-nebrija-debate-sobre-el-talento-en-la-gestion-de-equipos\/","og_locale":"es_ES","og_type":"article","og_title":"La III Escuela de Verano Foro Recursos Humanos-Nebrija debate sobre el talento en la gesti\u00f3n de equipos - Actualidad Nebrija","og_description":"200 personas asisten a las sesiones presenciales y virtuales durante tres jornadas.","og_url":"https:\/\/www.nebrija.com\/medios\/actualidadnebrija\/2022\/07\/13\/la-iii-escuela-de-verano-foro-recursos-humanos-nebrija-debate-sobre-el-talento-en-la-gestion-de-equipos\/","og_site_name":"Actualidad Nebrija","article_published_time":"2022-07-13T11:30:02+00:00","article_modified_time":"2024-05-31T09:01:59+00:00","og_image":[{"width":1100,"height":550,"url":"https:\/\/www.nebrija.com\/medios\/actualidadnebrija\/wp-content\/uploads\/sites\/2\/2022\/07\/ForoRRHH_UNNE-2.jpg","type":"image\/jpeg"}],"author":"jpicos","twitter_card":"summary_large_image","twitter_misc":{"Escrito por":"jpicos","Tiempo de lectura":"5 minutos"},"schema":{"@context":"https:\/\/schema.org","@graph":[{"@type":"WebPage","@id":"https:\/\/www.nebrija.com\/medios\/actualidadnebrija\/2022\/07\/13\/la-iii-escuela-de-verano-foro-recursos-humanos-nebrija-debate-sobre-el-talento-en-la-gestion-de-equipos\/","url":"https:\/\/www.nebrija.com\/medios\/actualidadnebrija\/2022\/07\/13\/la-iii-escuela-de-verano-foro-recursos-humanos-nebrija-debate-sobre-el-talento-en-la-gestion-de-equipos\/","name":"La III Escuela de Verano Foro Recursos Humanos-Nebrija debate sobre el talento en la gesti\u00f3n de equipos - Actualidad Nebrija","isPartOf":{"@id":"https:\/\/www.nebrija.com\/medios\/actualidadnebrija\/#website"},"datePublished":"2022-07-13T11:30:02+00:00","dateModified":"2024-05-31T09:01:59+00:00","author":{"@id":"https:\/\/www.nebrija.com\/medios\/actualidadnebrija\/#\/schema\/person\/0cd40b7dd3f54459e2cfc009dbd255c6"},"breadcrumb":{"@id":"https:\/\/www.nebrija.com\/medios\/actualidadnebrija\/2022\/07\/13\/la-iii-escuela-de-verano-foro-recursos-humanos-nebrija-debate-sobre-el-talento-en-la-gestion-de-equipos\/#breadcrumb"},"inLanguage":"es","potentialAction":[{"@type":"ReadAction","target":["https:\/\/www.nebrija.com\/medios\/actualidadnebrija\/2022\/07\/13\/la-iii-escuela-de-verano-foro-recursos-humanos-nebrija-debate-sobre-el-talento-en-la-gestion-de-equipos\/"]}]},{"@type":"BreadcrumbList","@id":"https:\/\/www.nebrija.com\/medios\/actualidadnebrija\/2022\/07\/13\/la-iii-escuela-de-verano-foro-recursos-humanos-nebrija-debate-sobre-el-talento-en-la-gestion-de-equipos\/#breadcrumb","itemListElement":[{"@type":"ListItem","position":1,"name":"Home","item":"https:\/\/www.nebrija.com\/medios\/actualidadnebrija\/"},{"@type":"ListItem","position":2,"name":"La III Escuela de Verano Foro Recursos Humanos-Nebrija debate sobre el talento en la gesti\u00f3n de equipos"}]},{"@type":"WebSite","@id":"https:\/\/www.nebrija.com\/medios\/actualidadnebrija\/#website","url":"https:\/\/www.nebrija.com\/medios\/actualidadnebrija\/","name":"Actualidad Nebrija","description":"Noticias de la Universidad Nebrija","potentialAction":[{"@type":"SearchAction","target":{"@type":"EntryPoint","urlTemplate":"https:\/\/www.nebrija.com\/medios\/actualidadnebrija\/?s={search_term_string}"},"query-input":"required name=search_term_string"}],"inLanguage":"es"},{"@type":"Person","@id":"https:\/\/www.nebrija.com\/medios\/actualidadnebrija\/#\/schema\/person\/0cd40b7dd3f54459e2cfc009dbd255c6","name":"jpicos","image":{"@type":"ImageObject","inLanguage":"es","@id":"https:\/\/www.nebrija.com\/medios\/actualidadnebrija\/#\/schema\/person\/image\/","url":"https:\/\/secure.gravatar.com\/avatar\/c4a1005cff3fd9bb5185e9671f4f3e9b?s=96&d=mm&r=g","contentUrl":"https:\/\/secure.gravatar.com\/avatar\/c4a1005cff3fd9bb5185e9671f4f3e9b?s=96&d=mm&r=g","caption":"jpicos"},"url":"https:\/\/www.nebrija.com\/medios\/actualidadnebrija\/author\/jpicos\/"}]}},"_links":{"self":[{"href":"https:\/\/www.nebrija.com\/medios\/actualidadnebrija\/wp-json\/wp\/v2\/posts\/79818"}],"collection":[{"href":"https:\/\/www.nebrija.com\/medios\/actualidadnebrija\/wp-json\/wp\/v2\/posts"}],"about":[{"href":"https:\/\/www.nebrija.com\/medios\/actualidadnebrija\/wp-json\/wp\/v2\/types\/post"}],"author":[{"embeddable":true,"href":"https:\/\/www.nebrija.com\/medios\/actualidadnebrija\/wp-json\/wp\/v2\/users\/326"}],"replies":[{"embeddable":true,"href":"https:\/\/www.nebrija.com\/medios\/actualidadnebrija\/wp-json\/wp\/v2\/comments?post=79818"}],"version-history":[{"count":4,"href":"https:\/\/www.nebrija.com\/medios\/actualidadnebrija\/wp-json\/wp\/v2\/posts\/79818\/revisions"}],"predecessor-version":[{"id":93065,"href":"https:\/\/www.nebrija.com\/medios\/actualidadnebrija\/wp-json\/wp\/v2\/posts\/79818\/revisions\/93065"}],"wp:featuredmedia":[{"embeddable":true,"href":"https:\/\/www.nebrija.com\/medios\/actualidadnebrija\/wp-json\/wp\/v2\/media\/79820"}],"wp:attachment":[{"href":"https:\/\/www.nebrija.com\/medios\/actualidadnebrija\/wp-json\/wp\/v2\/media?parent=79818"}],"wp:term":[{"taxonomy":"category","embeddable":true,"href":"https:\/\/www.nebrija.com\/medios\/actualidadnebrija\/wp-json\/wp\/v2\/categories?post=79818"},{"taxonomy":"post_tag","embeddable":true,"href":"https:\/\/www.nebrija.com\/medios\/actualidadnebrija\/wp-json\/wp\/v2\/tags?post=79818"}],"curies":[{"name":"wp","href":"https:\/\/api.w.org\/{rel}","templated":true}]}}