{"id":80155,"date":"2022-09-08T23:12:19","date_gmt":"2022-09-08T21:12:19","guid":{"rendered":"https:\/\/www.nebrija.com\/medios\/actualidadnebrija\/?p=80155"},"modified":"2022-09-08T23:12:19","modified_gmt":"2022-09-08T21:12:19","slug":"la-nueva-edad-de-oro-de-las-series-de-ficcion-en-espana-mercado-narrativas-y-publicos","status":"publish","type":"post","link":"https:\/\/www.nebrija.com\/medios\/actualidadnebrija\/2022\/09\/08\/la-nueva-edad-de-oro-de-las-series-de-ficcion-en-espana-mercado-narrativas-y-publicos\/","title":{"rendered":"La nueva edad de oro de las series de ficci\u00f3n en Espa\u00f1a: mercado, narrativas y p\u00fablicos"},"content":{"rendered":"<p>La Facultad de Comunicaci\u00f3n y Artes presentar\u00e1 esta obra junto a sus autores y coordinadores en un acto en el Campus de Madrid-Princesa el 22 de junio a las 19:00 horas.<\/p>\n","protected":false},"excerpt":{"rendered":"<p>La Facultad de Comunicaci\u00f3n y Artes presentar\u00e1 esta obra junto a sus autores y coordinadores en un acto en el Campus de Madrid-Princesa el 22 de junio a las 19:00 horas.<\/p>\n","protected":false},"author":263,"featured_media":80156,"comment_status":"open","ping_status":"open","sticky":false,"template":"","format":"standard","meta":{"_acf_changed":false,"_monsterinsights_skip_tracking":false,"_monsterinsights_sitenote_active":false,"_monsterinsights_sitenote_note":"","_monsterinsights_sitenote_category":0,"footnotes":""},"categories":[5025],"tags":[],"acf":[],"yoast_head":"<!-- This site is optimized with the Yoast SEO plugin v22.1 - https:\/\/yoast.com\/wordpress\/plugins\/seo\/ -->\n<title>La nueva edad de oro de las series de ficci\u00f3n en Espa\u00f1a: mercado, narrativas y p\u00fablicos - Actualidad Nebrija<\/title>\n<meta name=\"robots\" content=\"index, follow, max-snippet:-1, max-image-preview:large, max-video-preview:-1\" \/>\n<link rel=\"canonical\" href=\"https:\/\/www.nebrija.com\/medios\/actualidadnebrija\/2022\/09\/08\/la-nueva-edad-de-oro-de-las-series-de-ficcion-en-espana-mercado-narrativas-y-publicos\/\" \/>\n<meta property=\"og:locale\" content=\"es_ES\" \/>\n<meta property=\"og:type\" content=\"article\" \/>\n<meta property=\"og:title\" content=\"La nueva edad de oro de las series de ficci\u00f3n en Espa\u00f1a: mercado, narrativas y p\u00fablicos - Actualidad Nebrija\" \/>\n<meta property=\"og:description\" content=\"La Facultad de Comunicaci\u00f3n y Artes presentar\u00e1 esta obra junto a sus autores y coordinadores en un acto en el Campus de Madrid-Princesa el 22 de junio a las 19:00 horas.\" \/>\n<meta property=\"og:url\" content=\"https:\/\/www.nebrija.com\/medios\/actualidadnebrija\/2022\/09\/08\/la-nueva-edad-de-oro-de-las-series-de-ficcion-en-espana-mercado-narrativas-y-publicos\/\" \/>\n<meta property=\"og:site_name\" content=\"Actualidad Nebrija\" \/>\n<meta property=\"article:published_time\" content=\"2022-09-08T21:12:19+00:00\" \/>\n<meta property=\"og:image\" content=\"https:\/\/www.nebrija.com\/medios\/actualidadnebrija\/wp-content\/uploads\/sites\/2\/2022\/09\/series-787x459-1.jpg\" \/>\n\t<meta property=\"og:image:width\" content=\"787\" \/>\n\t<meta property=\"og:image:height\" content=\"459\" \/>\n\t<meta property=\"og:image:type\" content=\"image\/jpeg\" \/>\n<meta name=\"author\" content=\"pmartinezma\" \/>\n<meta name=\"twitter:card\" content=\"summary_large_image\" \/>\n<meta name=\"twitter:label1\" content=\"Escrito por\" \/>\n\t<meta name=\"twitter:data1\" content=\"pmartinezma\" \/>\n<!-- \/ Yoast SEO plugin. -->","yoast_head_json":{"title":"La nueva edad de oro de las series de ficci\u00f3n en Espa\u00f1a: mercado, narrativas y p\u00fablicos - Actualidad Nebrija","robots":{"index":"index","follow":"follow","max-snippet":"max-snippet:-1","max-image-preview":"max-image-preview:large","max-video-preview":"max-video-preview:-1"},"canonical":"https:\/\/www.nebrija.com\/medios\/actualidadnebrija\/2022\/09\/08\/la-nueva-edad-de-oro-de-las-series-de-ficcion-en-espana-mercado-narrativas-y-publicos\/","og_locale":"es_ES","og_type":"article","og_title":"La nueva edad de oro de las series de ficci\u00f3n en Espa\u00f1a: mercado, narrativas y p\u00fablicos - Actualidad Nebrija","og_description":"La Facultad de Comunicaci\u00f3n y Artes presentar\u00e1 esta obra junto a sus autores y coordinadores en un acto en el Campus de Madrid-Princesa el 22 de junio a las 19:00 horas.","og_url":"https:\/\/www.nebrija.com\/medios\/actualidadnebrija\/2022\/09\/08\/la-nueva-edad-de-oro-de-las-series-de-ficcion-en-espana-mercado-narrativas-y-publicos\/","og_site_name":"Actualidad Nebrija","article_published_time":"2022-09-08T21:12:19+00:00","og_image":[{"width":787,"height":459,"url":"https:\/\/www.nebrija.com\/medios\/actualidadnebrija\/wp-content\/uploads\/sites\/2\/2022\/09\/series-787x459-1.jpg","type":"image\/jpeg"}],"author":"pmartinezma","twitter_card":"summary_large_image","twitter_misc":{"Escrito por":"pmartinezma"},"schema":{"@context":"https:\/\/schema.org","@graph":[{"@type":"WebPage","@id":"https:\/\/www.nebrija.com\/medios\/actualidadnebrija\/2022\/09\/08\/la-nueva-edad-de-oro-de-las-series-de-ficcion-en-espana-mercado-narrativas-y-publicos\/","url":"https:\/\/www.nebrija.com\/medios\/actualidadnebrija\/2022\/09\/08\/la-nueva-edad-de-oro-de-las-series-de-ficcion-en-espana-mercado-narrativas-y-publicos\/","name":"La nueva edad de oro de las series de ficci\u00f3n en Espa\u00f1a: mercado, narrativas y p\u00fablicos - Actualidad Nebrija","isPartOf":{"@id":"https:\/\/www.nebrija.com\/medios\/actualidadnebrija\/#website"},"datePublished":"2022-09-08T21:12:19+00:00","dateModified":"2022-09-08T21:12:19+00:00","author":{"@id":"https:\/\/www.nebrija.com\/medios\/actualidadnebrija\/#\/schema\/person\/eece520e53a2d6b773c896d785ca10ad"},"breadcrumb":{"@id":"https:\/\/www.nebrija.com\/medios\/actualidadnebrija\/2022\/09\/08\/la-nueva-edad-de-oro-de-las-series-de-ficcion-en-espana-mercado-narrativas-y-publicos\/#breadcrumb"},"inLanguage":"es","potentialAction":[{"@type":"ReadAction","target":["https:\/\/www.nebrija.com\/medios\/actualidadnebrija\/2022\/09\/08\/la-nueva-edad-de-oro-de-las-series-de-ficcion-en-espana-mercado-narrativas-y-publicos\/"]}]},{"@type":"BreadcrumbList","@id":"https:\/\/www.nebrija.com\/medios\/actualidadnebrija\/2022\/09\/08\/la-nueva-edad-de-oro-de-las-series-de-ficcion-en-espana-mercado-narrativas-y-publicos\/#breadcrumb","itemListElement":[{"@type":"ListItem","position":1,"name":"Home","item":"https:\/\/www.nebrija.com\/medios\/actualidadnebrija\/"},{"@type":"ListItem","position":2,"name":"La nueva edad de oro de las series de ficci\u00f3n en Espa\u00f1a: mercado, narrativas y p\u00fablicos"}]},{"@type":"WebSite","@id":"https:\/\/www.nebrija.com\/medios\/actualidadnebrija\/#website","url":"https:\/\/www.nebrija.com\/medios\/actualidadnebrija\/","name":"Actualidad Nebrija","description":"Noticias de la Universidad Nebrija","potentialAction":[{"@type":"SearchAction","target":{"@type":"EntryPoint","urlTemplate":"https:\/\/www.nebrija.com\/medios\/actualidadnebrija\/?s={search_term_string}"},"query-input":"required name=search_term_string"}],"inLanguage":"es"},{"@type":"Person","@id":"https:\/\/www.nebrija.com\/medios\/actualidadnebrija\/#\/schema\/person\/eece520e53a2d6b773c896d785ca10ad","name":"pmartinezma","image":{"@type":"ImageObject","inLanguage":"es","@id":"https:\/\/www.nebrija.com\/medios\/actualidadnebrija\/#\/schema\/person\/image\/","url":"https:\/\/secure.gravatar.com\/avatar\/5feaacc0ce30f23dc14c8724dc28a01f?s=96&d=mm&r=g","contentUrl":"https:\/\/secure.gravatar.com\/avatar\/5feaacc0ce30f23dc14c8724dc28a01f?s=96&d=mm&r=g","caption":"pmartinezma"},"url":"https:\/\/www.nebrija.com\/medios\/actualidadnebrija\/author\/pmartinezma\/"}]}},"_links":{"self":[{"href":"https:\/\/www.nebrija.com\/medios\/actualidadnebrija\/wp-json\/wp\/v2\/posts\/80155"}],"collection":[{"href":"https:\/\/www.nebrija.com\/medios\/actualidadnebrija\/wp-json\/wp\/v2\/posts"}],"about":[{"href":"https:\/\/www.nebrija.com\/medios\/actualidadnebrija\/wp-json\/wp\/v2\/types\/post"}],"author":[{"embeddable":true,"href":"https:\/\/www.nebrija.com\/medios\/actualidadnebrija\/wp-json\/wp\/v2\/users\/263"}],"replies":[{"embeddable":true,"href":"https:\/\/www.nebrija.com\/medios\/actualidadnebrija\/wp-json\/wp\/v2\/comments?post=80155"}],"version-history":[{"count":1,"href":"https:\/\/www.nebrija.com\/medios\/actualidadnebrija\/wp-json\/wp\/v2\/posts\/80155\/revisions"}],"predecessor-version":[{"id":80157,"href":"https:\/\/www.nebrija.com\/medios\/actualidadnebrija\/wp-json\/wp\/v2\/posts\/80155\/revisions\/80157"}],"wp:featuredmedia":[{"embeddable":true,"href":"https:\/\/www.nebrija.com\/medios\/actualidadnebrija\/wp-json\/wp\/v2\/media\/80156"}],"wp:attachment":[{"href":"https:\/\/www.nebrija.com\/medios\/actualidadnebrija\/wp-json\/wp\/v2\/media?parent=80155"}],"wp:term":[{"taxonomy":"category","embeddable":true,"href":"https:\/\/www.nebrija.com\/medios\/actualidadnebrija\/wp-json\/wp\/v2\/categories?post=80155"},{"taxonomy":"post_tag","embeddable":true,"href":"https:\/\/www.nebrija.com\/medios\/actualidadnebrija\/wp-json\/wp\/v2\/tags?post=80155"}],"curies":[{"name":"wp","href":"https:\/\/api.w.org\/{rel}","templated":true}]}}