{"id":80158,"date":"2022-06-15T11:15:05","date_gmt":"2022-06-15T09:15:05","guid":{"rendered":"https:\/\/www.nebrija.com\/medios\/actualidadnebrija\/?p=80158"},"modified":"2022-09-08T23:18:58","modified_gmt":"2022-09-08T21:18:58","slug":"v-congreso-internacional-nebrija-en-linguistica-aplicada-a-la-ensenanza-de-lenguas","status":"publish","type":"post","link":"https:\/\/www.nebrija.com\/medios\/actualidadnebrija\/2022\/06\/15\/v-congreso-internacional-nebrija-en-linguistica-aplicada-a-la-ensenanza-de-lenguas\/","title":{"rendered":"V Congreso Internacional Nebrija en Ling\u00fc\u00edstica Aplicada a la Ense\u00f1anza de Lenguas"},"content":{"rendered":"<p>La Facultad de Lenguas y Educaci\u00f3n organiza este congreso que es punto de encuentro donde los investigadores y profesores. Tendr\u00e1 lugar los d\u00edas 30 de junio y 1 de julio durante toda la jornada en el Campus de Princesa.<\/p>\n","protected":false},"excerpt":{"rendered":"<p>La Facultad de Lenguas y Educaci\u00f3n organiza este congreso que es punto de encuentro donde los investigadores y profesores. Tendr\u00e1 lugar los d\u00edas 30 de junio y 1 de julio durante toda la jornada en el Campus de Princesa.<\/p>\n","protected":false},"author":263,"featured_media":80159,"comment_status":"open","ping_status":"open","sticky":false,"template":"","format":"standard","meta":{"_acf_changed":false,"_monsterinsights_skip_tracking":false,"_monsterinsights_sitenote_active":false,"_monsterinsights_sitenote_note":"","_monsterinsights_sitenote_category":0,"footnotes":""},"categories":[5025],"tags":[],"acf":[],"yoast_head":"<!-- This site is optimized with the Yoast SEO plugin v22.1 - https:\/\/yoast.com\/wordpress\/plugins\/seo\/ -->\n<title>V Congreso Internacional Nebrija en Ling\u00fc\u00edstica Aplicada a la Ense\u00f1anza de Lenguas - Actualidad Nebrija<\/title>\n<meta name=\"robots\" content=\"index, follow, max-snippet:-1, max-image-preview:large, max-video-preview:-1\" \/>\n<link rel=\"canonical\" href=\"https:\/\/www.nebrija.com\/medios\/actualidadnebrija\/2022\/06\/15\/v-congreso-internacional-nebrija-en-linguistica-aplicada-a-la-ensenanza-de-lenguas\/\" \/>\n<meta property=\"og:locale\" content=\"es_ES\" \/>\n<meta property=\"og:type\" content=\"article\" \/>\n<meta property=\"og:title\" content=\"V Congreso Internacional Nebrija en Ling\u00fc\u00edstica Aplicada a la Ense\u00f1anza de Lenguas - Actualidad Nebrija\" \/>\n<meta property=\"og:description\" content=\"La Facultad de Lenguas y Educaci\u00f3n organiza este congreso que es punto de encuentro donde los investigadores y profesores. Tendr\u00e1 lugar los d\u00edas 30 de junio y 1 de julio durante toda la jornada en el Campus de Princesa.\" \/>\n<meta property=\"og:url\" content=\"https:\/\/www.nebrija.com\/medios\/actualidadnebrija\/2022\/06\/15\/v-congreso-internacional-nebrija-en-linguistica-aplicada-a-la-ensenanza-de-lenguas\/\" \/>\n<meta property=\"og:site_name\" content=\"Actualidad Nebrija\" \/>\n<meta property=\"article:published_time\" content=\"2022-06-15T09:15:05+00:00\" \/>\n<meta property=\"article:modified_time\" content=\"2022-09-08T21:18:58+00:00\" \/>\n<meta property=\"og:image\" content=\"https:\/\/www.nebrija.com\/medios\/actualidadnebrija\/wp-content\/uploads\/sites\/2\/2022\/09\/congreso-787x459-1.jpg\" \/>\n\t<meta property=\"og:image:width\" content=\"787\" \/>\n\t<meta property=\"og:image:height\" content=\"459\" \/>\n\t<meta property=\"og:image:type\" content=\"image\/jpeg\" \/>\n<meta name=\"author\" content=\"pmartinezma\" \/>\n<meta name=\"twitter:card\" content=\"summary_large_image\" \/>\n<meta name=\"twitter:label1\" content=\"Escrito por\" \/>\n\t<meta name=\"twitter:data1\" content=\"pmartinezma\" \/>\n<!-- \/ Yoast SEO plugin. -->","yoast_head_json":{"title":"V Congreso Internacional Nebrija en Ling\u00fc\u00edstica Aplicada a la Ense\u00f1anza de Lenguas - Actualidad Nebrija","robots":{"index":"index","follow":"follow","max-snippet":"max-snippet:-1","max-image-preview":"max-image-preview:large","max-video-preview":"max-video-preview:-1"},"canonical":"https:\/\/www.nebrija.com\/medios\/actualidadnebrija\/2022\/06\/15\/v-congreso-internacional-nebrija-en-linguistica-aplicada-a-la-ensenanza-de-lenguas\/","og_locale":"es_ES","og_type":"article","og_title":"V Congreso Internacional Nebrija en Ling\u00fc\u00edstica Aplicada a la Ense\u00f1anza de Lenguas - Actualidad Nebrija","og_description":"La Facultad de Lenguas y Educaci\u00f3n organiza este congreso que es punto de encuentro donde los investigadores y profesores. Tendr\u00e1 lugar los d\u00edas 30 de junio y 1 de julio durante toda la jornada en el Campus de Princesa.","og_url":"https:\/\/www.nebrija.com\/medios\/actualidadnebrija\/2022\/06\/15\/v-congreso-internacional-nebrija-en-linguistica-aplicada-a-la-ensenanza-de-lenguas\/","og_site_name":"Actualidad Nebrija","article_published_time":"2022-06-15T09:15:05+00:00","article_modified_time":"2022-09-08T21:18:58+00:00","og_image":[{"width":787,"height":459,"url":"https:\/\/www.nebrija.com\/medios\/actualidadnebrija\/wp-content\/uploads\/sites\/2\/2022\/09\/congreso-787x459-1.jpg","type":"image\/jpeg"}],"author":"pmartinezma","twitter_card":"summary_large_image","twitter_misc":{"Escrito por":"pmartinezma"},"schema":{"@context":"https:\/\/schema.org","@graph":[{"@type":"WebPage","@id":"https:\/\/www.nebrija.com\/medios\/actualidadnebrija\/2022\/06\/15\/v-congreso-internacional-nebrija-en-linguistica-aplicada-a-la-ensenanza-de-lenguas\/","url":"https:\/\/www.nebrija.com\/medios\/actualidadnebrija\/2022\/06\/15\/v-congreso-internacional-nebrija-en-linguistica-aplicada-a-la-ensenanza-de-lenguas\/","name":"V Congreso Internacional Nebrija en Ling\u00fc\u00edstica Aplicada a la Ense\u00f1anza de Lenguas - Actualidad Nebrija","isPartOf":{"@id":"https:\/\/www.nebrija.com\/medios\/actualidadnebrija\/#website"},"datePublished":"2022-06-15T09:15:05+00:00","dateModified":"2022-09-08T21:18:58+00:00","author":{"@id":"https:\/\/www.nebrija.com\/medios\/actualidadnebrija\/#\/schema\/person\/eece520e53a2d6b773c896d785ca10ad"},"breadcrumb":{"@id":"https:\/\/www.nebrija.com\/medios\/actualidadnebrija\/2022\/06\/15\/v-congreso-internacional-nebrija-en-linguistica-aplicada-a-la-ensenanza-de-lenguas\/#breadcrumb"},"inLanguage":"es","potentialAction":[{"@type":"ReadAction","target":["https:\/\/www.nebrija.com\/medios\/actualidadnebrija\/2022\/06\/15\/v-congreso-internacional-nebrija-en-linguistica-aplicada-a-la-ensenanza-de-lenguas\/"]}]},{"@type":"BreadcrumbList","@id":"https:\/\/www.nebrija.com\/medios\/actualidadnebrija\/2022\/06\/15\/v-congreso-internacional-nebrija-en-linguistica-aplicada-a-la-ensenanza-de-lenguas\/#breadcrumb","itemListElement":[{"@type":"ListItem","position":1,"name":"Home","item":"https:\/\/www.nebrija.com\/medios\/actualidadnebrija\/"},{"@type":"ListItem","position":2,"name":"V Congreso Internacional Nebrija en Ling\u00fc\u00edstica Aplicada a la Ense\u00f1anza de Lenguas"}]},{"@type":"WebSite","@id":"https:\/\/www.nebrija.com\/medios\/actualidadnebrija\/#website","url":"https:\/\/www.nebrija.com\/medios\/actualidadnebrija\/","name":"Actualidad Nebrija","description":"Noticias de la Universidad Nebrija","potentialAction":[{"@type":"SearchAction","target":{"@type":"EntryPoint","urlTemplate":"https:\/\/www.nebrija.com\/medios\/actualidadnebrija\/?s={search_term_string}"},"query-input":"required name=search_term_string"}],"inLanguage":"es"},{"@type":"Person","@id":"https:\/\/www.nebrija.com\/medios\/actualidadnebrija\/#\/schema\/person\/eece520e53a2d6b773c896d785ca10ad","name":"pmartinezma","image":{"@type":"ImageObject","inLanguage":"es","@id":"https:\/\/www.nebrija.com\/medios\/actualidadnebrija\/#\/schema\/person\/image\/","url":"https:\/\/secure.gravatar.com\/avatar\/5feaacc0ce30f23dc14c8724dc28a01f?s=96&d=mm&r=g","contentUrl":"https:\/\/secure.gravatar.com\/avatar\/5feaacc0ce30f23dc14c8724dc28a01f?s=96&d=mm&r=g","caption":"pmartinezma"},"url":"https:\/\/www.nebrija.com\/medios\/actualidadnebrija\/author\/pmartinezma\/"}]}},"_links":{"self":[{"href":"https:\/\/www.nebrija.com\/medios\/actualidadnebrija\/wp-json\/wp\/v2\/posts\/80158"}],"collection":[{"href":"https:\/\/www.nebrija.com\/medios\/actualidadnebrija\/wp-json\/wp\/v2\/posts"}],"about":[{"href":"https:\/\/www.nebrija.com\/medios\/actualidadnebrija\/wp-json\/wp\/v2\/types\/post"}],"author":[{"embeddable":true,"href":"https:\/\/www.nebrija.com\/medios\/actualidadnebrija\/wp-json\/wp\/v2\/users\/263"}],"replies":[{"embeddable":true,"href":"https:\/\/www.nebrija.com\/medios\/actualidadnebrija\/wp-json\/wp\/v2\/comments?post=80158"}],"version-history":[{"count":1,"href":"https:\/\/www.nebrija.com\/medios\/actualidadnebrija\/wp-json\/wp\/v2\/posts\/80158\/revisions"}],"predecessor-version":[{"id":80160,"href":"https:\/\/www.nebrija.com\/medios\/actualidadnebrija\/wp-json\/wp\/v2\/posts\/80158\/revisions\/80160"}],"wp:featuredmedia":[{"embeddable":true,"href":"https:\/\/www.nebrija.com\/medios\/actualidadnebrija\/wp-json\/wp\/v2\/media\/80159"}],"wp:attachment":[{"href":"https:\/\/www.nebrija.com\/medios\/actualidadnebrija\/wp-json\/wp\/v2\/media?parent=80158"}],"wp:term":[{"taxonomy":"category","embeddable":true,"href":"https:\/\/www.nebrija.com\/medios\/actualidadnebrija\/wp-json\/wp\/v2\/categories?post=80158"},{"taxonomy":"post_tag","embeddable":true,"href":"https:\/\/www.nebrija.com\/medios\/actualidadnebrija\/wp-json\/wp\/v2\/tags?post=80158"}],"curies":[{"name":"wp","href":"https:\/\/api.w.org\/{rel}","templated":true}]}}