{"id":81045,"date":"2022-10-19T18:00:40","date_gmt":"2022-10-19T16:00:40","guid":{"rendered":"https:\/\/www.nebrija.com\/medios\/actualidadnebrija\/?p=81045"},"modified":"2022-10-19T18:00:40","modified_gmt":"2022-10-19T16:00:40","slug":"el-rector-necesita-tu-opinion","status":"publish","type":"post","link":"https:\/\/www.nebrija.com\/medios\/actualidadnebrija\/2022\/10\/19\/el-rector-necesita-tu-opinion\/","title":{"rendered":"El Rector necesita tu opini\u00f3n"},"content":{"rendered":"<p>\u00bfLo estamos haciendo bien? \u00bfC\u00f3mo podemos hacerlo mejor? Queremos que nuestra universidad sea cada vez mejor, y para eso te necesitamos. Contesta a esta breve encuesta, solo te llevar\u00e1 cinco minutos y nos ayudar\u00e1s a construir la universidad que queremos.<\/p>\n<p><a href=\"https:\/\/es.surveymonkey.com\/r\/Nuevoingreso2223\">Encuesta para estudiantes de nuevo ingreso\u00a0<\/a><\/p>\n<p><a href=\"https:\/\/es.surveymonkey.com\/r\/continuidad2223\">Encuesta para estudiantes de continuidad\u00a0<\/a><\/p>\n<p><strong>50\u20ac en la Tienda Nebrija<\/strong><\/p>\n<p>Para agradecer de manera simb\u00f3lica vuestro compromiso, os premiaremos a dos de vosotros, de entre aquellos que particip\u00e9is en la encuesta, con 50\u20ac a gastar en nuestra\u00a0<a href=\"https:\/\/tiendanebrija.com\/\">tiendanebrija.com<\/a>.\u00a0Adicionalmente, con una reuni\u00f3n con nuestro Rector, en la que podr\u00e9is transmitirle de primera mano, vuestras impresiones sobre nuestra Universidad o aquello que con \u00e9l quer\u00e1is compartir. Para participar tendr\u00e1n que enviar un email a\u00a0<a href=\"mailto:estudiantes@nebrija.es\">estudiantes@nebrija.es<\/a>\u00a0(una vez realizada la encuesta aparecen los pasos a seguir). De este modo nos aseguramos que la encuesta es an\u00f3nima y confidencial.<\/p>\n","protected":false},"excerpt":{"rendered":"<p>\u00bfLo estamos haciendo bien? \u00bfC\u00f3mo podemos hacerlo mejor? Queremos que nuestra universidad sea cada vez mejor, y para eso te necesitamos. Contesta a esta breve encuesta, solo te llevar\u00e1 cinco minutos y nos ayudar\u00e1s a construir la universidad que queremos.<\/p>\n","protected":false},"author":263,"featured_media":73010,"comment_status":"open","ping_status":"open","sticky":false,"template":"","format":"standard","meta":{"_acf_changed":false,"_monsterinsights_skip_tracking":false,"_monsterinsights_sitenote_active":false,"_monsterinsights_sitenote_note":"","_monsterinsights_sitenote_category":0,"footnotes":""},"categories":[5025],"tags":[],"acf":[],"yoast_head":"<!-- This site is optimized with the Yoast SEO plugin v22.1 - https:\/\/yoast.com\/wordpress\/plugins\/seo\/ -->\n<title>El Rector necesita tu opini\u00f3n - Actualidad Nebrija<\/title>\n<meta name=\"robots\" content=\"index, follow, max-snippet:-1, max-image-preview:large, max-video-preview:-1\" \/>\n<link rel=\"canonical\" href=\"https:\/\/www.nebrija.com\/medios\/actualidadnebrija\/2022\/10\/19\/el-rector-necesita-tu-opinion\/\" \/>\n<meta property=\"og:locale\" content=\"es_ES\" \/>\n<meta property=\"og:type\" content=\"article\" \/>\n<meta property=\"og:title\" content=\"El Rector necesita tu opini\u00f3n - Actualidad Nebrija\" \/>\n<meta property=\"og:description\" content=\"\u00bfLo estamos haciendo bien? \u00bfC\u00f3mo podemos hacerlo mejor? Queremos que nuestra universidad sea cada vez mejor, y para eso te necesitamos. Contesta a esta breve encuesta, solo te llevar\u00e1 cinco minutos y nos ayudar\u00e1s a construir la universidad que queremos.\" \/>\n<meta property=\"og:url\" content=\"https:\/\/www.nebrija.com\/medios\/actualidadnebrija\/2022\/10\/19\/el-rector-necesita-tu-opinion\/\" \/>\n<meta property=\"og:site_name\" content=\"Actualidad Nebrija\" \/>\n<meta property=\"article:published_time\" content=\"2022-10-19T16:00:40+00:00\" \/>\n<meta property=\"og:image\" content=\"https:\/\/www.nebrija.com\/medios\/actualidadnebrija\/wp-content\/uploads\/sites\/2\/2021\/09\/encuesta-787x459-1.jpg\" \/>\n\t<meta property=\"og:image:width\" content=\"787\" \/>\n\t<meta property=\"og:image:height\" content=\"459\" \/>\n\t<meta property=\"og:image:type\" content=\"image\/jpeg\" \/>\n<meta name=\"author\" content=\"pmartinezma\" \/>\n<meta name=\"twitter:card\" content=\"summary_large_image\" \/>\n<meta name=\"twitter:label1\" content=\"Escrito por\" \/>\n\t<meta name=\"twitter:data1\" content=\"pmartinezma\" \/>\n\t<meta name=\"twitter:label2\" content=\"Tiempo de lectura\" \/>\n\t<meta name=\"twitter:data2\" content=\"1 minuto\" \/>\n<!-- \/ Yoast SEO plugin. -->","yoast_head_json":{"title":"El Rector necesita tu opini\u00f3n - Actualidad Nebrija","robots":{"index":"index","follow":"follow","max-snippet":"max-snippet:-1","max-image-preview":"max-image-preview:large","max-video-preview":"max-video-preview:-1"},"canonical":"https:\/\/www.nebrija.com\/medios\/actualidadnebrija\/2022\/10\/19\/el-rector-necesita-tu-opinion\/","og_locale":"es_ES","og_type":"article","og_title":"El Rector necesita tu opini\u00f3n - Actualidad Nebrija","og_description":"\u00bfLo estamos haciendo bien? \u00bfC\u00f3mo podemos hacerlo mejor? Queremos que nuestra universidad sea cada vez mejor, y para eso te necesitamos. Contesta a esta breve encuesta, solo te llevar\u00e1 cinco minutos y nos ayudar\u00e1s a construir la universidad que queremos.","og_url":"https:\/\/www.nebrija.com\/medios\/actualidadnebrija\/2022\/10\/19\/el-rector-necesita-tu-opinion\/","og_site_name":"Actualidad Nebrija","article_published_time":"2022-10-19T16:00:40+00:00","og_image":[{"width":787,"height":459,"url":"https:\/\/www.nebrija.com\/medios\/actualidadnebrija\/wp-content\/uploads\/sites\/2\/2021\/09\/encuesta-787x459-1.jpg","type":"image\/jpeg"}],"author":"pmartinezma","twitter_card":"summary_large_image","twitter_misc":{"Escrito por":"pmartinezma","Tiempo de lectura":"1 minuto"},"schema":{"@context":"https:\/\/schema.org","@graph":[{"@type":"WebPage","@id":"https:\/\/www.nebrija.com\/medios\/actualidadnebrija\/2022\/10\/19\/el-rector-necesita-tu-opinion\/","url":"https:\/\/www.nebrija.com\/medios\/actualidadnebrija\/2022\/10\/19\/el-rector-necesita-tu-opinion\/","name":"El Rector necesita tu opini\u00f3n - Actualidad Nebrija","isPartOf":{"@id":"https:\/\/www.nebrija.com\/medios\/actualidadnebrija\/#website"},"datePublished":"2022-10-19T16:00:40+00:00","dateModified":"2022-10-19T16:00:40+00:00","author":{"@id":"https:\/\/www.nebrija.com\/medios\/actualidadnebrija\/#\/schema\/person\/eece520e53a2d6b773c896d785ca10ad"},"breadcrumb":{"@id":"https:\/\/www.nebrija.com\/medios\/actualidadnebrija\/2022\/10\/19\/el-rector-necesita-tu-opinion\/#breadcrumb"},"inLanguage":"es","potentialAction":[{"@type":"ReadAction","target":["https:\/\/www.nebrija.com\/medios\/actualidadnebrija\/2022\/10\/19\/el-rector-necesita-tu-opinion\/"]}]},{"@type":"BreadcrumbList","@id":"https:\/\/www.nebrija.com\/medios\/actualidadnebrija\/2022\/10\/19\/el-rector-necesita-tu-opinion\/#breadcrumb","itemListElement":[{"@type":"ListItem","position":1,"name":"Home","item":"https:\/\/www.nebrija.com\/medios\/actualidadnebrija\/"},{"@type":"ListItem","position":2,"name":"El Rector necesita tu opini\u00f3n"}]},{"@type":"WebSite","@id":"https:\/\/www.nebrija.com\/medios\/actualidadnebrija\/#website","url":"https:\/\/www.nebrija.com\/medios\/actualidadnebrija\/","name":"Actualidad Nebrija","description":"Noticias de la Universidad Nebrija","potentialAction":[{"@type":"SearchAction","target":{"@type":"EntryPoint","urlTemplate":"https:\/\/www.nebrija.com\/medios\/actualidadnebrija\/?s={search_term_string}"},"query-input":"required name=search_term_string"}],"inLanguage":"es"},{"@type":"Person","@id":"https:\/\/www.nebrija.com\/medios\/actualidadnebrija\/#\/schema\/person\/eece520e53a2d6b773c896d785ca10ad","name":"pmartinezma","image":{"@type":"ImageObject","inLanguage":"es","@id":"https:\/\/www.nebrija.com\/medios\/actualidadnebrija\/#\/schema\/person\/image\/","url":"https:\/\/secure.gravatar.com\/avatar\/5feaacc0ce30f23dc14c8724dc28a01f?s=96&d=mm&r=g","contentUrl":"https:\/\/secure.gravatar.com\/avatar\/5feaacc0ce30f23dc14c8724dc28a01f?s=96&d=mm&r=g","caption":"pmartinezma"},"url":"https:\/\/www.nebrija.com\/medios\/actualidadnebrija\/author\/pmartinezma\/"}]}},"_links":{"self":[{"href":"https:\/\/www.nebrija.com\/medios\/actualidadnebrija\/wp-json\/wp\/v2\/posts\/81045"}],"collection":[{"href":"https:\/\/www.nebrija.com\/medios\/actualidadnebrija\/wp-json\/wp\/v2\/posts"}],"about":[{"href":"https:\/\/www.nebrija.com\/medios\/actualidadnebrija\/wp-json\/wp\/v2\/types\/post"}],"author":[{"embeddable":true,"href":"https:\/\/www.nebrija.com\/medios\/actualidadnebrija\/wp-json\/wp\/v2\/users\/263"}],"replies":[{"embeddable":true,"href":"https:\/\/www.nebrija.com\/medios\/actualidadnebrija\/wp-json\/wp\/v2\/comments?post=81045"}],"version-history":[{"count":1,"href":"https:\/\/www.nebrija.com\/medios\/actualidadnebrija\/wp-json\/wp\/v2\/posts\/81045\/revisions"}],"predecessor-version":[{"id":81046,"href":"https:\/\/www.nebrija.com\/medios\/actualidadnebrija\/wp-json\/wp\/v2\/posts\/81045\/revisions\/81046"}],"wp:featuredmedia":[{"embeddable":true,"href":"https:\/\/www.nebrija.com\/medios\/actualidadnebrija\/wp-json\/wp\/v2\/media\/73010"}],"wp:attachment":[{"href":"https:\/\/www.nebrija.com\/medios\/actualidadnebrija\/wp-json\/wp\/v2\/media?parent=81045"}],"wp:term":[{"taxonomy":"category","embeddable":true,"href":"https:\/\/www.nebrija.com\/medios\/actualidadnebrija\/wp-json\/wp\/v2\/categories?post=81045"},{"taxonomy":"post_tag","embeddable":true,"href":"https:\/\/www.nebrija.com\/medios\/actualidadnebrija\/wp-json\/wp\/v2\/tags?post=81045"}],"curies":[{"name":"wp","href":"https:\/\/api.w.org\/{rel}","templated":true}]}}