{"id":81058,"date":"2022-10-20T12:44:11","date_gmt":"2022-10-20T10:44:11","guid":{"rendered":"https:\/\/www.nebrija.com\/medios\/actualidadnebrija\/?p=81058"},"modified":"2024-05-24T08:37:48","modified_gmt":"2024-05-24T06:37:48","slug":"el-data-management-summit-canaliza-el-debate-sobre-los-datos-hacia-las-administraciones-publicas","status":"publish","type":"post","link":"https:\/\/www.nebrija.com\/medios\/actualidadnebrija\/2022\/10\/20\/el-data-management-summit-canaliza-el-debate-sobre-los-datos-hacia-las-administraciones-publicas\/","title":{"rendered":"El Data Management Summit canaliza el debate sobre los datos hacia las administraciones p\u00fablicas"},"content":{"rendered":"<p>El Data Management Summit (DMS) eligi\u00f3 de nuevo a la Universidad Nebrija para celebrar su tercer encuentro internacional del a\u00f1o en torno a la gesti\u00f3n de datos. El foro de discusi\u00f3n abierto, organizado por <a href=\"https:\/\/dms.synergo.es\/\">Synergo!<\/a>, program\u00f3 conferencias, mesas redondas y cinco din\u00e1micas de grupo. Los caf\u00e9s en el sal\u00f3n de actos y los encuentros en el patio del Campus de Madrid-Princesa propiciaron nuevas oportunidades comerciales para afrontar el reto tecnol\u00f3gico, sin descuidar el aspecto legal, en el tratamiento de los datos.<\/p>\n<p>En una edici\u00f3n centrada en las administraciones p\u00fablicas, Michele Iurillo, fundador de DMS, volvi\u00f3 a incidir en la relevancia de los datos de unos ciudadanos \u201cque tienen derecho a la informaci\u00f3n y a las buenas pr\u00e1cticas\u201d.<\/p>\n<p>La Universidad Nebrija estuvo representada en la inauguraci\u00f3n de las jornadas por Cristina Villalonga, vicerrectora de Educaci\u00f3n Digital y Tecnolog\u00eda, y Fernando Mateo, vicedecano de la <a href=\"https:\/\/www.nebrija.com\/la_universidad\/facultades\/escuela-politecnica-superior-arquitectura\/\">Polit\u00e9cnica Nebrija<\/a>. \u201cEstamos encantados de acoger este evento porque la Universidad apuesta por la tecnolog\u00eda. Creo que las universidades tenemos prioridades similares a las del resto de empresas, y la del gobierno del dato es una de las principales\u201d, rese\u00f1\u00f3 Villalonga.<\/p>\n<p>En la misma l\u00ednea, Fernando Mateo remarc\u00f3 que Nebrija quiere estar cerca de la realidad de los datos y reflejarla en su programa educativo. \u201cPara estar a la vanguardia en este tema, formamos a los estudiantes, sobre todo a los de Ingenier\u00eda Inform\u00e1tica, en la gesti\u00f3n de los datos, c\u00f3mo se almacenan, qu\u00e9 valor se puede sacar de ellos o c\u00f3mo se construyen aplicaciones de inteligencia artificial\u201d. En un campo de algoritmos y ciencias de datos, \u201cno debemos olvidar la \u00e9tica; eso es el futuro y nosotros lo vamos a integrar en la Universidad\u201d.<\/p>\n<p><strong>Valores superiores a los 50 000 millones de euros<\/strong><\/p>\n<p>El intercambio de informaci\u00f3n entre administraciones es un hecho y est\u00e1 respaldado por los correspondientes convenios de colaboraci\u00f3n, o mediante el servicio que ofrece la Plataforma de Intermediaci\u00f3n de Datos. Para explicar este asunto, Carlos Alonso Pe\u00f1a, director de la <a href=\"https:\/\/portal.mineco.gob.es\/es-es\/digitalizacionIA\/oficina-del-dato\/Paginas\/oficina-del-dato-se-digitalizacion-ia.aspx\">Divisi\u00f3n Oficina del Dato<\/a>, que \u201cdinamiza la compartici\u00f3n, la gesti\u00f3n y el uso de los datos a lo largo de todos los sectores productivos de \u200b\u200bla econom\u00eda y \u00a0la sociedad\u201d, abri\u00f3 su ponencia con un estudio del European Data Market, que estima que en 2025 la denominada econom\u00eda del dato supondr\u00e1 un 4 % del PIB, generar\u00e1 valores superiores a los 50 000 millones de euros y emplear\u00e1 a 750.000 trabajadores.<\/p>\n<p>Entre las conclusiones de su conferencia, Carlos Alonso Pe\u00f1a determin\u00f3 que Europa tiene entre sus objetivos estrat\u00e9gicos la creaci\u00f3n de un mercado \u00fanico europeo de datos, caracterizado por los espacios de datos, que \u201cimpulsar\u00e1n la econom\u00eda del dato y preservar\u00e1n su soberan\u00eda digital, habilitando el intercambio de informaci\u00f3n con soberan\u00eda y confianza\u201d. En la transformaci\u00f3n digital de las administraciones orientadas al dato, esos espacios del sector p\u00fablico \u201cson piezas fundamentales\u201d. Pe\u00f1a quiso dejar un mensaje de optimismo en un mundo cambiante: \u201cAprovechando el momento tecnol\u00f3gico, pol\u00edtico y social es posible conseguir una administraci\u00f3n orientada al dato, generadora de valor social, sostenible e inclusiva\u201d.<\/p>\n<p>Entre los ponentes, tambi\u00e9n destac\u00f3 la presencia de Lucia Engo, presidenta de DAMA Espa\u00f1a. DAMA es una asociaci\u00f3n global sin \u00e1nimo de lucro, independiente de proveedores, de profesionales t\u00e9cnicos y comerciales, dedicada a promover los conceptos y pr\u00e1cticas de la gesti\u00f3n de informaci\u00f3n y datos. Su objetivo primordial es \u201cpromover la comprensi\u00f3n, el desarrollo y la pr\u00e1ctica de la gesti\u00f3n de datos e informaci\u00f3n como activos empresariales\u201d.<\/p>\n<p><strong>Completo plantel de expertos<\/strong><\/p>\n<p>El DMS 2022 de Madrid, adem\u00e1s de los ya citados, cont\u00f3 con los siguientes expertos: Andreu Francisco (Localret), C\u00e9sar Prol (Bizkaiko Foru Aldundia), Francisco Luis Mach\u00edn (IE), \u00c0ngels Vidal (Generalitat Catalunya), David Guti\u00e9rrez L\u00f3pez (Ayuntamiento de Sant Cugat), Joana Rocha y Marcelo Moreno (estudiantes), Marta D\u00edaz (Data Platform Adevinta Espa\u00f1a), Carlos Manuel Fern\u00e1ndez-S\u00e1nchez (AENOR), Jes\u00fas Crist\u00f3bal (SAND), \u00d3scar M\u00e9ndez (Stratio), Juan Jos\u00e9 Alonso (Orange Espa\u00f1a), Javier Hern\u00e1ndez G\u00f3mez (Grupo Santander), Jos\u00e9 Antonio Eusamio (Ministerio de Asuntos Econ\u00f3micos y Transformaci\u00f3n Digital), Daniel Olaso (Microsoft), Olga Quir\u00f3s (ASEDIE), Magda Lorente (Diputaci\u00f3n de Barcelona), Miguel \u00c1ngel Mart\u00ednez Vidal (INE), Ver\u00f3nica Magro (NTT DATA), Paloma Cuesta (Capgemini), Alicia Jimeno (Acci\u00f3n contra el Hambre), Sonia Castro (Datos.Gob.es), Sara Aguilar (Bolet\u00edn Oficial Provincia de Barcelona), Ismael Caballero (UCLM), Mercedes Guti\u00e9rrez (Deloitte), Jos\u00e9 Carlos Santos (SotfPI), Mario Salamanca (Cosentino), Mario de Francisco Ruiz (Anjana Data), \u00d3scar Alonso (IBM Consulting &amp; DAMA Espa\u00f1a) y Alicia Jimeno y Laureano P\u00e9rez (Dama Espa\u00f1a).<\/p>\n<p>Las sesiones tambi\u00e9n concedieron relevancia a sus cinco mesas redondas: <em>\u00bfC\u00f3mo acelerar la adopci\u00f3n de Open Linked Data en el dominio de la administraci\u00f3n p\u00fablica?<\/em>, <em>Desaf\u00edos y barreras para el intercambio de datos en el sector p\u00fablico<\/em>, <em>C\u00f3mo cambia el gobierno de datos con el nuevo paradigma de la banca abierta<\/em>, <em>Arquitectura de datos: \u00bfmalla de datos o tejido de datos?<\/em>, y <em>\u00bfC\u00f3mo converger los diferentes modelos de calidad de datos?<\/em><\/p>\n<p><em>Texto: Javier Picos. Fotos. Zaida del R\u00edo.<\/em><\/p>\n\n\t\t<style type=\"text\/css\">\n\t\t\t#gallery-1 {\n\t\t\t\tmargin: auto;\n\t\t\t}\n\t\t\t#gallery-1 .gallery-item {\n\t\t\t\tfloat: left;\n\t\t\t\tmargin-top: 10px;\n\t\t\t\ttext-align: center;\n\t\t\t\twidth: 25%;\n\t\t\t}\n\t\t\t#gallery-1 img {\n\t\t\t\tborder: 2px solid #cfcfcf;\n\t\t\t}\n\t\t\t#gallery-1 .gallery-caption {\n\t\t\t\tmargin-left: 0;\n\t\t\t}\n\t\t\t\/* see gallery_shortcode() in wp-includes\/media.php *\/\n\t\t<\/style>\n\t\t<div id='gallery-1' class='gallery galleryid-81058 gallery-columns-4 gallery-size-thumbnail'><dl class='gallery-item'>\n\t\t\t<dt class='gallery-icon landscape'>\n\t\t\t\t<a href='https:\/\/www.nebrija.com\/medios\/actualidadnebrija\/wp-content\/uploads\/sites\/2\/2022\/10\/DMS_2022_unne-1-e1758538554957.jpg'><img loading=\"lazy\" decoding=\"async\" width=\"150\" height=\"100\" src=\"https:\/\/www.nebrija.com\/medios\/actualidadnebrija\/wp-content\/uploads\/sites\/2\/2022\/10\/DMS_2022_unne-1-150x100.jpg\" class=\"attachment-thumbnail size-thumbnail\" alt=\"\" \/><\/a>\n\t\t\t<\/dt><\/dl><dl class='gallery-item'>\n\t\t\t<dt class='gallery-icon landscape'>\n\t\t\t\t<a href='https:\/\/www.nebrija.com\/medios\/actualidadnebrija\/wp-content\/uploads\/sites\/2\/2022\/10\/DMS_2022_unne-2-e1761741153720.jpg'><img loading=\"lazy\" decoding=\"async\" width=\"150\" height=\"100\" src=\"https:\/\/www.nebrija.com\/medios\/actualidadnebrija\/wp-content\/uploads\/sites\/2\/2022\/10\/DMS_2022_unne-2-150x100.jpg\" class=\"attachment-thumbnail size-thumbnail\" alt=\"\" \/><\/a>\n\t\t\t<\/dt><\/dl><dl class='gallery-item'>\n\t\t\t<dt class='gallery-icon landscape'>\n\t\t\t\t<a href='https:\/\/www.nebrija.com\/medios\/actualidadnebrija\/wp-content\/uploads\/sites\/2\/2022\/10\/DMS_2022_unne-3.jpg'><img loading=\"lazy\" decoding=\"async\" width=\"150\" height=\"100\" src=\"https:\/\/www.nebrija.com\/medios\/actualidadnebrija\/wp-content\/uploads\/sites\/2\/2022\/10\/DMS_2022_unne-3-150x100.jpg\" class=\"attachment-thumbnail size-thumbnail\" alt=\"\" \/><\/a>\n\t\t\t<\/dt><\/dl><dl class='gallery-item'>\n\t\t\t<dt class='gallery-icon landscape'>\n\t\t\t\t<a href='https:\/\/www.nebrija.com\/medios\/actualidadnebrija\/wp-content\/uploads\/sites\/2\/2022\/10\/DMS_2022_unne-4.jpg'><img loading=\"lazy\" decoding=\"async\" width=\"150\" height=\"100\" src=\"https:\/\/www.nebrija.com\/medios\/actualidadnebrija\/wp-content\/uploads\/sites\/2\/2022\/10\/DMS_2022_unne-4-150x100.jpg\" class=\"attachment-thumbnail size-thumbnail\" alt=\"\" \/><\/a>\n\t\t\t<\/dt><\/dl><br style=\"clear: both\" \/><dl class='gallery-item'>\n\t\t\t<dt class='gallery-icon landscape'>\n\t\t\t\t<a href='https:\/\/www.nebrija.com\/medios\/actualidadnebrija\/wp-content\/uploads\/sites\/2\/2022\/10\/DMS_2022_unne-5.jpg'><img loading=\"lazy\" decoding=\"async\" width=\"150\" height=\"100\" src=\"https:\/\/www.nebrija.com\/medios\/actualidadnebrija\/wp-content\/uploads\/sites\/2\/2022\/10\/DMS_2022_unne-5-150x100.jpg\" class=\"attachment-thumbnail size-thumbnail\" alt=\"\" \/><\/a>\n\t\t\t<\/dt><\/dl><dl class='gallery-item'>\n\t\t\t<dt class='gallery-icon landscape'>\n\t\t\t\t<a href='https:\/\/www.nebrija.com\/medios\/actualidadnebrija\/wp-content\/uploads\/sites\/2\/2022\/10\/DMS_2022_unne-6.jpg'><img loading=\"lazy\" decoding=\"async\" width=\"150\" height=\"100\" src=\"https:\/\/www.nebrija.com\/medios\/actualidadnebrija\/wp-content\/uploads\/sites\/2\/2022\/10\/DMS_2022_unne-6-150x100.jpg\" class=\"attachment-thumbnail size-thumbnail\" alt=\"\" \/><\/a>\n\t\t\t<\/dt><\/dl><dl class='gallery-item'>\n\t\t\t<dt class='gallery-icon landscape'>\n\t\t\t\t<a href='https:\/\/www.nebrija.com\/medios\/actualidadnebrija\/wp-content\/uploads\/sites\/2\/2022\/10\/DMS_2022_unne-7.jpg'><img loading=\"lazy\" decoding=\"async\" width=\"150\" height=\"100\" src=\"https:\/\/www.nebrija.com\/medios\/actualidadnebrija\/wp-content\/uploads\/sites\/2\/2022\/10\/DMS_2022_unne-7-150x100.jpg\" class=\"attachment-thumbnail size-thumbnail\" alt=\"\" \/><\/a>\n\t\t\t<\/dt><\/dl><dl class='gallery-item'>\n\t\t\t<dt class='gallery-icon landscape'>\n\t\t\t\t<a href='https:\/\/www.nebrija.com\/medios\/actualidadnebrija\/wp-content\/uploads\/sites\/2\/2022\/10\/DMS_2022_unne-8.jpg'><img loading=\"lazy\" decoding=\"async\" width=\"150\" height=\"100\" src=\"https:\/\/www.nebrija.com\/medios\/actualidadnebrija\/wp-content\/uploads\/sites\/2\/2022\/10\/DMS_2022_unne-8-150x100.jpg\" class=\"attachment-thumbnail size-thumbnail\" alt=\"\" \/><\/a>\n\t\t\t<\/dt><\/dl><br style=\"clear: both\" \/>\n\t\t<\/div>\n\n","protected":false},"excerpt":{"rendered":"<p>La Polit\u00e9cnica Nebrija alberga las jornadas organizadas por Synergo! en su tercera cita internacional del a\u00f1o.<\/p>\n","protected":false},"author":326,"featured_media":81065,"comment_status":"open","ping_status":"open","sticky":false,"template":"","format":"standard","meta":{"_acf_changed":false,"_monsterinsights_skip_tracking":false,"_monsterinsights_sitenote_active":false,"_monsterinsights_sitenote_note":"","_monsterinsights_sitenote_category":0,"footnotes":""},"categories":[3053],"tags":[3905,4651,4445,3124,4654,4655,3222],"acf":[],"yoast_head":"<!-- This site is optimized with the Yoast SEO plugin v22.1 - https:\/\/yoast.com\/wordpress\/plugins\/seo\/ -->\n<title>El Data Management Summit canaliza el debate sobre los datos hacia las administraciones p\u00fablicas - Actualidad Nebrija %<\/title>\n<meta name=\"description\" content=\"La Polit\u00e9cnica Nebrija alberga las dos jornadas organizadas por Synergo! en su tercera cita internacional del a\u00f1o.\" \/>\n<meta name=\"robots\" content=\"index, follow, max-snippet:-1, max-image-preview:large, max-video-preview:-1\" \/>\n<link rel=\"canonical\" href=\"https:\/\/www.nebrija.com\/medios\/actualidadnebrija\/2022\/10\/20\/el-data-management-summit-canaliza-el-debate-sobre-los-datos-hacia-las-administraciones-publicas\/\" \/>\n<meta property=\"og:locale\" content=\"es_ES\" \/>\n<meta property=\"og:type\" content=\"article\" \/>\n<meta property=\"og:title\" content=\"El Data Management Summit canaliza el debate sobre los datos hacia las administraciones p\u00fablicas - Actualidad Nebrija %\" \/>\n<meta property=\"og:description\" content=\"La Polit\u00e9cnica Nebrija alberga las dos jornadas organizadas por Synergo! en su tercera cita internacional del a\u00f1o.\" \/>\n<meta property=\"og:url\" content=\"https:\/\/www.nebrija.com\/medios\/actualidadnebrija\/2022\/10\/20\/el-data-management-summit-canaliza-el-debate-sobre-los-datos-hacia-las-administraciones-publicas\/\" \/>\n<meta property=\"og:site_name\" content=\"Actualidad Nebrija\" \/>\n<meta property=\"article:published_time\" content=\"2022-10-20T10:44:11+00:00\" \/>\n<meta property=\"article:modified_time\" content=\"2024-05-24T06:37:48+00:00\" \/>\n<meta property=\"og:image\" content=\"https:\/\/www.nebrija.com\/medios\/actualidadnebrija\/wp-content\/uploads\/sites\/2\/2022\/10\/DMS_2022_unne-7.jpg\" \/>\n\t<meta property=\"og:image:width\" content=\"1200\" \/>\n\t<meta property=\"og:image:height\" content=\"800\" \/>\n\t<meta property=\"og:image:type\" content=\"image\/jpeg\" \/>\n<meta name=\"author\" content=\"jpicos\" \/>\n<meta name=\"twitter:card\" content=\"summary_large_image\" \/>\n<meta name=\"twitter:label1\" content=\"Escrito por\" \/>\n\t<meta name=\"twitter:data1\" content=\"jpicos\" \/>\n\t<meta name=\"twitter:label2\" content=\"Tiempo de lectura\" \/>\n\t<meta name=\"twitter:data2\" content=\"4 minutos\" \/>\n<!-- \/ Yoast SEO plugin. -->","yoast_head_json":{"title":"El Data Management Summit canaliza el debate sobre los datos hacia las administraciones p\u00fablicas - Actualidad Nebrija %","description":"La Polit\u00e9cnica Nebrija alberga las dos jornadas organizadas por Synergo! en su tercera cita internacional del a\u00f1o.","robots":{"index":"index","follow":"follow","max-snippet":"max-snippet:-1","max-image-preview":"max-image-preview:large","max-video-preview":"max-video-preview:-1"},"canonical":"https:\/\/www.nebrija.com\/medios\/actualidadnebrija\/2022\/10\/20\/el-data-management-summit-canaliza-el-debate-sobre-los-datos-hacia-las-administraciones-publicas\/","og_locale":"es_ES","og_type":"article","og_title":"El Data Management Summit canaliza el debate sobre los datos hacia las administraciones p\u00fablicas - Actualidad Nebrija %","og_description":"La Polit\u00e9cnica Nebrija alberga las dos jornadas organizadas por Synergo! en su tercera cita internacional del a\u00f1o.","og_url":"https:\/\/www.nebrija.com\/medios\/actualidadnebrija\/2022\/10\/20\/el-data-management-summit-canaliza-el-debate-sobre-los-datos-hacia-las-administraciones-publicas\/","og_site_name":"Actualidad Nebrija","article_published_time":"2022-10-20T10:44:11+00:00","article_modified_time":"2024-05-24T06:37:48+00:00","og_image":[{"width":1200,"height":800,"url":"https:\/\/www.nebrija.com\/medios\/actualidadnebrija\/wp-content\/uploads\/sites\/2\/2022\/10\/DMS_2022_unne-7.jpg","type":"image\/jpeg"}],"author":"jpicos","twitter_card":"summary_large_image","twitter_misc":{"Escrito por":"jpicos","Tiempo de lectura":"4 minutos"},"schema":{"@context":"https:\/\/schema.org","@graph":[{"@type":"WebPage","@id":"https:\/\/www.nebrija.com\/medios\/actualidadnebrija\/2022\/10\/20\/el-data-management-summit-canaliza-el-debate-sobre-los-datos-hacia-las-administraciones-publicas\/","url":"https:\/\/www.nebrija.com\/medios\/actualidadnebrija\/2022\/10\/20\/el-data-management-summit-canaliza-el-debate-sobre-los-datos-hacia-las-administraciones-publicas\/","name":"El Data Management Summit canaliza el debate sobre los datos hacia las administraciones p\u00fablicas - Actualidad Nebrija %","isPartOf":{"@id":"https:\/\/www.nebrija.com\/medios\/actualidadnebrija\/#website"},"datePublished":"2022-10-20T10:44:11+00:00","dateModified":"2024-05-24T06:37:48+00:00","author":{"@id":"https:\/\/www.nebrija.com\/medios\/actualidadnebrija\/#\/schema\/person\/0cd40b7dd3f54459e2cfc009dbd255c6"},"description":"La Polit\u00e9cnica Nebrija alberga las dos jornadas organizadas por Synergo! en su tercera cita internacional del a\u00f1o.","breadcrumb":{"@id":"https:\/\/www.nebrija.com\/medios\/actualidadnebrija\/2022\/10\/20\/el-data-management-summit-canaliza-el-debate-sobre-los-datos-hacia-las-administraciones-publicas\/#breadcrumb"},"inLanguage":"es","potentialAction":[{"@type":"ReadAction","target":["https:\/\/www.nebrija.com\/medios\/actualidadnebrija\/2022\/10\/20\/el-data-management-summit-canaliza-el-debate-sobre-los-datos-hacia-las-administraciones-publicas\/"]}]},{"@type":"BreadcrumbList","@id":"https:\/\/www.nebrija.com\/medios\/actualidadnebrija\/2022\/10\/20\/el-data-management-summit-canaliza-el-debate-sobre-los-datos-hacia-las-administraciones-publicas\/#breadcrumb","itemListElement":[{"@type":"ListItem","position":1,"name":"Home","item":"https:\/\/www.nebrija.com\/medios\/actualidadnebrija\/"},{"@type":"ListItem","position":2,"name":"El Data Management Summit canaliza el debate sobre los datos hacia las administraciones p\u00fablicas"}]},{"@type":"WebSite","@id":"https:\/\/www.nebrija.com\/medios\/actualidadnebrija\/#website","url":"https:\/\/www.nebrija.com\/medios\/actualidadnebrija\/","name":"Actualidad Nebrija","description":"Noticias de la Universidad Nebrija","potentialAction":[{"@type":"SearchAction","target":{"@type":"EntryPoint","urlTemplate":"https:\/\/www.nebrija.com\/medios\/actualidadnebrija\/?s={search_term_string}"},"query-input":"required name=search_term_string"}],"inLanguage":"es"},{"@type":"Person","@id":"https:\/\/www.nebrija.com\/medios\/actualidadnebrija\/#\/schema\/person\/0cd40b7dd3f54459e2cfc009dbd255c6","name":"jpicos","image":{"@type":"ImageObject","inLanguage":"es","@id":"https:\/\/www.nebrija.com\/medios\/actualidadnebrija\/#\/schema\/person\/image\/","url":"https:\/\/secure.gravatar.com\/avatar\/c4a1005cff3fd9bb5185e9671f4f3e9b?s=96&d=mm&r=g","contentUrl":"https:\/\/secure.gravatar.com\/avatar\/c4a1005cff3fd9bb5185e9671f4f3e9b?s=96&d=mm&r=g","caption":"jpicos"},"url":"https:\/\/www.nebrija.com\/medios\/actualidadnebrija\/author\/jpicos\/"}]}},"_links":{"self":[{"href":"https:\/\/www.nebrija.com\/medios\/actualidadnebrija\/wp-json\/wp\/v2\/posts\/81058"}],"collection":[{"href":"https:\/\/www.nebrija.com\/medios\/actualidadnebrija\/wp-json\/wp\/v2\/posts"}],"about":[{"href":"https:\/\/www.nebrija.com\/medios\/actualidadnebrija\/wp-json\/wp\/v2\/types\/post"}],"author":[{"embeddable":true,"href":"https:\/\/www.nebrija.com\/medios\/actualidadnebrija\/wp-json\/wp\/v2\/users\/326"}],"replies":[{"embeddable":true,"href":"https:\/\/www.nebrija.com\/medios\/actualidadnebrija\/wp-json\/wp\/v2\/comments?post=81058"}],"version-history":[{"count":3,"href":"https:\/\/www.nebrija.com\/medios\/actualidadnebrija\/wp-json\/wp\/v2\/posts\/81058\/revisions"}],"predecessor-version":[{"id":92880,"href":"https:\/\/www.nebrija.com\/medios\/actualidadnebrija\/wp-json\/wp\/v2\/posts\/81058\/revisions\/92880"}],"wp:featuredmedia":[{"embeddable":true,"href":"https:\/\/www.nebrija.com\/medios\/actualidadnebrija\/wp-json\/wp\/v2\/media\/81065"}],"wp:attachment":[{"href":"https:\/\/www.nebrija.com\/medios\/actualidadnebrija\/wp-json\/wp\/v2\/media?parent=81058"}],"wp:term":[{"taxonomy":"category","embeddable":true,"href":"https:\/\/www.nebrija.com\/medios\/actualidadnebrija\/wp-json\/wp\/v2\/categories?post=81058"},{"taxonomy":"post_tag","embeddable":true,"href":"https:\/\/www.nebrija.com\/medios\/actualidadnebrija\/wp-json\/wp\/v2\/tags?post=81058"}],"curies":[{"name":"wp","href":"https:\/\/api.w.org\/{rel}","templated":true}]}}