{"id":81238,"date":"2022-10-26T16:24:00","date_gmt":"2022-10-26T14:24:00","guid":{"rendered":"https:\/\/www.nebrija.com\/medios\/actualidadnebrija\/?p=81238"},"modified":"2022-10-26T16:37:29","modified_gmt":"2022-10-26T14:37:29","slug":"nace-el-instituto-nebrija-de-las-artes-con-la-mision-de-proyectar-madrid-como-destino-internacional-para-estudiantes-de-arte","status":"publish","type":"post","link":"https:\/\/www.nebrija.com\/medios\/actualidadnebrija\/2022\/10\/26\/nace-el-instituto-nebrija-de-las-artes-con-la-mision-de-proyectar-madrid-como-destino-internacional-para-estudiantes-de-arte\/","title":{"rendered":"Nace el Instituto Nebrija de las Artes con la misi\u00f3n de proyectar Madrid como destino internacional para estudiantes de arte"},"content":{"rendered":"<p>El Prado, el Reina Sof\u00eda\u00a0y el Thyssen-Bornemisza\u00a0forman el tri\u00e1ngulo m\u00e1gico, el paseo del arte de la capital espa\u00f1ola. Tres de los museos m\u00e1s importantes del mundo se encuentran ubicados en un \u00e1rea que ocupa algo menos de un kil\u00f3metro cuadrado. Sin duda, Madrid es sin\u00f3nimo de arte. Destino art\u00edstico y cultural para estudiantes y una fuente inagotable de inspiraci\u00f3n, ya sea por su patrimonio art\u00edstico o por la trepidante vida cultural que rezuma de sus calles.<\/p>\n<p>Apoyado en estos cimientos, nace el <a href=\"https:\/\/www.artesnebrija.com\/\">Instituto Nebrija de las Artes<\/a> con la misi\u00f3n principal de proyectar Madrid como destino para estudiantes de arte internacional, al tiempo que pone en valor el patrimonio art\u00edstico y cultural espa\u00f1ol.<\/p>\n<p>Se trata de mejorar y enriquecer la vida de las personas a trav\u00e9s del arte y de la creaci\u00f3n art\u00edstica. \u201cMadrid es una ciudad muy atractiva para toda clase de carreras, sin embargo, no existen programas especializados en ense\u00f1anzas art\u00edsticas para alumnos extranjeros que estudian artes\u201d, aclara Pablo \u00c1lvarez de Toledo M\u00fcller, doctor en Ciencias Sociales, licenciado en Bellas Artes, Director del Departamento de Artes de la Facultad de Comunicaci\u00f3n y Artes, e impulsor del proyecto del Instituto Nebrija de las Artes.<\/p>\n<p>\u201cMi idea es posicionar la ciudad como un destino preferente para los estudiantes de arte de todo el mundo\u201d, a\u00f1ade. As\u00ed, el Instituto Nebrija de las Artes nace con car\u00e1cter internacional y con la intenci\u00f3n de posicionar Madrid como destino de formaci\u00f3n art\u00edstica, como lo son ya ciudades como Florencia o Par\u00eds. Este reto se har\u00e1 mediante una oferta variada de cursos especializados online y presenciales en diferentes disciplinas art\u00edsticas.<\/p>\n<p>Con un tri\u00e1ngulo como el que forman los tres grandes museos, el Instituto Nebrija de las Artes se convierte en un puente imprescindible para el conocimiento art\u00edstico tanto del pasado como del presente. \u201cPara un alumno, poder estudiar ese legado es impresionante. Nuestro prop\u00f3sito es poner en valor el patrimonio art\u00edstico espa\u00f1ol y compartirlo con el mundo\u201d, subraya su director.<\/p>\n<p>Para ello, el Instituto Nebrija de las Artes cuenta con una oferta variada que va desde programas dirigidos a alumnos internacionales de <em>High School,<\/em> estudiantes universitarios, incluso, cursos a medida perfectos para organizaciones, instituciones o, simplemente, aficionados al arte.<\/p>\n<p>Los programas, impartidos en ingl\u00e9s o espa\u00f1ol-ingl\u00e9s por profesores universitarios, profesionales especializados y artistas, pretenden que los alumnos mejoren y profundicen en la pr\u00e1ctica de una disciplina art\u00edstica concreta; que desarrollen la creatividad y el pensamiento cr\u00edtico mediante la realizaci\u00f3n de un proyecto art\u00edstico personal durante el curso; que adquieran conocimiento profundo de los grandes maestros del arte espa\u00f1ol, adem\u00e1s de que conozcan el mercado y \u00e1mbito profesional del arte.<\/p>\n<p>El primer curso del Instituto Nebrija de las Artes arrancar\u00e1 en el verano de 2023. Ser\u00e1n dos semanas intensivas dirigidas a estudiantes de <em>High School<\/em> apasionados por el arte, dos semanas centradas en experiencias art\u00edsticas como pintura, dibujo, moda, artes esc\u00e9nicas o ilustraci\u00f3n. \u201cNuestra intenci\u00f3n es crear una especie de campamento de verano en el Campus de Berzosa y poder utilizar sus instalaciones con grupos de entre 40 y 50 j\u00f3venes internacionales. Queremos que vivan una experiencia completa con talleres y visitas por Madrid, Toledo y Segovia\u201d.<\/p>\n<p>Por supuesto, la intenci\u00f3n del instituto es ampliar los cursos ya sea en tiempo y forma. De dos semanas a un mes y de ah\u00ed a cursos de seis meses, incluso un a\u00f1o. Adem\u00e1s, en una segunda fase, el instituto iniciar\u00e1 una estructura basada en el mecenazgo y con la que generar\u00e1 una comunidad cosmopolita en torno al arte. \u201cTenemos que hacer un lanzamiento paulatino, complementar la oferta con talleres de fotograf\u00eda digital, dibujo o alguno m\u00e1s espec\u00edfico de cultura y arte\u201d, concluye \u00c1lvarez de Toledo.<\/p>\n","protected":false},"excerpt":{"rendered":"<p>\u201cNuestro prop\u00f3sito es poner en valor el patrimonio art\u00edstico espa\u00f1ol y compartirlo con el mundo\u201d.<\/p>\n","protected":false},"author":326,"featured_media":81239,"comment_status":"open","ping_status":"open","sticky":false,"template":"","format":"standard","meta":{"_acf_changed":false,"_monsterinsights_skip_tracking":false,"_monsterinsights_sitenote_active":false,"_monsterinsights_sitenote_note":"","_monsterinsights_sitenote_category":0,"footnotes":""},"categories":[3057,10],"tags":[3282,3124,4245],"acf":[],"yoast_head":"<!-- This site is optimized with the Yoast SEO plugin v22.1 - https:\/\/yoast.com\/wordpress\/plugins\/seo\/ -->\n<title>Nace el Instituto Nebrija de las Artes con la misi\u00f3n de proyectar Madrid como destino internacional para estudiantes de arte - Actualidad Nebrija<\/title>\n<meta name=\"description\" content=\"\u201cNuestro prop\u00f3sito es poner en valor el patrimonio art\u00edstico espa\u00f1ol y compartirlo con el mundo\u201d\" \/>\n<meta name=\"robots\" content=\"index, follow, max-snippet:-1, max-image-preview:large, max-video-preview:-1\" \/>\n<link rel=\"canonical\" href=\"https:\/\/www.nebrija.com\/medios\/actualidadnebrija\/2022\/10\/26\/nace-el-instituto-nebrija-de-las-artes-con-la-mision-de-proyectar-madrid-como-destino-internacional-para-estudiantes-de-arte\/\" \/>\n<meta property=\"og:locale\" content=\"es_ES\" \/>\n<meta property=\"og:type\" content=\"article\" \/>\n<meta property=\"og:title\" content=\"Nace el Instituto Nebrija de las Artes con la misi\u00f3n de proyectar Madrid como destino internacional para estudiantes de arte - Actualidad Nebrija\" \/>\n<meta property=\"og:description\" content=\"\u201cNuestro prop\u00f3sito es poner en valor el patrimonio art\u00edstico espa\u00f1ol y compartirlo con el mundo\u201d\" \/>\n<meta property=\"og:url\" content=\"https:\/\/www.nebrija.com\/medios\/actualidadnebrija\/2022\/10\/26\/nace-el-instituto-nebrija-de-las-artes-con-la-mision-de-proyectar-madrid-como-destino-internacional-para-estudiantes-de-arte\/\" \/>\n<meta property=\"og:site_name\" content=\"Actualidad Nebrija\" \/>\n<meta property=\"article:published_time\" content=\"2022-10-26T14:24:00+00:00\" \/>\n<meta property=\"article:modified_time\" content=\"2022-10-26T14:37:29+00:00\" \/>\n<meta property=\"og:image\" content=\"https:\/\/www.nebrija.com\/medios\/actualidadnebrija\/wp-content\/uploads\/sites\/2\/2022\/10\/IArtes_Nebrija-2.jpg\" \/>\n\t<meta property=\"og:image:width\" content=\"1100\" \/>\n\t<meta property=\"og:image:height\" content=\"705\" \/>\n\t<meta property=\"og:image:type\" content=\"image\/jpeg\" \/>\n<meta name=\"author\" content=\"jpicos\" \/>\n<meta name=\"twitter:card\" content=\"summary_large_image\" \/>\n<meta name=\"twitter:label1\" content=\"Escrito por\" \/>\n\t<meta name=\"twitter:data1\" content=\"jpicos\" \/>\n\t<meta name=\"twitter:label2\" content=\"Tiempo de lectura\" \/>\n\t<meta name=\"twitter:data2\" content=\"3 minutos\" \/>\n<!-- \/ Yoast SEO plugin. -->","yoast_head_json":{"title":"Nace el Instituto Nebrija de las Artes con la misi\u00f3n de proyectar Madrid como destino internacional para estudiantes de arte - Actualidad Nebrija","description":"\u201cNuestro prop\u00f3sito es poner en valor el patrimonio art\u00edstico espa\u00f1ol y compartirlo con el mundo\u201d","robots":{"index":"index","follow":"follow","max-snippet":"max-snippet:-1","max-image-preview":"max-image-preview:large","max-video-preview":"max-video-preview:-1"},"canonical":"https:\/\/www.nebrija.com\/medios\/actualidadnebrija\/2022\/10\/26\/nace-el-instituto-nebrija-de-las-artes-con-la-mision-de-proyectar-madrid-como-destino-internacional-para-estudiantes-de-arte\/","og_locale":"es_ES","og_type":"article","og_title":"Nace el Instituto Nebrija de las Artes con la misi\u00f3n de proyectar Madrid como destino internacional para estudiantes de arte - Actualidad Nebrija","og_description":"\u201cNuestro prop\u00f3sito es poner en valor el patrimonio art\u00edstico espa\u00f1ol y compartirlo con el mundo\u201d","og_url":"https:\/\/www.nebrija.com\/medios\/actualidadnebrija\/2022\/10\/26\/nace-el-instituto-nebrija-de-las-artes-con-la-mision-de-proyectar-madrid-como-destino-internacional-para-estudiantes-de-arte\/","og_site_name":"Actualidad Nebrija","article_published_time":"2022-10-26T14:24:00+00:00","article_modified_time":"2022-10-26T14:37:29+00:00","og_image":[{"width":1100,"height":705,"url":"https:\/\/www.nebrija.com\/medios\/actualidadnebrija\/wp-content\/uploads\/sites\/2\/2022\/10\/IArtes_Nebrija-2.jpg","type":"image\/jpeg"}],"author":"jpicos","twitter_card":"summary_large_image","twitter_misc":{"Escrito por":"jpicos","Tiempo de lectura":"3 minutos"},"schema":{"@context":"https:\/\/schema.org","@graph":[{"@type":"WebPage","@id":"https:\/\/www.nebrija.com\/medios\/actualidadnebrija\/2022\/10\/26\/nace-el-instituto-nebrija-de-las-artes-con-la-mision-de-proyectar-madrid-como-destino-internacional-para-estudiantes-de-arte\/","url":"https:\/\/www.nebrija.com\/medios\/actualidadnebrija\/2022\/10\/26\/nace-el-instituto-nebrija-de-las-artes-con-la-mision-de-proyectar-madrid-como-destino-internacional-para-estudiantes-de-arte\/","name":"Nace el Instituto Nebrija de las Artes con la misi\u00f3n de proyectar Madrid como destino internacional para estudiantes de arte - Actualidad Nebrija","isPartOf":{"@id":"https:\/\/www.nebrija.com\/medios\/actualidadnebrija\/#website"},"datePublished":"2022-10-26T14:24:00+00:00","dateModified":"2022-10-26T14:37:29+00:00","author":{"@id":"https:\/\/www.nebrija.com\/medios\/actualidadnebrija\/#\/schema\/person\/0cd40b7dd3f54459e2cfc009dbd255c6"},"description":"\u201cNuestro prop\u00f3sito es poner en valor el patrimonio art\u00edstico espa\u00f1ol y compartirlo con el mundo\u201d","breadcrumb":{"@id":"https:\/\/www.nebrija.com\/medios\/actualidadnebrija\/2022\/10\/26\/nace-el-instituto-nebrija-de-las-artes-con-la-mision-de-proyectar-madrid-como-destino-internacional-para-estudiantes-de-arte\/#breadcrumb"},"inLanguage":"es","potentialAction":[{"@type":"ReadAction","target":["https:\/\/www.nebrija.com\/medios\/actualidadnebrija\/2022\/10\/26\/nace-el-instituto-nebrija-de-las-artes-con-la-mision-de-proyectar-madrid-como-destino-internacional-para-estudiantes-de-arte\/"]}]},{"@type":"BreadcrumbList","@id":"https:\/\/www.nebrija.com\/medios\/actualidadnebrija\/2022\/10\/26\/nace-el-instituto-nebrija-de-las-artes-con-la-mision-de-proyectar-madrid-como-destino-internacional-para-estudiantes-de-arte\/#breadcrumb","itemListElement":[{"@type":"ListItem","position":1,"name":"Home","item":"https:\/\/www.nebrija.com\/medios\/actualidadnebrija\/"},{"@type":"ListItem","position":2,"name":"Nace el Instituto Nebrija de las Artes con la misi\u00f3n de proyectar Madrid como destino internacional para estudiantes de arte"}]},{"@type":"WebSite","@id":"https:\/\/www.nebrija.com\/medios\/actualidadnebrija\/#website","url":"https:\/\/www.nebrija.com\/medios\/actualidadnebrija\/","name":"Actualidad Nebrija","description":"Noticias de la Universidad Nebrija","potentialAction":[{"@type":"SearchAction","target":{"@type":"EntryPoint","urlTemplate":"https:\/\/www.nebrija.com\/medios\/actualidadnebrija\/?s={search_term_string}"},"query-input":"required name=search_term_string"}],"inLanguage":"es"},{"@type":"Person","@id":"https:\/\/www.nebrija.com\/medios\/actualidadnebrija\/#\/schema\/person\/0cd40b7dd3f54459e2cfc009dbd255c6","name":"jpicos","image":{"@type":"ImageObject","inLanguage":"es","@id":"https:\/\/www.nebrija.com\/medios\/actualidadnebrija\/#\/schema\/person\/image\/","url":"https:\/\/secure.gravatar.com\/avatar\/c4a1005cff3fd9bb5185e9671f4f3e9b?s=96&d=mm&r=g","contentUrl":"https:\/\/secure.gravatar.com\/avatar\/c4a1005cff3fd9bb5185e9671f4f3e9b?s=96&d=mm&r=g","caption":"jpicos"},"url":"https:\/\/www.nebrija.com\/medios\/actualidadnebrija\/author\/jpicos\/"}]}},"_links":{"self":[{"href":"https:\/\/www.nebrija.com\/medios\/actualidadnebrija\/wp-json\/wp\/v2\/posts\/81238"}],"collection":[{"href":"https:\/\/www.nebrija.com\/medios\/actualidadnebrija\/wp-json\/wp\/v2\/posts"}],"about":[{"href":"https:\/\/www.nebrija.com\/medios\/actualidadnebrija\/wp-json\/wp\/v2\/types\/post"}],"author":[{"embeddable":true,"href":"https:\/\/www.nebrija.com\/medios\/actualidadnebrija\/wp-json\/wp\/v2\/users\/326"}],"replies":[{"embeddable":true,"href":"https:\/\/www.nebrija.com\/medios\/actualidadnebrija\/wp-json\/wp\/v2\/comments?post=81238"}],"version-history":[{"count":1,"href":"https:\/\/www.nebrija.com\/medios\/actualidadnebrija\/wp-json\/wp\/v2\/posts\/81238\/revisions"}],"predecessor-version":[{"id":81240,"href":"https:\/\/www.nebrija.com\/medios\/actualidadnebrija\/wp-json\/wp\/v2\/posts\/81238\/revisions\/81240"}],"wp:featuredmedia":[{"embeddable":true,"href":"https:\/\/www.nebrija.com\/medios\/actualidadnebrija\/wp-json\/wp\/v2\/media\/81239"}],"wp:attachment":[{"href":"https:\/\/www.nebrija.com\/medios\/actualidadnebrija\/wp-json\/wp\/v2\/media?parent=81238"}],"wp:term":[{"taxonomy":"category","embeddable":true,"href":"https:\/\/www.nebrija.com\/medios\/actualidadnebrija\/wp-json\/wp\/v2\/categories?post=81238"},{"taxonomy":"post_tag","embeddable":true,"href":"https:\/\/www.nebrija.com\/medios\/actualidadnebrija\/wp-json\/wp\/v2\/tags?post=81238"}],"curies":[{"name":"wp","href":"https:\/\/api.w.org\/{rel}","templated":true}]}}