{"id":81369,"date":"2022-11-04T11:51:01","date_gmt":"2022-11-04T10:51:01","guid":{"rendered":"https:\/\/www.nebrija.com\/medios\/actualidadnebrija\/?p=81369"},"modified":"2024-10-09T13:12:55","modified_gmt":"2024-10-09T11:12:55","slug":"la-universidad-nebrija-invita-a-tocar-el-conocimiento-en-la-semana-de-la-ciencia","status":"publish","type":"post","link":"https:\/\/www.nebrija.com\/medios\/actualidadnebrija\/2022\/11\/04\/la-universidad-nebrija-invita-a-tocar-el-conocimiento-en-la-semana-de-la-ciencia\/","title":{"rendered":"La Universidad Nebrija invita a \u201ctocar\u201d el conocimiento en la Semana de la Ciencia"},"content":{"rendered":"<p>Desde el pasado 24 de octubre est\u00e1 abierta la inscripci\u00f3n a las actividades de la <a href=\"https:\/\/www.semanacienciamadrid.org\/\">Semana de la Ciencia<\/a>, un programa de divulgaci\u00f3n cient\u00edfica y participaci\u00f3n ciudadana organizado por la Comunidad de Madrid a trav\u00e9s de la Fundaci\u00f3n para el Conocimiento madri+d y que se desarrolla del 7 al 21 de noviembre.<\/p>\n<p><a href=\"https:\/\/www.nebrija.com\/medios\/actualidadnebrija\/wp-content\/uploads\/sites\/2\/2022\/11\/Cartel-Semana-de-la-ciencia_2022_page-0001.jpg\"><img loading=\"lazy\" decoding=\"async\" class=\"size-medium wp-image-81393 aligncenter\" src=\"https:\/\/www.nebrija.com\/medios\/actualidadnebrija\/wp-content\/uploads\/sites\/2\/2022\/11\/Cartel-Semana-de-la-ciencia_2022_page-0001-213x300.jpg\" alt=\"\" width=\"213\" height=\"300\" \/><\/a><\/p>\n<p>Una edici\u00f3n m\u00e1s, la Universidad Nebrija participa activamente en la Semana con la puesta en marcha de <a href=\"https:\/\/www.nebrija.com\/investigacion-universidad\/pdf\/Noticia-SCiencia%20UNNE-2022.pdf\">quince actividades<\/a> gratuitas que cumplen el objetivo de la cita cient\u00edfica: involucrar activamente a la sociedad en los procesos de investigaci\u00f3n y desarrollo en ciencias, tecnolog\u00eda e innovaci\u00f3n. La importancia del binomio Deep Tech-Deep Science, la celebraci\u00f3n del A\u00f1o Internacional de las Ciencias B\u00e1sicas para el Desarrollo Sostenible y el A\u00f1o de Investigaci\u00f3n Ram\u00f3n y Cajal son los tres ejes de la Semana de la Ciencia 2022.<\/p>\n<p>Entre las acciones propuestas por la Universidad Nebrija destacan la visita al laboratorio del Centro de Ciencia Cognitiva para aprender sobre investigaci\u00f3n en neurociencia aplicada a la educaci\u00f3n, o el taller sobre la herramienta de c\u00e1lculo de huella de carbono que la Universidad ha realizado para la Comunidad de Madrid en la que los asistentes podr\u00e1n medir el CO2 de su barrio o del entorno que elijan.<\/p>\n<p>Asimismo, <em>\u00a1Manos al cerebro!<\/em> propone actividades singulares de nombre llamativo como <em>rompecerebros<\/em>, <em>neurojuegos<\/em>, <em>dibuja como Cajal<\/em> o <em>pon a prueba tus sentidos<\/em>. La pasi\u00f3n por divulgar tambi\u00e9n est\u00e1 presente en <em>La literatura y el periodismo como disciplinas para analizar el terrorismo: historias personales que nos acercan los procesos de radicalizaci\u00f3n <\/em>donde los expertos demuestran c\u00f3mo la literatura y el periodismo constituyen herramientas adecuadas para diseccionar y abordar el terrorismo de etiolog\u00eda yihadista. \u201cLa finalidad de nuestra actividad es doble. Por un lado, demostrar los factores que llevan a profesar ideolog\u00edas radicales, a justificar la violencia y, en \u00faltimo t\u00e9rmino, a emplearla. Por otro lado, analizar qu\u00e9 pol\u00edticas p\u00fablicas se han puesto en marcha para prevenir la radicalizaci\u00f3n, cuesti\u00f3n abordada no s\u00f3lo por los gobiernos nacionales sino tambi\u00e9n por las organizaciones supranacionales\u201d, comenta el profesor Alfredo Crespo.<\/p>\n<p>Los Grupos de Investigaci\u00f3n de la Universidad Nebrija implicados en esta gran fiesta de la ciencia y la tecnolog\u00eda son: Arquitectura y urbanismo (At-theoUTSET), Seguridad, Gesti\u00f3n de Riesgos y Conflictos (SEGERICO), Cerebro y Comportamiento (BRABE), Ingenier\u00eda de Veh\u00edculos (GREEN), Estudios Transversales en Creaci\u00f3n Contempor\u00e1nea (ETCC), Materiales y Fabricaci\u00f3n Avanzada (MOD3RN), Matem\u00e1ticas y sus aplicaciones (MA) y Cognici\u00f3n, Educaci\u00f3n y Diferencias Individuales (CEDI).<\/p>\n<p>&nbsp;<\/p>\n<p><strong><u>Actividades de la Universidad Nebrija<\/u>:<\/strong><\/p>\n<p><strong>Lab_oratoria. mitos, arte y comunicaci\u00f3n audiovisual<\/strong><\/p>\n<p>08\/11\/2022<\/p>\n<p>17:00-19:00 Campus de Princesa<\/p>\n<p>Estudiantes de ESO, Bachillerato y ciclos Formativos<\/p>\n<p>Enlace de inscripci\u00f3n: Enlace ya no disponible<br \/>\n&nbsp;<\/p>\n<p><strong>Mitos y ecofeminismo en la ficci\u00f3n audiovisual y el videoclip<\/strong><\/p>\n<p>09\/11\/2022. 18:00-19:00. Campus de Madrid-Princesa. Facultad de Comunicaci\u00f3n y Artes. Aula edificio A, p.e. 102<\/p>\n<p>P\u00fablico general, universitarios, estudiantes ESO, Bachillerato y ciclos formativos, estudiantes Primaria, p\u00fablico Infantil<\/p>\n<p>Enlace de inscripci\u00f3n: Enlace ya no disponible<\/p>\n<p>&nbsp;<\/p>\n<p><strong>Experimenta con el electromagnetismo y la electricidad<\/strong><\/p>\n<p>09\/11\/2022 y 16\/11\/2022. 11:00-12:00. Campus de Madrid-Princesa<\/p>\n<p>P\u00fablico general, estudiantes ESO, Bachillerato y ciclos formativos<\/p>\n<p>Enlace de inscripci\u00f3n: Enlace ya no disponible<\/p>\n<p>&nbsp;<\/p>\n<p><strong>Neurociencia y Educaci\u00f3n: Del laboratorio al aula<\/strong><\/p>\n<p>10\/11\/2022. 16:00-20:00. Campus de Madrid-Princesa<\/p>\n<p>P\u00fablico general, estudiantes ESO, Bachillerato y ciclos formativos<\/p>\n<p>Enlace de inscripci\u00f3n: <a href=\"https:\/\/actos.nebrija.es\/89901\/detail\/neurociencia-y-educacion-del-laboratorio-al-aula.html\">https:\/\/actos.nebrija.es\/89901\/detail\/neurociencia-y-educacion-del-laboratorio-al-aula.html<\/a><\/p>\n<p>&nbsp;<\/p>\n<p><strong>Tu tesis en 3 minutos<\/strong><\/p>\n<p>10\/11\/2022: 10:00-14:00 y 11\/11\/2022: 12:00 -13:00. Campus de Ciencias de la Vida en La Berzosa<\/p>\n<p>P\u00fablico general, estudiantes ESO, Bachillerato y ciclos formativos<\/p>\n<p>Enlace de inscripci\u00f3n: <a href=\"https:\/\/actos.nebrija.es\/90152\/detail\/concurso-tu-tesis-en-3-minutos-.html\">https:\/\/actos.nebrija.es\/90152\/detail\/concurso-tu-tesis-en-3-minutos-.html<\/a><\/p>\n<p>Enlace de inscripci\u00f3n: Enlace ya no disponible<\/p>\n<p>&nbsp;<\/p>\n<p><strong>Sesi\u00f3n divulgativa y demostrativa: Usos y aplicaciones de los materiales inteligentes<\/strong><\/p>\n<p>11\/11\/2022 10:00-11:30. Campus de Madrid-Princesa<\/p>\n<p>P\u00fablico general, Estudiantes ESO, Bachillerato y Ciclos formativos<\/p>\n<p>Enlace de inscripci\u00f3n: Enlace ya no disponible<\/p>\n<p>&nbsp;<\/p>\n<p><strong>Lenguaje y Lenguas<\/strong><\/p>\n<p>11\/11\/2022 12:00-13:00. Campus de Madrid-Princesa y<em> online<\/em><\/p>\n<p>P\u00fablico general, universitarios, Estudiantes ESO, Bachillerato y ciclos formativos, estudiantes Primaria, p\u00fablico Infantil<\/p>\n<p>Enlace de inscripci\u00f3n: <a href=\"https:\/\/actos.nebrija.es\/90131\/detail\/conferencia-lenguaje-y-lenguas-.html\">https:\/\/actos.nebrija.es\/90131\/detail\/conferencia-lenguaje-y-lenguas-.html<\/a><\/p>\n<p>&nbsp;<\/p>\n<p><strong>Nebrija investiga, t\u00fa tambi\u00e9n<\/strong><\/p>\n<p>11\/11\/2022 16:00-19:00. Campus de Madrid-Princesa<\/p>\n<p>P\u00fablico General y p\u00fablico universitario<\/p>\n<p>&nbsp;<\/p>\n<p><strong>La literatura y el periodismo como disciplinas para analizar el terrorismo: historias personales que nos acercan los procesos de radicalizaci\u00f3n<\/strong><\/p>\n<p>11\/11\/2022<\/p>\n<p>17:00-19:30. Campus de Madrid-Princesa<\/p>\n<p>Estudiantes de Grados Universitarios<\/p>\n<p>Enlace de inscripci\u00f3n: Enlace ya no disponible<\/p>\n<p>&nbsp;<\/p>\n<p><strong>Taller Mide la huella de carbono de tu barrio<\/strong>: Herramienta de c\u00e1lculo para el planeamiento urban\u00edstico.<\/p>\n<p>14\/11\/2022 16:00-18:00 2h Campus de Madrid-Princesa<\/p>\n<p>P\u00fablico general, estudiantes de la ESO, Bachillerato y ciclos formativos<\/p>\n<p>Enlace de inscripci\u00f3n: Enlace ya no disponible<br \/>\n&nbsp;<\/p>\n<p><strong>El mundo microsc\u00f3pico que nos rodea: descubriendo la microscop\u00eda electr\u00f3nica de barrido<\/strong><\/p>\n<p>14\/11\/2022 y 18\/11\/2022. 9:30-12:30. Nebrija Polit\u00e9cnica. Campus de Madrid-Princesa<\/p>\n<p>P\u00fablico general, Estudiantes ESO, Bachillerato y Ciclos formativos<\/p>\n<p>Enlace de inscripci\u00f3n: Enlace ya no disponible<\/p>\n<p>&nbsp;<\/p>\n<p><strong>Instrumentalizaci\u00f3n de los medios de comunicaci\u00f3n por las organizaciones terroristas: elementos para una contranarrativa eficaz<\/strong><\/p>\n<p>15\/11\/2022. 18:00 a 19:00 <em>online <\/em><\/p>\n<p>Estudiantes de Grados, Universitarios y M\u00e1ster<\/p>\n<p>Enlace de inscripci\u00f3n: Enlace ya no disponible<\/p>\n<p>&nbsp;<\/p>\n<p><strong>\u00a1Manos al cerebro!<\/strong><\/p>\n<p>16\/11\/2022. Varios turnos 10:00-11:00; 11:00-12:00,12:00-13:00; 13:00-14:00. Campus de Ciencias de la Vida en La Berzosa<\/p>\n<p>P\u00fablico general, estudiantes ESO, Bachillerato y ciclos formativos<\/p>\n<p>Enlace de inscripci\u00f3n: Enlace ya no disponible<\/p>\n<p>&nbsp;<\/p>\n<p><strong>VIII Jornada Lengua y Migraci\u00f3n<\/strong><\/p>\n<p>16\/11\/2022 9:00-14:00. Campus de Madrid-Princesa<\/p>\n<p>P\u00fablico general, estudiantes ESO, Bachillerato y ciclos formativos<\/p>\n<p>Enlace de inscripci\u00f3n: <a href=\"https:\/\/actos.nebrija.es\/89755\/detail\/viii-jornada-lengua-y-migracion.html\">https:\/\/actos.nebrija.es\/89755\/detail\/viii-jornada-lengua-y-migracion.html<\/a><\/p>\n<p>&nbsp;<\/p>\n<p><strong>Simula y construye Matem\u00e1quinas<\/strong><\/p>\n<p>18\/11\/2022 10:00-12:00. Campus de Madrid-Princesa<\/p>\n<p>P\u00fablico general, estudiantes ESO, Bachillerato y ciclos formativos<\/p>\n<p>Enlace de inscripci\u00f3n: Enlace ya no disponible<\/p>\n","protected":false},"excerpt":{"rendered":"<p>La inscripci\u00f3n es gratuita para todas las actividades de esta edici\u00f3n, que se celebra del 7 al 21 de noviembre en la Comunidad de Madrid.<\/p>\n","protected":false},"author":326,"featured_media":81371,"comment_status":"open","ping_status":"open","sticky":false,"template":"","format":"standard","meta":{"_acf_changed":false,"_monsterinsights_skip_tracking":false,"_monsterinsights_sitenote_active":false,"_monsterinsights_sitenote_note":"","_monsterinsights_sitenote_category":0,"footnotes":""},"categories":[3053,4422,3050,3049],"tags":[4612,3124,4152],"acf":[],"yoast_head":"<!-- This site is optimized with the Yoast SEO plugin v22.1 - https:\/\/yoast.com\/wordpress\/plugins\/seo\/ -->\n<title>La Universidad Nebrija invita a \u201ctocar\u201d el conocimiento en la Semana de la Ciencia - Actualidad Nebrija<\/title>\n<meta name=\"description\" content=\"La inscripci\u00f3n es gratuita para todas las actividades de esta edici\u00f3n, que se celebra del 7 al 21 de noviembre en la Comunidad de Madrid.\" \/>\n<meta name=\"robots\" content=\"index, follow, max-snippet:-1, max-image-preview:large, max-video-preview:-1\" \/>\n<link rel=\"canonical\" href=\"https:\/\/www.nebrija.com\/medios\/actualidadnebrija\/2022\/11\/04\/la-universidad-nebrija-invita-a-tocar-el-conocimiento-en-la-semana-de-la-ciencia\/\" \/>\n<meta property=\"og:locale\" content=\"es_ES\" \/>\n<meta property=\"og:type\" content=\"article\" \/>\n<meta property=\"og:title\" content=\"La Universidad Nebrija invita a \u201ctocar\u201d el conocimiento en la Semana de la Ciencia - Actualidad Nebrija\" \/>\n<meta property=\"og:description\" content=\"La inscripci\u00f3n es gratuita para todas las actividades de esta edici\u00f3n, que se celebra del 7 al 21 de noviembre en la Comunidad de Madrid.\" \/>\n<meta property=\"og:url\" content=\"https:\/\/www.nebrija.com\/medios\/actualidadnebrija\/2022\/11\/04\/la-universidad-nebrija-invita-a-tocar-el-conocimiento-en-la-semana-de-la-ciencia\/\" \/>\n<meta property=\"og:site_name\" content=\"Actualidad Nebrija\" \/>\n<meta property=\"article:published_time\" content=\"2022-11-04T10:51:01+00:00\" \/>\n<meta property=\"article:modified_time\" content=\"2024-10-09T11:12:55+00:00\" \/>\n<meta property=\"og:image\" content=\"https:\/\/www.nebrija.com\/medios\/actualidadnebrija\/wp-content\/uploads\/sites\/2\/2022\/11\/Semana_Ciencia_UNNE.jpg\" \/>\n\t<meta property=\"og:image:width\" content=\"1500\" \/>\n\t<meta property=\"og:image:height\" content=\"1000\" \/>\n\t<meta property=\"og:image:type\" content=\"image\/jpeg\" \/>\n<meta name=\"author\" content=\"jpicos\" \/>\n<meta name=\"twitter:card\" content=\"summary_large_image\" \/>\n<meta name=\"twitter:label1\" content=\"Escrito por\" \/>\n\t<meta name=\"twitter:data1\" content=\"jpicos\" \/>\n\t<meta name=\"twitter:label2\" content=\"Tiempo de lectura\" \/>\n\t<meta name=\"twitter:data2\" content=\"5 minutos\" \/>\n<!-- \/ Yoast SEO plugin. -->","yoast_head_json":{"title":"La Universidad Nebrija invita a \u201ctocar\u201d el conocimiento en la Semana de la Ciencia - Actualidad Nebrija","description":"La inscripci\u00f3n es gratuita para todas las actividades de esta edici\u00f3n, que se celebra del 7 al 21 de noviembre en la Comunidad de Madrid.","robots":{"index":"index","follow":"follow","max-snippet":"max-snippet:-1","max-image-preview":"max-image-preview:large","max-video-preview":"max-video-preview:-1"},"canonical":"https:\/\/www.nebrija.com\/medios\/actualidadnebrija\/2022\/11\/04\/la-universidad-nebrija-invita-a-tocar-el-conocimiento-en-la-semana-de-la-ciencia\/","og_locale":"es_ES","og_type":"article","og_title":"La Universidad Nebrija invita a \u201ctocar\u201d el conocimiento en la Semana de la Ciencia - Actualidad Nebrija","og_description":"La inscripci\u00f3n es gratuita para todas las actividades de esta edici\u00f3n, que se celebra del 7 al 21 de noviembre en la Comunidad de Madrid.","og_url":"https:\/\/www.nebrija.com\/medios\/actualidadnebrija\/2022\/11\/04\/la-universidad-nebrija-invita-a-tocar-el-conocimiento-en-la-semana-de-la-ciencia\/","og_site_name":"Actualidad Nebrija","article_published_time":"2022-11-04T10:51:01+00:00","article_modified_time":"2024-10-09T11:12:55+00:00","og_image":[{"width":1500,"height":1000,"url":"https:\/\/www.nebrija.com\/medios\/actualidadnebrija\/wp-content\/uploads\/sites\/2\/2022\/11\/Semana_Ciencia_UNNE.jpg","type":"image\/jpeg"}],"author":"jpicos","twitter_card":"summary_large_image","twitter_misc":{"Escrito por":"jpicos","Tiempo de lectura":"5 minutos"},"schema":{"@context":"https:\/\/schema.org","@graph":[{"@type":"WebPage","@id":"https:\/\/www.nebrija.com\/medios\/actualidadnebrija\/2022\/11\/04\/la-universidad-nebrija-invita-a-tocar-el-conocimiento-en-la-semana-de-la-ciencia\/","url":"https:\/\/www.nebrija.com\/medios\/actualidadnebrija\/2022\/11\/04\/la-universidad-nebrija-invita-a-tocar-el-conocimiento-en-la-semana-de-la-ciencia\/","name":"La Universidad Nebrija invita a \u201ctocar\u201d el conocimiento en la Semana de la Ciencia - Actualidad Nebrija","isPartOf":{"@id":"https:\/\/www.nebrija.com\/medios\/actualidadnebrija\/#website"},"datePublished":"2022-11-04T10:51:01+00:00","dateModified":"2024-10-09T11:12:55+00:00","author":{"@id":"https:\/\/www.nebrija.com\/medios\/actualidadnebrija\/#\/schema\/person\/0cd40b7dd3f54459e2cfc009dbd255c6"},"description":"La inscripci\u00f3n es gratuita para todas las actividades de esta edici\u00f3n, que se celebra del 7 al 21 de noviembre en la Comunidad de Madrid.","breadcrumb":{"@id":"https:\/\/www.nebrija.com\/medios\/actualidadnebrija\/2022\/11\/04\/la-universidad-nebrija-invita-a-tocar-el-conocimiento-en-la-semana-de-la-ciencia\/#breadcrumb"},"inLanguage":"es","potentialAction":[{"@type":"ReadAction","target":["https:\/\/www.nebrija.com\/medios\/actualidadnebrija\/2022\/11\/04\/la-universidad-nebrija-invita-a-tocar-el-conocimiento-en-la-semana-de-la-ciencia\/"]}]},{"@type":"BreadcrumbList","@id":"https:\/\/www.nebrija.com\/medios\/actualidadnebrija\/2022\/11\/04\/la-universidad-nebrija-invita-a-tocar-el-conocimiento-en-la-semana-de-la-ciencia\/#breadcrumb","itemListElement":[{"@type":"ListItem","position":1,"name":"Home","item":"https:\/\/www.nebrija.com\/medios\/actualidadnebrija\/"},{"@type":"ListItem","position":2,"name":"La Universidad Nebrija invita a \u201ctocar\u201d el conocimiento en la Semana de la Ciencia"}]},{"@type":"WebSite","@id":"https:\/\/www.nebrija.com\/medios\/actualidadnebrija\/#website","url":"https:\/\/www.nebrija.com\/medios\/actualidadnebrija\/","name":"Actualidad Nebrija","description":"Noticias de la Universidad Nebrija","potentialAction":[{"@type":"SearchAction","target":{"@type":"EntryPoint","urlTemplate":"https:\/\/www.nebrija.com\/medios\/actualidadnebrija\/?s={search_term_string}"},"query-input":"required name=search_term_string"}],"inLanguage":"es"},{"@type":"Person","@id":"https:\/\/www.nebrija.com\/medios\/actualidadnebrija\/#\/schema\/person\/0cd40b7dd3f54459e2cfc009dbd255c6","name":"jpicos","image":{"@type":"ImageObject","inLanguage":"es","@id":"https:\/\/www.nebrija.com\/medios\/actualidadnebrija\/#\/schema\/person\/image\/","url":"https:\/\/secure.gravatar.com\/avatar\/c4a1005cff3fd9bb5185e9671f4f3e9b?s=96&d=mm&r=g","contentUrl":"https:\/\/secure.gravatar.com\/avatar\/c4a1005cff3fd9bb5185e9671f4f3e9b?s=96&d=mm&r=g","caption":"jpicos"},"url":"https:\/\/www.nebrija.com\/medios\/actualidadnebrija\/author\/jpicos\/"}]}},"_links":{"self":[{"href":"https:\/\/www.nebrija.com\/medios\/actualidadnebrija\/wp-json\/wp\/v2\/posts\/81369"}],"collection":[{"href":"https:\/\/www.nebrija.com\/medios\/actualidadnebrija\/wp-json\/wp\/v2\/posts"}],"about":[{"href":"https:\/\/www.nebrija.com\/medios\/actualidadnebrija\/wp-json\/wp\/v2\/types\/post"}],"author":[{"embeddable":true,"href":"https:\/\/www.nebrija.com\/medios\/actualidadnebrija\/wp-json\/wp\/v2\/users\/326"}],"replies":[{"embeddable":true,"href":"https:\/\/www.nebrija.com\/medios\/actualidadnebrija\/wp-json\/wp\/v2\/comments?post=81369"}],"version-history":[{"count":7,"href":"https:\/\/www.nebrija.com\/medios\/actualidadnebrija\/wp-json\/wp\/v2\/posts\/81369\/revisions"}],"predecessor-version":[{"id":94662,"href":"https:\/\/www.nebrija.com\/medios\/actualidadnebrija\/wp-json\/wp\/v2\/posts\/81369\/revisions\/94662"}],"wp:featuredmedia":[{"embeddable":true,"href":"https:\/\/www.nebrija.com\/medios\/actualidadnebrija\/wp-json\/wp\/v2\/media\/81371"}],"wp:attachment":[{"href":"https:\/\/www.nebrija.com\/medios\/actualidadnebrija\/wp-json\/wp\/v2\/media?parent=81369"}],"wp:term":[{"taxonomy":"category","embeddable":true,"href":"https:\/\/www.nebrija.com\/medios\/actualidadnebrija\/wp-json\/wp\/v2\/categories?post=81369"},{"taxonomy":"post_tag","embeddable":true,"href":"https:\/\/www.nebrija.com\/medios\/actualidadnebrija\/wp-json\/wp\/v2\/tags?post=81369"}],"curies":[{"name":"wp","href":"https:\/\/api.w.org\/{rel}","templated":true}]}}