{"id":81953,"date":"2022-11-23T10:41:56","date_gmt":"2022-11-23T09:41:56","guid":{"rendered":"https:\/\/www.nebrija.com\/medios\/actualidadnebrija\/?p=81953"},"modified":"2022-11-29T11:07:45","modified_gmt":"2022-11-29T10:07:45","slug":"teresa-alarcos-las-startups-lideradas-por-mujeres-son-mas-solventes-y-se-endeudan-menos","status":"publish","type":"post","link":"https:\/\/www.nebrija.com\/medios\/actualidadnebrija\/2022\/11\/23\/teresa-alarcos-las-startups-lideradas-por-mujeres-son-mas-solventes-y-se-endeudan-menos\/","title":{"rendered":"Teresa Alarcos: &#8220;Las `startups\u00b4 lideradas por mujeres son m\u00e1s solventes&#8221;"},"content":{"rendered":"<p>Con pr\u00f3logo de Antonio Huertas, presidente de Mapfre, <em>Emprendedoras. Las l\u00edderes que cambian el mundo en la era digital<\/em>, se presenta como un libro inspirador; un reflejo de la sociedad actual. \u201cEstamos ante un ejemplar que motiva, tanto a mujeres como a hombres, a desarrollar su talento\u201d, se\u00f1ala Huertas.<\/p>\n<p>Una conferencia junto al Club Americano de Madrid, de la que Alarcos es parte de la Junta Directiva, presenciada por alumnos del Grado en CADE de la universidad, por el presidente del club, el Dr. Fernando Carmena, el profesor V\u00edctor Conde, EMBA director Andr\u00e9s Jer\u00f3nimo Arenas, y el rector Jos\u00e9 Mu\u00f1iz Fern\u00e1ndez, que en su intervenci\u00f3n dedicaba estas palabras a la doctora: \u201cel libro encaja muy bien en el ecosistema Nebrija ya que nuestro lema es <em>Pasi\u00f3n por saber y pasi\u00f3n por emprender<\/em>\u201d.<\/p>\n<p>En la presentaci\u00f3n, celebrada en la capilla del Campus de Madrid-Princesa, Alarcos bas\u00f3 su discurso en ensalzar la importancia de la existencia de mujeres emprendedoras. La autora afronta preguntas como \u00bfCu\u00e1ntos puestos de trabajo se generar\u00edan con m\u00e1s mujeres emprendedoras?; \u00bfOriginar\u00eda m\u00e1s confort en la sociedad? En <em>Emprendedoras. Las l\u00edderes que cambian el mundo en la era digital<\/em> y gracias a testimonios reales de veinti\u00fan mujeres que luchan contra la brecha de g\u00e9nero digital y que saben de primera mano lo que es emprender en un mundo como el de hoy, responde a dichas cuestiones. Adem\u00e1s, entienden de primera mano c\u00f3mo est\u00e1 evolucionando la industria de las <em>startups digitales<\/em>. \u201cLos datos apuntan que las <em>startups<\/em> lideradas por mujeres son m\u00e1s solventes y se endeudan menos\u201d, se\u00f1ala la autora.<\/p>\n<p>Superaci\u00f3n, motivaci\u00f3n, igualdad y lucha son algunas de las caracter\u00edsticas en las que se basa el pensamiento de <a href=\"https:\/\/emprendedoras2050.com\/\">Teresa Alarcos<\/a> y que ha plasmado en las 176 p\u00e1ginas de su libro. \u201cIntento dar voz a esas mujeres que luchamos a diario en el mundo tecnol\u00f3gico en el que vivimos. Quiero hacer un an\u00e1lisis de la brecha de g\u00e9nero digital que existe y que entend\u00e1is como hemos cambiado como sociedad con el paso del tiempo. Las empresas se est\u00e1n adaptando e intentan realzar valores como la sostenibilidad y la diversidad\u201d.<\/p>\n<p>La doctora transmiti\u00f3 a los alumnos una visi\u00f3n de la vida luchadora, con car\u00e1cter de superaci\u00f3n y de querer situar a la figura de la mujer donde se merece. \u201cTen\u00e9is que estar con los ojos abiertos y si veis oportunidades ir a por ellas. Ser emprendedores, no os cort\u00e9is\u201d, aconsejaba Alarcos a los alumnos. Y es que actualmente, en nuestro pa\u00eds, solo el 16% de las <em>startups<\/em> est\u00e1n dirigidas por mujeres, sin embargo tienen el doble de supervivencia. Los datos arrojan que una empresa liderada por hombres tiene el 56% de posibilidades de fracasar, mientras que la gestionada por mujeres se cifra en el 29%.<\/p>\n<p>En esta l\u00ednea, la fundadora de <a href=\"https:\/\/wstartupc.com\/\"><em>W Startup Community<\/em><\/a>, hizo hincapi\u00e9 en la presentaci\u00f3n y destac\u00f3 en reiteradas ocasiones las cualidades de un buen emprendedor. \u201cNo hay que tener miedo a lanzarte al vac\u00edo, es algo que vas a realizar t\u00fa, es tu proyecto. Ser emprendedor es ser \u00f3ptimo, humilde y trabajar duro. Saber escuchar y buscar el <em>feedback<\/em> con la gente, tener una capacidad de comunicaci\u00f3n muy grande son aspectos b\u00e1sicos. Ser emp\u00e1ticos y resilientes\u201d.<\/p>\n<p>Ser emprendedora hoy en d\u00eda, inmersos en la cuarta revoluci\u00f3n industrial, no es f\u00e1cil y Teresa lo sabe. Es consciente de todo lo que cuesta animarse y lanzarse, por eso apoya y anima a que las mujeres se atrevan a comenzar su propio viaje. \u201cLas que finalmente se deciden por emprender, tienen la capacidad suficiente de gesti\u00f3n y toda la motivaci\u00f3n. Trabajo, empe\u00f1o y tenerlo muy claro\u201d.<\/p>\n<p><strong>M\u00e1s sobre la autora<\/strong><\/p>\n<p>Consejera independiente de varias compa\u00f1\u00edas, con m\u00e1s de veinte a\u00f1os de experiencia ejecutiva en diferentes industrias y fundaciones como Yoigo, Ono-Vodafone o Vivendi Group, la Dra. Teresa Alarcos funda y preside la W Startup Community, adem\u00e1s de ser miembro de la red internacional de consejeras Women Corporate Director.<\/p>\n<p>Estudia, entre otras cosas, Management en UCLA-Anderson y se grad\u00faa en el IC-A. Actualmente forma parte de la red de Business Angels de Harvard Club y del Consejo Asesor del Real Colegio Complutense de Harvard.<\/p>\n<p>Su pasi\u00f3n y dedicaci\u00f3n por la econom\u00eda y la igualdad de g\u00e9nero en la vida, le llevan a impulsar y dirigir el primer Estudio Emprendimiento digital femenino del Instituto de las mujeres y ONTSI. Una trayectoria personal y profesional amplia y con mucha dedicaci\u00f3n en lo que le ocupa.<\/p>\n\n\t\t<style type=\"text\/css\">\n\t\t\t#gallery-1 {\n\t\t\t\tmargin: auto;\n\t\t\t}\n\t\t\t#gallery-1 .gallery-item {\n\t\t\t\tfloat: left;\n\t\t\t\tmargin-top: 10px;\n\t\t\t\ttext-align: center;\n\t\t\t\twidth: 33%;\n\t\t\t}\n\t\t\t#gallery-1 img {\n\t\t\t\tborder: 2px solid #cfcfcf;\n\t\t\t}\n\t\t\t#gallery-1 .gallery-caption {\n\t\t\t\tmargin-left: 0;\n\t\t\t}\n\t\t\t\/* see gallery_shortcode() in wp-includes\/media.php *\/\n\t\t<\/style>\n\t\t<div id='gallery-1' class='gallery galleryid-81953 gallery-columns-3 gallery-size-thumbnail'><dl class='gallery-item'>\n\t\t\t<dt class='gallery-icon landscape'>\n\t\t\t\t<a href='https:\/\/www.nebrija.com\/medios\/actualidadnebrija\/wp-content\/uploads\/sites\/2\/2022\/11\/Teresa-Alarcos-1.jpg'><img loading=\"lazy\" decoding=\"async\" width=\"150\" height=\"100\" src=\"https:\/\/www.nebrija.com\/medios\/actualidadnebrija\/wp-content\/uploads\/sites\/2\/2022\/11\/Teresa-Alarcos-1-150x100.jpg\" class=\"attachment-thumbnail size-thumbnail\" alt=\"\" \/><\/a>\n\t\t\t<\/dt><\/dl><dl class='gallery-item'>\n\t\t\t<dt class='gallery-icon landscape'>\n\t\t\t\t<a href='https:\/\/www.nebrija.com\/medios\/actualidadnebrija\/wp-content\/uploads\/sites\/2\/2022\/11\/Teresa-Alarcos-2.jpg'><img loading=\"lazy\" decoding=\"async\" width=\"150\" height=\"100\" src=\"https:\/\/www.nebrija.com\/medios\/actualidadnebrija\/wp-content\/uploads\/sites\/2\/2022\/11\/Teresa-Alarcos-2-150x100.jpg\" class=\"attachment-thumbnail size-thumbnail\" alt=\"\" \/><\/a>\n\t\t\t<\/dt><\/dl><dl class='gallery-item'>\n\t\t\t<dt class='gallery-icon portrait'>\n\t\t\t\t<a href='https:\/\/www.nebrija.com\/medios\/actualidadnebrija\/wp-content\/uploads\/sites\/2\/2022\/11\/Teresa-Alarcos-3-e1762343650623.jpg'><img loading=\"lazy\" decoding=\"async\" width=\"100\" height=\"150\" src=\"https:\/\/www.nebrija.com\/medios\/actualidadnebrija\/wp-content\/uploads\/sites\/2\/2022\/11\/Teresa-Alarcos-3-100x150.jpg\" class=\"attachment-thumbnail size-thumbnail\" alt=\"\" \/><\/a>\n\t\t\t<\/dt><\/dl><br style=\"clear: both\" \/><dl class='gallery-item'>\n\t\t\t<dt class='gallery-icon landscape'>\n\t\t\t\t<a href='https:\/\/www.nebrija.com\/medios\/actualidadnebrija\/wp-content\/uploads\/sites\/2\/2022\/11\/Teresa-Alarcos-4-e1762342775766.jpg'><img loading=\"lazy\" decoding=\"async\" width=\"150\" height=\"100\" src=\"https:\/\/www.nebrija.com\/medios\/actualidadnebrija\/wp-content\/uploads\/sites\/2\/2022\/11\/Teresa-Alarcos-4-150x100.jpg\" class=\"attachment-thumbnail size-thumbnail\" alt=\"\" \/><\/a>\n\t\t\t<\/dt><\/dl><dl class='gallery-item'>\n\t\t\t<dt class='gallery-icon landscape'>\n\t\t\t\t<a href='https:\/\/www.nebrija.com\/medios\/actualidadnebrija\/wp-content\/uploads\/sites\/2\/2022\/11\/Teresa-Alarcos-5.jpg'><img loading=\"lazy\" decoding=\"async\" width=\"150\" height=\"100\" src=\"https:\/\/www.nebrija.com\/medios\/actualidadnebrija\/wp-content\/uploads\/sites\/2\/2022\/11\/Teresa-Alarcos-5-150x100.jpg\" class=\"attachment-thumbnail size-thumbnail\" alt=\"\" \/><\/a>\n\t\t\t<\/dt><\/dl><dl class='gallery-item'>\n\t\t\t<dt class='gallery-icon landscape'>\n\t\t\t\t<a href='https:\/\/www.nebrija.com\/medios\/actualidadnebrija\/wp-content\/uploads\/sites\/2\/2022\/11\/Teresa-Alarcos-6.jpg'><img loading=\"lazy\" decoding=\"async\" width=\"150\" height=\"100\" src=\"https:\/\/www.nebrija.com\/medios\/actualidadnebrija\/wp-content\/uploads\/sites\/2\/2022\/11\/Teresa-Alarcos-6-150x100.jpg\" class=\"attachment-thumbnail size-thumbnail\" alt=\"\" \/><\/a>\n\t\t\t<\/dt><\/dl><br style=\"clear: both\" \/>\n\t\t<\/div>\n\n","protected":false},"excerpt":{"rendered":"<p>La fundadora y presidenta de la W Startup Comunity presenta el libro `Emprendedoras. Las l\u00edderes que cambian el mundo en la era digital\u00b4.<\/p>\n","protected":false},"author":1281,"featured_media":81954,"comment_status":"open","ping_status":"open","sticky":false,"template":"","format":"standard","meta":{"_acf_changed":false,"_monsterinsights_skip_tracking":false,"_monsterinsights_sitenote_active":false,"_monsterinsights_sitenote_note":"","_monsterinsights_sitenote_category":0,"footnotes":""},"categories":[1,3076],"tags":[3124,3104,3164,5098],"acf":[],"yoast_head":"<!-- This site is optimized with the Yoast SEO plugin v22.1 - https:\/\/yoast.com\/wordpress\/plugins\/seo\/ -->\n<title>Teresa Alarcos: &quot;Las `startups\u00b4 lideradas por mujeres son m\u00e1s solventes&quot; - Actualidad Nebrija<\/title>\n<meta name=\"description\" content=\"Teresa Alarcos presenta &quot;Emprendedoras. Las l\u00edderes que cambian el mundo en la era digital&quot;, un libro inspirador que ensalza a la mujer emprendedora.\" \/>\n<meta name=\"robots\" content=\"index, follow, max-snippet:-1, max-image-preview:large, max-video-preview:-1\" \/>\n<link rel=\"canonical\" href=\"https:\/\/www.nebrija.com\/medios\/actualidadnebrija\/2022\/11\/23\/teresa-alarcos-las-startups-lideradas-por-mujeres-son-mas-solventes-y-se-endeudan-menos\/\" \/>\n<meta property=\"og:locale\" content=\"es_ES\" \/>\n<meta property=\"og:type\" content=\"article\" \/>\n<meta property=\"og:title\" content=\"Teresa Alarcos: &quot;Las `startups\u00b4 lideradas por mujeres son m\u00e1s solventes&quot; - Actualidad Nebrija\" \/>\n<meta property=\"og:description\" content=\"Teresa Alarcos presenta &quot;Emprendedoras. Las l\u00edderes que cambian el mundo en la era digital&quot;, un libro inspirador que ensalza a la mujer emprendedora.\" \/>\n<meta property=\"og:url\" content=\"https:\/\/www.nebrija.com\/medios\/actualidadnebrija\/2022\/11\/23\/teresa-alarcos-las-startups-lideradas-por-mujeres-son-mas-solventes-y-se-endeudan-menos\/\" \/>\n<meta property=\"og:site_name\" content=\"Actualidad Nebrija\" \/>\n<meta property=\"article:published_time\" content=\"2022-11-23T09:41:56+00:00\" \/>\n<meta property=\"article:modified_time\" content=\"2022-11-29T10:07:45+00:00\" \/>\n<meta property=\"og:image\" content=\"https:\/\/www.nebrija.com\/medios\/actualidadnebrija\/wp-content\/uploads\/sites\/2\/2022\/11\/Teresa-Alarcos-Portada.jpg\" \/>\n\t<meta property=\"og:image:width\" content=\"1100\" \/>\n\t<meta property=\"og:image:height\" content=\"734\" \/>\n\t<meta property=\"og:image:type\" content=\"image\/jpeg\" \/>\n<meta name=\"author\" content=\"apardos\" \/>\n<meta name=\"twitter:card\" content=\"summary_large_image\" \/>\n<meta name=\"twitter:label1\" content=\"Escrito por\" \/>\n\t<meta name=\"twitter:data1\" content=\"apardos\" \/>\n\t<meta name=\"twitter:label2\" content=\"Tiempo de lectura\" \/>\n\t<meta name=\"twitter:data2\" content=\"4 minutos\" \/>\n<!-- \/ Yoast SEO plugin. -->","yoast_head_json":{"title":"Teresa Alarcos: \"Las `startups\u00b4 lideradas por mujeres son m\u00e1s solventes\" - Actualidad Nebrija","description":"Teresa Alarcos presenta \"Emprendedoras. Las l\u00edderes que cambian el mundo en la era digital\", un libro inspirador que ensalza a la mujer emprendedora.","robots":{"index":"index","follow":"follow","max-snippet":"max-snippet:-1","max-image-preview":"max-image-preview:large","max-video-preview":"max-video-preview:-1"},"canonical":"https:\/\/www.nebrija.com\/medios\/actualidadnebrija\/2022\/11\/23\/teresa-alarcos-las-startups-lideradas-por-mujeres-son-mas-solventes-y-se-endeudan-menos\/","og_locale":"es_ES","og_type":"article","og_title":"Teresa Alarcos: \"Las `startups\u00b4 lideradas por mujeres son m\u00e1s solventes\" - Actualidad Nebrija","og_description":"Teresa Alarcos presenta \"Emprendedoras. Las l\u00edderes que cambian el mundo en la era digital\", un libro inspirador que ensalza a la mujer emprendedora.","og_url":"https:\/\/www.nebrija.com\/medios\/actualidadnebrija\/2022\/11\/23\/teresa-alarcos-las-startups-lideradas-por-mujeres-son-mas-solventes-y-se-endeudan-menos\/","og_site_name":"Actualidad Nebrija","article_published_time":"2022-11-23T09:41:56+00:00","article_modified_time":"2022-11-29T10:07:45+00:00","og_image":[{"width":1100,"height":734,"url":"https:\/\/www.nebrija.com\/medios\/actualidadnebrija\/wp-content\/uploads\/sites\/2\/2022\/11\/Teresa-Alarcos-Portada.jpg","type":"image\/jpeg"}],"author":"apardos","twitter_card":"summary_large_image","twitter_misc":{"Escrito por":"apardos","Tiempo de lectura":"4 minutos"},"schema":{"@context":"https:\/\/schema.org","@graph":[{"@type":"WebPage","@id":"https:\/\/www.nebrija.com\/medios\/actualidadnebrija\/2022\/11\/23\/teresa-alarcos-las-startups-lideradas-por-mujeres-son-mas-solventes-y-se-endeudan-menos\/","url":"https:\/\/www.nebrija.com\/medios\/actualidadnebrija\/2022\/11\/23\/teresa-alarcos-las-startups-lideradas-por-mujeres-son-mas-solventes-y-se-endeudan-menos\/","name":"Teresa Alarcos: \"Las `startups\u00b4 lideradas por mujeres son m\u00e1s solventes\" - Actualidad Nebrija","isPartOf":{"@id":"https:\/\/www.nebrija.com\/medios\/actualidadnebrija\/#website"},"datePublished":"2022-11-23T09:41:56+00:00","dateModified":"2022-11-29T10:07:45+00:00","author":{"@id":"https:\/\/www.nebrija.com\/medios\/actualidadnebrija\/#\/schema\/person\/d76457054475ea5cb05bcbbf8a9d5463"},"description":"Teresa Alarcos presenta \"Emprendedoras. Las l\u00edderes que cambian el mundo en la era digital\", un libro inspirador que ensalza a la mujer emprendedora.","breadcrumb":{"@id":"https:\/\/www.nebrija.com\/medios\/actualidadnebrija\/2022\/11\/23\/teresa-alarcos-las-startups-lideradas-por-mujeres-son-mas-solventes-y-se-endeudan-menos\/#breadcrumb"},"inLanguage":"es","potentialAction":[{"@type":"ReadAction","target":["https:\/\/www.nebrija.com\/medios\/actualidadnebrija\/2022\/11\/23\/teresa-alarcos-las-startups-lideradas-por-mujeres-son-mas-solventes-y-se-endeudan-menos\/"]}]},{"@type":"BreadcrumbList","@id":"https:\/\/www.nebrija.com\/medios\/actualidadnebrija\/2022\/11\/23\/teresa-alarcos-las-startups-lideradas-por-mujeres-son-mas-solventes-y-se-endeudan-menos\/#breadcrumb","itemListElement":[{"@type":"ListItem","position":1,"name":"Home","item":"https:\/\/www.nebrija.com\/medios\/actualidadnebrija\/"},{"@type":"ListItem","position":2,"name":"Teresa Alarcos: &#8220;Las `startups\u00b4 lideradas por mujeres son m\u00e1s solventes&#8221;"}]},{"@type":"WebSite","@id":"https:\/\/www.nebrija.com\/medios\/actualidadnebrija\/#website","url":"https:\/\/www.nebrija.com\/medios\/actualidadnebrija\/","name":"Actualidad Nebrija","description":"Noticias de la Universidad Nebrija","potentialAction":[{"@type":"SearchAction","target":{"@type":"EntryPoint","urlTemplate":"https:\/\/www.nebrija.com\/medios\/actualidadnebrija\/?s={search_term_string}"},"query-input":"required name=search_term_string"}],"inLanguage":"es"},{"@type":"Person","@id":"https:\/\/www.nebrija.com\/medios\/actualidadnebrija\/#\/schema\/person\/d76457054475ea5cb05bcbbf8a9d5463","name":"apardos","image":{"@type":"ImageObject","inLanguage":"es","@id":"https:\/\/www.nebrija.com\/medios\/actualidadnebrija\/#\/schema\/person\/image\/","url":"https:\/\/secure.gravatar.com\/avatar\/8652f48beb358c3cb72db787a406cf45?s=96&d=mm&r=g","contentUrl":"https:\/\/secure.gravatar.com\/avatar\/8652f48beb358c3cb72db787a406cf45?s=96&d=mm&r=g","caption":"apardos"},"url":"https:\/\/www.nebrija.com\/medios\/actualidadnebrija\/author\/apardos\/"}]}},"_links":{"self":[{"href":"https:\/\/www.nebrija.com\/medios\/actualidadnebrija\/wp-json\/wp\/v2\/posts\/81953"}],"collection":[{"href":"https:\/\/www.nebrija.com\/medios\/actualidadnebrija\/wp-json\/wp\/v2\/posts"}],"about":[{"href":"https:\/\/www.nebrija.com\/medios\/actualidadnebrija\/wp-json\/wp\/v2\/types\/post"}],"author":[{"embeddable":true,"href":"https:\/\/www.nebrija.com\/medios\/actualidadnebrija\/wp-json\/wp\/v2\/users\/1281"}],"replies":[{"embeddable":true,"href":"https:\/\/www.nebrija.com\/medios\/actualidadnebrija\/wp-json\/wp\/v2\/comments?post=81953"}],"version-history":[{"count":9,"href":"https:\/\/www.nebrija.com\/medios\/actualidadnebrija\/wp-json\/wp\/v2\/posts\/81953\/revisions"}],"predecessor-version":[{"id":82189,"href":"https:\/\/www.nebrija.com\/medios\/actualidadnebrija\/wp-json\/wp\/v2\/posts\/81953\/revisions\/82189"}],"wp:featuredmedia":[{"embeddable":true,"href":"https:\/\/www.nebrija.com\/medios\/actualidadnebrija\/wp-json\/wp\/v2\/media\/81954"}],"wp:attachment":[{"href":"https:\/\/www.nebrija.com\/medios\/actualidadnebrija\/wp-json\/wp\/v2\/media?parent=81953"}],"wp:term":[{"taxonomy":"category","embeddable":true,"href":"https:\/\/www.nebrija.com\/medios\/actualidadnebrija\/wp-json\/wp\/v2\/categories?post=81953"},{"taxonomy":"post_tag","embeddable":true,"href":"https:\/\/www.nebrija.com\/medios\/actualidadnebrija\/wp-json\/wp\/v2\/tags?post=81953"}],"curies":[{"name":"wp","href":"https:\/\/api.w.org\/{rel}","templated":true}]}}