{"id":82387,"date":"2022-12-05T12:22:34","date_gmt":"2022-12-05T11:22:34","guid":{"rendered":"https:\/\/www.nebrija.com\/medios\/actualidadnebrija\/?p=82387"},"modified":"2022-12-05T12:24:08","modified_gmt":"2022-12-05T11:24:08","slug":"nebrija-el-padre-del-espanol-una-ambiciosa-apuesta-digital","status":"publish","type":"post","link":"https:\/\/www.nebrija.com\/medios\/actualidadnebrija\/2022\/12\/05\/nebrija-el-padre-del-espanol-una-ambiciosa-apuesta-digital\/","title":{"rendered":"\u2018Nebrija. El padre del espa\u00f1ol\u2019, una ambiciosa apuesta digital"},"content":{"rendered":"<p>Con motivo de la conmemoraci\u00f3n del V Centenario de Antonio de Nebrija, la <a href=\"https:\/\/nebrija500.es\/\">Fundaci\u00f3n Antonio de Nebrija<\/a> y <a href=\"https:\/\/artsandculture.google.com\/\">Google Arts &amp; Culture<\/a> presentaron en la <a href=\"https:\/\/www.bne.es\/es\">Biblioteca Nacional de Espa\u00f1a<\/a> el proyecto cultural <em>Nebrija. El padre del espa\u00f1ol<\/em>. Se trata de una iniciativa divulgativa que comprende m\u00e1s de 40 exposiciones digitales y varios experimentos\u00a0gratuitos que profundizan sobre la apasionante figura del primer humanista espa\u00f1ol y sobre la evoluci\u00f3n y alcance actual de nuestra lengua.<\/p>\n<p>El acto de presentaci\u00f3n de Nebrija. El padre del espa\u00f1ol consisti\u00f3 en una experiencia inmersiva que invitaba a los presentes a sumergirse en los ricos y variados contenidos del proyecto. Los encargados de dar la bienvenida a esta iniciativa fueron F\u00e9lix Bola\u00f1os, ministro de la Presidencia, Relaciones con las Cortes y Memoria Democr\u00e1tica; Miguel Escassi, director de Relaciones Institucionales de Google Espa\u00f1a y Portugal y Jos\u00e9 Mu\u00f1iz, rector de la <a href=\"https:\/\/www.nebrija.com\/\">Universidad Nebrija<\/a> y presidente de la Comisi\u00f3n del V Centenario de Nebrija. Presentados por la directora de Comunicaci\u00f3n de la Universidad Nebrija, Mar\u00eda Gil, la directora del programa Google Arts &amp; Culture, Elisabeth Callot, y Rodrigo D\u00edaz, creativo de la Universidad Nebrija responsable del proyecto, realizaron una demostraci\u00f3n en vivo de lo que la iniciativa puede ofrecer al p\u00fablico.<\/p>\n<p>Buceando entre las exposiciones digitales, los visitantes podr\u00e1n conocer en profundidad las facetas profesional y personal de Antonio de Nebrija, descubrir sus obras m\u00e1s valiosas, recorrer de manera interactiva las ciudades en las que vivi\u00f3 y trabaj\u00f3 el humanista, y adem\u00e1s entender mejor su legado con la ayuda de v\u00eddeos protagonizados por expertos investigadores y ling\u00fcistas. Para que Nebrija. El padre del espa\u00f1ol sea una realidad y para alcanzar la dimensi\u00f3n obtenida, ha sido necesario que numerosas instituciones, p\u00fablicas y privadas, hayan colaborado digitalizando sus fondos en alta resoluci\u00f3n.<\/p>\n<p>Adem\u00e1s de ocuparse en profundidad de la figura de Nebrija, el proyecto incluye tambi\u00e9n exposiciones sobre el espa\u00f1ol en el mundo: la diversidad de los acentos, el origen y la historia del idioma en cada regi\u00f3n donde se habla, las obras principales y documentos digitalizados que evidencian la evoluci\u00f3n de nuestra lengua.<\/p>\n<p>En su discurso, Bola\u00f1os puso hincapi\u00e9 en uno de los aspectos m\u00e1s destacables de la figura del gram\u00e1tico, su pasi\u00f3n por la educaci\u00f3n y su absoluta modernidad. &#8220;Nebrija entronca con una constante b\u00fasqueda del conocimiento y la educaci\u00f3n que le llev\u00f3 a ser acusado por la Inquisici\u00f3n de la que se salv\u00f3 gracias a su amigo el cardenal Cisneros. Cuando termin\u00f3 aquella persecuci\u00f3n, Nebrija escribi\u00f3 <em>Apolog\u00eda<\/em> un libro que hoy se puede leer y es de una actualidad rabiosa. <em>Apolog\u00eda<\/em> es el primer alegato en favor de la libertad de expresi\u00f3n y en contra de la censura. Fue un valiente que marc\u00f3 el camino. En la sociedad actual vivimos 47.000 personas con 47.000 formas de pensar diferentes. Resulta imprescindible que todos encontremos espacios de entendimiento, resulta imprescindible que miremos a la figura de Nebrija&#8221;.<\/p>\n<p>Por su parte, Miguel Escassi, director de Relaciones Institucionales para Google Espa\u00f1a y Portugal, destac\u00f3 c\u00f3mo &#8220;a trav\u00e9s de la digitalizaci\u00f3n hemos podido inmortalizar el legado de Antonio de Nebrija, considerado el padre del espa\u00f1ol por su aportaci\u00f3n al desarrollo y evoluci\u00f3n del idioma. La tecnolog\u00eda permite cada d\u00eda a Google Arts &amp; Culture cumplir con su prop\u00f3sito de hacer m\u00e1s accesible la cultura, el arte y la historia a la sociedad de todo el mundo&#8221;.<\/p>\n<p>El rector de la Universidad Nebrija y presidente de la Comisi\u00f3n del V Centenario, Jos\u00e9 Mu\u00f1iz, asegur\u00f3 que &#8220;proyectos como Nebrija. El padre del espa\u00f1ol son fundamentales para acercar el conocimiento a todos los rincones del mundo. Esta recopilaci\u00f3n re\u00fane en un solo espacio infinidad de obras incunables digitalizadas, documentos hist\u00f3ricos, material gr\u00e1fico y audiovisual que hasta ahora estaba diseminado en m\u00faltiples foros. Es un ejemplo perfecto de c\u00f3mo la tecnolog\u00eda puede contribuir decisivamente a la difusi\u00f3n del saber. Es tambi\u00e9n una feliz simbiosis entre tradici\u00f3n y modernidad, legado e innovaci\u00f3n, que esperamos que ayude a muchas personas a descubrir hasta qu\u00e9 punto Nebrija era un personaje fascinante y c\u00f3mo influy\u00f3 en la lengua que hoy compartimos m\u00e1s de 500 millones de personas&#8221;.<\/p>\n<p><strong>Desde el primer alfabeto hasta el espa\u00f1ol en \u00c1frica <\/strong><\/p>\n<p>Entre las m\u00e1s de 40 exposiciones, Nebrija. El padre del espa\u00f1ol descubre a sus visitantes digitales la historia del alfabeto espa\u00f1ol, c\u00f3mo era el idioma de los jud\u00edos sefard\u00edes expulsados de la Pen\u00ednsula Ib\u00e9rica en el siglo XV, la historia del espa\u00f1ol en \u00c1frica, las dificultades para distinguir a un hablante que vive en Buenos Aires de otro que viva en Montevideo o el debate que existe entre las denominaciones de &#8216;espa\u00f1ol&#8217; y &#8216;castellano&#8217;.<\/p>\n<p>Por supuesto, entre la oferta de Nebrija. El padre del espa\u00f1ol<strong>,<\/strong> no falta la historia de la &#8216;\u00f1&#8217;, una se\u00f1a de identidad<em>, <\/em>la decimoquinta letra del alfabeto que\u00a0nos permite ense\u00f1ar, acompa\u00f1ar, dise\u00f1ar, a\u00f1orar o so\u00f1ar, entre otros 15 mil vocablos. No s\u00f3lo existe en nuestro idioma, no siempre fue as\u00ed y lo m\u00e1s curioso, poco saben que estuvo a punto de desaparecer a finales del siglo XX cuando la Uni\u00f3n Europea quiso unificar los teclados. Ni el espa\u00f1ol ser\u00eda lo mismo sin la figura de Nebrija, ni Espa\u00f1a ser\u00eda la misma sin esta letra.<\/p>\n<p>En el marco de la celebraci\u00f3n del V Centenario de la muerte de Antonio de Nebrija, Google Arts &amp; Culture pone en valor el legado de Antonio de Nebrija y acerca su figura a la sociedad gracias a su tecnolog\u00eda, poniendo como foco principal el uso de la Lengua Espa\u00f1ola alrededor del mundo. Google Arts &amp; Culture nace en 2011 y es la iniciativa de Google que pone al alcance de todos y todas m\u00e1s de 2.000 museos en todo el mundo con el fin de ofrecer la posibilidad de explorar de cerca el arte, la historia y las maravillas del mundo. Con el proyecto Nebrija. El padre del espa\u00f1ol<strong>, <\/strong>Google acerca la figura de Nebrija a todo el mundo aportando mayor contexto sobre sus obras y vida, as\u00ed como explorando su influencia social y cultural en el siglo XXI.<\/p>\n\n\t\t<style type=\"text\/css\">\n\t\t\t#gallery-1 {\n\t\t\t\tmargin: auto;\n\t\t\t}\n\t\t\t#gallery-1 .gallery-item {\n\t\t\t\tfloat: left;\n\t\t\t\tmargin-top: 10px;\n\t\t\t\ttext-align: center;\n\t\t\t\twidth: 25%;\n\t\t\t}\n\t\t\t#gallery-1 img {\n\t\t\t\tborder: 2px solid #cfcfcf;\n\t\t\t}\n\t\t\t#gallery-1 .gallery-caption {\n\t\t\t\tmargin-left: 0;\n\t\t\t}\n\t\t\t\/* see gallery_shortcode() in wp-includes\/media.php *\/\n\t\t<\/style>\n\t\t<div id='gallery-1' class='gallery galleryid-82387 gallery-columns-4 gallery-size-thumbnail'><dl class='gallery-item'>\n\t\t\t<dt class='gallery-icon landscape'>\n\t\t\t\t<a href='https:\/\/www.nebrija.com\/medios\/actualidadnebrija\/wp-content\/uploads\/sites\/2\/2022\/12\/Nebrija-Google-8.jpg'><img loading=\"lazy\" decoding=\"async\" width=\"150\" height=\"100\" src=\"https:\/\/www.nebrija.com\/medios\/actualidadnebrija\/wp-content\/uploads\/sites\/2\/2022\/12\/Nebrija-Google-8-150x100.jpg\" class=\"attachment-thumbnail size-thumbnail\" alt=\"Nebrija. El padre del espa\u00f1ol\" \/><\/a>\n\t\t\t<\/dt><\/dl><dl class='gallery-item'>\n\t\t\t<dt class='gallery-icon landscape'>\n\t\t\t\t<a href='https:\/\/www.nebrija.com\/medios\/actualidadnebrija\/wp-content\/uploads\/sites\/2\/2022\/12\/Nebrija-Google-28.jpg'><img loading=\"lazy\" decoding=\"async\" width=\"150\" height=\"100\" src=\"https:\/\/www.nebrija.com\/medios\/actualidadnebrija\/wp-content\/uploads\/sites\/2\/2022\/12\/Nebrija-Google-28-150x100.jpg\" class=\"attachment-thumbnail size-thumbnail\" alt=\"Nebrija. El padre del espa\u00f1ol\" \/><\/a>\n\t\t\t<\/dt><\/dl><dl class='gallery-item'>\n\t\t\t<dt class='gallery-icon landscape'>\n\t\t\t\t<a href='https:\/\/www.nebrija.com\/medios\/actualidadnebrija\/wp-content\/uploads\/sites\/2\/2022\/12\/Nebrija-Google-12-e1757336299226.jpg'><img loading=\"lazy\" decoding=\"async\" width=\"150\" height=\"100\" src=\"https:\/\/www.nebrija.com\/medios\/actualidadnebrija\/wp-content\/uploads\/sites\/2\/2022\/12\/Nebrija-Google-12-150x100.jpg\" class=\"attachment-thumbnail size-thumbnail\" alt=\"Nebrija. El padre del espa\u00f1ol\" \/><\/a>\n\t\t\t<\/dt><\/dl><dl class='gallery-item'>\n\t\t\t<dt class='gallery-icon landscape'>\n\t\t\t\t<a href='https:\/\/www.nebrija.com\/medios\/actualidadnebrija\/wp-content\/uploads\/sites\/2\/2022\/12\/Nebrija-Google-16.jpg'><img loading=\"lazy\" decoding=\"async\" width=\"150\" height=\"100\" src=\"https:\/\/www.nebrija.com\/medios\/actualidadnebrija\/wp-content\/uploads\/sites\/2\/2022\/12\/Nebrija-Google-16-150x100.jpg\" class=\"attachment-thumbnail size-thumbnail\" alt=\"Nebrija. El padre del espa\u00f1ol\" \/><\/a>\n\t\t\t<\/dt><\/dl><br style=\"clear: both\" \/><dl class='gallery-item'>\n\t\t\t<dt class='gallery-icon landscape'>\n\t\t\t\t<a href='https:\/\/www.nebrija.com\/medios\/actualidadnebrija\/wp-content\/uploads\/sites\/2\/2022\/12\/Nebrija-Google-18.jpg'><img loading=\"lazy\" decoding=\"async\" width=\"150\" height=\"100\" src=\"https:\/\/www.nebrija.com\/medios\/actualidadnebrija\/wp-content\/uploads\/sites\/2\/2022\/12\/Nebrija-Google-18-150x100.jpg\" class=\"attachment-thumbnail size-thumbnail\" alt=\"Nebrija. El padre del espa\u00f1ol\" \/><\/a>\n\t\t\t<\/dt><\/dl><dl class='gallery-item'>\n\t\t\t<dt class='gallery-icon landscape'>\n\t\t\t\t<a href='https:\/\/www.nebrija.com\/medios\/actualidadnebrija\/wp-content\/uploads\/sites\/2\/2022\/12\/Nebrija-Google-19.jpg'><img loading=\"lazy\" decoding=\"async\" width=\"150\" height=\"100\" src=\"https:\/\/www.nebrija.com\/medios\/actualidadnebrija\/wp-content\/uploads\/sites\/2\/2022\/12\/Nebrija-Google-19-150x100.jpg\" class=\"attachment-thumbnail size-thumbnail\" alt=\"Nebrija. El padre del espa\u00f1ol\" \/><\/a>\n\t\t\t<\/dt><\/dl><dl class='gallery-item'>\n\t\t\t<dt class='gallery-icon landscape'>\n\t\t\t\t<a href='https:\/\/www.nebrija.com\/medios\/actualidadnebrija\/wp-content\/uploads\/sites\/2\/2022\/12\/Nebrija-Google-21.jpg'><img loading=\"lazy\" decoding=\"async\" width=\"150\" height=\"100\" src=\"https:\/\/www.nebrija.com\/medios\/actualidadnebrija\/wp-content\/uploads\/sites\/2\/2022\/12\/Nebrija-Google-21-150x100.jpg\" class=\"attachment-thumbnail size-thumbnail\" alt=\"Nebrija. El padre del espa\u00f1ol\" \/><\/a>\n\t\t\t<\/dt><\/dl><dl class='gallery-item'>\n\t\t\t<dt class='gallery-icon landscape'>\n\t\t\t\t<a href='https:\/\/www.nebrija.com\/medios\/actualidadnebrija\/wp-content\/uploads\/sites\/2\/2022\/12\/Nebrija-Google-22.jpg'><img loading=\"lazy\" decoding=\"async\" width=\"150\" height=\"100\" src=\"https:\/\/www.nebrija.com\/medios\/actualidadnebrija\/wp-content\/uploads\/sites\/2\/2022\/12\/Nebrija-Google-22-150x100.jpg\" class=\"attachment-thumbnail size-thumbnail\" alt=\"Nebrija. El padre del espa\u00f1ol\" \/><\/a>\n\t\t\t<\/dt><\/dl><br style=\"clear: both\" \/><dl class='gallery-item'>\n\t\t\t<dt class='gallery-icon landscape'>\n\t\t\t\t<a href='https:\/\/www.nebrija.com\/medios\/actualidadnebrija\/wp-content\/uploads\/sites\/2\/2022\/12\/Nebrija-Google-25.jpg'><img loading=\"lazy\" decoding=\"async\" width=\"150\" height=\"100\" src=\"https:\/\/www.nebrija.com\/medios\/actualidadnebrija\/wp-content\/uploads\/sites\/2\/2022\/12\/Nebrija-Google-25-150x100.jpg\" class=\"attachment-thumbnail size-thumbnail\" alt=\"Nebrija. El padre del espa\u00f1ol\" \/><\/a>\n\t\t\t<\/dt><\/dl><dl class='gallery-item'>\n\t\t\t<dt class='gallery-icon landscape'>\n\t\t\t\t<a href='https:\/\/www.nebrija.com\/medios\/actualidadnebrija\/wp-content\/uploads\/sites\/2\/2022\/12\/Nebrija-Google-26.jpg'><img loading=\"lazy\" decoding=\"async\" width=\"150\" height=\"104\" src=\"https:\/\/www.nebrija.com\/medios\/actualidadnebrija\/wp-content\/uploads\/sites\/2\/2022\/12\/Nebrija-Google-26-150x104.jpg\" class=\"attachment-thumbnail size-thumbnail\" alt=\"Nebrija. El padre del espa\u00f1ol\" \/><\/a>\n\t\t\t<\/dt><\/dl><dl class='gallery-item'>\n\t\t\t<dt class='gallery-icon landscape'>\n\t\t\t\t<a href='https:\/\/www.nebrija.com\/medios\/actualidadnebrija\/wp-content\/uploads\/sites\/2\/2022\/12\/Nebrija-Google-30.jpg'><img loading=\"lazy\" decoding=\"async\" width=\"150\" height=\"100\" src=\"https:\/\/www.nebrija.com\/medios\/actualidadnebrija\/wp-content\/uploads\/sites\/2\/2022\/12\/Nebrija-Google-30-150x100.jpg\" class=\"attachment-thumbnail size-thumbnail\" alt=\"Nebrija. El padre del espa\u00f1ol\" \/><\/a>\n\t\t\t<\/dt><\/dl><dl class='gallery-item'>\n\t\t\t<dt class='gallery-icon landscape'>\n\t\t\t\t<a href='https:\/\/www.nebrija.com\/medios\/actualidadnebrija\/wp-content\/uploads\/sites\/2\/2022\/12\/Nebrija-Google-15.jpg'><img loading=\"lazy\" decoding=\"async\" width=\"150\" height=\"100\" src=\"https:\/\/www.nebrija.com\/medios\/actualidadnebrija\/wp-content\/uploads\/sites\/2\/2022\/12\/Nebrija-Google-15-150x100.jpg\" class=\"attachment-thumbnail size-thumbnail\" alt=\"Nebrija. El padre del espa\u00f1ol\" \/><\/a>\n\t\t\t<\/dt><\/dl><br style=\"clear: both\" \/>\n\t\t<\/div>\n\n","protected":false},"excerpt":{"rendered":"<p>Se trata de una iniciativa divulgativa que comprende m\u00e1s de 40 exposiciones digitales para conocer a fondo al gram\u00e1tico y la historia de nuestra lengua.<\/p>\n","protected":false},"author":1293,"featured_media":82389,"comment_status":"open","ping_status":"open","sticky":false,"template":"","format":"standard","meta":{"_acf_changed":false,"_monsterinsights_skip_tracking":false,"_monsterinsights_sitenote_active":false,"_monsterinsights_sitenote_note":"","_monsterinsights_sitenote_category":0,"footnotes":""},"categories":[1,3058,4776],"tags":[4469,4762,3124,3280,4470],"acf":[],"yoast_head":"<!-- This site is optimized with the Yoast SEO plugin v22.1 - https:\/\/yoast.com\/wordpress\/plugins\/seo\/ -->\n<title>\u2018Nebrija. El padre del espa\u00f1ol\u2019, una ambiciosa apuesta digital - Actualidad Nebrija<\/title>\n<meta name=\"description\" content=\"Nebrija. El padre del espa\u00f1ol profundiza en la obra del humanista y en la evoluci\u00f3n e importancia de la lengua castellana.\" \/>\n<meta name=\"robots\" content=\"index, follow, max-snippet:-1, max-image-preview:large, max-video-preview:-1\" \/>\n<link rel=\"canonical\" href=\"https:\/\/www.nebrija.com\/medios\/actualidadnebrija\/2022\/12\/05\/nebrija-el-padre-del-espanol-una-ambiciosa-apuesta-digital\/\" \/>\n<meta property=\"og:locale\" content=\"es_ES\" \/>\n<meta property=\"og:type\" content=\"article\" \/>\n<meta property=\"og:title\" content=\"\u2018Nebrija. El padre del espa\u00f1ol\u2019, una ambiciosa apuesta digital - Actualidad Nebrija\" \/>\n<meta property=\"og:description\" content=\"Nebrija. El padre del espa\u00f1ol profundiza en la obra del humanista y en la evoluci\u00f3n e importancia de la lengua castellana.\" \/>\n<meta property=\"og:url\" content=\"https:\/\/www.nebrija.com\/medios\/actualidadnebrija\/2022\/12\/05\/nebrija-el-padre-del-espanol-una-ambiciosa-apuesta-digital\/\" \/>\n<meta property=\"og:site_name\" content=\"Actualidad Nebrija\" \/>\n<meta property=\"article:published_time\" content=\"2022-12-05T11:22:34+00:00\" \/>\n<meta property=\"article:modified_time\" content=\"2022-12-05T11:24:08+00:00\" \/>\n<meta property=\"og:image\" content=\"https:\/\/www.nebrija.com\/medios\/actualidadnebrija\/wp-content\/uploads\/sites\/2\/2022\/12\/Nebrija-Google-14.jpg\" \/>\n\t<meta property=\"og:image:width\" content=\"977\" \/>\n\t<meta property=\"og:image:height\" content=\"652\" \/>\n\t<meta property=\"og:image:type\" content=\"image\/jpeg\" \/>\n<meta name=\"author\" content=\"mmartinlunas\" \/>\n<meta name=\"twitter:card\" content=\"summary_large_image\" \/>\n<meta name=\"twitter:label1\" content=\"Escrito por\" \/>\n\t<meta name=\"twitter:data1\" content=\"mmartinlunas\" \/>\n\t<meta name=\"twitter:label2\" content=\"Tiempo de lectura\" \/>\n\t<meta name=\"twitter:data2\" content=\"5 minutos\" \/>\n<!-- \/ Yoast SEO plugin. -->","yoast_head_json":{"title":"\u2018Nebrija. El padre del espa\u00f1ol\u2019, una ambiciosa apuesta digital - Actualidad Nebrija","description":"Nebrija. El padre del espa\u00f1ol profundiza en la obra del humanista y en la evoluci\u00f3n e importancia de la lengua castellana.","robots":{"index":"index","follow":"follow","max-snippet":"max-snippet:-1","max-image-preview":"max-image-preview:large","max-video-preview":"max-video-preview:-1"},"canonical":"https:\/\/www.nebrija.com\/medios\/actualidadnebrija\/2022\/12\/05\/nebrija-el-padre-del-espanol-una-ambiciosa-apuesta-digital\/","og_locale":"es_ES","og_type":"article","og_title":"\u2018Nebrija. El padre del espa\u00f1ol\u2019, una ambiciosa apuesta digital - Actualidad Nebrija","og_description":"Nebrija. El padre del espa\u00f1ol profundiza en la obra del humanista y en la evoluci\u00f3n e importancia de la lengua castellana.","og_url":"https:\/\/www.nebrija.com\/medios\/actualidadnebrija\/2022\/12\/05\/nebrija-el-padre-del-espanol-una-ambiciosa-apuesta-digital\/","og_site_name":"Actualidad Nebrija","article_published_time":"2022-12-05T11:22:34+00:00","article_modified_time":"2022-12-05T11:24:08+00:00","og_image":[{"width":977,"height":652,"url":"https:\/\/www.nebrija.com\/medios\/actualidadnebrija\/wp-content\/uploads\/sites\/2\/2022\/12\/Nebrija-Google-14.jpg","type":"image\/jpeg"}],"author":"mmartinlunas","twitter_card":"summary_large_image","twitter_misc":{"Escrito por":"mmartinlunas","Tiempo de lectura":"5 minutos"},"schema":{"@context":"https:\/\/schema.org","@graph":[{"@type":"WebPage","@id":"https:\/\/www.nebrija.com\/medios\/actualidadnebrija\/2022\/12\/05\/nebrija-el-padre-del-espanol-una-ambiciosa-apuesta-digital\/","url":"https:\/\/www.nebrija.com\/medios\/actualidadnebrija\/2022\/12\/05\/nebrija-el-padre-del-espanol-una-ambiciosa-apuesta-digital\/","name":"\u2018Nebrija. El padre del espa\u00f1ol\u2019, una ambiciosa apuesta digital - Actualidad Nebrija","isPartOf":{"@id":"https:\/\/www.nebrija.com\/medios\/actualidadnebrija\/#website"},"datePublished":"2022-12-05T11:22:34+00:00","dateModified":"2022-12-05T11:24:08+00:00","author":{"@id":"https:\/\/www.nebrija.com\/medios\/actualidadnebrija\/#\/schema\/person\/e8d870a28a7f65b9112ecd63b7cc9b07"},"description":"Nebrija. El padre del espa\u00f1ol profundiza en la obra del humanista y en la evoluci\u00f3n e importancia de la lengua castellana.","breadcrumb":{"@id":"https:\/\/www.nebrija.com\/medios\/actualidadnebrija\/2022\/12\/05\/nebrija-el-padre-del-espanol-una-ambiciosa-apuesta-digital\/#breadcrumb"},"inLanguage":"es","potentialAction":[{"@type":"ReadAction","target":["https:\/\/www.nebrija.com\/medios\/actualidadnebrija\/2022\/12\/05\/nebrija-el-padre-del-espanol-una-ambiciosa-apuesta-digital\/"]}]},{"@type":"BreadcrumbList","@id":"https:\/\/www.nebrija.com\/medios\/actualidadnebrija\/2022\/12\/05\/nebrija-el-padre-del-espanol-una-ambiciosa-apuesta-digital\/#breadcrumb","itemListElement":[{"@type":"ListItem","position":1,"name":"Home","item":"https:\/\/www.nebrija.com\/medios\/actualidadnebrija\/"},{"@type":"ListItem","position":2,"name":"\u2018Nebrija. El padre del espa\u00f1ol\u2019, una ambiciosa apuesta digital"}]},{"@type":"WebSite","@id":"https:\/\/www.nebrija.com\/medios\/actualidadnebrija\/#website","url":"https:\/\/www.nebrija.com\/medios\/actualidadnebrija\/","name":"Actualidad Nebrija","description":"Noticias de la Universidad Nebrija","potentialAction":[{"@type":"SearchAction","target":{"@type":"EntryPoint","urlTemplate":"https:\/\/www.nebrija.com\/medios\/actualidadnebrija\/?s={search_term_string}"},"query-input":"required name=search_term_string"}],"inLanguage":"es"},{"@type":"Person","@id":"https:\/\/www.nebrija.com\/medios\/actualidadnebrija\/#\/schema\/person\/e8d870a28a7f65b9112ecd63b7cc9b07","name":"mmartinlunas","image":{"@type":"ImageObject","inLanguage":"es","@id":"https:\/\/www.nebrija.com\/medios\/actualidadnebrija\/#\/schema\/person\/image\/","url":"https:\/\/secure.gravatar.com\/avatar\/d60b4c9ab884d829dbb6a5c78774aca9?s=96&d=mm&r=g","contentUrl":"https:\/\/secure.gravatar.com\/avatar\/d60b4c9ab884d829dbb6a5c78774aca9?s=96&d=mm&r=g","caption":"mmartinlunas"},"url":"https:\/\/www.nebrija.com\/medios\/actualidadnebrija\/author\/mmartinlunas\/"}]}},"_links":{"self":[{"href":"https:\/\/www.nebrija.com\/medios\/actualidadnebrija\/wp-json\/wp\/v2\/posts\/82387"}],"collection":[{"href":"https:\/\/www.nebrija.com\/medios\/actualidadnebrija\/wp-json\/wp\/v2\/posts"}],"about":[{"href":"https:\/\/www.nebrija.com\/medios\/actualidadnebrija\/wp-json\/wp\/v2\/types\/post"}],"author":[{"embeddable":true,"href":"https:\/\/www.nebrija.com\/medios\/actualidadnebrija\/wp-json\/wp\/v2\/users\/1293"}],"replies":[{"embeddable":true,"href":"https:\/\/www.nebrija.com\/medios\/actualidadnebrija\/wp-json\/wp\/v2\/comments?post=82387"}],"version-history":[{"count":9,"href":"https:\/\/www.nebrija.com\/medios\/actualidadnebrija\/wp-json\/wp\/v2\/posts\/82387\/revisions"}],"predecessor-version":[{"id":82418,"href":"https:\/\/www.nebrija.com\/medios\/actualidadnebrija\/wp-json\/wp\/v2\/posts\/82387\/revisions\/82418"}],"wp:featuredmedia":[{"embeddable":true,"href":"https:\/\/www.nebrija.com\/medios\/actualidadnebrija\/wp-json\/wp\/v2\/media\/82389"}],"wp:attachment":[{"href":"https:\/\/www.nebrija.com\/medios\/actualidadnebrija\/wp-json\/wp\/v2\/media?parent=82387"}],"wp:term":[{"taxonomy":"category","embeddable":true,"href":"https:\/\/www.nebrija.com\/medios\/actualidadnebrija\/wp-json\/wp\/v2\/categories?post=82387"},{"taxonomy":"post_tag","embeddable":true,"href":"https:\/\/www.nebrija.com\/medios\/actualidadnebrija\/wp-json\/wp\/v2\/tags?post=82387"}],"curies":[{"name":"wp","href":"https:\/\/api.w.org\/{rel}","templated":true}]}}