{"id":82435,"date":"2022-12-05T17:25:54","date_gmt":"2022-12-05T16:25:54","guid":{"rendered":"https:\/\/www.nebrija.com\/medios\/actualidadnebrija\/?p=82435"},"modified":"2022-12-07T16:04:05","modified_gmt":"2022-12-07T15:04:05","slug":"nebrija-inmersivo-el-poder-de-la-palabra-revive-la-esencia-quijotesca-del-padre-de-la-gramatica","status":"publish","type":"post","link":"https:\/\/www.nebrija.com\/medios\/actualidadnebrija\/2022\/12\/05\/nebrija-inmersivo-el-poder-de-la-palabra-revive-la-esencia-quijotesca-del-padre-de-la-gramatica\/","title":{"rendered":"&#8216;Nebrija inmersivo: el poder de la palabra&#8217; revive la esencia quijotesca del padre de la gram\u00e1tica"},"content":{"rendered":"<p>El alma de Antonio de Nebrija pulul\u00f3 por las ruinas de la Capilla del Oidor de Alcal\u00e1 de Henares en forma de <em>videomapping. <\/em>Lo hizo el viernes 2 de diciembre gracias al proyecto <em>Nebrija inmersivo: el poder de la palabra, <\/em>ideado por alumnos del grado <a href=\"https:\/\/www.nebrija.com\/carreras-universitarias\/grado-en-diseno-digital\/\">Dise\u00f1o Digital y Multimedia<\/a> de la <a href=\"https:\/\/www.nebrija.com\/\">Universidad Nebrija<\/a> con la colaboraci\u00f3n de alumnos de <a href=\"https:\/\/www.nebrija.com\/carreras-universitarias\/grado-en-bellas-artes\/\">Bellas Artes<\/a> y <a href=\"https:\/\/www.nebrija.com\/carreras-universitarias\/grado-en-comunicacion-audiovisual\/\">Comunicaci\u00f3n Audiovisual<\/a>. La esencia iluminada y quijotesca del padre de la gram\u00e1tica espa\u00f1ola sobrevol\u00f3 por los vestigios de la iglesia de Santa Mar\u00eda, aquella en la que un 9 de octubre de 1547 fue bautizado Miguel de Cervantes. El estreno de <em>Nebrija inmersivo: el poder de la palabra<\/em> se convirti\u00f3 en un sobrecogedor homenaje a las dos figuras m\u00e1s ilustres de Alcal\u00e1. Nebrija y Cervantes. Cervantes y Nebrija. Tanto monta, monta tanto.<\/p>\n<p>Un centenar de personas se congreg\u00f3 en aquel rinc\u00f3n alcala\u00edno donde la plaza de Cervantes pierde su nombre para disfrutar de un espect\u00e1culo audiovisual sobre la vida del primer humanista espa\u00f1ol, aquel que falleci\u00f3 en Alcal\u00e1 de Henares 25 a\u00f1os antes de que viera la luz el <em>Manco de Lepanto<\/em>. Ninguno de los dos disfrut\u00f3 del \u00e9xito en vida. A ambos la fama les lleg\u00f3 de manera p\u00f3stuma. Hoy, los dos son personajes ineludibles en el universo de las humanidades y la cultura espa\u00f1olas. Cazadores de palabras con el prop\u00f3sito de averiguar su esencia para concederles la gloria y la vida eterna.<\/p>\n<p>La velada estuvo encuadrada en los actos que conmemoran el V Centenario del humanista, as\u00ed como en el programa de festejos con los que <a href=\"https:\/\/www.ayto-alcaladehenares.es\/\">Alcal\u00e1 de Henares<\/a> celebra el vigesimocuarto aniversario de la declaraci\u00f3n de Ciudad Patrimonio de la Humanidad, actos impulsados por la Concejal\u00eda de Cultura, Turismo, Universidad, Casco Hist\u00f3rico, Festejos y Comunicaci\u00f3n Institucional de Alcal\u00e1.<\/p>\n<p>La teniente de alcalde y concejala de Patrimonio Hist\u00f3rico, Diana D\u00edaz del Pozo, se encarg\u00f3 de dar la bienvenida a los asistentes. Por su parte, Jos\u00e9 Mu\u00f1iz, rector de la Universidad Nebrija, explic\u00f3 a la concurrencia en qu\u00e9 ha consistido el a\u00f1o del V Centenario de Nebrija. Resumi\u00f3 los actos m\u00e1s significativos, como la gala del Teatro Real, &#8220;que se convirti\u00f3 en el pistoletazo de salida del V Centenario&#8221; o la reci\u00e9n inaugurada <a href=\"https:\/\/www.nebrija.com\/medios\/actualidadnebrija\/2022\/12\/01\/nebrija-el-orgullo-de-ser-gramatico-la-gran-exposicion-en-la-bne-que-culmina-el-v-centenario-de-antonio-de-nebrija\/\">exposici\u00f3n en la Biblioteca Nacional<\/a>, convertida en el colof\u00f3n y a la que apremi\u00f3 a visitar. &#8220;La exposici\u00f3n tiene un toque acad\u00e9mico y un toque de modernidad, porque Nebrija era un moderno. All\u00ed podr\u00e9is disfrutar de una experiencia inmersiva que os llevar\u00e1 a presenciar la conversaci\u00f3n que tuvo Nebrija con la reina Isabel o a Col\u00f3n desvelando su teor\u00eda sobre el mundo a los Reyes Cat\u00f3licos&#8221;.<\/p>\n<p>Mu\u00f1iz confes\u00f3 ante el p\u00fablico que, de todos los actos, si tuviera que elegir uno ser\u00eda la proyecci\u00f3n de <em>Nebrija inmersivo: el poder de la palabra<\/em>. &#8220;Porque fueron vuestros antepasados los que acogieron a Nebrija; porque \u00e9l era un educador, y estamos ante un trabajo de los alumnos de la Universidad, y por la innovaci\u00f3n de este acto. Hoy, Nebrija trabajar\u00eda con los estudiantes elaborando y digitalizando im\u00e1genes. Seguro que estar\u00eda inmerso en la edici\u00f3n de una gram\u00e1tica para los algoritmos&#8221;, a\u00f1adi\u00f3.<\/p>\n<p><em>Qu\u00e9 puedes hacer en esta rep\u00fablica donde se ofrecen premios a los que corrompen las sagradas escrituras y, por el contrario, a qui\u00e9nes restituyen lo alterado, a qui\u00e9nes recomponen lo da\u00f1ado, a qui\u00e9nes depuran lo que est\u00e1 lleno de errores se les impone tasa de infamia, soportan la censura de excomuni\u00f3n o d\u00f3nde, si te empe\u00f1as en defender tu postura, te puedes ver obligado a afrontar una muerte indigna.<\/em><\/p>\n<p><em>Yo no imagino desvar\u00edos, no hago suposiciones, no interpreto por conjeturas, sino que deduzco con razones muy firmes, con argumentos irrefutables, con demostraciones apod\u00edcticas. \u00bfQu\u00e9 diablo de servidumbre es \u00e9sta? \u00bfCon qu\u00e9 dominaci\u00f3n injusta y tir\u00e1nica que no te permite, respetando la piedad, decir libremente lo que pienses?<\/em><\/p>\n<p>Bajo la direcci\u00f3n creativa de la profesora Saudade Artiaga y la de Alejandro Contreras, profesor del Grado de Dise\u00f1o Digital y Multimedia y experto en <em>videomapping<\/em>, la exhibici\u00f3n, arranc\u00f3 con la lectura de un fragmento de <em>Apolog\u00eda<\/em>, el libro que escribi\u00f3 Nebrija cuando, por fin, se libr\u00f3 de la Inquisici\u00f3n. &#8220;Un libro de una actualidad rabiosa&#8221;, como lo defini\u00f3 F\u00e9lix Bola\u00f1os en la presentaci\u00f3n del <a href=\"https:\/\/www.nebrija.com\/medios\/actualidadnebrija\/2022\/12\/05\/nebrija-el-padre-del-espanol-una-ambiciosa-apuesta-digital\/\">proyecto Nebrija. El padre del espa\u00f1ol<\/a>. &#8220;El primer alegato en favor de la libertad de expresi\u00f3n y en contra de la censura&#8221;, a\u00f1adi\u00f3.<\/p>\n<p>Sin palabras, tan s\u00f3lo con im\u00e1genes, bajo los acordes de la banda sonora original compuesta por Mark Janipka y apoyados por el enigm\u00e1tico sonido en directo del chelo y el viol\u00edn de Gemma Dalmau y Zabdiel Hern\u00e1ndez, los alumnos transitaron durante unos minutos por la vida de Nebrija gracias a un proyecto que pretende fomentar la transversalidad entre carreras y facultades de la Universidad Nebrija.<\/p>\n\n\t\t<style type=\"text\/css\">\n\t\t\t#gallery-1 {\n\t\t\t\tmargin: auto;\n\t\t\t}\n\t\t\t#gallery-1 .gallery-item {\n\t\t\t\tfloat: left;\n\t\t\t\tmargin-top: 10px;\n\t\t\t\ttext-align: center;\n\t\t\t\twidth: 33%;\n\t\t\t}\n\t\t\t#gallery-1 img {\n\t\t\t\tborder: 2px solid #cfcfcf;\n\t\t\t}\n\t\t\t#gallery-1 .gallery-caption {\n\t\t\t\tmargin-left: 0;\n\t\t\t}\n\t\t\t\/* see gallery_shortcode() in wp-includes\/media.php *\/\n\t\t<\/style>\n\t\t<div id='gallery-1' class='gallery galleryid-82435 gallery-columns-3 gallery-size-thumbnail'><dl class='gallery-item'>\n\t\t\t<dt class='gallery-icon landscape'>\n\t\t\t\t<a href='https:\/\/www.nebrija.com\/medios\/actualidadnebrija\/wp-content\/uploads\/sites\/2\/2022\/12\/Nebrija-inmersivo-6-scaled.jpg'><img loading=\"lazy\" decoding=\"async\" width=\"150\" height=\"84\" src=\"https:\/\/www.nebrija.com\/medios\/actualidadnebrija\/wp-content\/uploads\/sites\/2\/2022\/12\/Nebrija-inmersivo-6-150x84.jpg\" class=\"attachment-thumbnail size-thumbnail\" alt=\"Nebrija inmersivo\" \/><\/a>\n\t\t\t<\/dt><\/dl><dl class='gallery-item'>\n\t\t\t<dt class='gallery-icon landscape'>\n\t\t\t\t<a href='https:\/\/www.nebrija.com\/medios\/actualidadnebrija\/wp-content\/uploads\/sites\/2\/2022\/12\/Nebrija-inmersivo-4-scaled-e1753708018825.jpg'><img loading=\"lazy\" decoding=\"async\" width=\"150\" height=\"85\" src=\"https:\/\/www.nebrija.com\/medios\/actualidadnebrija\/wp-content\/uploads\/sites\/2\/2022\/12\/Nebrija-inmersivo-4-150x85.jpg\" class=\"attachment-thumbnail size-thumbnail\" alt=\"Nebrija inmersivo\" \/><\/a>\n\t\t\t<\/dt><\/dl><dl class='gallery-item'>\n\t\t\t<dt class='gallery-icon landscape'>\n\t\t\t\t<a href='https:\/\/www.nebrija.com\/medios\/actualidadnebrija\/wp-content\/uploads\/sites\/2\/2022\/12\/Nebrija-inmersivo-1-scaled-e1752486377754.jpg'><img loading=\"lazy\" decoding=\"async\" width=\"150\" height=\"84\" src=\"https:\/\/www.nebrija.com\/medios\/actualidadnebrija\/wp-content\/uploads\/sites\/2\/2022\/12\/Nebrija-inmersivo-1-150x84.jpg\" class=\"attachment-thumbnail size-thumbnail\" alt=\"Nebrija inmersivo\" \/><\/a>\n\t\t\t<\/dt><\/dl><br style=\"clear: both\" \/><dl class='gallery-item'>\n\t\t\t<dt class='gallery-icon landscape'>\n\t\t\t\t<a href='https:\/\/www.nebrija.com\/medios\/actualidadnebrija\/wp-content\/uploads\/sites\/2\/2022\/12\/Nebrija-inmersivo-8-scaled-e1756466495743.jpg'><img loading=\"lazy\" decoding=\"async\" width=\"150\" height=\"88\" src=\"https:\/\/www.nebrija.com\/medios\/actualidadnebrija\/wp-content\/uploads\/sites\/2\/2022\/12\/Nebrija-inmersivo-8-150x88.jpg\" class=\"attachment-thumbnail size-thumbnail\" alt=\"Nebrija inmersivo\" \/><\/a>\n\t\t\t<\/dt><\/dl><dl class='gallery-item'>\n\t\t\t<dt class='gallery-icon landscape'>\n\t\t\t\t<a href='https:\/\/www.nebrija.com\/medios\/actualidadnebrija\/wp-content\/uploads\/sites\/2\/2022\/12\/Nebrija-inmersivo-2-scaled-e1753708130788.jpg'><img loading=\"lazy\" decoding=\"async\" width=\"150\" height=\"84\" src=\"https:\/\/www.nebrija.com\/medios\/actualidadnebrija\/wp-content\/uploads\/sites\/2\/2022\/12\/Nebrija-inmersivo-2-150x84.jpg\" class=\"attachment-thumbnail size-thumbnail\" alt=\"Nebrija inmersivo\" \/><\/a>\n\t\t\t<\/dt><\/dl><dl class='gallery-item'>\n\t\t\t<dt class='gallery-icon landscape'>\n\t\t\t\t<a href='https:\/\/www.nebrija.com\/medios\/actualidadnebrija\/wp-content\/uploads\/sites\/2\/2022\/12\/Nebrija-inmersivo-9-scaled-e1753707217719.jpg'><img loading=\"lazy\" decoding=\"async\" width=\"150\" height=\"84\" src=\"https:\/\/www.nebrija.com\/medios\/actualidadnebrija\/wp-content\/uploads\/sites\/2\/2022\/12\/Nebrija-inmersivo-9-150x84.jpg\" class=\"attachment-thumbnail size-thumbnail\" alt=\"Nebrija inmersivo\" \/><\/a>\n\t\t\t<\/dt><\/dl><br style=\"clear: both\" \/>\n\t\t<\/div>\n\n","protected":false},"excerpt":{"rendered":"<p>Los alumnos de la Universidad proyectan un &#8216;videomapping&#8217; en la fachada de la Capilla del Oidor en Alcal\u00e1.<\/p>\n","protected":false},"author":1293,"featured_media":82452,"comment_status":"open","ping_status":"open","sticky":false,"template":"","format":"standard","meta":{"_acf_changed":false,"_monsterinsights_skip_tracking":false,"_monsterinsights_sitenote_active":false,"_monsterinsights_sitenote_note":"","_monsterinsights_sitenote_category":0,"footnotes":""},"categories":[1,4776],"tags":[3282,3124,4290,3833],"acf":[],"yoast_head":"<!-- This site is optimized with the Yoast SEO plugin v22.1 - https:\/\/yoast.com\/wordpress\/plugins\/seo\/ -->\n<title>&#039;Nebrija inmersivo: el poder de la palabra&#039; revive la esencia quijotesca del padre de la gram\u00e1tica - Actualidad Nebrija<\/title>\n<meta name=\"description\" content=\"Los alumnos de la Universidad Nebrija proyectan un &#039;videomapping&#039; inmersivo en la fachada de la Capilla del Oidor en Alcal\u00e1 de Henares.\" \/>\n<meta name=\"robots\" content=\"index, follow, max-snippet:-1, max-image-preview:large, max-video-preview:-1\" \/>\n<link rel=\"canonical\" href=\"https:\/\/www.nebrija.com\/medios\/actualidadnebrija\/2022\/12\/05\/nebrija-inmersivo-el-poder-de-la-palabra-revive-la-esencia-quijotesca-del-padre-de-la-gramatica\/\" \/>\n<meta property=\"og:locale\" content=\"es_ES\" \/>\n<meta property=\"og:type\" content=\"article\" \/>\n<meta property=\"og:title\" content=\"&#039;Nebrija inmersivo: el poder de la palabra&#039; revive la esencia quijotesca del padre de la gram\u00e1tica - Actualidad Nebrija\" \/>\n<meta property=\"og:description\" content=\"Los alumnos de la Universidad Nebrija proyectan un &#039;videomapping&#039; inmersivo en la fachada de la Capilla del Oidor en Alcal\u00e1 de Henares.\" \/>\n<meta property=\"og:url\" content=\"https:\/\/www.nebrija.com\/medios\/actualidadnebrija\/2022\/12\/05\/nebrija-inmersivo-el-poder-de-la-palabra-revive-la-esencia-quijotesca-del-padre-de-la-gramatica\/\" \/>\n<meta property=\"og:site_name\" content=\"Actualidad Nebrija\" \/>\n<meta property=\"article:published_time\" content=\"2022-12-05T16:25:54+00:00\" \/>\n<meta property=\"article:modified_time\" content=\"2022-12-07T15:04:05+00:00\" \/>\n<meta property=\"og:image\" content=\"https:\/\/www.nebrija.com\/medios\/actualidadnebrija\/wp-content\/uploads\/sites\/2\/2022\/12\/Nebrija-inmersivo-3-scaled.jpg\" \/>\n\t<meta property=\"og:image:width\" content=\"2560\" \/>\n\t<meta property=\"og:image:height\" content=\"1440\" \/>\n\t<meta property=\"og:image:type\" content=\"image\/jpeg\" \/>\n<meta name=\"author\" content=\"mmartinlunas\" \/>\n<meta name=\"twitter:card\" content=\"summary_large_image\" \/>\n<meta name=\"twitter:label1\" content=\"Escrito por\" \/>\n\t<meta name=\"twitter:data1\" content=\"mmartinlunas\" \/>\n\t<meta name=\"twitter:label2\" content=\"Tiempo de lectura\" \/>\n\t<meta name=\"twitter:data2\" content=\"4 minutos\" \/>\n<!-- \/ Yoast SEO plugin. -->","yoast_head_json":{"title":"'Nebrija inmersivo: el poder de la palabra' revive la esencia quijotesca del padre de la gram\u00e1tica - Actualidad Nebrija","description":"Los alumnos de la Universidad Nebrija proyectan un 'videomapping' inmersivo en la fachada de la Capilla del Oidor en Alcal\u00e1 de Henares.","robots":{"index":"index","follow":"follow","max-snippet":"max-snippet:-1","max-image-preview":"max-image-preview:large","max-video-preview":"max-video-preview:-1"},"canonical":"https:\/\/www.nebrija.com\/medios\/actualidadnebrija\/2022\/12\/05\/nebrija-inmersivo-el-poder-de-la-palabra-revive-la-esencia-quijotesca-del-padre-de-la-gramatica\/","og_locale":"es_ES","og_type":"article","og_title":"'Nebrija inmersivo: el poder de la palabra' revive la esencia quijotesca del padre de la gram\u00e1tica - Actualidad Nebrija","og_description":"Los alumnos de la Universidad Nebrija proyectan un 'videomapping' inmersivo en la fachada de la Capilla del Oidor en Alcal\u00e1 de Henares.","og_url":"https:\/\/www.nebrija.com\/medios\/actualidadnebrija\/2022\/12\/05\/nebrija-inmersivo-el-poder-de-la-palabra-revive-la-esencia-quijotesca-del-padre-de-la-gramatica\/","og_site_name":"Actualidad Nebrija","article_published_time":"2022-12-05T16:25:54+00:00","article_modified_time":"2022-12-07T15:04:05+00:00","og_image":[{"width":2560,"height":1440,"url":"https:\/\/www.nebrija.com\/medios\/actualidadnebrija\/wp-content\/uploads\/sites\/2\/2022\/12\/Nebrija-inmersivo-3-scaled.jpg","type":"image\/jpeg"}],"author":"mmartinlunas","twitter_card":"summary_large_image","twitter_misc":{"Escrito por":"mmartinlunas","Tiempo de lectura":"4 minutos"},"schema":{"@context":"https:\/\/schema.org","@graph":[{"@type":"WebPage","@id":"https:\/\/www.nebrija.com\/medios\/actualidadnebrija\/2022\/12\/05\/nebrija-inmersivo-el-poder-de-la-palabra-revive-la-esencia-quijotesca-del-padre-de-la-gramatica\/","url":"https:\/\/www.nebrija.com\/medios\/actualidadnebrija\/2022\/12\/05\/nebrija-inmersivo-el-poder-de-la-palabra-revive-la-esencia-quijotesca-del-padre-de-la-gramatica\/","name":"'Nebrija inmersivo: el poder de la palabra' revive la esencia quijotesca del padre de la gram\u00e1tica - Actualidad Nebrija","isPartOf":{"@id":"https:\/\/www.nebrija.com\/medios\/actualidadnebrija\/#website"},"datePublished":"2022-12-05T16:25:54+00:00","dateModified":"2022-12-07T15:04:05+00:00","author":{"@id":"https:\/\/www.nebrija.com\/medios\/actualidadnebrija\/#\/schema\/person\/e8d870a28a7f65b9112ecd63b7cc9b07"},"description":"Los alumnos de la Universidad Nebrija proyectan un 'videomapping' inmersivo en la fachada de la Capilla del Oidor en Alcal\u00e1 de Henares.","breadcrumb":{"@id":"https:\/\/www.nebrija.com\/medios\/actualidadnebrija\/2022\/12\/05\/nebrija-inmersivo-el-poder-de-la-palabra-revive-la-esencia-quijotesca-del-padre-de-la-gramatica\/#breadcrumb"},"inLanguage":"es","potentialAction":[{"@type":"ReadAction","target":["https:\/\/www.nebrija.com\/medios\/actualidadnebrija\/2022\/12\/05\/nebrija-inmersivo-el-poder-de-la-palabra-revive-la-esencia-quijotesca-del-padre-de-la-gramatica\/"]}]},{"@type":"BreadcrumbList","@id":"https:\/\/www.nebrija.com\/medios\/actualidadnebrija\/2022\/12\/05\/nebrija-inmersivo-el-poder-de-la-palabra-revive-la-esencia-quijotesca-del-padre-de-la-gramatica\/#breadcrumb","itemListElement":[{"@type":"ListItem","position":1,"name":"Home","item":"https:\/\/www.nebrija.com\/medios\/actualidadnebrija\/"},{"@type":"ListItem","position":2,"name":"&#8216;Nebrija inmersivo: el poder de la palabra&#8217; revive la esencia quijotesca del padre de la gram\u00e1tica"}]},{"@type":"WebSite","@id":"https:\/\/www.nebrija.com\/medios\/actualidadnebrija\/#website","url":"https:\/\/www.nebrija.com\/medios\/actualidadnebrija\/","name":"Actualidad Nebrija","description":"Noticias de la Universidad Nebrija","potentialAction":[{"@type":"SearchAction","target":{"@type":"EntryPoint","urlTemplate":"https:\/\/www.nebrija.com\/medios\/actualidadnebrija\/?s={search_term_string}"},"query-input":"required name=search_term_string"}],"inLanguage":"es"},{"@type":"Person","@id":"https:\/\/www.nebrija.com\/medios\/actualidadnebrija\/#\/schema\/person\/e8d870a28a7f65b9112ecd63b7cc9b07","name":"mmartinlunas","image":{"@type":"ImageObject","inLanguage":"es","@id":"https:\/\/www.nebrija.com\/medios\/actualidadnebrija\/#\/schema\/person\/image\/","url":"https:\/\/secure.gravatar.com\/avatar\/d60b4c9ab884d829dbb6a5c78774aca9?s=96&d=mm&r=g","contentUrl":"https:\/\/secure.gravatar.com\/avatar\/d60b4c9ab884d829dbb6a5c78774aca9?s=96&d=mm&r=g","caption":"mmartinlunas"},"url":"https:\/\/www.nebrija.com\/medios\/actualidadnebrija\/author\/mmartinlunas\/"}]}},"_links":{"self":[{"href":"https:\/\/www.nebrija.com\/medios\/actualidadnebrija\/wp-json\/wp\/v2\/posts\/82435"}],"collection":[{"href":"https:\/\/www.nebrija.com\/medios\/actualidadnebrija\/wp-json\/wp\/v2\/posts"}],"about":[{"href":"https:\/\/www.nebrija.com\/medios\/actualidadnebrija\/wp-json\/wp\/v2\/types\/post"}],"author":[{"embeddable":true,"href":"https:\/\/www.nebrija.com\/medios\/actualidadnebrija\/wp-json\/wp\/v2\/users\/1293"}],"replies":[{"embeddable":true,"href":"https:\/\/www.nebrija.com\/medios\/actualidadnebrija\/wp-json\/wp\/v2\/comments?post=82435"}],"version-history":[{"count":18,"href":"https:\/\/www.nebrija.com\/medios\/actualidadnebrija\/wp-json\/wp\/v2\/posts\/82435\/revisions"}],"predecessor-version":[{"id":82465,"href":"https:\/\/www.nebrija.com\/medios\/actualidadnebrija\/wp-json\/wp\/v2\/posts\/82435\/revisions\/82465"}],"wp:featuredmedia":[{"embeddable":true,"href":"https:\/\/www.nebrija.com\/medios\/actualidadnebrija\/wp-json\/wp\/v2\/media\/82452"}],"wp:attachment":[{"href":"https:\/\/www.nebrija.com\/medios\/actualidadnebrija\/wp-json\/wp\/v2\/media?parent=82435"}],"wp:term":[{"taxonomy":"category","embeddable":true,"href":"https:\/\/www.nebrija.com\/medios\/actualidadnebrija\/wp-json\/wp\/v2\/categories?post=82435"},{"taxonomy":"post_tag","embeddable":true,"href":"https:\/\/www.nebrija.com\/medios\/actualidadnebrija\/wp-json\/wp\/v2\/tags?post=82435"}],"curies":[{"name":"wp","href":"https:\/\/api.w.org\/{rel}","templated":true}]}}