{"id":82878,"date":"2023-01-10T17:17:19","date_gmt":"2023-01-10T16:17:19","guid":{"rendered":"https:\/\/www.nebrija.com\/medios\/actualidadnebrija\/?p=82878"},"modified":"2023-01-10T17:18:16","modified_gmt":"2023-01-10T16:18:16","slug":"antonio-de-nebrija-y-la-revolucion-de-la-gramatica-latina","status":"publish","type":"post","link":"https:\/\/www.nebrija.com\/medios\/actualidadnebrija\/2023\/01\/10\/antonio-de-nebrija-y-la-revolucion-de-la-gramatica-latina\/","title":{"rendered":"Antonio de Nebrija y la revoluci\u00f3n de la gram\u00e1tica\u00a0latina"},"content":{"rendered":"<p>En 1465, cuando Antonio de Nebrija ingres\u00f3 en el Colegio de los espa\u00f1oles de Bolonia para cursar Teolog\u00eda, no pod\u00eda imaginar el vuelco que iba a dar su vida. Tras un bachillerato en Artes en Salamanca, deb\u00eda acometer estudios m\u00e1s elevados, esos que otorgaban fama y reconocimiento. Sin duda, la Teolog\u00eda era la disciplina reina y a \u00e9l no le faltaban ni ganas ni inteligencia para asumir el reto.<\/p>\n<p>Sin embargo, en Italia aquel proyecto inicial se trunc\u00f3. All\u00ed comprob\u00f3 que la ense\u00f1anza de la gram\u00e1tica hab\u00eda tomado un rumbo diferente. Bastaba hojear las <a href=\"https:\/\/www.cervantesvirtual.com\/obra\/elegantiae-linguae-latinae\/\"><em>Elegantiae linguae Latinae<\/em><\/a> de <a href=\"https:\/\/es.wikipedia.org\/wiki\/Lorenzo_Valla\">Lorenzo Valla<\/a> para darse cuenta de que la disciplina ya no ten\u00eda por objeto ense\u00f1ar lat\u00edn para hacerse entender en el \u00e1mbito escolar o curialesco. Las miras eran mucho m\u00e1s elevadas, pues se pretend\u00eda resucitar el lat\u00edn de anta\u00f1o, el de la antigua Roma.<\/p>\n<p>Hab\u00eda que volver a los autores cl\u00e1sicos, pero no era tarea f\u00e1cil. Aquel lat\u00edn a duras penas era comprendido por los fil\u00f3sofos, los juristas, los m\u00e9dicos o los propios profesores de gram\u00e1tica, que perd\u00edan as\u00ed una fuente b\u00e1sica de conocimientos.<\/p>\n<h2>El profesor y el gram\u00e1tico<\/h2>\n<p>Las encendidas palabras de Valla y el descubrimiento de las nuevas gram\u00e1ticas, como la de <a href=\"https:\/\/es.wikipedia.org\/wiki\/Niccol%C3%B2_Perotti\">Niccol\u00f2 Perotti<\/a>, que ten\u00edan como meta la recuperaci\u00f3n del lat\u00edn cl\u00e1sico, dejaron su huella en Nebrija. Tras cinco a\u00f1os de estudio en los que compagin\u00f3 la Teolog\u00eda con otros intereses m\u00e1s literarios, el joven estudiante regres\u00f3 a Espa\u00f1a requerido por el arzobispo de Sevilla para hacerse cargo de la educaci\u00f3n de Juan Rodr\u00edguez de Fonseca, sobrino del prelado.<\/p>\n<p>En palabras de Nebrija, aquellos tres a\u00f1os en la casa de los Fonseca fueron un periodo de ejercitaci\u00f3n para la batalla que vendr\u00eda luego. Pronto intuy\u00f3 que imponer un nuevo m\u00e9todo de estudio, con metas muy diferentes de las habituales, no iba a ser sencillo.<\/p>\n<p>Hab\u00eda que cambiar el curr\u00edculo escolar, desechar manuales bien asentados desde el siglo XIII (los \u00abapostizos y cotrahechos gramm\u00e1ticos non merecedores de ser nombrados\u00bb) y crear nuevas herramientas de estudio. La batalla, pues as\u00ed describe Nebrija su labor, comenz\u00f3 en 1476 tras obtener la c\u00e1tedra de Gram\u00e1tica en la Universidad de Salamanca.<\/p>\n<h2><em>Introductiones Latinae<\/em><\/h2>\n<p>La universidad salmantina se convirti\u00f3 en su basti\u00f3n y desde all\u00ed comenz\u00f3 una reconquista que no ten\u00eda otro objetivo que el de recuperar el brillante pasado cultural de anta\u00f1o. En 1481 aparecieron las <a href=\"http:\/\/bdh.bne.es\/bnesearch\/detalle\/bdh0000049004\"><em>Introductiones Latinae<\/em><\/a>, <a href=\"https:\/\/theconversation.com\/antonio-de-nebrija-profesor-182490\">un manual nacido de su experiencia docente<\/a>.<\/p>\n<figure class=\"align-center zoomable\"><a href=\"https:\/\/images.theconversation.com\/files\/502599\/original\/file-20221223-16-3m8d8o.jpg?ixlib=rb-1.1.0&amp;q=45&amp;auto=format&amp;w=1000&amp;fit=clip\"><img decoding=\"async\" src=\"https:\/\/images.theconversation.com\/files\/502599\/original\/file-20221223-16-3m8d8o.jpg?ixlib=rb-1.1.0&amp;q=45&amp;auto=format&amp;w=754&amp;fit=clip\" sizes=\"(min-width: 1466px) 754px, (max-width: 599px) 100vw, (min-width: 600px) 600px, 237px\" srcset=\"https:\/\/images.theconversation.com\/files\/502599\/original\/file-20221223-16-3m8d8o.jpg?ixlib=rb-1.1.0&amp;q=45&amp;auto=format&amp;w=600&amp;h=399&amp;fit=crop&amp;dpr=1 600w, https:\/\/images.theconversation.com\/files\/502599\/original\/file-20221223-16-3m8d8o.jpg?ixlib=rb-1.1.0&amp;q=30&amp;auto=format&amp;w=600&amp;h=399&amp;fit=crop&amp;dpr=2 1200w, https:\/\/images.theconversation.com\/files\/502599\/original\/file-20221223-16-3m8d8o.jpg?ixlib=rb-1.1.0&amp;q=15&amp;auto=format&amp;w=600&amp;h=399&amp;fit=crop&amp;dpr=3 1800w, https:\/\/images.theconversation.com\/files\/502599\/original\/file-20221223-16-3m8d8o.jpg?ixlib=rb-1.1.0&amp;q=45&amp;auto=format&amp;w=754&amp;h=501&amp;fit=crop&amp;dpr=1 754w, https:\/\/images.theconversation.com\/files\/502599\/original\/file-20221223-16-3m8d8o.jpg?ixlib=rb-1.1.0&amp;q=30&amp;auto=format&amp;w=754&amp;h=501&amp;fit=crop&amp;dpr=2 1508w, https:\/\/images.theconversation.com\/files\/502599\/original\/file-20221223-16-3m8d8o.jpg?ixlib=rb-1.1.0&amp;q=15&amp;auto=format&amp;w=754&amp;h=501&amp;fit=crop&amp;dpr=3 2262w\" alt=\"Imagen de una edici\u00f3n de la gram\u00e1tica latina de Nebrija.\" \/><\/a><figcaption><span class=\"caption\">Nebrija, <em>Introductiones latinae<\/em>, Salamanca: Alonso de Porras, 1481.<\/span><br \/>\n<span class=\"attribution\"><a class=\"source\" href=\"https:\/\/commons.wikimedia.org\/wiki\/File:Introductiones_latinae_1481_Nebrija.jpg\">Wikimedia Commons \/ BNE<\/a>, <a class=\"license\" href=\"http:\/\/creativecommons.org\/licenses\/by-sa\/4.0\/\">CC BY-SA<\/a><\/span><\/figcaption><\/figure>\n<p>En \u00e9l todo resultaba novedoso. De entrada, aparec\u00edan los paradigmas nominales (las declinaciones) y verbales (las conjugaciones) junto con unas listas de preposiciones, conjunciones, adverbios e interjecciones m\u00e1s habituales.<\/p>\n<p>El manual cubr\u00eda las necesidades de los alumnos noveles y los avanzados. Con brevedad, se atend\u00eda a las partes de la oraci\u00f3n, con nociones sencillas sobre la <em>constructio<\/em> o sintaxis; se dedicaba un apartado a la ortograf\u00eda, con observaciones sucintas sobre las letras, la s\u00edlaba, los diptongos o el comportamiento de las palabras griegas pasadas al lat\u00edn, y se a\u00f1ad\u00eda un cap\u00edtulo final dedicado al barbarismo y al solecismo, las dos grandes lacras que hab\u00eda que erradicar.<\/p>\n<p>Otra novedad importante fue la inclusi\u00f3n de dos breves glosarios. El primero, tras el cap\u00edtulo dedicado a las palabras griegas, recog\u00eda muchos nombres propios, algunos comunes y verbos, con alguna breve aclaraci\u00f3n en lat\u00edn o, en su caso, informaci\u00f3n de tipo gramatical (\u00abAbdera, urbs; fefellit a fallo\u00bb). El segundo, que se incorpora al final de la obra, tiene el aspecto de un breve diccionario con explicaciones en lat\u00edn y, en ocasiones, con equivalencias en castellano (\u00ababies: arbor est glandifera, haya\u00bb).<\/p>\n<h2>El futuro de la gram\u00e1tica latina<\/h2>\n<p>En esta primera versi\u00f3n de su manual, Nebrija dibuja ya las l\u00edneas maestras de lo que iba a ser <a href=\"https:\/\/www.bne.es\/es\/agenda\/exposicion-antonio-de-nebrija\">su dedicaci\u00f3n a la gram\u00e1tica<\/a>, con una doble preocupaci\u00f3n por las reglas y las palabras. \u00c9l entiende que, de acuerdo con Quintiliano, la gram\u00e1tica ten\u00eda dos grandes campos de acci\u00f3n: el estudio y establecimiento de reglas gramaticales (\u201cgram\u00e1tica met\u00f3dica\u201d) y el comentario e imitaci\u00f3n de los autores cl\u00e1sicos (\u201cgram\u00e1tica hist\u00f3rica\u201d).<\/p>\n<figure class=\"align-left zoomable\"><a href=\"https:\/\/images.theconversation.com\/files\/502601\/original\/file-20221223-30333-2pgpxr.jpg?ixlib=rb-1.1.0&amp;q=45&amp;auto=format&amp;w=1000&amp;fit=clip\"><img decoding=\"async\" src=\"https:\/\/images.theconversation.com\/files\/502601\/original\/file-20221223-30333-2pgpxr.jpg?ixlib=rb-1.1.0&amp;q=45&amp;auto=format&amp;w=237&amp;fit=clip\" sizes=\"(min-width: 1466px) 754px, (max-width: 599px) 100vw, (min-width: 600px) 600px, 237px\" srcset=\"https:\/\/images.theconversation.com\/files\/502601\/original\/file-20221223-30333-2pgpxr.jpg?ixlib=rb-1.1.0&amp;q=45&amp;auto=format&amp;w=600&amp;h=964&amp;fit=crop&amp;dpr=1 600w, https:\/\/images.theconversation.com\/files\/502601\/original\/file-20221223-30333-2pgpxr.jpg?ixlib=rb-1.1.0&amp;q=30&amp;auto=format&amp;w=600&amp;h=964&amp;fit=crop&amp;dpr=2 1200w, https:\/\/images.theconversation.com\/files\/502601\/original\/file-20221223-30333-2pgpxr.jpg?ixlib=rb-1.1.0&amp;q=15&amp;auto=format&amp;w=600&amp;h=964&amp;fit=crop&amp;dpr=3 1800w, https:\/\/images.theconversation.com\/files\/502601\/original\/file-20221223-30333-2pgpxr.jpg?ixlib=rb-1.1.0&amp;q=45&amp;auto=format&amp;w=754&amp;h=1211&amp;fit=crop&amp;dpr=1 754w, https:\/\/images.theconversation.com\/files\/502601\/original\/file-20221223-30333-2pgpxr.jpg?ixlib=rb-1.1.0&amp;q=30&amp;auto=format&amp;w=754&amp;h=1211&amp;fit=crop&amp;dpr=2 1508w, https:\/\/images.theconversation.com\/files\/502601\/original\/file-20221223-30333-2pgpxr.jpg?ixlib=rb-1.1.0&amp;q=15&amp;auto=format&amp;w=754&amp;h=1211&amp;fit=crop&amp;dpr=3 2262w\" alt=\"Retrato de Antonio de Nebrija escribiendo.\" \/><\/a><figcaption><span class=\"caption\">Retrato de Antonio de Nebrija; grabado de Sim\u00f3n Brieva por dibujo de Francisco Javier Ramos.<\/span><br \/>\n<span class=\"attribution\"><a class=\"source\" href=\"https:\/\/commons.wikimedia.org\/wiki\/File:Antonio_de_Nebrixa.jpg\">Wikimedia Commons<\/a><\/span><\/figcaption><\/figure>\n<p>De igual modo, comparte la idea de que la correcci\u00f3n ling\u00fc\u00edstica ha de venir definida por la <em>ratio<\/em>, el <em>usus<\/em>, los <em>auctores<\/em> y la <em>vetustas<\/em>. Dicho de otro modo, el gram\u00e1tico ten\u00eda que analizar los textos por medio de la raz\u00f3n para formular reglas y comprobar si las ya formuladas encajaban con los datos. La disciplina as\u00ed entendida deb\u00eda servirse del m\u00e9todo inductivo, lo que la hermanaba con otras materias \u00abcient\u00edficas\u00bb. Y todo ello part\u00eda de la consideraci\u00f3n de que el buen lat\u00edn, una lengua para entonces sin hablantes nativos, era el de los grandes autores de la Antig\u00fcedad.<\/p>\n<p>Nebrija se aplic\u00f3 con denuedo a estudiar todas las partes de la gram\u00e1tica, incluso aquellas en apariencia menores, desde la sencilla ortograf\u00eda, que afecta tanto a la escritura como a la correcta pronunciaci\u00f3n de las letras, hasta los problemas de <em>realia<\/em>. Los textos de distinta naturaleza invitaban a conocer el mundo y el <em>grammaticus<\/em> dejaba de ser un profesor de lat\u00edn para convertirse en <em>philologus<\/em>.<\/p>\n<p>A trav\u00e9s de sus <em>repetitiones<\/em>, de las sucesivas ediciones de las <em>Introductiones Latinae<\/em> y de sus diccionarios, Nebrija desarroll\u00f3 una ampl\u00edsima tarea intelectual que tuvo en el estudio de la palabra y la lengua latina su raz\u00f3n de ser. Como le record\u00f3 a la reina Isabel en sus <em>Introductiones<\/em> de 1495, la gram\u00e1tica est\u00e1 tan presente que \u00absi lees algo, si escribes, si hablas con alguien, si piensas algo para tus adentros, de ning\u00fan modo podr\u00edas hacerlo sin ella\u00bb.<!-- Below is The Conversation's page counter tag. Please DO NOT REMOVE. --><img loading=\"lazy\" decoding=\"async\" style=\"border: none !important; box-shadow: none !important; margin: 0 !important; max-height: 1px !important; max-width: 1px !important; min-height: 1px !important; min-width: 1px !important; opacity: 0 !important; outline: none !important; padding: 0 !important;\" src=\"https:\/\/counter.theconversation.com\/content\/196949\/count.gif?distributor=republish-lightbox-basic\" alt=\"The Conversation\" width=\"1\" height=\"1\" \/><!-- Fin del c\u00f3digo. Si no ve ning\u00fan c\u00f3digo arriba, por favor, obtenga el nuevo c\u00f3digo de la pesta\u00f1a Avanzado despu\u00e9s de hacer clic en el bot\u00f3n de republicar. El contador de p\u00e1ginas no recoge ning\u00fan dato personal. M\u00e1s informaci\u00f3n: http:\/\/theconversation.com\/es\/republishing-guidelines --><\/p>\n<p>&#8212;&#8212;&#8212;&#8212;&#8212;&#8212;<\/p>\n<p><a href=\"https:\/\/theconversation.com\/profiles\/teresa-jimenez-calvente-1402408\">Teresa Jim\u00e9nez Calvente<\/a>, catedr\u00e1tica de Filolog\u00eda Latina de la <em><a href=\"https:\/\/theconversation.com\/institutions\/universidad-de-alcala-3495\">Universidad de Alcal\u00e1. <\/a><\/em>Comisaria de la exposici\u00f3n<em>\u00a0Nebrija (c. 1444-1522). El orgullo de ser gram\u00e1tico \u00abGrammaticus nomen est professionis\u00bb.<\/em><\/p>\n<p>Este art\u00edculo fue publicado originalmente en <a href=\"https:\/\/theconversation.com\">The Conversation<\/a>. Lea el <a href=\"https:\/\/theconversation.com\/antonio-de-nebrija-y-la-revolucion-de-la-gramatica-latina-196949\">original<\/a>.<\/p>\n<p>Ilustraci\u00f3n de portada: C\u00f3mic <em>Nebrija, de <\/em>Agust\u00edn Comotto (<span class=\"attribution\"><a class=\"source\" href=\"https:\/\/www.nordicalibros.com\/product\/nebrija\/\">N\u00f3rdica Libros).<\/a><\/span><\/p>\n","protected":false},"excerpt":{"rendered":"<p>Art\u00edculo de Teresa Jim\u00e9nez Calvente, catedr\u00e1tica de Filolog\u00eda Latina de la Universidad de Alcal\u00e1 y comisaria de la exposici\u00f3n\u00a0`Nebrija (c. 1444-1522). El orgullo de ser gram\u00e1tico\u00b4.<\/p>\n","protected":false},"author":326,"featured_media":82879,"comment_status":"open","ping_status":"open","sticky":false,"template":"","format":"standard","meta":{"_acf_changed":false,"_monsterinsights_skip_tracking":false,"_monsterinsights_sitenote_active":false,"_monsterinsights_sitenote_note":"","_monsterinsights_sitenote_category":0,"footnotes":""},"categories":[3083],"tags":[4469,3895,3324,5167,4470],"acf":[],"yoast_head":"<!-- This site is optimized with the Yoast SEO plugin v22.1 - https:\/\/yoast.com\/wordpress\/plugins\/seo\/ -->\n<title>Antonio de Nebrija y la revoluci\u00f3n de la gram\u00e1tica\u00a0latina - Actualidad Nebrija<\/title>\n<meta name=\"description\" content=\"Art\u00edculo de Teresa Jim\u00e9nez Calvente, catedr\u00e1tica de Filolog\u00eda Latina de la Universidad de Alcal\u00e1 y comisaria de la exposici\u00f3n\u00a0`Nebrija (c. 1444-1522). El orgullo de ser gram\u00e1tico\u00b4.\" \/>\n<meta name=\"robots\" content=\"index, follow, max-snippet:-1, max-image-preview:large, max-video-preview:-1\" \/>\n<link rel=\"canonical\" href=\"https:\/\/www.nebrija.com\/medios\/actualidadnebrija\/2023\/01\/10\/antonio-de-nebrija-y-la-revolucion-de-la-gramatica-latina\/\" \/>\n<meta property=\"og:locale\" content=\"es_ES\" \/>\n<meta property=\"og:type\" content=\"article\" \/>\n<meta property=\"og:title\" content=\"Antonio de Nebrija y la revoluci\u00f3n de la gram\u00e1tica\u00a0latina - Actualidad Nebrija\" \/>\n<meta property=\"og:description\" content=\"Art\u00edculo de Teresa Jim\u00e9nez Calvente, catedr\u00e1tica de Filolog\u00eda Latina de la Universidad de Alcal\u00e1 y comisaria de la exposici\u00f3n\u00a0`Nebrija (c. 1444-1522). El orgullo de ser gram\u00e1tico\u00b4.\" \/>\n<meta property=\"og:url\" content=\"https:\/\/www.nebrija.com\/medios\/actualidadnebrija\/2023\/01\/10\/antonio-de-nebrija-y-la-revolucion-de-la-gramatica-latina\/\" \/>\n<meta property=\"og:site_name\" content=\"Actualidad Nebrija\" \/>\n<meta property=\"article:published_time\" content=\"2023-01-10T16:17:19+00:00\" \/>\n<meta property=\"article:modified_time\" content=\"2023-01-10T16:18:16+00:00\" \/>\n<meta property=\"og:image\" content=\"https:\/\/www.nebrija.com\/medios\/actualidadnebrija\/wp-content\/uploads\/sites\/2\/2023\/01\/Acomotto.jpg\" \/>\n\t<meta property=\"og:image:width\" content=\"905\" \/>\n\t<meta property=\"og:image:height\" content=\"675\" \/>\n\t<meta property=\"og:image:type\" content=\"image\/jpeg\" \/>\n<meta name=\"author\" content=\"jpicos\" \/>\n<meta name=\"twitter:card\" content=\"summary_large_image\" \/>\n<meta name=\"twitter:label1\" content=\"Escrito por\" \/>\n\t<meta name=\"twitter:data1\" content=\"jpicos\" \/>\n\t<meta name=\"twitter:label2\" content=\"Tiempo de lectura\" \/>\n\t<meta name=\"twitter:data2\" content=\"5 minutos\" \/>\n<!-- \/ Yoast SEO plugin. -->","yoast_head_json":{"title":"Antonio de Nebrija y la revoluci\u00f3n de la gram\u00e1tica\u00a0latina - Actualidad Nebrija","description":"Art\u00edculo de Teresa Jim\u00e9nez Calvente, catedr\u00e1tica de Filolog\u00eda Latina de la Universidad de Alcal\u00e1 y comisaria de la exposici\u00f3n\u00a0`Nebrija (c. 1444-1522). El orgullo de ser gram\u00e1tico\u00b4.","robots":{"index":"index","follow":"follow","max-snippet":"max-snippet:-1","max-image-preview":"max-image-preview:large","max-video-preview":"max-video-preview:-1"},"canonical":"https:\/\/www.nebrija.com\/medios\/actualidadnebrija\/2023\/01\/10\/antonio-de-nebrija-y-la-revolucion-de-la-gramatica-latina\/","og_locale":"es_ES","og_type":"article","og_title":"Antonio de Nebrija y la revoluci\u00f3n de la gram\u00e1tica\u00a0latina - Actualidad Nebrija","og_description":"Art\u00edculo de Teresa Jim\u00e9nez Calvente, catedr\u00e1tica de Filolog\u00eda Latina de la Universidad de Alcal\u00e1 y comisaria de la exposici\u00f3n\u00a0`Nebrija (c. 1444-1522). El orgullo de ser gram\u00e1tico\u00b4.","og_url":"https:\/\/www.nebrija.com\/medios\/actualidadnebrija\/2023\/01\/10\/antonio-de-nebrija-y-la-revolucion-de-la-gramatica-latina\/","og_site_name":"Actualidad Nebrija","article_published_time":"2023-01-10T16:17:19+00:00","article_modified_time":"2023-01-10T16:18:16+00:00","og_image":[{"width":905,"height":675,"url":"https:\/\/www.nebrija.com\/medios\/actualidadnebrija\/wp-content\/uploads\/sites\/2\/2023\/01\/Acomotto.jpg","type":"image\/jpeg"}],"author":"jpicos","twitter_card":"summary_large_image","twitter_misc":{"Escrito por":"jpicos","Tiempo de lectura":"5 minutos"},"schema":{"@context":"https:\/\/schema.org","@graph":[{"@type":"WebPage","@id":"https:\/\/www.nebrija.com\/medios\/actualidadnebrija\/2023\/01\/10\/antonio-de-nebrija-y-la-revolucion-de-la-gramatica-latina\/","url":"https:\/\/www.nebrija.com\/medios\/actualidadnebrija\/2023\/01\/10\/antonio-de-nebrija-y-la-revolucion-de-la-gramatica-latina\/","name":"Antonio de Nebrija y la revoluci\u00f3n de la gram\u00e1tica\u00a0latina - Actualidad Nebrija","isPartOf":{"@id":"https:\/\/www.nebrija.com\/medios\/actualidadnebrija\/#website"},"datePublished":"2023-01-10T16:17:19+00:00","dateModified":"2023-01-10T16:18:16+00:00","author":{"@id":"https:\/\/www.nebrija.com\/medios\/actualidadnebrija\/#\/schema\/person\/0cd40b7dd3f54459e2cfc009dbd255c6"},"description":"Art\u00edculo de Teresa Jim\u00e9nez Calvente, catedr\u00e1tica de Filolog\u00eda Latina de la Universidad de Alcal\u00e1 y comisaria de la exposici\u00f3n\u00a0`Nebrija (c. 1444-1522). El orgullo de ser gram\u00e1tico\u00b4.","breadcrumb":{"@id":"https:\/\/www.nebrija.com\/medios\/actualidadnebrija\/2023\/01\/10\/antonio-de-nebrija-y-la-revolucion-de-la-gramatica-latina\/#breadcrumb"},"inLanguage":"es","potentialAction":[{"@type":"ReadAction","target":["https:\/\/www.nebrija.com\/medios\/actualidadnebrija\/2023\/01\/10\/antonio-de-nebrija-y-la-revolucion-de-la-gramatica-latina\/"]}]},{"@type":"BreadcrumbList","@id":"https:\/\/www.nebrija.com\/medios\/actualidadnebrija\/2023\/01\/10\/antonio-de-nebrija-y-la-revolucion-de-la-gramatica-latina\/#breadcrumb","itemListElement":[{"@type":"ListItem","position":1,"name":"Home","item":"https:\/\/www.nebrija.com\/medios\/actualidadnebrija\/"},{"@type":"ListItem","position":2,"name":"Antonio de Nebrija y la revoluci\u00f3n de la gram\u00e1tica\u00a0latina"}]},{"@type":"WebSite","@id":"https:\/\/www.nebrija.com\/medios\/actualidadnebrija\/#website","url":"https:\/\/www.nebrija.com\/medios\/actualidadnebrija\/","name":"Actualidad Nebrija","description":"Noticias de la Universidad Nebrija","potentialAction":[{"@type":"SearchAction","target":{"@type":"EntryPoint","urlTemplate":"https:\/\/www.nebrija.com\/medios\/actualidadnebrija\/?s={search_term_string}"},"query-input":"required name=search_term_string"}],"inLanguage":"es"},{"@type":"Person","@id":"https:\/\/www.nebrija.com\/medios\/actualidadnebrija\/#\/schema\/person\/0cd40b7dd3f54459e2cfc009dbd255c6","name":"jpicos","image":{"@type":"ImageObject","inLanguage":"es","@id":"https:\/\/www.nebrija.com\/medios\/actualidadnebrija\/#\/schema\/person\/image\/","url":"https:\/\/secure.gravatar.com\/avatar\/c4a1005cff3fd9bb5185e9671f4f3e9b?s=96&d=mm&r=g","contentUrl":"https:\/\/secure.gravatar.com\/avatar\/c4a1005cff3fd9bb5185e9671f4f3e9b?s=96&d=mm&r=g","caption":"jpicos"},"url":"https:\/\/www.nebrija.com\/medios\/actualidadnebrija\/author\/jpicos\/"}]}},"_links":{"self":[{"href":"https:\/\/www.nebrija.com\/medios\/actualidadnebrija\/wp-json\/wp\/v2\/posts\/82878"}],"collection":[{"href":"https:\/\/www.nebrija.com\/medios\/actualidadnebrija\/wp-json\/wp\/v2\/posts"}],"about":[{"href":"https:\/\/www.nebrija.com\/medios\/actualidadnebrija\/wp-json\/wp\/v2\/types\/post"}],"author":[{"embeddable":true,"href":"https:\/\/www.nebrija.com\/medios\/actualidadnebrija\/wp-json\/wp\/v2\/users\/326"}],"replies":[{"embeddable":true,"href":"https:\/\/www.nebrija.com\/medios\/actualidadnebrija\/wp-json\/wp\/v2\/comments?post=82878"}],"version-history":[{"count":2,"href":"https:\/\/www.nebrija.com\/medios\/actualidadnebrija\/wp-json\/wp\/v2\/posts\/82878\/revisions"}],"predecessor-version":[{"id":82881,"href":"https:\/\/www.nebrija.com\/medios\/actualidadnebrija\/wp-json\/wp\/v2\/posts\/82878\/revisions\/82881"}],"wp:featuredmedia":[{"embeddable":true,"href":"https:\/\/www.nebrija.com\/medios\/actualidadnebrija\/wp-json\/wp\/v2\/media\/82879"}],"wp:attachment":[{"href":"https:\/\/www.nebrija.com\/medios\/actualidadnebrija\/wp-json\/wp\/v2\/media?parent=82878"}],"wp:term":[{"taxonomy":"category","embeddable":true,"href":"https:\/\/www.nebrija.com\/medios\/actualidadnebrija\/wp-json\/wp\/v2\/categories?post=82878"},{"taxonomy":"post_tag","embeddable":true,"href":"https:\/\/www.nebrija.com\/medios\/actualidadnebrija\/wp-json\/wp\/v2\/tags?post=82878"}],"curies":[{"name":"wp","href":"https:\/\/api.w.org\/{rel}","templated":true}]}}