{"id":83100,"date":"2023-01-23T10:22:37","date_gmt":"2023-01-23T09:22:37","guid":{"rendered":"https:\/\/www.nebrija.com\/medios\/actualidadnebrija\/?p=83100"},"modified":"2023-01-23T10:22:37","modified_gmt":"2023-01-23T09:22:37","slug":"metodologia-de-la-accion-tutorial-en-educacion-primaria","status":"publish","type":"post","link":"https:\/\/www.nebrija.com\/medios\/actualidadnebrija\/2023\/01\/23\/metodologia-de-la-accion-tutorial-en-educacion-primaria\/","title":{"rendered":"Metodolog\u00eda de la acci\u00f3n tutorial en Educaci\u00f3n Primaria"},"content":{"rendered":"<p><a href=\"https:\/\/biblioteca.nebrija.es\/cgi-bin\/opac\/?TITN=131561\"><strong><em>Metodolog\u00eda de la acci\u00f3n tutorial en Educaci\u00f3n Primaria<\/em><\/strong> <\/a>es el trabajo de un grupo de profesionales, coordinado por Antonia Ram\u00edrez Garc\u00eda, profesora titular del \u00e1rea de M\u00e9todos de Investigaci\u00f3n y Diagn\u00f3stico en Educaci\u00f3n y directora general de Formaci\u00f3n Permanente e Innovaci\u00f3n Docente de la Universidad de C\u00f3rdoba.<\/p>\n<p>Aborda las diferentes posibilidades de intervenci\u00f3n que ofrece la orientaci\u00f3n educativa y la acci\u00f3n tutorial en los centros escolares de educaci\u00f3n primaria. A trav\u00e9s de sus nueve cap\u00edtulos, mediante un proceso de resoluci\u00f3n de un caso pr\u00e1ctico, integrando teor\u00eda y pr\u00e1ctica docente, se logra un conocimiento exhaustivo de los aspectos que identifican el \u00e1mbito se\u00f1alado. Preguntas como \u00bfqu\u00e9 se tiene que saber sobre tutor\u00eda?, \u00bfqu\u00e9 hacer?, \u00bfc\u00f3mo organizar la tutor\u00eda y la relaci\u00f3n con las familias?, entre otras, hallar\u00e1n respuestas en este libro, un referente para la formaci\u00f3n de profesionales de la acci\u00f3n tutorial. Podr\u00e1s encontrarlo en la Biblioteca del Campus de Madrid-Princesa y localizarlo a trav\u00e9s del <a href=\"https:\/\/biblioteca.nebrija.es\/opac\"><strong>Cat\u00e1logo-OPAC ~ Web Portal<\/strong> <\/a>de la Red de Bibliotecas.<\/p>\n","protected":false},"excerpt":{"rendered":"<p>Metodolog\u00eda de la acci\u00f3n tutorial en Educaci\u00f3n Primaria es el trabajo de un grupo de profesionales, coordinado por Antonia Ram\u00edrez Garc\u00eda, profesora titular del \u00e1rea de M\u00e9todos de Investigaci\u00f3n y Diagn\u00f3stico en Educaci\u00f3n y directora general de Formaci\u00f3n Permanente e<\/p>\n","protected":false},"author":263,"featured_media":83101,"comment_status":"open","ping_status":"open","sticky":false,"template":"","format":"standard","meta":{"_acf_changed":false,"_monsterinsights_skip_tracking":false,"_monsterinsights_sitenote_active":false,"_monsterinsights_sitenote_note":"","_monsterinsights_sitenote_category":0,"footnotes":""},"categories":[3063],"tags":[],"acf":[],"yoast_head":"<!-- This site is optimized with the Yoast SEO plugin v22.1 - https:\/\/yoast.com\/wordpress\/plugins\/seo\/ -->\n<title>Metodolog\u00eda de la acci\u00f3n tutorial en Educaci\u00f3n Primaria - Actualidad Nebrija<\/title>\n<meta name=\"robots\" content=\"index, follow, max-snippet:-1, max-image-preview:large, max-video-preview:-1\" \/>\n<link rel=\"canonical\" href=\"https:\/\/www.nebrija.com\/medios\/actualidadnebrija\/2023\/01\/23\/metodologia-de-la-accion-tutorial-en-educacion-primaria\/\" \/>\n<meta property=\"og:locale\" content=\"es_ES\" \/>\n<meta property=\"og:type\" content=\"article\" \/>\n<meta property=\"og:title\" content=\"Metodolog\u00eda de la acci\u00f3n tutorial en Educaci\u00f3n Primaria - Actualidad Nebrija\" \/>\n<meta property=\"og:description\" content=\"Metodolog\u00eda de la acci\u00f3n tutorial en Educaci\u00f3n Primaria es el trabajo de un grupo de profesionales, coordinado por Antonia Ram\u00edrez Garc\u00eda, profesora titular del \u00e1rea de M\u00e9todos de Investigaci\u00f3n y Diagn\u00f3stico en Educaci\u00f3n y directora general de Formaci\u00f3n Permanente e\" \/>\n<meta property=\"og:url\" content=\"https:\/\/www.nebrija.com\/medios\/actualidadnebrija\/2023\/01\/23\/metodologia-de-la-accion-tutorial-en-educacion-primaria\/\" \/>\n<meta property=\"og:site_name\" content=\"Actualidad Nebrija\" \/>\n<meta property=\"article:published_time\" content=\"2023-01-23T09:22:37+00:00\" \/>\n<meta property=\"og:image\" content=\"https:\/\/www.nebrija.com\/medios\/actualidadnebrija\/wp-content\/uploads\/sites\/2\/2023\/01\/pedagogia.png\" \/>\n\t<meta property=\"og:image:width\" content=\"1155\" \/>\n\t<meta property=\"og:image:height\" content=\"682\" \/>\n\t<meta property=\"og:image:type\" content=\"image\/png\" \/>\n<meta name=\"author\" content=\"pmartinezma\" \/>\n<meta name=\"twitter:card\" content=\"summary_large_image\" \/>\n<meta name=\"twitter:label1\" content=\"Escrito por\" \/>\n\t<meta name=\"twitter:data1\" content=\"pmartinezma\" \/>\n\t<meta name=\"twitter:label2\" content=\"Tiempo de lectura\" \/>\n\t<meta name=\"twitter:data2\" content=\"1 minuto\" \/>\n<!-- \/ Yoast SEO plugin. -->","yoast_head_json":{"title":"Metodolog\u00eda de la acci\u00f3n tutorial en Educaci\u00f3n Primaria - Actualidad Nebrija","robots":{"index":"index","follow":"follow","max-snippet":"max-snippet:-1","max-image-preview":"max-image-preview:large","max-video-preview":"max-video-preview:-1"},"canonical":"https:\/\/www.nebrija.com\/medios\/actualidadnebrija\/2023\/01\/23\/metodologia-de-la-accion-tutorial-en-educacion-primaria\/","og_locale":"es_ES","og_type":"article","og_title":"Metodolog\u00eda de la acci\u00f3n tutorial en Educaci\u00f3n Primaria - Actualidad Nebrija","og_description":"Metodolog\u00eda de la acci\u00f3n tutorial en Educaci\u00f3n Primaria es el trabajo de un grupo de profesionales, coordinado por Antonia Ram\u00edrez Garc\u00eda, profesora titular del \u00e1rea de M\u00e9todos de Investigaci\u00f3n y Diagn\u00f3stico en Educaci\u00f3n y directora general de Formaci\u00f3n Permanente e","og_url":"https:\/\/www.nebrija.com\/medios\/actualidadnebrija\/2023\/01\/23\/metodologia-de-la-accion-tutorial-en-educacion-primaria\/","og_site_name":"Actualidad Nebrija","article_published_time":"2023-01-23T09:22:37+00:00","og_image":[{"width":1155,"height":682,"url":"https:\/\/www.nebrija.com\/medios\/actualidadnebrija\/wp-content\/uploads\/sites\/2\/2023\/01\/pedagogia.png","type":"image\/png"}],"author":"pmartinezma","twitter_card":"summary_large_image","twitter_misc":{"Escrito por":"pmartinezma","Tiempo de lectura":"1 minuto"},"schema":{"@context":"https:\/\/schema.org","@graph":[{"@type":"WebPage","@id":"https:\/\/www.nebrija.com\/medios\/actualidadnebrija\/2023\/01\/23\/metodologia-de-la-accion-tutorial-en-educacion-primaria\/","url":"https:\/\/www.nebrija.com\/medios\/actualidadnebrija\/2023\/01\/23\/metodologia-de-la-accion-tutorial-en-educacion-primaria\/","name":"Metodolog\u00eda de la acci\u00f3n tutorial en Educaci\u00f3n Primaria - Actualidad Nebrija","isPartOf":{"@id":"https:\/\/www.nebrija.com\/medios\/actualidadnebrija\/#website"},"datePublished":"2023-01-23T09:22:37+00:00","dateModified":"2023-01-23T09:22:37+00:00","author":{"@id":"https:\/\/www.nebrija.com\/medios\/actualidadnebrija\/#\/schema\/person\/eece520e53a2d6b773c896d785ca10ad"},"breadcrumb":{"@id":"https:\/\/www.nebrija.com\/medios\/actualidadnebrija\/2023\/01\/23\/metodologia-de-la-accion-tutorial-en-educacion-primaria\/#breadcrumb"},"inLanguage":"es","potentialAction":[{"@type":"ReadAction","target":["https:\/\/www.nebrija.com\/medios\/actualidadnebrija\/2023\/01\/23\/metodologia-de-la-accion-tutorial-en-educacion-primaria\/"]}]},{"@type":"BreadcrumbList","@id":"https:\/\/www.nebrija.com\/medios\/actualidadnebrija\/2023\/01\/23\/metodologia-de-la-accion-tutorial-en-educacion-primaria\/#breadcrumb","itemListElement":[{"@type":"ListItem","position":1,"name":"Home","item":"https:\/\/www.nebrija.com\/medios\/actualidadnebrija\/"},{"@type":"ListItem","position":2,"name":"Metodolog\u00eda de la acci\u00f3n tutorial en Educaci\u00f3n Primaria"}]},{"@type":"WebSite","@id":"https:\/\/www.nebrija.com\/medios\/actualidadnebrija\/#website","url":"https:\/\/www.nebrija.com\/medios\/actualidadnebrija\/","name":"Actualidad Nebrija","description":"Noticias de la Universidad Nebrija","potentialAction":[{"@type":"SearchAction","target":{"@type":"EntryPoint","urlTemplate":"https:\/\/www.nebrija.com\/medios\/actualidadnebrija\/?s={search_term_string}"},"query-input":"required name=search_term_string"}],"inLanguage":"es"},{"@type":"Person","@id":"https:\/\/www.nebrija.com\/medios\/actualidadnebrija\/#\/schema\/person\/eece520e53a2d6b773c896d785ca10ad","name":"pmartinezma","image":{"@type":"ImageObject","inLanguage":"es","@id":"https:\/\/www.nebrija.com\/medios\/actualidadnebrija\/#\/schema\/person\/image\/","url":"https:\/\/secure.gravatar.com\/avatar\/5feaacc0ce30f23dc14c8724dc28a01f?s=96&d=mm&r=g","contentUrl":"https:\/\/secure.gravatar.com\/avatar\/5feaacc0ce30f23dc14c8724dc28a01f?s=96&d=mm&r=g","caption":"pmartinezma"},"url":"https:\/\/www.nebrija.com\/medios\/actualidadnebrija\/author\/pmartinezma\/"}]}},"_links":{"self":[{"href":"https:\/\/www.nebrija.com\/medios\/actualidadnebrija\/wp-json\/wp\/v2\/posts\/83100"}],"collection":[{"href":"https:\/\/www.nebrija.com\/medios\/actualidadnebrija\/wp-json\/wp\/v2\/posts"}],"about":[{"href":"https:\/\/www.nebrija.com\/medios\/actualidadnebrija\/wp-json\/wp\/v2\/types\/post"}],"author":[{"embeddable":true,"href":"https:\/\/www.nebrija.com\/medios\/actualidadnebrija\/wp-json\/wp\/v2\/users\/263"}],"replies":[{"embeddable":true,"href":"https:\/\/www.nebrija.com\/medios\/actualidadnebrija\/wp-json\/wp\/v2\/comments?post=83100"}],"version-history":[{"count":1,"href":"https:\/\/www.nebrija.com\/medios\/actualidadnebrija\/wp-json\/wp\/v2\/posts\/83100\/revisions"}],"predecessor-version":[{"id":83103,"href":"https:\/\/www.nebrija.com\/medios\/actualidadnebrija\/wp-json\/wp\/v2\/posts\/83100\/revisions\/83103"}],"wp:featuredmedia":[{"embeddable":true,"href":"https:\/\/www.nebrija.com\/medios\/actualidadnebrija\/wp-json\/wp\/v2\/media\/83101"}],"wp:attachment":[{"href":"https:\/\/www.nebrija.com\/medios\/actualidadnebrija\/wp-json\/wp\/v2\/media?parent=83100"}],"wp:term":[{"taxonomy":"category","embeddable":true,"href":"https:\/\/www.nebrija.com\/medios\/actualidadnebrija\/wp-json\/wp\/v2\/categories?post=83100"},{"taxonomy":"post_tag","embeddable":true,"href":"https:\/\/www.nebrija.com\/medios\/actualidadnebrija\/wp-json\/wp\/v2\/tags?post=83100"}],"curies":[{"name":"wp","href":"https:\/\/api.w.org\/{rel}","templated":true}]}}