{"id":83108,"date":"2023-01-23T10:37:48","date_gmt":"2023-01-23T09:37:48","guid":{"rendered":"https:\/\/www.nebrija.com\/medios\/actualidadnebrija\/?p=83108"},"modified":"2023-01-23T10:37:48","modified_gmt":"2023-01-23T09:37:48","slug":"dia-de-la-publicidad","status":"publish","type":"post","link":"https:\/\/www.nebrija.com\/medios\/actualidadnebrija\/2023\/01\/23\/dia-de-la-publicidad\/","title":{"rendered":"D\u00eda de la publicidad"},"content":{"rendered":"<p>El 25 de enero de cada a\u00f1o se celebra el <em>D\u00eda de la publicidad<\/em> en honor a <em>San Pablo Ap\u00f3stol <\/em>o <em>Pablo de Tarso<\/em>, patr\u00f3n de los publicistas por su fervor en la difusi\u00f3n de la palabra de Dios. Por convenio, este d\u00eda es festivo para los empleados de las empresas publicitarias, y si no cae en el \u00faltimo viernes del mes, se traslada a la fecha que corresponda con ese viernes (este a\u00f1o es el 27 de enero).<\/p>\n<p>Tambi\u00e9n se celebra ese d\u00eda <em>San Publicito<\/em> y <em>Santa Publicita<\/em>. <em>San Publicito<\/em> naci\u00f3 como una broma de la agencia <em>Bassat Ogilvy &amp; Mather<\/em> en los a\u00f1os 90 y en 2015, dado su \u00e9xito entre los publicistas, la agencia <em>Peanuts&amp;Monkeys <\/em>lanz\u00f3 una campa\u00f1a para poner cara al \u201csanto\u201d. En 2019 la agencia\u00a0<em>Grow<\/em> lanz\u00f3 otra campa\u00f1a para dar a conocer a <em>Santa Publicita<\/em> y de este modo revindicar el papel de la mujer en el sector de la publicidad.<\/p>\n<p>El Servicio de Biblioteca se une a la celebraci\u00f3n del <em>D\u00eda de la Publicidad<\/em> con una selecci\u00f3n de los <a href=\"https:\/\/biblioteca.nebrija.es\/cgi-bin\/opac?ACC=258&amp;DI=10230\"><strong><em>recursos bibliogr\u00e1ficos en papel y electr\u00f3nicos<\/em><\/strong> <\/a>que tratan y abordan el mundo de la publicidad en todos sus aspectos, y a los que tienen acceso o se pueden llevar en pr\u00e9stamo todos los usuarios pertenecientes a la Comunidad Nebrija.<\/p>\n<p>\u00a1Feliz d\u00eda, publicistas!<\/p>\n","protected":false},"excerpt":{"rendered":"<p>El 25 de enero de cada a\u00f1o se celebra el D\u00eda de la publicidad en honor a San Pablo Ap\u00f3stol o Pablo de Tarso, patr\u00f3n de los publicistas por su fervor en la difusi\u00f3n de la palabra de Dios. Por<\/p>\n","protected":false},"author":263,"featured_media":83109,"comment_status":"open","ping_status":"open","sticky":false,"template":"","format":"standard","meta":{"_acf_changed":false,"_monsterinsights_skip_tracking":false,"_monsterinsights_sitenote_active":false,"_monsterinsights_sitenote_note":"","_monsterinsights_sitenote_category":0,"footnotes":""},"categories":[3063],"tags":[],"acf":[],"yoast_head":"<!-- This site is optimized with the Yoast SEO plugin v22.1 - https:\/\/yoast.com\/wordpress\/plugins\/seo\/ -->\n<title>D\u00eda de la publicidad - Actualidad Nebrija<\/title>\n<meta name=\"robots\" content=\"index, follow, max-snippet:-1, max-image-preview:large, max-video-preview:-1\" \/>\n<link rel=\"canonical\" href=\"https:\/\/www.nebrija.com\/medios\/actualidadnebrija\/2023\/01\/23\/dia-de-la-publicidad\/\" \/>\n<meta property=\"og:locale\" content=\"es_ES\" \/>\n<meta property=\"og:type\" content=\"article\" \/>\n<meta property=\"og:title\" content=\"D\u00eda de la publicidad - Actualidad Nebrija\" \/>\n<meta property=\"og:description\" content=\"El 25 de enero de cada a\u00f1o se celebra el D\u00eda de la publicidad en honor a San Pablo Ap\u00f3stol o Pablo de Tarso, patr\u00f3n de los publicistas por su fervor en la difusi\u00f3n de la palabra de Dios. Por\" \/>\n<meta property=\"og:url\" content=\"https:\/\/www.nebrija.com\/medios\/actualidadnebrija\/2023\/01\/23\/dia-de-la-publicidad\/\" \/>\n<meta property=\"og:site_name\" content=\"Actualidad Nebrija\" \/>\n<meta property=\"article:published_time\" content=\"2023-01-23T09:37:48+00:00\" \/>\n<meta property=\"og:image\" content=\"https:\/\/www.nebrija.com\/medios\/actualidadnebrija\/wp-content\/uploads\/sites\/2\/2023\/01\/pub_san.jpg\" \/>\n\t<meta property=\"og:image:width\" content=\"717\" \/>\n\t<meta property=\"og:image:height\" content=\"454\" \/>\n\t<meta property=\"og:image:type\" content=\"image\/jpeg\" \/>\n<meta name=\"author\" content=\"pmartinezma\" \/>\n<meta name=\"twitter:card\" content=\"summary_large_image\" \/>\n<meta name=\"twitter:label1\" content=\"Escrito por\" \/>\n\t<meta name=\"twitter:data1\" content=\"pmartinezma\" \/>\n\t<meta name=\"twitter:label2\" content=\"Tiempo de lectura\" \/>\n\t<meta name=\"twitter:data2\" content=\"1 minuto\" \/>\n<!-- \/ Yoast SEO plugin. -->","yoast_head_json":{"title":"D\u00eda de la publicidad - Actualidad Nebrija","robots":{"index":"index","follow":"follow","max-snippet":"max-snippet:-1","max-image-preview":"max-image-preview:large","max-video-preview":"max-video-preview:-1"},"canonical":"https:\/\/www.nebrija.com\/medios\/actualidadnebrija\/2023\/01\/23\/dia-de-la-publicidad\/","og_locale":"es_ES","og_type":"article","og_title":"D\u00eda de la publicidad - Actualidad Nebrija","og_description":"El 25 de enero de cada a\u00f1o se celebra el D\u00eda de la publicidad en honor a San Pablo Ap\u00f3stol o Pablo de Tarso, patr\u00f3n de los publicistas por su fervor en la difusi\u00f3n de la palabra de Dios. Por","og_url":"https:\/\/www.nebrija.com\/medios\/actualidadnebrija\/2023\/01\/23\/dia-de-la-publicidad\/","og_site_name":"Actualidad Nebrija","article_published_time":"2023-01-23T09:37:48+00:00","og_image":[{"width":717,"height":454,"url":"https:\/\/www.nebrija.com\/medios\/actualidadnebrija\/wp-content\/uploads\/sites\/2\/2023\/01\/pub_san.jpg","type":"image\/jpeg"}],"author":"pmartinezma","twitter_card":"summary_large_image","twitter_misc":{"Escrito por":"pmartinezma","Tiempo de lectura":"1 minuto"},"schema":{"@context":"https:\/\/schema.org","@graph":[{"@type":"WebPage","@id":"https:\/\/www.nebrija.com\/medios\/actualidadnebrija\/2023\/01\/23\/dia-de-la-publicidad\/","url":"https:\/\/www.nebrija.com\/medios\/actualidadnebrija\/2023\/01\/23\/dia-de-la-publicidad\/","name":"D\u00eda de la publicidad - Actualidad Nebrija","isPartOf":{"@id":"https:\/\/www.nebrija.com\/medios\/actualidadnebrija\/#website"},"datePublished":"2023-01-23T09:37:48+00:00","dateModified":"2023-01-23T09:37:48+00:00","author":{"@id":"https:\/\/www.nebrija.com\/medios\/actualidadnebrija\/#\/schema\/person\/eece520e53a2d6b773c896d785ca10ad"},"breadcrumb":{"@id":"https:\/\/www.nebrija.com\/medios\/actualidadnebrija\/2023\/01\/23\/dia-de-la-publicidad\/#breadcrumb"},"inLanguage":"es","potentialAction":[{"@type":"ReadAction","target":["https:\/\/www.nebrija.com\/medios\/actualidadnebrija\/2023\/01\/23\/dia-de-la-publicidad\/"]}]},{"@type":"BreadcrumbList","@id":"https:\/\/www.nebrija.com\/medios\/actualidadnebrija\/2023\/01\/23\/dia-de-la-publicidad\/#breadcrumb","itemListElement":[{"@type":"ListItem","position":1,"name":"Home","item":"https:\/\/www.nebrija.com\/medios\/actualidadnebrija\/"},{"@type":"ListItem","position":2,"name":"D\u00eda de la publicidad"}]},{"@type":"WebSite","@id":"https:\/\/www.nebrija.com\/medios\/actualidadnebrija\/#website","url":"https:\/\/www.nebrija.com\/medios\/actualidadnebrija\/","name":"Actualidad Nebrija","description":"Noticias de la Universidad Nebrija","potentialAction":[{"@type":"SearchAction","target":{"@type":"EntryPoint","urlTemplate":"https:\/\/www.nebrija.com\/medios\/actualidadnebrija\/?s={search_term_string}"},"query-input":"required name=search_term_string"}],"inLanguage":"es"},{"@type":"Person","@id":"https:\/\/www.nebrija.com\/medios\/actualidadnebrija\/#\/schema\/person\/eece520e53a2d6b773c896d785ca10ad","name":"pmartinezma","image":{"@type":"ImageObject","inLanguage":"es","@id":"https:\/\/www.nebrija.com\/medios\/actualidadnebrija\/#\/schema\/person\/image\/","url":"https:\/\/secure.gravatar.com\/avatar\/5feaacc0ce30f23dc14c8724dc28a01f?s=96&d=mm&r=g","contentUrl":"https:\/\/secure.gravatar.com\/avatar\/5feaacc0ce30f23dc14c8724dc28a01f?s=96&d=mm&r=g","caption":"pmartinezma"},"url":"https:\/\/www.nebrija.com\/medios\/actualidadnebrija\/author\/pmartinezma\/"}]}},"_links":{"self":[{"href":"https:\/\/www.nebrija.com\/medios\/actualidadnebrija\/wp-json\/wp\/v2\/posts\/83108"}],"collection":[{"href":"https:\/\/www.nebrija.com\/medios\/actualidadnebrija\/wp-json\/wp\/v2\/posts"}],"about":[{"href":"https:\/\/www.nebrija.com\/medios\/actualidadnebrija\/wp-json\/wp\/v2\/types\/post"}],"author":[{"embeddable":true,"href":"https:\/\/www.nebrija.com\/medios\/actualidadnebrija\/wp-json\/wp\/v2\/users\/263"}],"replies":[{"embeddable":true,"href":"https:\/\/www.nebrija.com\/medios\/actualidadnebrija\/wp-json\/wp\/v2\/comments?post=83108"}],"version-history":[{"count":1,"href":"https:\/\/www.nebrija.com\/medios\/actualidadnebrija\/wp-json\/wp\/v2\/posts\/83108\/revisions"}],"predecessor-version":[{"id":83111,"href":"https:\/\/www.nebrija.com\/medios\/actualidadnebrija\/wp-json\/wp\/v2\/posts\/83108\/revisions\/83111"}],"wp:featuredmedia":[{"embeddable":true,"href":"https:\/\/www.nebrija.com\/medios\/actualidadnebrija\/wp-json\/wp\/v2\/media\/83109"}],"wp:attachment":[{"href":"https:\/\/www.nebrija.com\/medios\/actualidadnebrija\/wp-json\/wp\/v2\/media?parent=83108"}],"wp:term":[{"taxonomy":"category","embeddable":true,"href":"https:\/\/www.nebrija.com\/medios\/actualidadnebrija\/wp-json\/wp\/v2\/categories?post=83108"},{"taxonomy":"post_tag","embeddable":true,"href":"https:\/\/www.nebrija.com\/medios\/actualidadnebrija\/wp-json\/wp\/v2\/tags?post=83108"}],"curies":[{"name":"wp","href":"https:\/\/api.w.org\/{rel}","templated":true}]}}