{"id":83568,"date":"2023-02-15T17:51:11","date_gmt":"2023-02-15T16:51:11","guid":{"rendered":"https:\/\/www.nebrija.com\/medios\/actualidadnebrija\/?p=83568"},"modified":"2024-04-30T14:03:51","modified_gmt":"2024-04-30T12:03:51","slug":"los-cronistas-visuales-del-master-en-pintura-de-historia-donan-sus-cuadros-a-la-ume","status":"publish","type":"post","link":"https:\/\/www.nebrija.com\/medios\/actualidadnebrija\/2023\/02\/15\/los-cronistas-visuales-del-master-en-pintura-de-historia-donan-sus-cuadros-a-la-ume\/","title":{"rendered":"La UME acoge la obra de los \u201ccronistas visuales\u201d del M\u00e1ster en Pintura de Historia"},"content":{"rendered":"<p>Sus vidas de artistas no se limitan a las cuatro paredes del estudio. Aunque all\u00ed pasan horas y horas con el pincel en ristre, salen de sus cuevas para reflejar con precisi\u00f3n, sin traicionar su propio estilo, retazos de realidad. Los alumnos del <a href=\"https:\/\/www.nebrija.com\/programas-postgrado\/master\/pintura-narrativa-historia-ferrer-dalmau\/\">M\u00e1ster en Formaci\u00f3n Permanente en Pintura de Historia Ferrer-Dalmau<\/a> de la Universidad Nebrija tradujeron en doce \u00f3leos el esfuerzo y la dedicaci\u00f3n de los profesionales de la Unidad Militar de Emergencias (UME) despu\u00e9s de intensas jornadas de trabajo y despu\u00e9s de una visita en el pasado mes de noviembre a la Escuela Militar de Emergencias ubicada en Toledo<\/p>\n<p>Los apuntes al natural tomados de los simulacros de rescate y de diferentes operaciones de los alumnos y profesores de la UME mutaron en una docena de propuestas que, tras un solemne acto, celebrado el 14 de febrero, la Fundaci\u00f3n Ferrer-Dalmau don\u00f3 a la unidad militar para su exposici\u00f3n permanente en su cuartel general de Torrej\u00f3n de Ardoz. \u201cNuestros alumnos, aut\u00e9nticos cronistas visuales, han reflejado la experiencia real de la UME, con lo que cierran un c\u00edrculo eminentemente pr\u00e1ctico y virado a un esp\u00edritu de pintura hist\u00f3rica y social. Esta pr\u00e1ctica demuestra que el arte y los artistas no solo son subjetivos, sino que tambi\u00e9n deben cultivar un car\u00e1cter altruista\u201d, coment\u00f3 Pablo \u00c1lvarez de Toledo, director del Departamento de Artes de la Universidad Nebrija.<\/p>\n<p>El teniente general Manuel Mart\u00ednez Mejide, jefe de la UME, agradeci\u00f3 la entrega de unas obras \u201cque plasman una imagen, pero tambi\u00e9n un compromiso, una idea, una fuerza y unos valores como el esfuerzo, el trabajo en equipo y la confianza en los dem\u00e1s\u201d. De esta forma, la UME \u201cha puesto el marco para que estas manifestaciones art\u00edsticas hayan podido hacerse realidad\u201d. Mart\u00ednez Mejide expres\u00f3 el orgullo por recibir estas obras que forman parte ya \u201cde la vida diaria\u201d de la unidad militar. De hecho, ya se pueden ver en las paredes del cuartel de Torrej\u00f3n de Ardoz.<\/p>\n<h3><strong>Paciencia y gentileza<\/strong><\/h3>\n<p>En el turno de discursos, Augusto Ferrer-Dalmau, impulsor del m\u00e1ster y exponente en Espa\u00f1a de la pintura de historia y militar, mostr\u00f3 su satisfacci\u00f3n por la entrega y agradeci\u00f3 la profesionalidad del elenco de profesores y \u201cla paciencia y la gentileza\u201d de la UME por acoger a los pintores en sus maniobras. \u201cEstos bocetos, que han robado horas de sue\u00f1o, dentro de unos a\u00f1os valdr\u00e1n much\u00edsimo porque tendr\u00e1n la firma de grandes pintores\u201d, expres\u00f3 con humor.<\/p>\n<p>En representaci\u00f3n de sus compa\u00f1eros del M\u00e1ster, Beatrice Servadio evidenci\u00f3 \u201csu admiraci\u00f3n\u201d por haber conocido a los militares en acci\u00f3n preservando \u201cdos valores de forma particular: la obediencia y la unidad\u201d. A lo que replic\u00f3 Manuel Mart\u00ednez Mejide: \u201cCon personas como t\u00fa el mundo est\u00e1 salvado, gracias por vuestros destellos de bien y bondad\u201d.<\/p>\n<p>En los corrillos antes del acto, Erick Miraval, profesor de Dibujo y Anatom\u00eda del M\u00e1ster, destacaba el uso del blanco y negro para resaltar \u201cla ilusi\u00f3n documental al estilo de la tinta de la prensa escrita\u201d. Ese golpe de realidad tambi\u00e9n lo evidenci\u00f3 Laura Soto, directora acad\u00e9mica del M\u00e1ster: \u201cMe parece una oportunidad incre\u00edble para los alumnos a los se les exige un nivel alto de t\u00e9cnica\u201d para representar diferentes momentos hist\u00f3ricos.<\/p>\n<p>Las obras de Beatrice Servadio, Alejo Segarra, Vanesa Andr\u00e9s, Marcos Garrido, Sergio \u00c1lvarez y Sasan Houshangi ya cuentan a su manera la forma de trabajar de la UME. Su cuartel general de Torrej\u00f3n de Ardoz custodia este legado art\u00edstico con visos de permanencia.<\/p>\n<p><em>Texto: Javier Picos. Fotos: Zaida del R\u00edo.<\/em><\/p>\n\n\t\t<style type=\"text\/css\">\n\t\t\t#gallery-1 {\n\t\t\t\tmargin: auto;\n\t\t\t}\n\t\t\t#gallery-1 .gallery-item {\n\t\t\t\tfloat: left;\n\t\t\t\tmargin-top: 10px;\n\t\t\t\ttext-align: center;\n\t\t\t\twidth: 25%;\n\t\t\t}\n\t\t\t#gallery-1 img {\n\t\t\t\tborder: 2px solid #cfcfcf;\n\t\t\t}\n\t\t\t#gallery-1 .gallery-caption {\n\t\t\t\tmargin-left: 0;\n\t\t\t}\n\t\t\t\/* see gallery_shortcode() in wp-includes\/media.php *\/\n\t\t<\/style>\n\t\t<div id='gallery-1' class='gallery galleryid-83568 gallery-columns-4 gallery-size-thumbnail'><dl class='gallery-item'>\n\t\t\t<dt class='gallery-icon landscape'>\n\t\t\t\t<a href='https:\/\/www.nebrija.com\/medios\/actualidadnebrija\/wp-content\/uploads\/sites\/2\/2023\/02\/UME_EXPO_MASTER-1.jpg'><img loading=\"lazy\" decoding=\"async\" width=\"150\" height=\"100\" src=\"https:\/\/www.nebrija.com\/medios\/actualidadnebrija\/wp-content\/uploads\/sites\/2\/2023\/02\/UME_EXPO_MASTER-1-150x100.jpg\" class=\"attachment-thumbnail size-thumbnail\" alt=\"\" \/><\/a>\n\t\t\t<\/dt><\/dl><dl class='gallery-item'>\n\t\t\t<dt class='gallery-icon landscape'>\n\t\t\t\t<a href='https:\/\/www.nebrija.com\/medios\/actualidadnebrija\/wp-content\/uploads\/sites\/2\/2023\/02\/UME_EXPO_MASTER-2.jpg'><img loading=\"lazy\" decoding=\"async\" width=\"150\" height=\"100\" src=\"https:\/\/www.nebrija.com\/medios\/actualidadnebrija\/wp-content\/uploads\/sites\/2\/2023\/02\/UME_EXPO_MASTER-2-150x100.jpg\" class=\"attachment-thumbnail size-thumbnail\" alt=\"\" \/><\/a>\n\t\t\t<\/dt><\/dl><dl class='gallery-item'>\n\t\t\t<dt class='gallery-icon landscape'>\n\t\t\t\t<a href='https:\/\/www.nebrija.com\/medios\/actualidadnebrija\/wp-content\/uploads\/sites\/2\/2023\/02\/UME_EXPO_MASTER-3.jpg'><img loading=\"lazy\" decoding=\"async\" width=\"150\" height=\"100\" src=\"https:\/\/www.nebrija.com\/medios\/actualidadnebrija\/wp-content\/uploads\/sites\/2\/2023\/02\/UME_EXPO_MASTER-3-150x100.jpg\" class=\"attachment-thumbnail size-thumbnail\" alt=\"\" \/><\/a>\n\t\t\t<\/dt><\/dl><dl class='gallery-item'>\n\t\t\t<dt class='gallery-icon landscape'>\n\t\t\t\t<a href='https:\/\/www.nebrija.com\/medios\/actualidadnebrija\/wp-content\/uploads\/sites\/2\/2023\/02\/UME_EXPO_MASTER-4.jpg'><img loading=\"lazy\" decoding=\"async\" width=\"150\" height=\"100\" src=\"https:\/\/www.nebrija.com\/medios\/actualidadnebrija\/wp-content\/uploads\/sites\/2\/2023\/02\/UME_EXPO_MASTER-4-150x100.jpg\" class=\"attachment-thumbnail size-thumbnail\" alt=\"\" \/><\/a>\n\t\t\t<\/dt><\/dl><br style=\"clear: both\" \/><dl class='gallery-item'>\n\t\t\t<dt class='gallery-icon landscape'>\n\t\t\t\t<a href='https:\/\/www.nebrija.com\/medios\/actualidadnebrija\/wp-content\/uploads\/sites\/2\/2023\/02\/UME_EXPO_MASTER-5.jpg'><img loading=\"lazy\" decoding=\"async\" width=\"150\" height=\"100\" src=\"https:\/\/www.nebrija.com\/medios\/actualidadnebrija\/wp-content\/uploads\/sites\/2\/2023\/02\/UME_EXPO_MASTER-5-150x100.jpg\" class=\"attachment-thumbnail size-thumbnail\" alt=\"\" \/><\/a>\n\t\t\t<\/dt><\/dl><dl class='gallery-item'>\n\t\t\t<dt class='gallery-icon landscape'>\n\t\t\t\t<a href='https:\/\/www.nebrija.com\/medios\/actualidadnebrija\/wp-content\/uploads\/sites\/2\/2023\/02\/UME_EXPO_MASTER-6.jpg'><img loading=\"lazy\" decoding=\"async\" width=\"150\" height=\"100\" src=\"https:\/\/www.nebrija.com\/medios\/actualidadnebrija\/wp-content\/uploads\/sites\/2\/2023\/02\/UME_EXPO_MASTER-6-150x100.jpg\" class=\"attachment-thumbnail size-thumbnail\" alt=\"\" \/><\/a>\n\t\t\t<\/dt><\/dl><dl class='gallery-item'>\n\t\t\t<dt class='gallery-icon landscape'>\n\t\t\t\t<a href='https:\/\/www.nebrija.com\/medios\/actualidadnebrija\/wp-content\/uploads\/sites\/2\/2023\/02\/UME_EXPO_MASTER-7.jpg'><img loading=\"lazy\" decoding=\"async\" width=\"150\" height=\"100\" src=\"https:\/\/www.nebrija.com\/medios\/actualidadnebrija\/wp-content\/uploads\/sites\/2\/2023\/02\/UME_EXPO_MASTER-7-150x100.jpg\" class=\"attachment-thumbnail size-thumbnail\" alt=\"\" \/><\/a>\n\t\t\t<\/dt><\/dl><dl class='gallery-item'>\n\t\t\t<dt class='gallery-icon landscape'>\n\t\t\t\t<a href='https:\/\/www.nebrija.com\/medios\/actualidadnebrija\/wp-content\/uploads\/sites\/2\/2023\/02\/UME_EXPO_MASTER-8.jpg'><img loading=\"lazy\" decoding=\"async\" width=\"150\" height=\"100\" src=\"https:\/\/www.nebrija.com\/medios\/actualidadnebrija\/wp-content\/uploads\/sites\/2\/2023\/02\/UME_EXPO_MASTER-8-150x100.jpg\" class=\"attachment-thumbnail size-thumbnail\" alt=\"\" \/><\/a>\n\t\t\t<\/dt><\/dl><br style=\"clear: both\" \/><dl class='gallery-item'>\n\t\t\t<dt class='gallery-icon landscape'>\n\t\t\t\t<a href='https:\/\/www.nebrija.com\/medios\/actualidadnebrija\/wp-content\/uploads\/sites\/2\/2023\/02\/UME_EXPO_MASTER-9.jpg'><img loading=\"lazy\" decoding=\"async\" width=\"150\" height=\"100\" src=\"https:\/\/www.nebrija.com\/medios\/actualidadnebrija\/wp-content\/uploads\/sites\/2\/2023\/02\/UME_EXPO_MASTER-9-150x100.jpg\" class=\"attachment-thumbnail size-thumbnail\" alt=\"\" \/><\/a>\n\t\t\t<\/dt><\/dl><dl class='gallery-item'>\n\t\t\t<dt class='gallery-icon landscape'>\n\t\t\t\t<a href='https:\/\/www.nebrija.com\/medios\/actualidadnebrija\/wp-content\/uploads\/sites\/2\/2023\/02\/UME_EXPO_MASTER-10.jpg'><img loading=\"lazy\" decoding=\"async\" width=\"150\" height=\"100\" src=\"https:\/\/www.nebrija.com\/medios\/actualidadnebrija\/wp-content\/uploads\/sites\/2\/2023\/02\/UME_EXPO_MASTER-10-150x100.jpg\" class=\"attachment-thumbnail size-thumbnail\" alt=\"\" \/><\/a>\n\t\t\t<\/dt><\/dl><dl class='gallery-item'>\n\t\t\t<dt class='gallery-icon landscape'>\n\t\t\t\t<a href='https:\/\/www.nebrija.com\/medios\/actualidadnebrija\/wp-content\/uploads\/sites\/2\/2023\/02\/UME_EXPO_MASTER-11.jpg'><img loading=\"lazy\" decoding=\"async\" width=\"150\" height=\"91\" src=\"https:\/\/www.nebrija.com\/medios\/actualidadnebrija\/wp-content\/uploads\/sites\/2\/2023\/02\/UME_EXPO_MASTER-11-150x91.jpg\" class=\"attachment-thumbnail size-thumbnail\" alt=\"\" \/><\/a>\n\t\t\t<\/dt><\/dl><dl class='gallery-item'>\n\t\t\t<dt class='gallery-icon landscape'>\n\t\t\t\t<a href='https:\/\/www.nebrija.com\/medios\/actualidadnebrija\/wp-content\/uploads\/sites\/2\/2023\/02\/UME_EXPO_MASTER-12.jpg'><img loading=\"lazy\" decoding=\"async\" width=\"150\" height=\"100\" src=\"https:\/\/www.nebrija.com\/medios\/actualidadnebrija\/wp-content\/uploads\/sites\/2\/2023\/02\/UME_EXPO_MASTER-12-150x100.jpg\" class=\"attachment-thumbnail size-thumbnail\" alt=\"\" \/><\/a>\n\t\t\t<\/dt><\/dl><br style=\"clear: both\" \/><dl class='gallery-item'>\n\t\t\t<dt class='gallery-icon landscape'>\n\t\t\t\t<a href='https:\/\/www.nebrija.com\/medios\/actualidadnebrija\/wp-content\/uploads\/sites\/2\/2023\/02\/UME_EXPO_MASTER-13.jpg'><img loading=\"lazy\" decoding=\"async\" width=\"150\" height=\"100\" src=\"https:\/\/www.nebrija.com\/medios\/actualidadnebrija\/wp-content\/uploads\/sites\/2\/2023\/02\/UME_EXPO_MASTER-13-150x100.jpg\" class=\"attachment-thumbnail size-thumbnail\" alt=\"\" \/><\/a>\n\t\t\t<\/dt><\/dl><dl class='gallery-item'>\n\t\t\t<dt class='gallery-icon landscape'>\n\t\t\t\t<a href='https:\/\/www.nebrija.com\/medios\/actualidadnebrija\/wp-content\/uploads\/sites\/2\/2023\/02\/UME_EXPO_MASTER-14.jpg'><img loading=\"lazy\" decoding=\"async\" width=\"150\" height=\"100\" src=\"https:\/\/www.nebrija.com\/medios\/actualidadnebrija\/wp-content\/uploads\/sites\/2\/2023\/02\/UME_EXPO_MASTER-14-150x100.jpg\" class=\"attachment-thumbnail size-thumbnail\" alt=\"\" \/><\/a>\n\t\t\t<\/dt><\/dl><dl class='gallery-item'>\n\t\t\t<dt class='gallery-icon landscape'>\n\t\t\t\t<a href='https:\/\/www.nebrija.com\/medios\/actualidadnebrija\/wp-content\/uploads\/sites\/2\/2023\/02\/UME_EXPO_MASTER-15.jpg'><img loading=\"lazy\" decoding=\"async\" width=\"150\" height=\"100\" src=\"https:\/\/www.nebrija.com\/medios\/actualidadnebrija\/wp-content\/uploads\/sites\/2\/2023\/02\/UME_EXPO_MASTER-15-150x100.jpg\" class=\"attachment-thumbnail size-thumbnail\" alt=\"\" \/><\/a>\n\t\t\t<\/dt><\/dl><dl class='gallery-item'>\n\t\t\t<dt class='gallery-icon landscape'>\n\t\t\t\t<a href='https:\/\/www.nebrija.com\/medios\/actualidadnebrija\/wp-content\/uploads\/sites\/2\/2023\/02\/UME_EXPO_MASTER-16.jpg'><img loading=\"lazy\" decoding=\"async\" width=\"150\" height=\"100\" src=\"https:\/\/www.nebrija.com\/medios\/actualidadnebrija\/wp-content\/uploads\/sites\/2\/2023\/02\/UME_EXPO_MASTER-16-150x100.jpg\" class=\"attachment-thumbnail size-thumbnail\" alt=\"\" \/><\/a>\n\t\t\t<\/dt><\/dl><br style=\"clear: both\" \/><dl class='gallery-item'>\n\t\t\t<dt class='gallery-icon portrait'>\n\t\t\t\t<a href='https:\/\/www.nebrija.com\/medios\/actualidadnebrija\/wp-content\/uploads\/sites\/2\/2023\/02\/UME_EXPO_MASTER-17.jpg'><img loading=\"lazy\" decoding=\"async\" width=\"100\" height=\"150\" src=\"https:\/\/www.nebrija.com\/medios\/actualidadnebrija\/wp-content\/uploads\/sites\/2\/2023\/02\/UME_EXPO_MASTER-17-100x150.jpg\" class=\"attachment-thumbnail size-thumbnail\" alt=\"\" \/><\/a>\n\t\t\t<\/dt><\/dl><dl class='gallery-item'>\n\t\t\t<dt class='gallery-icon landscape'>\n\t\t\t\t<a href='https:\/\/www.nebrija.com\/medios\/actualidadnebrija\/wp-content\/uploads\/sites\/2\/2023\/02\/UME_EXPO_MASTER-18.jpg'><img loading=\"lazy\" decoding=\"async\" width=\"150\" height=\"100\" src=\"https:\/\/www.nebrija.com\/medios\/actualidadnebrija\/wp-content\/uploads\/sites\/2\/2023\/02\/UME_EXPO_MASTER-18-150x100.jpg\" class=\"attachment-thumbnail size-thumbnail\" alt=\"\" \/><\/a>\n\t\t\t<\/dt><\/dl><dl class='gallery-item'>\n\t\t\t<dt class='gallery-icon landscape'>\n\t\t\t\t<a href='https:\/\/www.nebrija.com\/medios\/actualidadnebrija\/wp-content\/uploads\/sites\/2\/2023\/02\/UME_EXPO_MASTER-19.jpg'><img loading=\"lazy\" decoding=\"async\" width=\"150\" height=\"100\" src=\"https:\/\/www.nebrija.com\/medios\/actualidadnebrija\/wp-content\/uploads\/sites\/2\/2023\/02\/UME_EXPO_MASTER-19-150x100.jpg\" class=\"attachment-thumbnail size-thumbnail\" alt=\"\" \/><\/a>\n\t\t\t<\/dt><\/dl><dl class='gallery-item'>\n\t\t\t<dt class='gallery-icon portrait'>\n\t\t\t\t<a href='https:\/\/www.nebrija.com\/medios\/actualidadnebrija\/wp-content\/uploads\/sites\/2\/2023\/02\/UME_EXPO_MASTER-20.jpg'><img loading=\"lazy\" decoding=\"async\" width=\"100\" height=\"150\" src=\"https:\/\/www.nebrija.com\/medios\/actualidadnebrija\/wp-content\/uploads\/sites\/2\/2023\/02\/UME_EXPO_MASTER-20-100x150.jpg\" class=\"attachment-thumbnail size-thumbnail\" alt=\"\" \/><\/a>\n\t\t\t<\/dt><\/dl><br style=\"clear: both\" \/><dl class='gallery-item'>\n\t\t\t<dt class='gallery-icon landscape'>\n\t\t\t\t<a href='https:\/\/www.nebrija.com\/medios\/actualidadnebrija\/wp-content\/uploads\/sites\/2\/2023\/02\/UME_EXPO_MASTER-21.jpg'><img loading=\"lazy\" decoding=\"async\" width=\"150\" height=\"100\" src=\"https:\/\/www.nebrija.com\/medios\/actualidadnebrija\/wp-content\/uploads\/sites\/2\/2023\/02\/UME_EXPO_MASTER-21-150x100.jpg\" class=\"attachment-thumbnail size-thumbnail\" alt=\"\" \/><\/a>\n\t\t\t<\/dt><\/dl><dl class='gallery-item'>\n\t\t\t<dt class='gallery-icon portrait'>\n\t\t\t\t<a href='https:\/\/www.nebrija.com\/medios\/actualidadnebrija\/wp-content\/uploads\/sites\/2\/2023\/02\/UME_EXPO_MASTER-22.jpg'><img loading=\"lazy\" decoding=\"async\" width=\"100\" height=\"150\" src=\"https:\/\/www.nebrija.com\/medios\/actualidadnebrija\/wp-content\/uploads\/sites\/2\/2023\/02\/UME_EXPO_MASTER-22-100x150.jpg\" class=\"attachment-thumbnail size-thumbnail\" alt=\"\" \/><\/a>\n\t\t\t<\/dt><\/dl><dl class='gallery-item'>\n\t\t\t<dt class='gallery-icon portrait'>\n\t\t\t\t<a href='https:\/\/www.nebrija.com\/medios\/actualidadnebrija\/wp-content\/uploads\/sites\/2\/2023\/02\/UME_EXPO_MASTER-23.jpg'><img loading=\"lazy\" decoding=\"async\" width=\"100\" height=\"150\" src=\"https:\/\/www.nebrija.com\/medios\/actualidadnebrija\/wp-content\/uploads\/sites\/2\/2023\/02\/UME_EXPO_MASTER-23-100x150.jpg\" class=\"attachment-thumbnail size-thumbnail\" alt=\"\" \/><\/a>\n\t\t\t<\/dt><\/dl><dl class='gallery-item'>\n\t\t\t<dt class='gallery-icon landscape'>\n\t\t\t\t<a href='https:\/\/www.nebrija.com\/medios\/actualidadnebrija\/wp-content\/uploads\/sites\/2\/2023\/02\/UME_EXPO_MASTER-24.jpg'><img loading=\"lazy\" decoding=\"async\" width=\"150\" height=\"100\" src=\"https:\/\/www.nebrija.com\/medios\/actualidadnebrija\/wp-content\/uploads\/sites\/2\/2023\/02\/UME_EXPO_MASTER-24-150x100.jpg\" class=\"attachment-thumbnail size-thumbnail\" alt=\"\" \/><\/a>\n\t\t\t<\/dt><\/dl><br style=\"clear: both\" \/><dl class='gallery-item'>\n\t\t\t<dt class='gallery-icon landscape'>\n\t\t\t\t<a href='https:\/\/www.nebrija.com\/medios\/actualidadnebrija\/wp-content\/uploads\/sites\/2\/2023\/02\/UME_EXPO_MASTER-25.jpg'><img loading=\"lazy\" decoding=\"async\" width=\"150\" height=\"100\" src=\"https:\/\/www.nebrija.com\/medios\/actualidadnebrija\/wp-content\/uploads\/sites\/2\/2023\/02\/UME_EXPO_MASTER-25-150x100.jpg\" class=\"attachment-thumbnail size-thumbnail\" alt=\"\" \/><\/a>\n\t\t\t<\/dt><\/dl><dl class='gallery-item'>\n\t\t\t<dt class='gallery-icon portrait'>\n\t\t\t\t<a href='https:\/\/www.nebrija.com\/medios\/actualidadnebrija\/wp-content\/uploads\/sites\/2\/2023\/02\/UME_EXPO_MASTER-26.jpg'><img loading=\"lazy\" decoding=\"async\" width=\"100\" height=\"150\" src=\"https:\/\/www.nebrija.com\/medios\/actualidadnebrija\/wp-content\/uploads\/sites\/2\/2023\/02\/UME_EXPO_MASTER-26-100x150.jpg\" class=\"attachment-thumbnail size-thumbnail\" alt=\"\" \/><\/a>\n\t\t\t<\/dt><\/dl><dl class='gallery-item'>\n\t\t\t<dt class='gallery-icon portrait'>\n\t\t\t\t<a href='https:\/\/www.nebrija.com\/medios\/actualidadnebrija\/wp-content\/uploads\/sites\/2\/2023\/02\/UME_EXPO_MASTER-27.jpg'><img loading=\"lazy\" decoding=\"async\" width=\"100\" height=\"150\" src=\"https:\/\/www.nebrija.com\/medios\/actualidadnebrija\/wp-content\/uploads\/sites\/2\/2023\/02\/UME_EXPO_MASTER-27-100x150.jpg\" class=\"attachment-thumbnail size-thumbnail\" alt=\"\" \/><\/a>\n\t\t\t<\/dt><\/dl><dl class='gallery-item'>\n\t\t\t<dt class='gallery-icon landscape'>\n\t\t\t\t<a href='https:\/\/www.nebrija.com\/medios\/actualidadnebrija\/wp-content\/uploads\/sites\/2\/2023\/02\/UME_EXPO_MASTER-28.jpg'><img loading=\"lazy\" decoding=\"async\" width=\"150\" height=\"100\" src=\"https:\/\/www.nebrija.com\/medios\/actualidadnebrija\/wp-content\/uploads\/sites\/2\/2023\/02\/UME_EXPO_MASTER-28-150x100.jpg\" class=\"attachment-thumbnail size-thumbnail\" alt=\"\" \/><\/a>\n\t\t\t<\/dt><\/dl><br style=\"clear: both\" \/><dl class='gallery-item'>\n\t\t\t<dt class='gallery-icon portrait'>\n\t\t\t\t<a href='https:\/\/www.nebrija.com\/medios\/actualidadnebrija\/wp-content\/uploads\/sites\/2\/2023\/02\/UME_EXPO_MASTER-29.jpg'><img loading=\"lazy\" decoding=\"async\" width=\"100\" height=\"150\" src=\"https:\/\/www.nebrija.com\/medios\/actualidadnebrija\/wp-content\/uploads\/sites\/2\/2023\/02\/UME_EXPO_MASTER-29-100x150.jpg\" class=\"attachment-thumbnail size-thumbnail\" alt=\"\" \/><\/a>\n\t\t\t<\/dt><\/dl><dl class='gallery-item'>\n\t\t\t<dt class='gallery-icon landscape'>\n\t\t\t\t<a href='https:\/\/www.nebrija.com\/medios\/actualidadnebrija\/wp-content\/uploads\/sites\/2\/2023\/02\/UME_EXPO_MASTER-30.jpg'><img loading=\"lazy\" decoding=\"async\" width=\"150\" height=\"100\" src=\"https:\/\/www.nebrija.com\/medios\/actualidadnebrija\/wp-content\/uploads\/sites\/2\/2023\/02\/UME_EXPO_MASTER-30-150x100.jpg\" class=\"attachment-thumbnail size-thumbnail\" alt=\"\" \/><\/a>\n\t\t\t<\/dt><\/dl>\n\t\t\t<br style='clear: both' \/>\n\t\t<\/div>\n\n","protected":false},"excerpt":{"rendered":"<p>Beatrice Servadio, Alejo Segarra, Vanesa Andr\u00e9s, Marcos Garrido, Sergio \u00c1lvarez y Sasan Houshangi plasman las operaciones militares.<\/p>\n","protected":false},"author":326,"featured_media":83579,"comment_status":"open","ping_status":"open","sticky":false,"template":"","format":"standard","meta":{"_acf_changed":false,"_monsterinsights_skip_tracking":false,"_monsterinsights_sitenote_active":false,"_monsterinsights_sitenote_note":"","_monsterinsights_sitenote_category":0,"footnotes":""},"categories":[3050],"tags":[4797,3124,4795,4987,4245,4698,5182],"acf":[],"yoast_head":"<!-- This site is optimized with the Yoast SEO plugin v22.1 - https:\/\/yoast.com\/wordpress\/plugins\/seo\/ -->\n<title>La UME acoge la obra de los \u201ccronistas visuales\u201d del M\u00e1ster en Pintura de Historia - Actualidad Nebrija<\/title>\n<meta name=\"description\" content=\"Beatrice Servadio, Alejo Segarra, Vanesa Andr\u00e9s, Marcos Garrido, Sergio \u00c1lvarez y Sasan Houshangi plasman las operaciones militares.\" \/>\n<meta name=\"robots\" content=\"index, follow, max-snippet:-1, max-image-preview:large, max-video-preview:-1\" \/>\n<link rel=\"canonical\" href=\"https:\/\/www.nebrija.com\/medios\/actualidadnebrija\/2023\/02\/15\/los-cronistas-visuales-del-master-en-pintura-de-historia-donan-sus-cuadros-a-la-ume\/\" \/>\n<meta property=\"og:locale\" content=\"es_ES\" \/>\n<meta property=\"og:type\" content=\"article\" \/>\n<meta property=\"og:title\" content=\"La UME acoge la obra de los \u201ccronistas visuales\u201d del M\u00e1ster en Pintura de Historia - Actualidad Nebrija\" \/>\n<meta property=\"og:description\" content=\"Beatrice Servadio, Alejo Segarra, Vanesa Andr\u00e9s, Marcos Garrido, Sergio \u00c1lvarez y Sasan Houshangi plasman las operaciones militares.\" \/>\n<meta property=\"og:url\" content=\"https:\/\/www.nebrija.com\/medios\/actualidadnebrija\/2023\/02\/15\/los-cronistas-visuales-del-master-en-pintura-de-historia-donan-sus-cuadros-a-la-ume\/\" \/>\n<meta property=\"og:site_name\" content=\"Actualidad Nebrija\" \/>\n<meta property=\"article:published_time\" content=\"2023-02-15T16:51:11+00:00\" \/>\n<meta property=\"article:modified_time\" content=\"2024-04-30T12:03:51+00:00\" \/>\n<meta property=\"og:image\" content=\"https:\/\/www.nebrija.com\/medios\/actualidadnebrija\/wp-content\/uploads\/sites\/2\/2023\/02\/UME_EXPO_MASTER-11.jpg\" \/>\n\t<meta property=\"og:image:width\" content=\"1000\" \/>\n\t<meta property=\"og:image:height\" content=\"607\" \/>\n\t<meta property=\"og:image:type\" content=\"image\/jpeg\" \/>\n<meta name=\"author\" content=\"jpicos\" \/>\n<meta name=\"twitter:card\" content=\"summary_large_image\" \/>\n<meta name=\"twitter:label1\" content=\"Escrito por\" \/>\n\t<meta name=\"twitter:data1\" content=\"jpicos\" \/>\n\t<meta name=\"twitter:label2\" content=\"Tiempo de lectura\" \/>\n\t<meta name=\"twitter:data2\" content=\"3 minutos\" \/>\n<!-- \/ Yoast SEO plugin. -->","yoast_head_json":{"title":"La UME acoge la obra de los \u201ccronistas visuales\u201d del M\u00e1ster en Pintura de Historia - Actualidad Nebrija","description":"Beatrice Servadio, Alejo Segarra, Vanesa Andr\u00e9s, Marcos Garrido, Sergio \u00c1lvarez y Sasan Houshangi plasman las operaciones militares.","robots":{"index":"index","follow":"follow","max-snippet":"max-snippet:-1","max-image-preview":"max-image-preview:large","max-video-preview":"max-video-preview:-1"},"canonical":"https:\/\/www.nebrija.com\/medios\/actualidadnebrija\/2023\/02\/15\/los-cronistas-visuales-del-master-en-pintura-de-historia-donan-sus-cuadros-a-la-ume\/","og_locale":"es_ES","og_type":"article","og_title":"La UME acoge la obra de los \u201ccronistas visuales\u201d del M\u00e1ster en Pintura de Historia - Actualidad Nebrija","og_description":"Beatrice Servadio, Alejo Segarra, Vanesa Andr\u00e9s, Marcos Garrido, Sergio \u00c1lvarez y Sasan Houshangi plasman las operaciones militares.","og_url":"https:\/\/www.nebrija.com\/medios\/actualidadnebrija\/2023\/02\/15\/los-cronistas-visuales-del-master-en-pintura-de-historia-donan-sus-cuadros-a-la-ume\/","og_site_name":"Actualidad Nebrija","article_published_time":"2023-02-15T16:51:11+00:00","article_modified_time":"2024-04-30T12:03:51+00:00","og_image":[{"width":1000,"height":607,"url":"https:\/\/www.nebrija.com\/medios\/actualidadnebrija\/wp-content\/uploads\/sites\/2\/2023\/02\/UME_EXPO_MASTER-11.jpg","type":"image\/jpeg"}],"author":"jpicos","twitter_card":"summary_large_image","twitter_misc":{"Escrito por":"jpicos","Tiempo de lectura":"3 minutos"},"schema":{"@context":"https:\/\/schema.org","@graph":[{"@type":"WebPage","@id":"https:\/\/www.nebrija.com\/medios\/actualidadnebrija\/2023\/02\/15\/los-cronistas-visuales-del-master-en-pintura-de-historia-donan-sus-cuadros-a-la-ume\/","url":"https:\/\/www.nebrija.com\/medios\/actualidadnebrija\/2023\/02\/15\/los-cronistas-visuales-del-master-en-pintura-de-historia-donan-sus-cuadros-a-la-ume\/","name":"La UME acoge la obra de los \u201ccronistas visuales\u201d del M\u00e1ster en Pintura de Historia - Actualidad Nebrija","isPartOf":{"@id":"https:\/\/www.nebrija.com\/medios\/actualidadnebrija\/#website"},"datePublished":"2023-02-15T16:51:11+00:00","dateModified":"2024-04-30T12:03:51+00:00","author":{"@id":"https:\/\/www.nebrija.com\/medios\/actualidadnebrija\/#\/schema\/person\/0cd40b7dd3f54459e2cfc009dbd255c6"},"description":"Beatrice Servadio, Alejo Segarra, Vanesa Andr\u00e9s, Marcos Garrido, Sergio \u00c1lvarez y Sasan Houshangi plasman las operaciones militares.","breadcrumb":{"@id":"https:\/\/www.nebrija.com\/medios\/actualidadnebrija\/2023\/02\/15\/los-cronistas-visuales-del-master-en-pintura-de-historia-donan-sus-cuadros-a-la-ume\/#breadcrumb"},"inLanguage":"es","potentialAction":[{"@type":"ReadAction","target":["https:\/\/www.nebrija.com\/medios\/actualidadnebrija\/2023\/02\/15\/los-cronistas-visuales-del-master-en-pintura-de-historia-donan-sus-cuadros-a-la-ume\/"]}]},{"@type":"BreadcrumbList","@id":"https:\/\/www.nebrija.com\/medios\/actualidadnebrija\/2023\/02\/15\/los-cronistas-visuales-del-master-en-pintura-de-historia-donan-sus-cuadros-a-la-ume\/#breadcrumb","itemListElement":[{"@type":"ListItem","position":1,"name":"Home","item":"https:\/\/www.nebrija.com\/medios\/actualidadnebrija\/"},{"@type":"ListItem","position":2,"name":"La UME acoge la obra de los \u201ccronistas visuales\u201d del M\u00e1ster en Pintura de Historia"}]},{"@type":"WebSite","@id":"https:\/\/www.nebrija.com\/medios\/actualidadnebrija\/#website","url":"https:\/\/www.nebrija.com\/medios\/actualidadnebrija\/","name":"Actualidad Nebrija","description":"Noticias de la Universidad Nebrija","potentialAction":[{"@type":"SearchAction","target":{"@type":"EntryPoint","urlTemplate":"https:\/\/www.nebrija.com\/medios\/actualidadnebrija\/?s={search_term_string}"},"query-input":"required name=search_term_string"}],"inLanguage":"es"},{"@type":"Person","@id":"https:\/\/www.nebrija.com\/medios\/actualidadnebrija\/#\/schema\/person\/0cd40b7dd3f54459e2cfc009dbd255c6","name":"jpicos","image":{"@type":"ImageObject","inLanguage":"es","@id":"https:\/\/www.nebrija.com\/medios\/actualidadnebrija\/#\/schema\/person\/image\/","url":"https:\/\/secure.gravatar.com\/avatar\/c4a1005cff3fd9bb5185e9671f4f3e9b?s=96&d=mm&r=g","contentUrl":"https:\/\/secure.gravatar.com\/avatar\/c4a1005cff3fd9bb5185e9671f4f3e9b?s=96&d=mm&r=g","caption":"jpicos"},"url":"https:\/\/www.nebrija.com\/medios\/actualidadnebrija\/author\/jpicos\/"}]}},"_links":{"self":[{"href":"https:\/\/www.nebrija.com\/medios\/actualidadnebrija\/wp-json\/wp\/v2\/posts\/83568"}],"collection":[{"href":"https:\/\/www.nebrija.com\/medios\/actualidadnebrija\/wp-json\/wp\/v2\/posts"}],"about":[{"href":"https:\/\/www.nebrija.com\/medios\/actualidadnebrija\/wp-json\/wp\/v2\/types\/post"}],"author":[{"embeddable":true,"href":"https:\/\/www.nebrija.com\/medios\/actualidadnebrija\/wp-json\/wp\/v2\/users\/326"}],"replies":[{"embeddable":true,"href":"https:\/\/www.nebrija.com\/medios\/actualidadnebrija\/wp-json\/wp\/v2\/comments?post=83568"}],"version-history":[{"count":4,"href":"https:\/\/www.nebrija.com\/medios\/actualidadnebrija\/wp-json\/wp\/v2\/posts\/83568\/revisions"}],"predecessor-version":[{"id":92403,"href":"https:\/\/www.nebrija.com\/medios\/actualidadnebrija\/wp-json\/wp\/v2\/posts\/83568\/revisions\/92403"}],"wp:featuredmedia":[{"embeddable":true,"href":"https:\/\/www.nebrija.com\/medios\/actualidadnebrija\/wp-json\/wp\/v2\/media\/83579"}],"wp:attachment":[{"href":"https:\/\/www.nebrija.com\/medios\/actualidadnebrija\/wp-json\/wp\/v2\/media?parent=83568"}],"wp:term":[{"taxonomy":"category","embeddable":true,"href":"https:\/\/www.nebrija.com\/medios\/actualidadnebrija\/wp-json\/wp\/v2\/categories?post=83568"},{"taxonomy":"post_tag","embeddable":true,"href":"https:\/\/www.nebrija.com\/medios\/actualidadnebrija\/wp-json\/wp\/v2\/tags?post=83568"}],"curies":[{"name":"wp","href":"https:\/\/api.w.org\/{rel}","templated":true}]}}