{"id":83702,"date":"2023-02-20T13:22:30","date_gmt":"2023-02-20T12:22:30","guid":{"rendered":"https:\/\/www.nebrija.com\/medios\/actualidadnebrija\/?p=83702"},"modified":"2023-02-20T13:23:38","modified_gmt":"2023-02-20T12:23:38","slug":"martinez-oton-presenta-su-libro-sobre-las-fake-news","status":"publish","type":"post","link":"https:\/\/www.nebrija.com\/medios\/actualidadnebrija\/2023\/02\/20\/martinez-oton-presenta-su-libro-sobre-las-fake-news\/","title":{"rendered":"&#8220;Nos han dado una herramienta muy potente, pero no nos han ense\u00f1ado a utilizarla&#8221;"},"content":{"rendered":"<p>Son uno de los mayores desaf\u00edos que tiene la humanidad en nuestro tiempo. En una \u00e9poca en la que estamos sobre informados, las <em>fake news<\/em> se han convertido en un problema. Tener la capacidad de discernir entre una noticia falsa, que se multiplica como la mala hierba en las redes, y una verdadera es uno de los mayores retos a los que nos enfrentamos como usuarios y consumidores de redes sociales en el siglo XXI.<\/p>\n<p>Laura Mart\u00ednez Ot\u00f3n, directora acad\u00e9mica del <a href=\"https:\/\/www.nebrija.com\/programas-postgrado\/master\/radio\/\">M\u00e1ster en Formaci\u00f3n Permanente en Radio Podcast y Audio Digital<\/a> de la <a href=\"https:\/\/www.nebrija.com\/\">Universidad Nebrija<\/a> present\u00f3 su libro\u00a0<em>Las fake news y las redes sociales en el escenario de la docencia\u00a0<\/em>en el Campus Madrid Princesa.<\/p>\n<p>Acompa\u00f1ada por Melisa Tuya, redactora jefa de <a href=\"https:\/\/www.20minutos.es\/\">20 Minutos<\/a>; Mar\u00eda Zabala, periodista y experta en alfabetizaci\u00f3n digital, y Ana P\u00e9rez Escoda, doctora en Educaci\u00f3n Especializada en Competencias Digitales y Alfabetizaci\u00f3n Digital, la autora desarroll\u00f3 la esencia del libro ante un paraninfo heterog\u00e9neo. Adolescentes, universitarios, maestros y comunicadores compartieron sus experiencias, sus conocimientos, incluso sus desconocimientos digitales.<\/p>\n<h3>C\u00f3mo distinguir las fakes news<\/h3>\n<p>Comenz\u00f3 la presentaci\u00f3n con una encuesta en la que la mayor\u00eda de los asistentes coincidieron. Sabemos que son las <em>fake news<\/em>, pero no tenemos herramientas para distinguirlas de una noticia verdadera.<\/p>\n<p>\u00bfPor qu\u00e9? Porque desde la irrupci\u00f3n de las redes sociales en nuestras vidas se ha producido una desintermediaci\u00f3n. \u201cEn plena era de la comunicaci\u00f3n, el intermediario se ha desfigurado. La sociedad del siglo XX ten\u00eda al periodista como intermediador. En el siglo XXI hemos renunciado a esa intermediaci\u00f3n y nos creemos a nuestro m\u00f3vil. Adem\u00e1s, no tenemos paciencia. Ahora todos somos <em>prosumidores<\/em>, productores y consumidores de informaci\u00f3n\u201d, matiz\u00f3 Ana P\u00e9rez Escoda.<\/p>\n<p>As\u00ed es. Tras la irrupci\u00f3n de internet y la crisis de la prensa, las personas que funcionaban como intermediadores, como figura \u00e9tica, han desaparecido. \u201cVivimos en el caos de la informaci\u00f3n\u201d.<\/p>\n<p>A lo que Melisa Tuya a\u00f1adi\u00f3. \u201cEn este aluvi\u00f3n de noticias debemos entrar en los sitios y fijarnos en quien escribe. Hay que aprender a mirar para estar informado de verdad. Los que estamos preparados somos capaces de distinguir una <em>fake<\/em>. La posverdad, esa que hace que identifiquemos una noticia con la verdad, es m\u00e1s dif\u00edcil de desvelar. Muchas veces nuestro propio sesgo no nos deja. Hoy en d\u00eda, los periodistas necesitamos manejar un sano escepticismo. Debemos parar la velocidad en la que nos movemos, para no incurrir en estos errores. Ese es el gran reto para contrarrestar la posverdad\u201d.<\/p>\n<h3>Prosumidores<\/h3>\n<p>Entre caos informativo, prosumidores, posverdad y los <em>trolls<\/em> o <em>bots<\/em> que esparcen esas informaciones viralizadas vivimos inmersos en desconcierto cibern\u00e9tico.<\/p>\n<p>\u201cEsta situaci\u00f3n fue la que me llev\u00f3 a escribir el libro\u201d, confes\u00f3 Mart\u00ednez Ot\u00f3n. Sostiene la autora que el volumen se presenta como un manual para educadores. Un manual que aporta la base necesaria para poder ense\u00f1ar a moverse en el mundo digital. \u201cNos han dado una herramienta muy potente, pero no nos han ense\u00f1ado a utilizarla\u201d, sentenci\u00f3 la autora.<\/p>\n<p>As\u00ed, <em>Las fake news y las redes sociales en el escenario de la docencia<\/em>\u00a0nace con la intenci\u00f3n de formar a profesores, pero resulta igualmente \u00fatil para padres y madres que se plantean a qu\u00e9 edad darles un tel\u00e9fono a los menores, c\u00f3mo ense\u00f1arles a manejarlo y, sobre todo, c\u00f3mo ense\u00f1arles a que tengan criterio \u201cporque as\u00ed ser\u00e1n m\u00e1s dif\u00edcilmente manipulables\u201d.<\/p>\n<p>Con un lenguaje sencillo, el libro se convierte en una caja de herramientas muy \u00fatil para los profesores. Cuenta con un glosario de t\u00e9rminos, informaci\u00f3n y datos con los que los educadores perder\u00e1n el miedo a las redes y podr\u00e1n acompa\u00f1ar a sus alumnos en la alfabetizaci\u00f3n digital. Para facilitar las cosas, al final de cada cap\u00edtulo se ofrecen actividades\u00a0que permiten\u00a0trabajar a los profesores en diferentes niveles.\u00a0\u201cLes pedir\u00eda a los profesores que no lo hagan solos, que involucren a todos los departamentos de sus centros porque se llega m\u00e1s lejos\u201d.<\/p>\n<h3>Responsabilidad en las redes frente a las Fake News<\/h3>\n<p>Destaca Mart\u00ednez Ot\u00f3n que la \u00fanica manera que tenemos para educar es estar informados y utilizar el mismo lenguaje que los adolescentes y los j\u00f3venes. \u201cSomos muy manipulables. Todo lo que va unido a la tecnolog\u00eda lleva impl\u00edcita la tiran\u00eda de lo audiovisual. Si una cosa te choca y te rompe las tripas, no la compartas hasta tener la certeza absoluta. Estamos hablando de personas y podemos hacer mucho da\u00f1o\u201d, subray\u00f3.<\/p>\n<p>Por eso resulta crucial que, como recalc\u00f3 Ana P\u00e9rez Escoda, cada persona entienda \u201cla responsabilidad que est\u00e1 asumiendo al crearse un perfil\u201d en redes. \u201cSi admitimos que las redes son un \u00e1gora p\u00fablica, debemos tener muy claro que somos el mismo ciudadano en estado f\u00edsico que en el digital. Esto, que a los alumnos les cuesta entender, es b\u00e1sico. Hay unas normas de etiqueta con las que debemos trabajar la identidad digital para que sea adecuada. Lo importante en la red social es tener claro qu\u00e9 persona eres, a qui\u00e9n sigues y qui\u00e9n te sigue. Si concebimos un entorno serio, las redes son fant\u00e1sticas\u201d.<\/p>\n<p>Como afirma Mar\u00eda Zabala, \u201cse trata de hacer un ejercicio para romper brechas y tender puentes. Hay que dejar espacio para que aprendan a pensar\u201d.<\/p>\n<p>Desde un planteamiento tan realista como cr\u00edtico, <em>Las fake news y las redes sociales en el escenario de la docencia<\/em>\u00a0invita a quedarnos con lo bueno que nos ofrece la tecnolog\u00eda. M\u00e1s que nada, porque ya no hay marcha atr\u00e1s.<\/p>\n\n\t\t<style type=\"text\/css\">\n\t\t\t#gallery-1 {\n\t\t\t\tmargin: auto;\n\t\t\t}\n\t\t\t#gallery-1 .gallery-item {\n\t\t\t\tfloat: left;\n\t\t\t\tmargin-top: 10px;\n\t\t\t\ttext-align: center;\n\t\t\t\twidth: 33%;\n\t\t\t}\n\t\t\t#gallery-1 img {\n\t\t\t\tborder: 2px solid #cfcfcf;\n\t\t\t}\n\t\t\t#gallery-1 .gallery-caption {\n\t\t\t\tmargin-left: 0;\n\t\t\t}\n\t\t\t\/* see gallery_shortcode() in wp-includes\/media.php *\/\n\t\t<\/style>\n\t\t<div id='gallery-1' class='gallery galleryid-83702 gallery-columns-3 gallery-size-thumbnail'><dl class='gallery-item'>\n\t\t\t<dt class='gallery-icon landscape'>\n\t\t\t\t<a href='https:\/\/www.nebrija.com\/medios\/actualidadnebrija\/wp-content\/uploads\/sites\/2\/2023\/02\/libro_fake-5.jpg'><img loading=\"lazy\" decoding=\"async\" width=\"150\" height=\"100\" src=\"https:\/\/www.nebrija.com\/medios\/actualidadnebrija\/wp-content\/uploads\/sites\/2\/2023\/02\/libro_fake-5-150x100.jpg\" class=\"attachment-thumbnail size-thumbnail\" alt=\"Fake News\" \/><\/a>\n\t\t\t<\/dt><\/dl><dl class='gallery-item'>\n\t\t\t<dt class='gallery-icon landscape'>\n\t\t\t\t<a href='https:\/\/www.nebrija.com\/medios\/actualidadnebrija\/wp-content\/uploads\/sites\/2\/2023\/02\/libro_fake-7.jpg'><img loading=\"lazy\" decoding=\"async\" width=\"150\" height=\"100\" src=\"https:\/\/www.nebrija.com\/medios\/actualidadnebrija\/wp-content\/uploads\/sites\/2\/2023\/02\/libro_fake-7-150x100.jpg\" class=\"attachment-thumbnail size-thumbnail\" alt=\"\" \/><\/a>\n\t\t\t<\/dt><\/dl><dl class='gallery-item'>\n\t\t\t<dt class='gallery-icon landscape'>\n\t\t\t\t<a href='https:\/\/www.nebrija.com\/medios\/actualidadnebrija\/wp-content\/uploads\/sites\/2\/2023\/02\/libro_fake-8.jpg'><img loading=\"lazy\" decoding=\"async\" width=\"150\" height=\"100\" src=\"https:\/\/www.nebrija.com\/medios\/actualidadnebrija\/wp-content\/uploads\/sites\/2\/2023\/02\/libro_fake-8-150x100.jpg\" class=\"attachment-thumbnail size-thumbnail\" alt=\"fake news\" \/><\/a>\n\t\t\t<\/dt><\/dl><br style=\"clear: both\" \/><dl class='gallery-item'>\n\t\t\t<dt class='gallery-icon landscape'>\n\t\t\t\t<a href='https:\/\/www.nebrija.com\/medios\/actualidadnebrija\/wp-content\/uploads\/sites\/2\/2023\/02\/libro_fake-11.jpg'><img loading=\"lazy\" decoding=\"async\" width=\"150\" height=\"100\" src=\"https:\/\/www.nebrija.com\/medios\/actualidadnebrija\/wp-content\/uploads\/sites\/2\/2023\/02\/libro_fake-11-150x100.jpg\" class=\"attachment-thumbnail size-thumbnail\" alt=\"\" \/><\/a>\n\t\t\t<\/dt><\/dl><dl class='gallery-item'>\n\t\t\t<dt class='gallery-icon landscape'>\n\t\t\t\t<a href='https:\/\/www.nebrija.com\/medios\/actualidadnebrija\/wp-content\/uploads\/sites\/2\/2023\/02\/libro_fake-1.jpg'><img loading=\"lazy\" decoding=\"async\" width=\"150\" height=\"100\" src=\"https:\/\/www.nebrija.com\/medios\/actualidadnebrija\/wp-content\/uploads\/sites\/2\/2023\/02\/libro_fake-1-150x100.jpg\" class=\"attachment-thumbnail size-thumbnail\" alt=\"fake news\" \/><\/a>\n\t\t\t<\/dt><\/dl><dl class='gallery-item'>\n\t\t\t<dt class='gallery-icon portrait'>\n\t\t\t\t<a href='https:\/\/www.nebrija.com\/medios\/actualidadnebrija\/wp-content\/uploads\/sites\/2\/2023\/02\/libro_fake-6-e1761561704516.jpg'><img loading=\"lazy\" decoding=\"async\" width=\"100\" height=\"150\" src=\"https:\/\/www.nebrija.com\/medios\/actualidadnebrija\/wp-content\/uploads\/sites\/2\/2023\/02\/libro_fake-6-100x150.jpg\" class=\"attachment-thumbnail size-thumbnail\" alt=\"\" \/><\/a>\n\t\t\t<\/dt><\/dl><br style=\"clear: both\" \/>\n\t\t<\/div>\n\n","protected":false},"excerpt":{"rendered":"<p>Laura Mart\u00ednez Ot\u00f3n presenta su libro \u2018Las fake news y las redes sociales en el escenario de la docencia\u2019.<\/p>\n","protected":false},"author":1293,"featured_media":83705,"comment_status":"open","ping_status":"open","sticky":false,"template":"","format":"standard","meta":{"_acf_changed":false,"_monsterinsights_skip_tracking":false,"_monsterinsights_sitenote_active":false,"_monsterinsights_sitenote_note":"","_monsterinsights_sitenote_category":0,"footnotes":""},"categories":[3050],"tags":[3124,3833],"acf":[],"yoast_head":"<!-- This site is optimized with the Yoast SEO plugin v22.1 - https:\/\/yoast.com\/wordpress\/plugins\/seo\/ -->\n<title>&quot;Nos han dado una herramienta muy potente, pero no nos han ense\u00f1ado a utilizarla&quot; - Actualidad Nebrija<\/title>\n<meta name=\"description\" content=\"Laura Mart\u00ednez Ot\u00f3n presenta su libro \u2018Las fake news y las redes sociales en el escenario de la docencia\u2019 en la Universidad Nebrija.\" \/>\n<meta name=\"robots\" content=\"index, follow, max-snippet:-1, max-image-preview:large, max-video-preview:-1\" \/>\n<link rel=\"canonical\" href=\"https:\/\/www.nebrija.com\/medios\/actualidadnebrija\/2023\/02\/20\/martinez-oton-presenta-su-libro-sobre-las-fake-news\/\" \/>\n<meta property=\"og:locale\" content=\"es_ES\" \/>\n<meta property=\"og:type\" content=\"article\" \/>\n<meta property=\"og:title\" content=\"&quot;Nos han dado una herramienta muy potente, pero no nos han ense\u00f1ado a utilizarla&quot; - Actualidad Nebrija\" \/>\n<meta property=\"og:description\" content=\"Laura Mart\u00ednez Ot\u00f3n presenta su libro \u2018Las fake news y las redes sociales en el escenario de la docencia\u2019 en la Universidad Nebrija.\" \/>\n<meta property=\"og:url\" content=\"https:\/\/www.nebrija.com\/medios\/actualidadnebrija\/2023\/02\/20\/martinez-oton-presenta-su-libro-sobre-las-fake-news\/\" \/>\n<meta property=\"og:site_name\" content=\"Actualidad Nebrija\" \/>\n<meta property=\"article:published_time\" content=\"2023-02-20T12:22:30+00:00\" \/>\n<meta property=\"article:modified_time\" content=\"2023-02-20T12:23:38+00:00\" \/>\n<meta property=\"og:image\" content=\"https:\/\/www.nebrija.com\/medios\/actualidadnebrija\/wp-content\/uploads\/sites\/2\/2023\/02\/libro_fake-4.jpg\" \/>\n\t<meta property=\"og:image:width\" content=\"1000\" \/>\n\t<meta property=\"og:image:height\" content=\"667\" \/>\n\t<meta property=\"og:image:type\" content=\"image\/jpeg\" \/>\n<meta name=\"author\" content=\"mmartinlunas\" \/>\n<meta name=\"twitter:card\" content=\"summary_large_image\" \/>\n<meta name=\"twitter:label1\" content=\"Escrito por\" \/>\n\t<meta name=\"twitter:data1\" content=\"mmartinlunas\" \/>\n\t<meta name=\"twitter:label2\" content=\"Tiempo de lectura\" \/>\n\t<meta name=\"twitter:data2\" content=\"5 minutos\" \/>\n<!-- \/ Yoast SEO plugin. -->","yoast_head_json":{"title":"\"Nos han dado una herramienta muy potente, pero no nos han ense\u00f1ado a utilizarla\" - Actualidad Nebrija","description":"Laura Mart\u00ednez Ot\u00f3n presenta su libro \u2018Las fake news y las redes sociales en el escenario de la docencia\u2019 en la Universidad Nebrija.","robots":{"index":"index","follow":"follow","max-snippet":"max-snippet:-1","max-image-preview":"max-image-preview:large","max-video-preview":"max-video-preview:-1"},"canonical":"https:\/\/www.nebrija.com\/medios\/actualidadnebrija\/2023\/02\/20\/martinez-oton-presenta-su-libro-sobre-las-fake-news\/","og_locale":"es_ES","og_type":"article","og_title":"\"Nos han dado una herramienta muy potente, pero no nos han ense\u00f1ado a utilizarla\" - Actualidad Nebrija","og_description":"Laura Mart\u00ednez Ot\u00f3n presenta su libro \u2018Las fake news y las redes sociales en el escenario de la docencia\u2019 en la Universidad Nebrija.","og_url":"https:\/\/www.nebrija.com\/medios\/actualidadnebrija\/2023\/02\/20\/martinez-oton-presenta-su-libro-sobre-las-fake-news\/","og_site_name":"Actualidad Nebrija","article_published_time":"2023-02-20T12:22:30+00:00","article_modified_time":"2023-02-20T12:23:38+00:00","og_image":[{"width":1000,"height":667,"url":"https:\/\/www.nebrija.com\/medios\/actualidadnebrija\/wp-content\/uploads\/sites\/2\/2023\/02\/libro_fake-4.jpg","type":"image\/jpeg"}],"author":"mmartinlunas","twitter_card":"summary_large_image","twitter_misc":{"Escrito por":"mmartinlunas","Tiempo de lectura":"5 minutos"},"schema":{"@context":"https:\/\/schema.org","@graph":[{"@type":"WebPage","@id":"https:\/\/www.nebrija.com\/medios\/actualidadnebrija\/2023\/02\/20\/martinez-oton-presenta-su-libro-sobre-las-fake-news\/","url":"https:\/\/www.nebrija.com\/medios\/actualidadnebrija\/2023\/02\/20\/martinez-oton-presenta-su-libro-sobre-las-fake-news\/","name":"\"Nos han dado una herramienta muy potente, pero no nos han ense\u00f1ado a utilizarla\" - Actualidad Nebrija","isPartOf":{"@id":"https:\/\/www.nebrija.com\/medios\/actualidadnebrija\/#website"},"datePublished":"2023-02-20T12:22:30+00:00","dateModified":"2023-02-20T12:23:38+00:00","author":{"@id":"https:\/\/www.nebrija.com\/medios\/actualidadnebrija\/#\/schema\/person\/e8d870a28a7f65b9112ecd63b7cc9b07"},"description":"Laura Mart\u00ednez Ot\u00f3n presenta su libro \u2018Las fake news y las redes sociales en el escenario de la docencia\u2019 en la Universidad Nebrija.","breadcrumb":{"@id":"https:\/\/www.nebrija.com\/medios\/actualidadnebrija\/2023\/02\/20\/martinez-oton-presenta-su-libro-sobre-las-fake-news\/#breadcrumb"},"inLanguage":"es","potentialAction":[{"@type":"ReadAction","target":["https:\/\/www.nebrija.com\/medios\/actualidadnebrija\/2023\/02\/20\/martinez-oton-presenta-su-libro-sobre-las-fake-news\/"]}]},{"@type":"BreadcrumbList","@id":"https:\/\/www.nebrija.com\/medios\/actualidadnebrija\/2023\/02\/20\/martinez-oton-presenta-su-libro-sobre-las-fake-news\/#breadcrumb","itemListElement":[{"@type":"ListItem","position":1,"name":"Home","item":"https:\/\/www.nebrija.com\/medios\/actualidadnebrija\/"},{"@type":"ListItem","position":2,"name":"\u00abNos han dado una herramienta muy potente, pero no nos han ense\u00f1ado a utilizarla\u00bb"}]},{"@type":"WebSite","@id":"https:\/\/www.nebrija.com\/medios\/actualidadnebrija\/#website","url":"https:\/\/www.nebrija.com\/medios\/actualidadnebrija\/","name":"Actualidad Nebrija","description":"Noticias de la Universidad Nebrija","potentialAction":[{"@type":"SearchAction","target":{"@type":"EntryPoint","urlTemplate":"https:\/\/www.nebrija.com\/medios\/actualidadnebrija\/?s={search_term_string}"},"query-input":"required name=search_term_string"}],"inLanguage":"es"},{"@type":"Person","@id":"https:\/\/www.nebrija.com\/medios\/actualidadnebrija\/#\/schema\/person\/e8d870a28a7f65b9112ecd63b7cc9b07","name":"mmartinlunas","image":{"@type":"ImageObject","inLanguage":"es","@id":"https:\/\/www.nebrija.com\/medios\/actualidadnebrija\/#\/schema\/person\/image\/","url":"https:\/\/secure.gravatar.com\/avatar\/d60b4c9ab884d829dbb6a5c78774aca9?s=96&d=mm&r=g","contentUrl":"https:\/\/secure.gravatar.com\/avatar\/d60b4c9ab884d829dbb6a5c78774aca9?s=96&d=mm&r=g","caption":"mmartinlunas"},"url":"https:\/\/www.nebrija.com\/medios\/actualidadnebrija\/author\/mmartinlunas\/"}]}},"_links":{"self":[{"href":"https:\/\/www.nebrija.com\/medios\/actualidadnebrija\/wp-json\/wp\/v2\/posts\/83702"}],"collection":[{"href":"https:\/\/www.nebrija.com\/medios\/actualidadnebrija\/wp-json\/wp\/v2\/posts"}],"about":[{"href":"https:\/\/www.nebrija.com\/medios\/actualidadnebrija\/wp-json\/wp\/v2\/types\/post"}],"author":[{"embeddable":true,"href":"https:\/\/www.nebrija.com\/medios\/actualidadnebrija\/wp-json\/wp\/v2\/users\/1293"}],"replies":[{"embeddable":true,"href":"https:\/\/www.nebrija.com\/medios\/actualidadnebrija\/wp-json\/wp\/v2\/comments?post=83702"}],"version-history":[{"count":5,"href":"https:\/\/www.nebrija.com\/medios\/actualidadnebrija\/wp-json\/wp\/v2\/posts\/83702\/revisions"}],"predecessor-version":[{"id":83717,"href":"https:\/\/www.nebrija.com\/medios\/actualidadnebrija\/wp-json\/wp\/v2\/posts\/83702\/revisions\/83717"}],"wp:featuredmedia":[{"embeddable":true,"href":"https:\/\/www.nebrija.com\/medios\/actualidadnebrija\/wp-json\/wp\/v2\/media\/83705"}],"wp:attachment":[{"href":"https:\/\/www.nebrija.com\/medios\/actualidadnebrija\/wp-json\/wp\/v2\/media?parent=83702"}],"wp:term":[{"taxonomy":"category","embeddable":true,"href":"https:\/\/www.nebrija.com\/medios\/actualidadnebrija\/wp-json\/wp\/v2\/categories?post=83702"},{"taxonomy":"post_tag","embeddable":true,"href":"https:\/\/www.nebrija.com\/medios\/actualidadnebrija\/wp-json\/wp\/v2\/tags?post=83702"}],"curies":[{"name":"wp","href":"https:\/\/api.w.org\/{rel}","templated":true}]}}