{"id":83940,"date":"2023-02-28T13:20:03","date_gmt":"2023-02-28T12:20:03","guid":{"rendered":"https:\/\/www.nebrija.com\/medios\/actualidadnebrija\/?p=83940"},"modified":"2024-04-25T16:54:15","modified_gmt":"2024-04-25T14:54:15","slug":"china-se-va-a-reforzar-en-el-mercado-asiatico-y-con-el-resto-del-mundo-mantendra-una-dualidad-de-intereses","status":"publish","type":"post","link":"https:\/\/www.nebrija.com\/medios\/actualidadnebrija\/2023\/02\/28\/china-se-va-a-reforzar-en-el-mercado-asiatico-y-con-el-resto-del-mundo-mantendra-una-dualidad-de-intereses\/","title":{"rendered":"\u201cChina se va a reforzar en el mercado asi\u00e1tico y con el resto del mundo mantendr\u00e1 una dualidad de intereses\u201d"},"content":{"rendered":"<p>El <a href=\"https:\/\/clubexportadores.org\/\">Club de Exportadores e Inversores<\/a> refleja en uno de sus \u00faltimos informes que el mundo se encamina a una \u201crealineaci\u00f3n\u201d de la geopol\u00edtica mundial que tendr\u00e1 dos consecuencias: \u201cel desacoplamiento\u201d de occidente <em>versus<\/em> oriente \u201cen una especie de divisi\u00f3n de zonas de influencia sin un <em>tel\u00f3n de acero<\/em> por medio, y una proyecci\u00f3n de China en Asia, \u201csu zona de influencia natural\u201d con una especial relevancia en los pa\u00edses de la Asean (Asociaci\u00f3n de Naciones de Asia Sudoriental). \u201cChina se va a reforzar en el mercado asi\u00e1tico y con el resto del mundo mantendr\u00e1 una dualidad de intereses\u201d, resumi\u00f3 Ram\u00f3n Gasc\u00f3n, responsable del grupo de trabajo Asia Pac\u00edfico del Club de Exportadores e Inversores, durante una conferencia organizada en colaboraci\u00f3n con la <a href=\"https:\/\/www.nebrija.com\/la_universidad\/facultades\/facultad-economia-empresa\/\">Facultad de Econom\u00eda y Empresa<\/a> de la Universidad Nebrija.<\/p>\n<p>Estos dos v\u00e9rtices de relaciones, seg\u00fan las conclusiones del Club de Exportadores e Inversores, supondr\u00e1n \u201cun escenario de mayor y m\u00e1s dif\u00edcil competencia\u201d para las empresas extranjeras. La \u201cescalada del militarismo\u201d en Asia y el reforzamiento de los ej\u00e9rcitos de los pa\u00edses del norte, China, Jap\u00f3n y Corea del Sur igualmente \u201ccontribuir\u00e1n de forma negativa a proporcionar un clima de estabilidad suficiente para el asentamiento del comercio internacional en la regi\u00f3n\u201d.<\/p>\n<p>Reflexionar acerca de la &#8220;sobredependencia&#8221; de China como principal proveedor de Espa\u00f1a \u201cen un momento en el que parece que econom\u00edas como las de Estados Unidos precisamente caminan en la direcci\u00f3n opuesta\u201d y reforzar \u201cla acci\u00f3n de nuestra administraci\u00f3n con un Plan efectivo de visitas de alto nivel acompa\u00f1adas de un seguimiento de las mismas en China que nos permita tener una mejor y m\u00e1s efectiva voz propia en la creaci\u00f3n y desarrollo de las relaciones comerciales y de inversi\u00f3n\u201d resumen en este sentido las recomendaciones del Club de Exportadores e Inversores.<\/p>\n<p>Estas perspectivas expuestas por Ram\u00f3n Gasc\u00f3n en el ciclo promovido por Txema L\u00f3pez Pina, vicedecano de la Facultad de Econom\u00eda y Empresa de la Universidad Nebrija, concuerdan con la gran demanda de materia prima de China, que le hace invertir en el sector log\u00edstico y situarse \u201csobre todo\u201d en \u00c1frica para poder asegurarse sus propios suministros.<\/p>\n<p><strong><em>Made in China<\/em> 2025<\/strong><\/p>\n<p>En un contexto de \u201cvientos fuertes, aguas agitadas y tormentas peligrosas\u201d, en palabras del presidente Xi Jinping en el XX Congreso del Partido Comunista, China trata de implementar su plan de<em> Made in China 2025,<\/em> \u201cque busca que la fabricaci\u00f3n nacional de chips cubra el 70 % de las necesidades de semiconductores del propio pa\u00eds para 2025, pero los resultados no van por el camino esperado\u201d. Con la pujanza de TSMC en Taiw\u00e1n en la fabricaci\u00f3n de chips y Samsung en Corea del Sur en el sector de las memorias, \u201cChina- seg\u00fan Ram\u00f3n Gasc\u00f3n- es consciente de que tiene que desarrollar su industria interior para convertirse en una potencia tecnol\u00f3gica a pesar de las sanciones de Estados Unidos\u201d.<\/p>\n<p>Ram\u00f3n Gasc\u00f3n, que ha vivido 23 a\u00f1os en Asia, diez de ellos en China, en puestos de responsabilidad en empresas p\u00fablicas y privadas, sostuvo que los proveedores chinos \u201cson bastante \u00e1giles y buenos y por eso China es la f\u00e1brica del mundo, pero este modelo ya no tira del PIB\u201d. A su juicio, ya se est\u00e1 produciendo ese desacoplamiento a la vez que su econom\u00eda \u201ccada vez es menos transparente\u201d.<\/p>\n<p>Dado que el comercio todav\u00eda supone el 37 % del PIB de China y la tasa de cobertura (porcentaje de las exportaciones que pueden pagarse con las importaciones registradas) de Espa\u00f1a con China fue del 16,13 % en 2022 no evidencian, para Gasc\u00f3n, una mejora futura en la balanza comercial de Espa\u00f1a con China, un pa\u00eds que se ha convertido en el primer proveedor adelantando a Alemania y Francia.<\/p>\n<p>El responsable del grupo de trabajo Asia Pac\u00edfico del Club de Exportadores e Inversores destac\u00f3, sin embargo, los foros de di\u00e1logo abiertos entre ambos pa\u00edses, las relaciones institucionales \u201cbastante bien armadas\u201d, el potencial de Espa\u00f1a para el mercado chino y el aumento de las exportaciones y de los flujos de inversi\u00f3n. Adem\u00e1s, anunci\u00f3 que el Club de Exportadores e Inversores planea talleres y encuentros para conmemorar el medios siglo del restablecimiento de relaciones diplom\u00e1ticas entre la Rep\u00fablica Popular de China y Espa\u00f1a.<\/p>\n<p><em>Texto: Javier Picos. Fotos: Zaida del R\u00edo.<\/em><\/p>\n\n\t\t<style type=\"text\/css\">\n\t\t\t#gallery-1 {\n\t\t\t\tmargin: auto;\n\t\t\t}\n\t\t\t#gallery-1 .gallery-item {\n\t\t\t\tfloat: left;\n\t\t\t\tmargin-top: 10px;\n\t\t\t\ttext-align: center;\n\t\t\t\twidth: 33%;\n\t\t\t}\n\t\t\t#gallery-1 img {\n\t\t\t\tborder: 2px solid #cfcfcf;\n\t\t\t}\n\t\t\t#gallery-1 .gallery-caption {\n\t\t\t\tmargin-left: 0;\n\t\t\t}\n\t\t\t\/* see gallery_shortcode() in wp-includes\/media.php *\/\n\t\t<\/style>\n\t\t<div id='gallery-1' class='gallery galleryid-83940 gallery-columns-3 gallery-size-thumbnail'><dl class='gallery-item'>\n\t\t\t<dt class='gallery-icon landscape'>\n\t\t\t\t<a href='https:\/\/www.nebrija.com\/medios\/actualidadnebrija\/wp-content\/uploads\/sites\/2\/2023\/02\/China_Espana_Ramon_Gascon-1.jpg'><img loading=\"lazy\" decoding=\"async\" width=\"150\" height=\"100\" src=\"https:\/\/www.nebrija.com\/medios\/actualidadnebrija\/wp-content\/uploads\/sites\/2\/2023\/02\/China_Espana_Ramon_Gascon-1-150x100.jpg\" class=\"attachment-thumbnail size-thumbnail\" alt=\"\" \/><\/a>\n\t\t\t<\/dt><\/dl><dl class='gallery-item'>\n\t\t\t<dt class='gallery-icon landscape'>\n\t\t\t\t<a href='https:\/\/www.nebrija.com\/medios\/actualidadnebrija\/wp-content\/uploads\/sites\/2\/2023\/02\/China_Espana_Ramon_Gascon-2.jpg'><img loading=\"lazy\" decoding=\"async\" width=\"150\" height=\"100\" src=\"https:\/\/www.nebrija.com\/medios\/actualidadnebrija\/wp-content\/uploads\/sites\/2\/2023\/02\/China_Espana_Ramon_Gascon-2-150x100.jpg\" class=\"attachment-thumbnail size-thumbnail\" alt=\"\" \/><\/a>\n\t\t\t<\/dt><\/dl><dl class='gallery-item'>\n\t\t\t<dt class='gallery-icon landscape'>\n\t\t\t\t<a href='https:\/\/www.nebrija.com\/medios\/actualidadnebrija\/wp-content\/uploads\/sites\/2\/2023\/02\/China_Espana_Ramon_Gascon-3.jpg'><img loading=\"lazy\" decoding=\"async\" width=\"150\" height=\"100\" src=\"https:\/\/www.nebrija.com\/medios\/actualidadnebrija\/wp-content\/uploads\/sites\/2\/2023\/02\/China_Espana_Ramon_Gascon-3-150x100.jpg\" class=\"attachment-thumbnail size-thumbnail\" alt=\"\" \/><\/a>\n\t\t\t<\/dt><\/dl><br style=\"clear: both\" \/><dl class='gallery-item'>\n\t\t\t<dt class='gallery-icon landscape'>\n\t\t\t\t<a href='https:\/\/www.nebrija.com\/medios\/actualidadnebrija\/wp-content\/uploads\/sites\/2\/2023\/02\/China_Espana_Ramon_Gascon-5.jpg'><img loading=\"lazy\" decoding=\"async\" width=\"150\" height=\"100\" src=\"https:\/\/www.nebrija.com\/medios\/actualidadnebrija\/wp-content\/uploads\/sites\/2\/2023\/02\/China_Espana_Ramon_Gascon-5-150x100.jpg\" class=\"attachment-thumbnail size-thumbnail\" alt=\"\" \/><\/a>\n\t\t\t<\/dt><\/dl><dl class='gallery-item'>\n\t\t\t<dt class='gallery-icon landscape'>\n\t\t\t\t<a href='https:\/\/www.nebrija.com\/medios\/actualidadnebrija\/wp-content\/uploads\/sites\/2\/2023\/02\/China_Espana_Ramon_Gascon-10.jpg'><img loading=\"lazy\" decoding=\"async\" width=\"150\" height=\"100\" src=\"https:\/\/www.nebrija.com\/medios\/actualidadnebrija\/wp-content\/uploads\/sites\/2\/2023\/02\/China_Espana_Ramon_Gascon-10-150x100.jpg\" class=\"attachment-thumbnail size-thumbnail\" alt=\"\" \/><\/a>\n\t\t\t<\/dt><\/dl>\n\t\t\t<br style='clear: both' \/>\n\t\t<\/div>\n\n","protected":false},"excerpt":{"rendered":"<p>Ram\u00f3n Gasc\u00f3n imparte una conferencia a los alumnos de la Facultad de Econom\u00eda y Empresa.<\/p>\n","protected":false},"author":326,"featured_media":83942,"comment_status":"open","ping_status":"open","sticky":false,"template":"","format":"standard","meta":{"_acf_changed":false,"_monsterinsights_skip_tracking":false,"_monsterinsights_sitenote_active":false,"_monsterinsights_sitenote_note":"","_monsterinsights_sitenote_category":0,"footnotes":""},"categories":[5017],"tags":[4942,4707,4131,3124,4896,4775],"acf":[],"yoast_head":"<!-- This site is optimized with the Yoast SEO plugin v22.1 - https:\/\/yoast.com\/wordpress\/plugins\/seo\/ -->\n<title>\u201cChina se va a reforzar en el mercado asi\u00e1tico y con el resto del mundo mantendr\u00e1 una dualidad de intereses\u201d - Actualidad Nebrija<\/title>\n<meta name=\"description\" content=\"Ram\u00f3n Gasc\u00f3n, responsable del grupo de trabajo Asia Pac\u00edfico del Club de Exportadores e Inversores, imparte una conferencia en la Universidad Nebrija.\" \/>\n<meta name=\"robots\" content=\"index, follow, max-snippet:-1, max-image-preview:large, max-video-preview:-1\" \/>\n<link rel=\"canonical\" href=\"https:\/\/www.nebrija.com\/medios\/actualidadnebrija\/2023\/02\/28\/china-se-va-a-reforzar-en-el-mercado-asiatico-y-con-el-resto-del-mundo-mantendra-una-dualidad-de-intereses\/\" \/>\n<meta property=\"og:locale\" content=\"es_ES\" \/>\n<meta property=\"og:type\" content=\"article\" \/>\n<meta property=\"og:title\" content=\"\u201cChina se va a reforzar en el mercado asi\u00e1tico y con el resto del mundo mantendr\u00e1 una dualidad de intereses\u201d - Actualidad Nebrija\" \/>\n<meta property=\"og:description\" content=\"Ram\u00f3n Gasc\u00f3n, responsable del grupo de trabajo Asia Pac\u00edfico del Club de Exportadores e Inversores, imparte una conferencia en la Universidad Nebrija.\" \/>\n<meta property=\"og:url\" content=\"https:\/\/www.nebrija.com\/medios\/actualidadnebrija\/2023\/02\/28\/china-se-va-a-reforzar-en-el-mercado-asiatico-y-con-el-resto-del-mundo-mantendra-una-dualidad-de-intereses\/\" \/>\n<meta property=\"og:site_name\" content=\"Actualidad Nebrija\" \/>\n<meta property=\"article:published_time\" content=\"2023-02-28T12:20:03+00:00\" \/>\n<meta property=\"article:modified_time\" content=\"2024-04-25T14:54:15+00:00\" \/>\n<meta property=\"og:image\" content=\"https:\/\/www.nebrija.com\/medios\/actualidadnebrija\/wp-content\/uploads\/sites\/2\/2023\/02\/China_Espana_Ramon_Gascon-2.jpg\" \/>\n\t<meta property=\"og:image:width\" content=\"1100\" \/>\n\t<meta property=\"og:image:height\" content=\"734\" \/>\n\t<meta property=\"og:image:type\" content=\"image\/jpeg\" \/>\n<meta name=\"author\" content=\"jpicos\" \/>\n<meta name=\"twitter:card\" content=\"summary_large_image\" \/>\n<meta name=\"twitter:label1\" content=\"Escrito por\" \/>\n\t<meta name=\"twitter:data1\" content=\"jpicos\" \/>\n\t<meta name=\"twitter:label2\" content=\"Tiempo de lectura\" \/>\n\t<meta name=\"twitter:data2\" content=\"4 minutos\" \/>\n<!-- \/ Yoast SEO plugin. -->","yoast_head_json":{"title":"\u201cChina se va a reforzar en el mercado asi\u00e1tico y con el resto del mundo mantendr\u00e1 una dualidad de intereses\u201d - Actualidad Nebrija","description":"Ram\u00f3n Gasc\u00f3n, responsable del grupo de trabajo Asia Pac\u00edfico del Club de Exportadores e Inversores, imparte una conferencia en la Universidad Nebrija.","robots":{"index":"index","follow":"follow","max-snippet":"max-snippet:-1","max-image-preview":"max-image-preview:large","max-video-preview":"max-video-preview:-1"},"canonical":"https:\/\/www.nebrija.com\/medios\/actualidadnebrija\/2023\/02\/28\/china-se-va-a-reforzar-en-el-mercado-asiatico-y-con-el-resto-del-mundo-mantendra-una-dualidad-de-intereses\/","og_locale":"es_ES","og_type":"article","og_title":"\u201cChina se va a reforzar en el mercado asi\u00e1tico y con el resto del mundo mantendr\u00e1 una dualidad de intereses\u201d - Actualidad Nebrija","og_description":"Ram\u00f3n Gasc\u00f3n, responsable del grupo de trabajo Asia Pac\u00edfico del Club de Exportadores e Inversores, imparte una conferencia en la Universidad Nebrija.","og_url":"https:\/\/www.nebrija.com\/medios\/actualidadnebrija\/2023\/02\/28\/china-se-va-a-reforzar-en-el-mercado-asiatico-y-con-el-resto-del-mundo-mantendra-una-dualidad-de-intereses\/","og_site_name":"Actualidad Nebrija","article_published_time":"2023-02-28T12:20:03+00:00","article_modified_time":"2024-04-25T14:54:15+00:00","og_image":[{"width":1100,"height":734,"url":"https:\/\/www.nebrija.com\/medios\/actualidadnebrija\/wp-content\/uploads\/sites\/2\/2023\/02\/China_Espana_Ramon_Gascon-2.jpg","type":"image\/jpeg"}],"author":"jpicos","twitter_card":"summary_large_image","twitter_misc":{"Escrito por":"jpicos","Tiempo de lectura":"4 minutos"},"schema":{"@context":"https:\/\/schema.org","@graph":[{"@type":"WebPage","@id":"https:\/\/www.nebrija.com\/medios\/actualidadnebrija\/2023\/02\/28\/china-se-va-a-reforzar-en-el-mercado-asiatico-y-con-el-resto-del-mundo-mantendra-una-dualidad-de-intereses\/","url":"https:\/\/www.nebrija.com\/medios\/actualidadnebrija\/2023\/02\/28\/china-se-va-a-reforzar-en-el-mercado-asiatico-y-con-el-resto-del-mundo-mantendra-una-dualidad-de-intereses\/","name":"\u201cChina se va a reforzar en el mercado asi\u00e1tico y con el resto del mundo mantendr\u00e1 una dualidad de intereses\u201d - Actualidad Nebrija","isPartOf":{"@id":"https:\/\/www.nebrija.com\/medios\/actualidadnebrija\/#website"},"datePublished":"2023-02-28T12:20:03+00:00","dateModified":"2024-04-25T14:54:15+00:00","author":{"@id":"https:\/\/www.nebrija.com\/medios\/actualidadnebrija\/#\/schema\/person\/0cd40b7dd3f54459e2cfc009dbd255c6"},"description":"Ram\u00f3n Gasc\u00f3n, responsable del grupo de trabajo Asia Pac\u00edfico del Club de Exportadores e Inversores, imparte una conferencia en la Universidad Nebrija.","breadcrumb":{"@id":"https:\/\/www.nebrija.com\/medios\/actualidadnebrija\/2023\/02\/28\/china-se-va-a-reforzar-en-el-mercado-asiatico-y-con-el-resto-del-mundo-mantendra-una-dualidad-de-intereses\/#breadcrumb"},"inLanguage":"es","potentialAction":[{"@type":"ReadAction","target":["https:\/\/www.nebrija.com\/medios\/actualidadnebrija\/2023\/02\/28\/china-se-va-a-reforzar-en-el-mercado-asiatico-y-con-el-resto-del-mundo-mantendra-una-dualidad-de-intereses\/"]}]},{"@type":"BreadcrumbList","@id":"https:\/\/www.nebrija.com\/medios\/actualidadnebrija\/2023\/02\/28\/china-se-va-a-reforzar-en-el-mercado-asiatico-y-con-el-resto-del-mundo-mantendra-una-dualidad-de-intereses\/#breadcrumb","itemListElement":[{"@type":"ListItem","position":1,"name":"Home","item":"https:\/\/www.nebrija.com\/medios\/actualidadnebrija\/"},{"@type":"ListItem","position":2,"name":"\u201cChina se va a reforzar en el mercado asi\u00e1tico y con el resto del mundo mantendr\u00e1 una dualidad de intereses\u201d"}]},{"@type":"WebSite","@id":"https:\/\/www.nebrija.com\/medios\/actualidadnebrija\/#website","url":"https:\/\/www.nebrija.com\/medios\/actualidadnebrija\/","name":"Actualidad Nebrija","description":"Noticias de la Universidad Nebrija","potentialAction":[{"@type":"SearchAction","target":{"@type":"EntryPoint","urlTemplate":"https:\/\/www.nebrija.com\/medios\/actualidadnebrija\/?s={search_term_string}"},"query-input":"required name=search_term_string"}],"inLanguage":"es"},{"@type":"Person","@id":"https:\/\/www.nebrija.com\/medios\/actualidadnebrija\/#\/schema\/person\/0cd40b7dd3f54459e2cfc009dbd255c6","name":"jpicos","image":{"@type":"ImageObject","inLanguage":"es","@id":"https:\/\/www.nebrija.com\/medios\/actualidadnebrija\/#\/schema\/person\/image\/","url":"https:\/\/secure.gravatar.com\/avatar\/c4a1005cff3fd9bb5185e9671f4f3e9b?s=96&d=mm&r=g","contentUrl":"https:\/\/secure.gravatar.com\/avatar\/c4a1005cff3fd9bb5185e9671f4f3e9b?s=96&d=mm&r=g","caption":"jpicos"},"url":"https:\/\/www.nebrija.com\/medios\/actualidadnebrija\/author\/jpicos\/"}]}},"_links":{"self":[{"href":"https:\/\/www.nebrija.com\/medios\/actualidadnebrija\/wp-json\/wp\/v2\/posts\/83940"}],"collection":[{"href":"https:\/\/www.nebrija.com\/medios\/actualidadnebrija\/wp-json\/wp\/v2\/posts"}],"about":[{"href":"https:\/\/www.nebrija.com\/medios\/actualidadnebrija\/wp-json\/wp\/v2\/types\/post"}],"author":[{"embeddable":true,"href":"https:\/\/www.nebrija.com\/medios\/actualidadnebrija\/wp-json\/wp\/v2\/users\/326"}],"replies":[{"embeddable":true,"href":"https:\/\/www.nebrija.com\/medios\/actualidadnebrija\/wp-json\/wp\/v2\/comments?post=83940"}],"version-history":[{"count":3,"href":"https:\/\/www.nebrija.com\/medios\/actualidadnebrija\/wp-json\/wp\/v2\/posts\/83940\/revisions"}],"predecessor-version":[{"id":92288,"href":"https:\/\/www.nebrija.com\/medios\/actualidadnebrija\/wp-json\/wp\/v2\/posts\/83940\/revisions\/92288"}],"wp:featuredmedia":[{"embeddable":true,"href":"https:\/\/www.nebrija.com\/medios\/actualidadnebrija\/wp-json\/wp\/v2\/media\/83942"}],"wp:attachment":[{"href":"https:\/\/www.nebrija.com\/medios\/actualidadnebrija\/wp-json\/wp\/v2\/media?parent=83940"}],"wp:term":[{"taxonomy":"category","embeddable":true,"href":"https:\/\/www.nebrija.com\/medios\/actualidadnebrija\/wp-json\/wp\/v2\/categories?post=83940"},{"taxonomy":"post_tag","embeddable":true,"href":"https:\/\/www.nebrija.com\/medios\/actualidadnebrija\/wp-json\/wp\/v2\/tags?post=83940"}],"curies":[{"name":"wp","href":"https:\/\/api.w.org\/{rel}","templated":true}]}}