{"id":84762,"date":"2023-03-24T14:00:08","date_gmt":"2023-03-24T13:00:08","guid":{"rendered":"https:\/\/www.nebrija.com\/medios\/actualidadnebrija\/?p=84762"},"modified":"2024-04-25T16:43:08","modified_gmt":"2024-04-25T14:43:08","slug":"la-reina-visita-la-exposicion-de-la-bne-que-conmemora-el-v-centenario-de-nebrija","status":"publish","type":"post","link":"https:\/\/www.nebrija.com\/medios\/actualidadnebrija\/2023\/03\/24\/la-reina-visita-la-exposicion-de-la-bne-que-conmemora-el-v-centenario-de-nebrija\/","title":{"rendered":"La Reina visita la exposici\u00f3n de la BNE que conmemora el V Centenario de Nebrija"},"content":{"rendered":"<p>Do\u00f1a Letizia ha acudido a la Biblioteca Nacional de Espa\u00f1a (BNE) a ver la exposici\u00f3n <a href=\"https:\/\/www.bne.es\/es\/agenda\/exposicion-antonio-de-nebrija\"><em>Nebrija (c. 1444-1522), el orgullo de ser gram\u00e1tico. `Grammaticus nomen est professionis\u00b4<\/em><\/a>, organizada por la Fundaci\u00f3n Nebrija con el patrocinio de la Universidad Nebrija y <a href=\"https:\/\/www.accioncultural.es\/\">Acci\u00f3n Cultural Espa\u00f1ola<\/a> y que permanecer\u00e1 abierta al p\u00fablico hasta el 9 de abril. Se espera que en torno a 40 000 personas visiten una de las muestras m\u00e1s relevantes del a\u00f1o en Espa\u00f1a.<\/p>\n<p>La Reina estuvo acompa\u00f1ada por la ministra de Justicia, Pilar Llop; el presidente del Real Patronato de la Biblioteca Nacional de Espa\u00f1a, Daniel Fern\u00e1ndez Guti\u00e9rrez; la directora de la Biblioteca Nacional de Espa\u00f1a, Ana Santos; el presidente de Acci\u00f3n Cultural Espa\u00f1ola, Jos\u00e9 Andr\u00e9s Torres; el presidente del Patronato de la Fundaci\u00f3n Nebrija, Manuel Villa-Cellino; el rector de la Universidad Nebrija, Jos\u00e9 Mu\u00f1iz; el director de la Fundaci\u00f3n Nebrija, Gregorio Mart\u00ednez; la comisaria de la exposici\u00f3n, Teresa Jim\u00e9nez Calvente, y el director de Relaciones Institucionales de la Fundaci\u00f3n Nebrija, Diego Moldes.<\/p>\n<p>Entre las muchas y muy valiosas piezas que se exhiben en esta exposici\u00f3n de Nebrija destacan especialmente algunas como el bello Breviario de Isabel la Cat\u00f3lica, ricamente decorado; el magn\u00edfico desplegable sobre Jerusal\u00e9n incluido en el incunable\u00a0<em>Viaje a Tierra Santa<\/em>\u00a0de Bernhard von Breydenbach; los manuscritos caligrafiados por el propio Nebrija en sus tiempos de estudiante; la primera edici\u00f3n de las famosas\u00a0<em>Introductiones Latinae<\/em>\u00a0y su copia manuscrita para el maestre de Alc\u00e1ntara con bellas miniaturas; o la mism\u00edsima\u00a0<em>Gram\u00e1tica sobre la lengua castellana<\/em>\u00a0de 1492.<\/p>\n<p><em>Texto: Javier Picos. Fotos: Zaida del R\u00edo.<\/em><\/p>\n\n\t\t<style type=\"text\/css\">\n\t\t\t#gallery-1 {\n\t\t\t\tmargin: auto;\n\t\t\t}\n\t\t\t#gallery-1 .gallery-item {\n\t\t\t\tfloat: left;\n\t\t\t\tmargin-top: 10px;\n\t\t\t\ttext-align: center;\n\t\t\t\twidth: 25%;\n\t\t\t}\n\t\t\t#gallery-1 img {\n\t\t\t\tborder: 2px solid #cfcfcf;\n\t\t\t}\n\t\t\t#gallery-1 .gallery-caption {\n\t\t\t\tmargin-left: 0;\n\t\t\t}\n\t\t\t\/* see gallery_shortcode() in wp-includes\/media.php *\/\n\t\t<\/style>\n\t\t<div id='gallery-1' class='gallery galleryid-84762 gallery-columns-4 gallery-size-thumbnail'><dl class='gallery-item'>\n\t\t\t<dt class='gallery-icon landscape'>\n\t\t\t\t<a href='https:\/\/www.nebrija.com\/medios\/actualidadnebrija\/wp-content\/uploads\/sites\/2\/2023\/03\/\u00a9-Casa-de-S.M.-el-Rey-6.jpg'><img loading=\"lazy\" decoding=\"async\" width=\"150\" height=\"110\" src=\"https:\/\/www.nebrija.com\/medios\/actualidadnebrija\/wp-content\/uploads\/sites\/2\/2023\/03\/\u00a9-Casa-de-S.M.-el-Rey-6-150x110.jpg\" class=\"attachment-thumbnail size-thumbnail\" alt=\"\" \/><\/a>\n\t\t\t<\/dt><\/dl><dl class='gallery-item'>\n\t\t\t<dt class='gallery-icon landscape'>\n\t\t\t\t<a href='https:\/\/www.nebrija.com\/medios\/actualidadnebrija\/wp-content\/uploads\/sites\/2\/2023\/03\/\u00a9-Casa-de-S.M.-el-Rey-8-e1757328310751.jpg'><img loading=\"lazy\" decoding=\"async\" width=\"150\" height=\"99\" src=\"https:\/\/www.nebrija.com\/medios\/actualidadnebrija\/wp-content\/uploads\/sites\/2\/2023\/03\/\u00a9-Casa-de-S.M.-el-Rey-8-150x99.jpg\" class=\"attachment-thumbnail size-thumbnail\" alt=\"\" \/><\/a>\n\t\t\t<\/dt><\/dl><dl class='gallery-item'>\n\t\t\t<dt class='gallery-icon landscape'>\n\t\t\t\t<a href='https:\/\/www.nebrija.com\/medios\/actualidadnebrija\/wp-content\/uploads\/sites\/2\/2023\/03\/\u00a9-Casa-de-S.M.-el-Rey-9-e1753709010792.jpg'><img loading=\"lazy\" decoding=\"async\" width=\"150\" height=\"106\" src=\"https:\/\/www.nebrija.com\/medios\/actualidadnebrija\/wp-content\/uploads\/sites\/2\/2023\/03\/\u00a9-Casa-de-S.M.-el-Rey-9-150x106.jpg\" class=\"attachment-thumbnail size-thumbnail\" alt=\"\" \/><\/a>\n\t\t\t<\/dt><\/dl><dl class='gallery-item'>\n\t\t\t<dt class='gallery-icon landscape'>\n\t\t\t\t<a href='https:\/\/www.nebrija.com\/medios\/actualidadnebrija\/wp-content\/uploads\/sites\/2\/2023\/03\/\u00a9-Casa-de-S.M.-el-Rey-14.jpg'><img loading=\"lazy\" decoding=\"async\" width=\"150\" height=\"107\" src=\"https:\/\/www.nebrija.com\/medios\/actualidadnebrija\/wp-content\/uploads\/sites\/2\/2023\/03\/\u00a9-Casa-de-S.M.-el-Rey-14-150x107.jpg\" class=\"attachment-thumbnail size-thumbnail\" alt=\"\" \/><\/a>\n\t\t\t<\/dt><\/dl><br style=\"clear: both\" \/><dl class='gallery-item'>\n\t\t\t<dt class='gallery-icon landscape'>\n\t\t\t\t<a href='https:\/\/www.nebrija.com\/medios\/actualidadnebrija\/wp-content\/uploads\/sites\/2\/2023\/03\/\u00a9-Casa-de-S.M.-el-Rey-15.jpg'><img loading=\"lazy\" decoding=\"async\" width=\"150\" height=\"103\" src=\"https:\/\/www.nebrija.com\/medios\/actualidadnebrija\/wp-content\/uploads\/sites\/2\/2023\/03\/\u00a9-Casa-de-S.M.-el-Rey-15-150x103.jpg\" class=\"attachment-thumbnail size-thumbnail\" alt=\"\" \/><\/a>\n\t\t\t<\/dt><\/dl><dl class='gallery-item'>\n\t\t\t<dt class='gallery-icon landscape'>\n\t\t\t\t<a href='https:\/\/www.nebrija.com\/medios\/actualidadnebrija\/wp-content\/uploads\/sites\/2\/2023\/03\/\u00a9-Casa-de-S.M.-el-Rey-18.jpg'><img loading=\"lazy\" decoding=\"async\" width=\"150\" height=\"103\" src=\"https:\/\/www.nebrija.com\/medios\/actualidadnebrija\/wp-content\/uploads\/sites\/2\/2023\/03\/\u00a9-Casa-de-S.M.-el-Rey-18-150x103.jpg\" class=\"attachment-thumbnail size-thumbnail\" alt=\"\" \/><\/a>\n\t\t\t<\/dt><\/dl><dl class='gallery-item'>\n\t\t\t<dt class='gallery-icon landscape'>\n\t\t\t\t<a href='https:\/\/www.nebrija.com\/medios\/actualidadnebrija\/wp-content\/uploads\/sites\/2\/2023\/03\/\u00a9-Casa-de-S.M.-el-Rey-24.jpg'><img loading=\"lazy\" decoding=\"async\" width=\"150\" height=\"105\" src=\"https:\/\/www.nebrija.com\/medios\/actualidadnebrija\/wp-content\/uploads\/sites\/2\/2023\/03\/\u00a9-Casa-de-S.M.-el-Rey-24-150x105.jpg\" class=\"attachment-thumbnail size-thumbnail\" alt=\"\" \/><\/a>\n\t\t\t<\/dt><\/dl><dl class='gallery-item'>\n\t\t\t<dt class='gallery-icon landscape'>\n\t\t\t\t<a href='https:\/\/www.nebrija.com\/medios\/actualidadnebrija\/wp-content\/uploads\/sites\/2\/2023\/03\/\u00a9-Casa-de-S.M.-el-Rey-27-e1762426794794.jpg'><img loading=\"lazy\" decoding=\"async\" width=\"150\" height=\"110\" src=\"https:\/\/www.nebrija.com\/medios\/actualidadnebrija\/wp-content\/uploads\/sites\/2\/2023\/03\/\u00a9-Casa-de-S.M.-el-Rey-27-150x110.jpg\" class=\"attachment-thumbnail size-thumbnail\" alt=\"\" \/><\/a>\n\t\t\t<\/dt><\/dl><br style=\"clear: both\" \/>\n\t\t<\/div>\n\n<p><em>Fotos: \u00a9 Casa de S.M. el Rey<\/em><\/p>\n","protected":false},"excerpt":{"rendered":"<p>La muestra que recoge la esencia del maestro humanista estar\u00e1 abierta al p\u00fablico hasta el pr\u00f3ximo 9 de abril.<\/p>\n","protected":false},"author":326,"featured_media":84763,"comment_status":"open","ping_status":"open","sticky":false,"template":"","format":"standard","meta":{"_acf_changed":false,"_monsterinsights_skip_tracking":false,"_monsterinsights_sitenote_active":false,"_monsterinsights_sitenote_note":"","_monsterinsights_sitenote_category":0,"footnotes":""},"categories":[3078,4776],"tags":[3895,5247,3124,5246,4470],"acf":[],"yoast_head":"<!-- This site is optimized with the Yoast SEO plugin v22.1 - https:\/\/yoast.com\/wordpress\/plugins\/seo\/ -->\n<title>La Reina visita la exposici\u00f3n de la BNE que conmemora el V Centenario de Nebrija - Actualidad Nebrija<\/title>\n<meta name=\"description\" content=\"La muestra que recoge la esencia del maestro humanista estar\u00e1 abierta al p\u00fablico hasta el pr\u00f3ximo 9 de abril.\" \/>\n<meta name=\"robots\" content=\"index, follow, max-snippet:-1, max-image-preview:large, max-video-preview:-1\" \/>\n<link rel=\"canonical\" href=\"https:\/\/www.nebrija.com\/medios\/actualidadnebrija\/2023\/03\/24\/la-reina-visita-la-exposicion-de-la-bne-que-conmemora-el-v-centenario-de-nebrija\/\" \/>\n<meta property=\"og:locale\" content=\"es_ES\" \/>\n<meta property=\"og:type\" content=\"article\" \/>\n<meta property=\"og:title\" content=\"La Reina visita la exposici\u00f3n de la BNE que conmemora el V Centenario de Nebrija - Actualidad Nebrija\" \/>\n<meta property=\"og:description\" content=\"La muestra que recoge la esencia del maestro humanista estar\u00e1 abierta al p\u00fablico hasta el pr\u00f3ximo 9 de abril.\" \/>\n<meta property=\"og:url\" content=\"https:\/\/www.nebrija.com\/medios\/actualidadnebrija\/2023\/03\/24\/la-reina-visita-la-exposicion-de-la-bne-que-conmemora-el-v-centenario-de-nebrija\/\" \/>\n<meta property=\"og:site_name\" content=\"Actualidad Nebrija\" \/>\n<meta property=\"article:published_time\" content=\"2023-03-24T13:00:08+00:00\" \/>\n<meta property=\"article:modified_time\" content=\"2024-04-25T14:43:08+00:00\" \/>\n<meta property=\"og:image\" content=\"https:\/\/www.nebrija.com\/medios\/actualidadnebrija\/wp-content\/uploads\/sites\/2\/2023\/03\/\u00a9-Casa-de-S.M.-el-Rey-6.jpg\" \/>\n\t<meta property=\"og:image:width\" content=\"1100\" \/>\n\t<meta property=\"og:image:height\" content=\"810\" \/>\n\t<meta property=\"og:image:type\" content=\"image\/jpeg\" \/>\n<meta name=\"author\" content=\"jpicos\" \/>\n<meta name=\"twitter:card\" content=\"summary_large_image\" \/>\n<meta name=\"twitter:label1\" content=\"Escrito por\" \/>\n\t<meta name=\"twitter:data1\" content=\"jpicos\" \/>\n\t<meta name=\"twitter:label2\" content=\"Tiempo de lectura\" \/>\n\t<meta name=\"twitter:data2\" content=\"2 minutos\" \/>\n<!-- \/ Yoast SEO plugin. -->","yoast_head_json":{"title":"La Reina visita la exposici\u00f3n de la BNE que conmemora el V Centenario de Nebrija - Actualidad Nebrija","description":"La muestra que recoge la esencia del maestro humanista estar\u00e1 abierta al p\u00fablico hasta el pr\u00f3ximo 9 de abril.","robots":{"index":"index","follow":"follow","max-snippet":"max-snippet:-1","max-image-preview":"max-image-preview:large","max-video-preview":"max-video-preview:-1"},"canonical":"https:\/\/www.nebrija.com\/medios\/actualidadnebrija\/2023\/03\/24\/la-reina-visita-la-exposicion-de-la-bne-que-conmemora-el-v-centenario-de-nebrija\/","og_locale":"es_ES","og_type":"article","og_title":"La Reina visita la exposici\u00f3n de la BNE que conmemora el V Centenario de Nebrija - Actualidad Nebrija","og_description":"La muestra que recoge la esencia del maestro humanista estar\u00e1 abierta al p\u00fablico hasta el pr\u00f3ximo 9 de abril.","og_url":"https:\/\/www.nebrija.com\/medios\/actualidadnebrija\/2023\/03\/24\/la-reina-visita-la-exposicion-de-la-bne-que-conmemora-el-v-centenario-de-nebrija\/","og_site_name":"Actualidad Nebrija","article_published_time":"2023-03-24T13:00:08+00:00","article_modified_time":"2024-04-25T14:43:08+00:00","og_image":[{"width":1100,"height":810,"url":"https:\/\/www.nebrija.com\/medios\/actualidadnebrija\/wp-content\/uploads\/sites\/2\/2023\/03\/\u00a9-Casa-de-S.M.-el-Rey-6.jpg","type":"image\/jpeg"}],"author":"jpicos","twitter_card":"summary_large_image","twitter_misc":{"Escrito por":"jpicos","Tiempo de lectura":"2 minutos"},"schema":{"@context":"https:\/\/schema.org","@graph":[{"@type":"WebPage","@id":"https:\/\/www.nebrija.com\/medios\/actualidadnebrija\/2023\/03\/24\/la-reina-visita-la-exposicion-de-la-bne-que-conmemora-el-v-centenario-de-nebrija\/","url":"https:\/\/www.nebrija.com\/medios\/actualidadnebrija\/2023\/03\/24\/la-reina-visita-la-exposicion-de-la-bne-que-conmemora-el-v-centenario-de-nebrija\/","name":"La Reina visita la exposici\u00f3n de la BNE que conmemora el V Centenario de Nebrija - Actualidad Nebrija","isPartOf":{"@id":"https:\/\/www.nebrija.com\/medios\/actualidadnebrija\/#website"},"datePublished":"2023-03-24T13:00:08+00:00","dateModified":"2024-04-25T14:43:08+00:00","author":{"@id":"https:\/\/www.nebrija.com\/medios\/actualidadnebrija\/#\/schema\/person\/0cd40b7dd3f54459e2cfc009dbd255c6"},"description":"La muestra que recoge la esencia del maestro humanista estar\u00e1 abierta al p\u00fablico hasta el pr\u00f3ximo 9 de abril.","breadcrumb":{"@id":"https:\/\/www.nebrija.com\/medios\/actualidadnebrija\/2023\/03\/24\/la-reina-visita-la-exposicion-de-la-bne-que-conmemora-el-v-centenario-de-nebrija\/#breadcrumb"},"inLanguage":"es","potentialAction":[{"@type":"ReadAction","target":["https:\/\/www.nebrija.com\/medios\/actualidadnebrija\/2023\/03\/24\/la-reina-visita-la-exposicion-de-la-bne-que-conmemora-el-v-centenario-de-nebrija\/"]}]},{"@type":"BreadcrumbList","@id":"https:\/\/www.nebrija.com\/medios\/actualidadnebrija\/2023\/03\/24\/la-reina-visita-la-exposicion-de-la-bne-que-conmemora-el-v-centenario-de-nebrija\/#breadcrumb","itemListElement":[{"@type":"ListItem","position":1,"name":"Home","item":"https:\/\/www.nebrija.com\/medios\/actualidadnebrija\/"},{"@type":"ListItem","position":2,"name":"La Reina visita la exposici\u00f3n de la BNE que conmemora el V Centenario de Nebrija"}]},{"@type":"WebSite","@id":"https:\/\/www.nebrija.com\/medios\/actualidadnebrija\/#website","url":"https:\/\/www.nebrija.com\/medios\/actualidadnebrija\/","name":"Actualidad Nebrija","description":"Noticias de la Universidad Nebrija","potentialAction":[{"@type":"SearchAction","target":{"@type":"EntryPoint","urlTemplate":"https:\/\/www.nebrija.com\/medios\/actualidadnebrija\/?s={search_term_string}"},"query-input":"required name=search_term_string"}],"inLanguage":"es"},{"@type":"Person","@id":"https:\/\/www.nebrija.com\/medios\/actualidadnebrija\/#\/schema\/person\/0cd40b7dd3f54459e2cfc009dbd255c6","name":"jpicos","image":{"@type":"ImageObject","inLanguage":"es","@id":"https:\/\/www.nebrija.com\/medios\/actualidadnebrija\/#\/schema\/person\/image\/","url":"https:\/\/secure.gravatar.com\/avatar\/c4a1005cff3fd9bb5185e9671f4f3e9b?s=96&d=mm&r=g","contentUrl":"https:\/\/secure.gravatar.com\/avatar\/c4a1005cff3fd9bb5185e9671f4f3e9b?s=96&d=mm&r=g","caption":"jpicos"},"url":"https:\/\/www.nebrija.com\/medios\/actualidadnebrija\/author\/jpicos\/"}]}},"_links":{"self":[{"href":"https:\/\/www.nebrija.com\/medios\/actualidadnebrija\/wp-json\/wp\/v2\/posts\/84762"}],"collection":[{"href":"https:\/\/www.nebrija.com\/medios\/actualidadnebrija\/wp-json\/wp\/v2\/posts"}],"about":[{"href":"https:\/\/www.nebrija.com\/medios\/actualidadnebrija\/wp-json\/wp\/v2\/types\/post"}],"author":[{"embeddable":true,"href":"https:\/\/www.nebrija.com\/medios\/actualidadnebrija\/wp-json\/wp\/v2\/users\/326"}],"replies":[{"embeddable":true,"href":"https:\/\/www.nebrija.com\/medios\/actualidadnebrija\/wp-json\/wp\/v2\/comments?post=84762"}],"version-history":[{"count":2,"href":"https:\/\/www.nebrija.com\/medios\/actualidadnebrija\/wp-json\/wp\/v2\/posts\/84762\/revisions"}],"predecessor-version":[{"id":92275,"href":"https:\/\/www.nebrija.com\/medios\/actualidadnebrija\/wp-json\/wp\/v2\/posts\/84762\/revisions\/92275"}],"wp:featuredmedia":[{"embeddable":true,"href":"https:\/\/www.nebrija.com\/medios\/actualidadnebrija\/wp-json\/wp\/v2\/media\/84763"}],"wp:attachment":[{"href":"https:\/\/www.nebrija.com\/medios\/actualidadnebrija\/wp-json\/wp\/v2\/media?parent=84762"}],"wp:term":[{"taxonomy":"category","embeddable":true,"href":"https:\/\/www.nebrija.com\/medios\/actualidadnebrija\/wp-json\/wp\/v2\/categories?post=84762"},{"taxonomy":"post_tag","embeddable":true,"href":"https:\/\/www.nebrija.com\/medios\/actualidadnebrija\/wp-json\/wp\/v2\/tags?post=84762"}],"curies":[{"name":"wp","href":"https:\/\/api.w.org\/{rel}","templated":true}]}}