{"id":84990,"date":"2023-04-10T11:42:06","date_gmt":"2023-04-10T09:42:06","guid":{"rendered":"https:\/\/www.nebrija.com\/medios\/actualidadnebrija\/?p=84990"},"modified":"2023-04-10T16:59:31","modified_gmt":"2023-04-10T14:59:31","slug":"la-exposicion-sobre-nebrija-en-la-biblioteca-nacional-de-espana-recibe-mas-de-43-000-visitas","status":"publish","type":"post","link":"https:\/\/www.nebrija.com\/medios\/actualidadnebrija\/2023\/04\/10\/la-exposicion-sobre-nebrija-en-la-biblioteca-nacional-de-espana-recibe-mas-de-43-000-visitas\/","title":{"rendered":"La exposici\u00f3n sobre Nebrija en la Biblioteca Nacional de Espa\u00f1a recibe m\u00e1s de 43 000 visitas"},"content":{"rendered":"<p>La exposici\u00f3n <a href=\"https:\/\/www.bne.es\/es\/agenda\/exposicion-antonio-de-nebrija\"><em>Nebrija (c. 1444-1522), el orgullo de ser gram\u00e1tico. `Grammaticus nomen est professionis\u00b4<\/em><\/a>, organizada por la Biblioteca Nacional de Espa\u00f1a (<a href=\"https:\/\/www.bne.es\/es\">BNE<\/a>), la Fundaci\u00f3n Nebrija y <a href=\"https:\/\/www.accioncultural.es\/\">Acci\u00f3n Cultural Espa\u00f1ola<\/a>, y que ha permanecido abierta al p\u00fablico en el espacio de exposiciones de la Biblioteca Nacional de Espa\u00f1a (BNE) hasta el 9 de abril, ha recibido un total de 43 516 visitas. La muestra, que rindi\u00f3 tributo al sabio humanista en el quinto centenario de su fallecimiento, es la m\u00e1s visitada de la BNE despu\u00e9s de la pandemia y refleja el inter\u00e9s que ha despertado uno de los nombres clave de la cultura universal.<\/p>\n<p>Asimismo, en el marco de <em>Nebrija, el orgullo de ser gram\u00e1tico<\/em>, 11 639 personas, el 26,75 % del total, participaron en la experiencia de realidad virtual puesta en pie por el Vicerrectorado de Educaci\u00f3n Digital y Tecnolog\u00eda de la Universidad Nebrija a trav\u00e9s de Global Campus Nebrija.<\/p>\n<p>La reina Letizia <a href=\"https:\/\/www.nebrija.com\/medios\/actualidadnebrija\/2023\/03\/24\/la-reina-visita-la-exposicion-de-la-bne-que-conmemora-el-v-centenario-de-nebrija\/\">acudi\u00f3 a la exposici\u00f3n<\/a> el pasado 22 de marzo, acompa\u00f1ada por la ministra de Justicia, Pilar Llop; el presidente del Real Patronato de la Biblioteca Nacional de Espa\u00f1a, Daniel Fern\u00e1ndez Guti\u00e9rrez; la directora de la Biblioteca Nacional de Espa\u00f1a, Ana Santos; el presidente de Acci\u00f3n Cultural Espa\u00f1ola, Jos\u00e9 Andr\u00e9s Torres; el presidente del Patronato de la Fundaci\u00f3n Nebrija, Manuel Villa-Cellino; el rector de la Universidad Nebrija, Jos\u00e9 Mu\u00f1iz; el director de la Fundaci\u00f3n Nebrija, Gregorio Mart\u00ednez; la comisaria de la exposici\u00f3n, Teresa Jim\u00e9nez Calvente, y el director de Relaciones Institucionales de la Fundaci\u00f3n Nebrija, Diego Moldes.<\/p>\n<p>Entre las muchas y muy valiosas piezas que se exhibieron en la exposici\u00f3n sobre Nebrija destacaron algunas como el bello <em>Breviario<\/em> de Isabel la Cat\u00f3lica, ricamente decorado; el magn\u00edfico desplegable sobre Jerusal\u00e9n incluido en el incunable <em>Viaje a Tierra Santa<\/em> de Bernhard von Breydenbach; los manuscritos caligrafiados por el propio Nebrija en sus tiempos de estudiante; la primera edici\u00f3n de las famosas <em>Introductiones Latinae <\/em>y su copia manuscrita para el maestre de Alc\u00e1ntara con bellas miniaturas; o la mism\u00edsima <em>Gram\u00e1tica sobre la lengua castellana<\/em> de 1492.<\/p>\n<p>En la <a href=\"https:\/\/www.nebrija.com\/medios\/actualidadnebrija\/2022\/12\/01\/nebrija-el-orgullo-de-ser-gramatico-la-gran-exposicion-en-la-bne-que-culmina-el-v-centenario-de-antonio-de-nebrija\/\">inauguraci\u00f3n<\/a> de la muestra, Ana Santos Aramburo, directora de la BNE, glos\u00f3 de la siguiente manera a Antonio de Nebrija: \u201cSu figura representa la esencia del humanismo, la trascendencia de la palabra y el valor de la educaci\u00f3n para avanzar hacia sociedades mejores. Su vida estuvo marcada por el convencimiento de que el saber cl\u00e1sico deb\u00eda ser conocido y comprendido y para ello renov\u00f3 las bases del conocimiento y del aprendizaje del momento. Fue un visionario y un adelantado a su tiempo que cre\u00eda, desde la formaci\u00f3n de un gram\u00e1tico humanista, en el valor del lenguaje, y en la necesidad de usarlo adecuadamente\u201d.<\/p>\n<p>Isabel Izquierdo, la directora de programaci\u00f3n de Acci\u00f3n Cultural Espa\u00f1ola, coment\u00f3 en la apertura de la muestra que \u201cen tiempos de incertidumbre como los actuales y en el contexto de una sociedad digital en proceso de recuperaci\u00f3n, conviene fijar la mirada en trayectorias tan s\u00f3lidas y brillantes como la de Antonio de Nebrija, que tanto aport\u00f3 a la cultura universal desde su monumental obra\u201d<\/p>\n<p>Por su parte, el rector de la Universidad Nebrija y presidente de la Comisi\u00f3n Interadministrativa del V Centenario de Antonio de Nebrija, Jos\u00e9 Mu\u00f1iz, elogi\u00f3 \u201cuna de las personalidades m\u00e1s fascinantes de nuestra historia, un universitario aut\u00e9ntico que no solo sent\u00f3 las bases que har\u00edan de nuestra lengua un veh\u00edculo pr\u00f3spero y universal de conocimiento, sino que se ocup\u00f3 de m\u00faltiples saberes con un esp\u00edritu cr\u00edtico y una pasi\u00f3n por la ciencia que tienen mucho que ense\u00f1arnos hoy\u201d.<\/p>\n\n\t\t<style type=\"text\/css\">\n\t\t\t#gallery-1 {\n\t\t\t\tmargin: auto;\n\t\t\t}\n\t\t\t#gallery-1 .gallery-item {\n\t\t\t\tfloat: left;\n\t\t\t\tmargin-top: 10px;\n\t\t\t\ttext-align: center;\n\t\t\t\twidth: 25%;\n\t\t\t}\n\t\t\t#gallery-1 img {\n\t\t\t\tborder: 2px solid #cfcfcf;\n\t\t\t}\n\t\t\t#gallery-1 .gallery-caption {\n\t\t\t\tmargin-left: 0;\n\t\t\t}\n\t\t\t\/* see gallery_shortcode() in wp-includes\/media.php *\/\n\t\t<\/style>\n\t\t<div id='gallery-1' class='gallery galleryid-84990 gallery-columns-4 gallery-size-thumbnail'><dl class='gallery-item'>\n\t\t\t<dt class='gallery-icon landscape'>\n\t\t\t\t<a href='https:\/\/www.nebrija.com\/medios\/actualidadnebrija\/wp-content\/uploads\/sites\/2\/2022\/11\/exposicion-nebrija-18.jpg'><img loading=\"lazy\" decoding=\"async\" width=\"150\" height=\"100\" src=\"https:\/\/www.nebrija.com\/medios\/actualidadnebrija\/wp-content\/uploads\/sites\/2\/2022\/11\/exposicion-nebrija-18-150x100.jpg\" class=\"attachment-thumbnail size-thumbnail\" alt=\"exposici\u00f3n de Nebrija\" \/><\/a>\n\t\t\t<\/dt><\/dl><dl class='gallery-item'>\n\t\t\t<dt class='gallery-icon landscape'>\n\t\t\t\t<a href='https:\/\/www.nebrija.com\/medios\/actualidadnebrija\/wp-content\/uploads\/sites\/2\/2022\/11\/exposicion-nebrija-11.jpg'><img loading=\"lazy\" decoding=\"async\" width=\"150\" height=\"100\" src=\"https:\/\/www.nebrija.com\/medios\/actualidadnebrija\/wp-content\/uploads\/sites\/2\/2022\/11\/exposicion-nebrija-11-150x100.jpg\" class=\"attachment-thumbnail size-thumbnail\" alt=\"Exposici\u00f3n de Nebrija\" \/><\/a>\n\t\t\t<\/dt><\/dl><dl class='gallery-item'>\n\t\t\t<dt class='gallery-icon landscape'>\n\t\t\t\t<a href='https:\/\/www.nebrija.com\/medios\/actualidadnebrija\/wp-content\/uploads\/sites\/2\/2022\/11\/exposicion-nebrija-12.jpg'><img loading=\"lazy\" decoding=\"async\" width=\"150\" height=\"100\" src=\"https:\/\/www.nebrija.com\/medios\/actualidadnebrija\/wp-content\/uploads\/sites\/2\/2022\/11\/exposicion-nebrija-12-150x100.jpg\" class=\"attachment-thumbnail size-thumbnail\" alt=\"Exposici\u00f3n de Nebrija\" \/><\/a>\n\t\t\t<\/dt><\/dl><dl class='gallery-item'>\n\t\t\t<dt class='gallery-icon landscape'>\n\t\t\t\t<a href='https:\/\/www.nebrija.com\/medios\/actualidadnebrija\/wp-content\/uploads\/sites\/2\/2022\/11\/exposicion-nebrija-7-e1761817478624.jpg'><img loading=\"lazy\" decoding=\"async\" width=\"150\" height=\"100\" src=\"https:\/\/www.nebrija.com\/medios\/actualidadnebrija\/wp-content\/uploads\/sites\/2\/2022\/11\/exposicion-nebrija-7-150x100.jpg\" class=\"attachment-thumbnail size-thumbnail\" alt=\"Exposici\u00f3n de Nebrija\" \/><\/a>\n\t\t\t<\/dt><\/dl><br style=\"clear: both\" \/>\n\t\t<\/div>\n\n","protected":false},"excerpt":{"rendered":"<p>`Nebrija, el orgullo de ser gram\u00e1tico\u00b4 es la muestra con mayor afluencia de p\u00fablico despu\u00e9s de la pandemia.<\/p>\n","protected":false},"author":326,"featured_media":82092,"comment_status":"open","ping_status":"open","sticky":false,"template":"","format":"standard","meta":{"_acf_changed":false,"_monsterinsights_skip_tracking":false,"_monsterinsights_sitenote_active":false,"_monsterinsights_sitenote_note":"","_monsterinsights_sitenote_category":0,"footnotes":""},"categories":[3058,4776],"tags":[4934,3895,5247,3124,3324,4470],"acf":[],"yoast_head":"<!-- This site is optimized with the Yoast SEO plugin v22.1 - https:\/\/yoast.com\/wordpress\/plugins\/seo\/ -->\n<title>La exposici\u00f3n sobre Nebrija en la Biblioteca Nacional de Espa\u00f1a recibe m\u00e1s de 43 000 visitas - Actualidad Nebrija<\/title>\n<meta name=\"description\" content=\"`Nebrija (c. 1444-1522), el orgullo de ser gram\u00e1tico\u00b4 es la muestra con mayor afluencia de p\u00fablico despu\u00e9s de la pandemia.\" \/>\n<meta name=\"robots\" content=\"index, follow, max-snippet:-1, max-image-preview:large, max-video-preview:-1\" \/>\n<link rel=\"canonical\" href=\"https:\/\/www.nebrija.com\/medios\/actualidadnebrija\/2023\/04\/10\/la-exposicion-sobre-nebrija-en-la-biblioteca-nacional-de-espana-recibe-mas-de-43-000-visitas\/\" \/>\n<meta property=\"og:locale\" content=\"es_ES\" \/>\n<meta property=\"og:type\" content=\"article\" \/>\n<meta property=\"og:title\" content=\"La exposici\u00f3n sobre Nebrija en la Biblioteca Nacional de Espa\u00f1a recibe m\u00e1s de 43 000 visitas - Actualidad Nebrija\" \/>\n<meta property=\"og:description\" content=\"`Nebrija (c. 1444-1522), el orgullo de ser gram\u00e1tico\u00b4 es la muestra con mayor afluencia de p\u00fablico despu\u00e9s de la pandemia.\" \/>\n<meta property=\"og:url\" content=\"https:\/\/www.nebrija.com\/medios\/actualidadnebrija\/2023\/04\/10\/la-exposicion-sobre-nebrija-en-la-biblioteca-nacional-de-espana-recibe-mas-de-43-000-visitas\/\" \/>\n<meta property=\"og:site_name\" content=\"Actualidad Nebrija\" \/>\n<meta property=\"article:published_time\" content=\"2023-04-10T09:42:06+00:00\" \/>\n<meta property=\"article:modified_time\" content=\"2023-04-10T14:59:31+00:00\" \/>\n<meta property=\"og:image\" content=\"https:\/\/www.nebrija.com\/medios\/actualidadnebrija\/wp-content\/uploads\/sites\/2\/2022\/11\/exposicion-nebrija-15.jpg\" \/>\n\t<meta property=\"og:image:width\" content=\"1000\" \/>\n\t<meta property=\"og:image:height\" content=\"667\" \/>\n\t<meta property=\"og:image:type\" content=\"image\/jpeg\" \/>\n<meta name=\"author\" content=\"jpicos\" \/>\n<meta name=\"twitter:card\" content=\"summary_large_image\" \/>\n<meta name=\"twitter:label1\" content=\"Escrito por\" \/>\n\t<meta name=\"twitter:data1\" content=\"jpicos\" \/>\n\t<meta name=\"twitter:label2\" content=\"Tiempo de lectura\" \/>\n\t<meta name=\"twitter:data2\" content=\"3 minutos\" \/>\n<!-- \/ Yoast SEO plugin. -->","yoast_head_json":{"title":"La exposici\u00f3n sobre Nebrija en la Biblioteca Nacional de Espa\u00f1a recibe m\u00e1s de 43 000 visitas - Actualidad Nebrija","description":"`Nebrija (c. 1444-1522), el orgullo de ser gram\u00e1tico\u00b4 es la muestra con mayor afluencia de p\u00fablico despu\u00e9s de la pandemia.","robots":{"index":"index","follow":"follow","max-snippet":"max-snippet:-1","max-image-preview":"max-image-preview:large","max-video-preview":"max-video-preview:-1"},"canonical":"https:\/\/www.nebrija.com\/medios\/actualidadnebrija\/2023\/04\/10\/la-exposicion-sobre-nebrija-en-la-biblioteca-nacional-de-espana-recibe-mas-de-43-000-visitas\/","og_locale":"es_ES","og_type":"article","og_title":"La exposici\u00f3n sobre Nebrija en la Biblioteca Nacional de Espa\u00f1a recibe m\u00e1s de 43 000 visitas - Actualidad Nebrija","og_description":"`Nebrija (c. 1444-1522), el orgullo de ser gram\u00e1tico\u00b4 es la muestra con mayor afluencia de p\u00fablico despu\u00e9s de la pandemia.","og_url":"https:\/\/www.nebrija.com\/medios\/actualidadnebrija\/2023\/04\/10\/la-exposicion-sobre-nebrija-en-la-biblioteca-nacional-de-espana-recibe-mas-de-43-000-visitas\/","og_site_name":"Actualidad Nebrija","article_published_time":"2023-04-10T09:42:06+00:00","article_modified_time":"2023-04-10T14:59:31+00:00","og_image":[{"width":1000,"height":667,"url":"https:\/\/www.nebrija.com\/medios\/actualidadnebrija\/wp-content\/uploads\/sites\/2\/2022\/11\/exposicion-nebrija-15.jpg","type":"image\/jpeg"}],"author":"jpicos","twitter_card":"summary_large_image","twitter_misc":{"Escrito por":"jpicos","Tiempo de lectura":"3 minutos"},"schema":{"@context":"https:\/\/schema.org","@graph":[{"@type":"WebPage","@id":"https:\/\/www.nebrija.com\/medios\/actualidadnebrija\/2023\/04\/10\/la-exposicion-sobre-nebrija-en-la-biblioteca-nacional-de-espana-recibe-mas-de-43-000-visitas\/","url":"https:\/\/www.nebrija.com\/medios\/actualidadnebrija\/2023\/04\/10\/la-exposicion-sobre-nebrija-en-la-biblioteca-nacional-de-espana-recibe-mas-de-43-000-visitas\/","name":"La exposici\u00f3n sobre Nebrija en la Biblioteca Nacional de Espa\u00f1a recibe m\u00e1s de 43 000 visitas - Actualidad Nebrija","isPartOf":{"@id":"https:\/\/www.nebrija.com\/medios\/actualidadnebrija\/#website"},"datePublished":"2023-04-10T09:42:06+00:00","dateModified":"2023-04-10T14:59:31+00:00","author":{"@id":"https:\/\/www.nebrija.com\/medios\/actualidadnebrija\/#\/schema\/person\/0cd40b7dd3f54459e2cfc009dbd255c6"},"description":"`Nebrija (c. 1444-1522), el orgullo de ser gram\u00e1tico\u00b4 es la muestra con mayor afluencia de p\u00fablico despu\u00e9s de la pandemia.","breadcrumb":{"@id":"https:\/\/www.nebrija.com\/medios\/actualidadnebrija\/2023\/04\/10\/la-exposicion-sobre-nebrija-en-la-biblioteca-nacional-de-espana-recibe-mas-de-43-000-visitas\/#breadcrumb"},"inLanguage":"es","potentialAction":[{"@type":"ReadAction","target":["https:\/\/www.nebrija.com\/medios\/actualidadnebrija\/2023\/04\/10\/la-exposicion-sobre-nebrija-en-la-biblioteca-nacional-de-espana-recibe-mas-de-43-000-visitas\/"]}]},{"@type":"BreadcrumbList","@id":"https:\/\/www.nebrija.com\/medios\/actualidadnebrija\/2023\/04\/10\/la-exposicion-sobre-nebrija-en-la-biblioteca-nacional-de-espana-recibe-mas-de-43-000-visitas\/#breadcrumb","itemListElement":[{"@type":"ListItem","position":1,"name":"Home","item":"https:\/\/www.nebrija.com\/medios\/actualidadnebrija\/"},{"@type":"ListItem","position":2,"name":"La exposici\u00f3n sobre Nebrija en la Biblioteca Nacional de Espa\u00f1a recibe m\u00e1s de 43 000 visitas"}]},{"@type":"WebSite","@id":"https:\/\/www.nebrija.com\/medios\/actualidadnebrija\/#website","url":"https:\/\/www.nebrija.com\/medios\/actualidadnebrija\/","name":"Actualidad Nebrija","description":"Noticias de la Universidad Nebrija","potentialAction":[{"@type":"SearchAction","target":{"@type":"EntryPoint","urlTemplate":"https:\/\/www.nebrija.com\/medios\/actualidadnebrija\/?s={search_term_string}"},"query-input":"required name=search_term_string"}],"inLanguage":"es"},{"@type":"Person","@id":"https:\/\/www.nebrija.com\/medios\/actualidadnebrija\/#\/schema\/person\/0cd40b7dd3f54459e2cfc009dbd255c6","name":"jpicos","image":{"@type":"ImageObject","inLanguage":"es","@id":"https:\/\/www.nebrija.com\/medios\/actualidadnebrija\/#\/schema\/person\/image\/","url":"https:\/\/secure.gravatar.com\/avatar\/c4a1005cff3fd9bb5185e9671f4f3e9b?s=96&d=mm&r=g","contentUrl":"https:\/\/secure.gravatar.com\/avatar\/c4a1005cff3fd9bb5185e9671f4f3e9b?s=96&d=mm&r=g","caption":"jpicos"},"url":"https:\/\/www.nebrija.com\/medios\/actualidadnebrija\/author\/jpicos\/"}]}},"_links":{"self":[{"href":"https:\/\/www.nebrija.com\/medios\/actualidadnebrija\/wp-json\/wp\/v2\/posts\/84990"}],"collection":[{"href":"https:\/\/www.nebrija.com\/medios\/actualidadnebrija\/wp-json\/wp\/v2\/posts"}],"about":[{"href":"https:\/\/www.nebrija.com\/medios\/actualidadnebrija\/wp-json\/wp\/v2\/types\/post"}],"author":[{"embeddable":true,"href":"https:\/\/www.nebrija.com\/medios\/actualidadnebrija\/wp-json\/wp\/v2\/users\/326"}],"replies":[{"embeddable":true,"href":"https:\/\/www.nebrija.com\/medios\/actualidadnebrija\/wp-json\/wp\/v2\/comments?post=84990"}],"version-history":[{"count":6,"href":"https:\/\/www.nebrija.com\/medios\/actualidadnebrija\/wp-json\/wp\/v2\/posts\/84990\/revisions"}],"predecessor-version":[{"id":84997,"href":"https:\/\/www.nebrija.com\/medios\/actualidadnebrija\/wp-json\/wp\/v2\/posts\/84990\/revisions\/84997"}],"wp:featuredmedia":[{"embeddable":true,"href":"https:\/\/www.nebrija.com\/medios\/actualidadnebrija\/wp-json\/wp\/v2\/media\/82092"}],"wp:attachment":[{"href":"https:\/\/www.nebrija.com\/medios\/actualidadnebrija\/wp-json\/wp\/v2\/media?parent=84990"}],"wp:term":[{"taxonomy":"category","embeddable":true,"href":"https:\/\/www.nebrija.com\/medios\/actualidadnebrija\/wp-json\/wp\/v2\/categories?post=84990"},{"taxonomy":"post_tag","embeddable":true,"href":"https:\/\/www.nebrija.com\/medios\/actualidadnebrija\/wp-json\/wp\/v2\/tags?post=84990"}],"curies":[{"name":"wp","href":"https:\/\/api.w.org\/{rel}","templated":true}]}}