{"id":85608,"date":"2023-04-26T19:18:03","date_gmt":"2023-04-26T17:18:03","guid":{"rendered":"https:\/\/www.nebrija.com\/medios\/actualidadnebrija\/?p=85608"},"modified":"2023-04-26T19:18:03","modified_gmt":"2023-04-26T17:18:03","slug":"exito-de-participacion-en-las-ligas-champion-y-europa-league-de-badminton-del-club-de-deportes","status":"publish","type":"post","link":"https:\/\/www.nebrija.com\/medios\/actualidadnebrija\/2023\/04\/26\/exito-de-participacion-en-las-ligas-champion-y-europa-league-de-badminton-del-club-de-deportes\/","title":{"rendered":"\u00c9xito de participaci\u00f3n en las ligas Champion y Europa League de B\u00e1dminton del Club de Deportes"},"content":{"rendered":"<h2><strong>Sindbad Peuron<\/strong> y <strong>Sophia Porter<\/strong> se proclaman campeones en las Ligas de B\u00e1dminton del Club de Deportes Nebrija<\/h2>\n<p>Durante todo el curso 2022-2023 un treintena de alumnos de distintas titulaciones como inform\u00e1tica, educaci\u00f3n, moda, fisioterapia, comunicaci\u00f3n, m\u00e1ster e incluso del centro de estudios hisp\u00e1nicos, han participado en las Ligas de B\u00e1dminton, en sus dos categor\u00edas de Europa League y Champion.<\/p>\n<p>A lo largo de los siete meses que ha durado la competici\u00f3n, los participantes han disputado semanalmente puntos importantes para el <em>ranking<\/em> final, demostrando gran nivel y una evoluci\u00f3n positiva en el juego colectivo.<\/p>\n<p>Adem\u00e1s, gran parte de estos jugadores y jugadoras tambi\u00e9n nos representaron en el Campeonato Universitario de la Comunidad de Madrid de B\u00e1dminton que se disput\u00f3 en febrero de 2023, tomando las jornadas de liga como una buena preparaci\u00f3n para el campeonato.<\/p>\n<p>Una vez disputadas las jornadas finales, estas son las clasificaciones:<\/p>\n<p>B\u00c1DMINTON CHAMPION<\/p>\n<ol>\n<li>Sindbad Peuron B\u00e9din (Dise\u00f1o de Interiores)<\/li>\n<li>Kaori Pozuelo Morimoto (Fisioterapia)<\/li>\n<li>Irene Dan\u00e9s Serrano (Bellas Artes y Dise\u00f1o de Moda)<\/li>\n<\/ol>\n<p>B\u00c1DMINTON EUROPA LEAGUE<\/p>\n<ol>\n<li>Sophia Porter (Centro de Estudios Hisp\u00e1nicos)<\/li>\n<li>Nadia Gema Izquierdo Oliva (Primaria y Psicolog\u00eda)<\/li>\n<li>Paula Mart\u00edn Gil (Dise\u00f1o Digital y Multimedia)<\/li>\n<\/ol>\n<p>Enhorabuena a todos los participantes, y esperamos veros en las pr\u00f3ximas ediciones del curso 2023\/24.<\/p>\n<p>M\u00e1s informaci\u00f3n: Servicio de Deportes \u2013 <a href=\"mailto:deportes@nebrija.es\">deportes@nebrija.es<\/a> \u2013 FB&amp;TW: @NebrijaSports<\/p>\n\n\t\t<style type=\"text\/css\">\n\t\t\t#gallery-1 {\n\t\t\t\tmargin: auto;\n\t\t\t}\n\t\t\t#gallery-1 .gallery-item {\n\t\t\t\tfloat: left;\n\t\t\t\tmargin-top: 10px;\n\t\t\t\ttext-align: center;\n\t\t\t\twidth: 20%;\n\t\t\t}\n\t\t\t#gallery-1 img {\n\t\t\t\tborder: 2px solid #cfcfcf;\n\t\t\t}\n\t\t\t#gallery-1 .gallery-caption {\n\t\t\t\tmargin-left: 0;\n\t\t\t}\n\t\t\t\/* see gallery_shortcode() in wp-includes\/media.php *\/\n\t\t<\/style>\n\t\t<div id='gallery-1' class='gallery galleryid-85608 gallery-columns-5 gallery-size-thumbnail'><dl class='gallery-item'>\n\t\t\t<dt class='gallery-icon landscape'>\n\t\t\t\t<a href='https:\/\/www.nebrija.com\/medios\/actualidadnebrija\/wp-content\/uploads\/sites\/2\/2023\/04\/IMG_7163-scaled.jpeg'><img loading=\"lazy\" decoding=\"async\" width=\"150\" height=\"113\" src=\"https:\/\/www.nebrija.com\/medios\/actualidadnebrija\/wp-content\/uploads\/sites\/2\/2023\/04\/IMG_7163-150x113.jpeg\" class=\"attachment-thumbnail size-thumbnail\" alt=\"Champion y Europa League de B\u00e1dminton del Club de Deportes\" \/><\/a>\n\t\t\t<\/dt><\/dl><dl class='gallery-item'>\n\t\t\t<dt class='gallery-icon landscape'>\n\t\t\t\t<a href='https:\/\/www.nebrija.com\/medios\/actualidadnebrija\/wp-content\/uploads\/sites\/2\/2023\/04\/IMG_7165-scaled.jpeg'><img loading=\"lazy\" decoding=\"async\" width=\"150\" height=\"113\" src=\"https:\/\/www.nebrija.com\/medios\/actualidadnebrija\/wp-content\/uploads\/sites\/2\/2023\/04\/IMG_7165-150x113.jpeg\" class=\"attachment-thumbnail size-thumbnail\" alt=\"Champion y Europa League de B\u00e1dminton del Club de Deportes\" \/><\/a>\n\t\t\t<\/dt><\/dl><dl class='gallery-item'>\n\t\t\t<dt class='gallery-icon landscape'>\n\t\t\t\t<a href='https:\/\/www.nebrija.com\/medios\/actualidadnebrija\/wp-content\/uploads\/sites\/2\/2023\/04\/IMG_7167-scaled.jpeg'><img loading=\"lazy\" decoding=\"async\" width=\"150\" height=\"113\" src=\"https:\/\/www.nebrija.com\/medios\/actualidadnebrija\/wp-content\/uploads\/sites\/2\/2023\/04\/IMG_7167-150x113.jpeg\" class=\"attachment-thumbnail size-thumbnail\" alt=\"Champion y Europa League de B\u00e1dminton del Club de Deportes\" \/><\/a>\n\t\t\t<\/dt><\/dl><dl class='gallery-item'>\n\t\t\t<dt class='gallery-icon landscape'>\n\t\t\t\t<a href='https:\/\/www.nebrija.com\/medios\/actualidadnebrija\/wp-content\/uploads\/sites\/2\/2023\/04\/IMG_7168-scaled.jpeg'><img loading=\"lazy\" decoding=\"async\" width=\"150\" height=\"113\" src=\"https:\/\/www.nebrija.com\/medios\/actualidadnebrija\/wp-content\/uploads\/sites\/2\/2023\/04\/IMG_7168-150x113.jpeg\" class=\"attachment-thumbnail size-thumbnail\" alt=\"Champion y Europa League de B\u00e1dminton del Club de Deportes\" \/><\/a>\n\t\t\t<\/dt><\/dl><dl class='gallery-item'>\n\t\t\t<dt class='gallery-icon landscape'>\n\t\t\t\t<a href='https:\/\/www.nebrija.com\/medios\/actualidadnebrija\/wp-content\/uploads\/sites\/2\/2023\/04\/IMG_7169-scaled.jpeg'><img loading=\"lazy\" decoding=\"async\" width=\"150\" height=\"113\" src=\"https:\/\/www.nebrija.com\/medios\/actualidadnebrija\/wp-content\/uploads\/sites\/2\/2023\/04\/IMG_7169-150x113.jpeg\" class=\"attachment-thumbnail size-thumbnail\" alt=\"Champion y Europa League de B\u00e1dminton del Club de Deportes\" \/><\/a>\n\t\t\t<\/dt><\/dl><br style=\"clear: both\" \/><dl class='gallery-item'>\n\t\t\t<dt class='gallery-icon landscape'>\n\t\t\t\t<a href='https:\/\/www.nebrija.com\/medios\/actualidadnebrija\/wp-content\/uploads\/sites\/2\/2023\/04\/IMG_7171-scaled.jpeg'><img loading=\"lazy\" decoding=\"async\" width=\"150\" height=\"113\" src=\"https:\/\/www.nebrija.com\/medios\/actualidadnebrija\/wp-content\/uploads\/sites\/2\/2023\/04\/IMG_7171-150x113.jpeg\" class=\"attachment-thumbnail size-thumbnail\" alt=\"Champion y Europa League de B\u00e1dminton del Club de Deportes\" \/><\/a>\n\t\t\t<\/dt><\/dl><dl class='gallery-item'>\n\t\t\t<dt class='gallery-icon landscape'>\n\t\t\t\t<a href='https:\/\/www.nebrija.com\/medios\/actualidadnebrija\/wp-content\/uploads\/sites\/2\/2023\/04\/IMG_7172-scaled.jpeg'><img loading=\"lazy\" decoding=\"async\" width=\"150\" height=\"113\" src=\"https:\/\/www.nebrija.com\/medios\/actualidadnebrija\/wp-content\/uploads\/sites\/2\/2023\/04\/IMG_7172-150x113.jpeg\" class=\"attachment-thumbnail size-thumbnail\" alt=\"Champion y Europa League de B\u00e1dminton del Club de Deportes\" \/><\/a>\n\t\t\t<\/dt><\/dl><dl class='gallery-item'>\n\t\t\t<dt class='gallery-icon landscape'>\n\t\t\t\t<a href='https:\/\/www.nebrija.com\/medios\/actualidadnebrija\/wp-content\/uploads\/sites\/2\/2023\/04\/IMG_7174-scaled.jpeg'><img loading=\"lazy\" decoding=\"async\" width=\"150\" height=\"113\" src=\"https:\/\/www.nebrija.com\/medios\/actualidadnebrija\/wp-content\/uploads\/sites\/2\/2023\/04\/IMG_7174-150x113.jpeg\" class=\"attachment-thumbnail size-thumbnail\" alt=\"Champion y Europa League de B\u00e1dminton del Club de Deportes\" \/><\/a>\n\t\t\t<\/dt><\/dl><dl class='gallery-item'>\n\t\t\t<dt class='gallery-icon landscape'>\n\t\t\t\t<a href='https:\/\/www.nebrija.com\/medios\/actualidadnebrija\/wp-content\/uploads\/sites\/2\/2023\/04\/IMG_7178-scaled.jpeg'><img loading=\"lazy\" decoding=\"async\" width=\"150\" height=\"113\" src=\"https:\/\/www.nebrija.com\/medios\/actualidadnebrija\/wp-content\/uploads\/sites\/2\/2023\/04\/IMG_7178-150x113.jpeg\" class=\"attachment-thumbnail size-thumbnail\" alt=\"\" \/><\/a>\n\t\t\t<\/dt><\/dl><dl class='gallery-item'>\n\t\t\t<dt class='gallery-icon landscape'>\n\t\t\t\t<a href='https:\/\/www.nebrija.com\/medios\/actualidadnebrija\/wp-content\/uploads\/sites\/2\/2023\/04\/IMG_7162-scaled.jpeg'><img loading=\"lazy\" decoding=\"async\" width=\"150\" height=\"113\" src=\"https:\/\/www.nebrija.com\/medios\/actualidadnebrija\/wp-content\/uploads\/sites\/2\/2023\/04\/IMG_7162-150x113.jpeg\" class=\"attachment-thumbnail size-thumbnail\" alt=\"\" \/><\/a>\n\t\t\t<\/dt><\/dl><br style=\"clear: both\" \/>\n\t\t<\/div>\n\n","protected":false},"excerpt":{"rendered":"<p>Sindbad Peuron y Sophia Porter se proclaman campeones en las Ligas de B\u00e1dminton del Club de Deportes Nebrija Durante todo el curso 2022-2023 un treintena de alumnos de distintas titulaciones como inform\u00e1tica, educaci\u00f3n, moda, fisioterapia, comunicaci\u00f3n, m\u00e1ster e incluso del<\/p>\n","protected":false},"author":263,"featured_media":85617,"comment_status":"open","ping_status":"open","sticky":false,"template":"","format":"standard","meta":{"_acf_changed":false,"_monsterinsights_skip_tracking":false,"_monsterinsights_sitenote_active":false,"_monsterinsights_sitenote_note":"","_monsterinsights_sitenote_category":0,"footnotes":""},"categories":[3062],"tags":[],"acf":[],"yoast_head":"<!-- This site is optimized with the Yoast SEO plugin v22.1 - https:\/\/yoast.com\/wordpress\/plugins\/seo\/ -->\n<title>\u00c9xito de participaci\u00f3n en las ligas Champion y Europa League de B\u00e1dminton del Club de Deportes - Actualidad Nebrija<\/title>\n<meta name=\"robots\" content=\"index, follow, max-snippet:-1, max-image-preview:large, max-video-preview:-1\" \/>\n<link rel=\"canonical\" href=\"https:\/\/www.nebrija.com\/medios\/actualidadnebrija\/2023\/04\/26\/exito-de-participacion-en-las-ligas-champion-y-europa-league-de-badminton-del-club-de-deportes\/\" \/>\n<meta property=\"og:locale\" content=\"es_ES\" \/>\n<meta property=\"og:type\" content=\"article\" \/>\n<meta property=\"og:title\" content=\"\u00c9xito de participaci\u00f3n en las ligas Champion y Europa League de B\u00e1dminton del Club de Deportes - Actualidad Nebrija\" \/>\n<meta property=\"og:description\" content=\"Sindbad Peuron y Sophia Porter se proclaman campeones en las Ligas de B\u00e1dminton del Club de Deportes Nebrija Durante todo el curso 2022-2023 un treintena de alumnos de distintas titulaciones como inform\u00e1tica, educaci\u00f3n, moda, fisioterapia, comunicaci\u00f3n, m\u00e1ster e incluso del\" \/>\n<meta property=\"og:url\" content=\"https:\/\/www.nebrija.com\/medios\/actualidadnebrija\/2023\/04\/26\/exito-de-participacion-en-las-ligas-champion-y-europa-league-de-badminton-del-club-de-deportes\/\" \/>\n<meta property=\"og:site_name\" content=\"Actualidad Nebrija\" \/>\n<meta property=\"article:published_time\" content=\"2023-04-26T17:18:03+00:00\" \/>\n<meta property=\"og:image\" content=\"https:\/\/www.nebrija.com\/medios\/actualidadnebrija\/wp-content\/uploads\/sites\/2\/2023\/04\/IMG_7178-scaled.jpeg\" \/>\n\t<meta property=\"og:image:width\" content=\"2560\" \/>\n\t<meta property=\"og:image:height\" content=\"1920\" \/>\n\t<meta property=\"og:image:type\" content=\"image\/jpeg\" \/>\n<meta name=\"author\" content=\"pmartinezma\" \/>\n<meta name=\"twitter:card\" content=\"summary_large_image\" \/>\n<meta name=\"twitter:label1\" content=\"Escrito por\" \/>\n\t<meta name=\"twitter:data1\" content=\"pmartinezma\" \/>\n\t<meta name=\"twitter:label2\" content=\"Tiempo de lectura\" \/>\n\t<meta name=\"twitter:data2\" content=\"1 minuto\" \/>\n<!-- \/ Yoast SEO plugin. -->","yoast_head_json":{"title":"\u00c9xito de participaci\u00f3n en las ligas Champion y Europa League de B\u00e1dminton del Club de Deportes - Actualidad Nebrija","robots":{"index":"index","follow":"follow","max-snippet":"max-snippet:-1","max-image-preview":"max-image-preview:large","max-video-preview":"max-video-preview:-1"},"canonical":"https:\/\/www.nebrija.com\/medios\/actualidadnebrija\/2023\/04\/26\/exito-de-participacion-en-las-ligas-champion-y-europa-league-de-badminton-del-club-de-deportes\/","og_locale":"es_ES","og_type":"article","og_title":"\u00c9xito de participaci\u00f3n en las ligas Champion y Europa League de B\u00e1dminton del Club de Deportes - Actualidad Nebrija","og_description":"Sindbad Peuron y Sophia Porter se proclaman campeones en las Ligas de B\u00e1dminton del Club de Deportes Nebrija Durante todo el curso 2022-2023 un treintena de alumnos de distintas titulaciones como inform\u00e1tica, educaci\u00f3n, moda, fisioterapia, comunicaci\u00f3n, m\u00e1ster e incluso del","og_url":"https:\/\/www.nebrija.com\/medios\/actualidadnebrija\/2023\/04\/26\/exito-de-participacion-en-las-ligas-champion-y-europa-league-de-badminton-del-club-de-deportes\/","og_site_name":"Actualidad Nebrija","article_published_time":"2023-04-26T17:18:03+00:00","og_image":[{"width":2560,"height":1920,"url":"https:\/\/www.nebrija.com\/medios\/actualidadnebrija\/wp-content\/uploads\/sites\/2\/2023\/04\/IMG_7178-scaled.jpeg","type":"image\/jpeg"}],"author":"pmartinezma","twitter_card":"summary_large_image","twitter_misc":{"Escrito por":"pmartinezma","Tiempo de lectura":"1 minuto"},"schema":{"@context":"https:\/\/schema.org","@graph":[{"@type":"WebPage","@id":"https:\/\/www.nebrija.com\/medios\/actualidadnebrija\/2023\/04\/26\/exito-de-participacion-en-las-ligas-champion-y-europa-league-de-badminton-del-club-de-deportes\/","url":"https:\/\/www.nebrija.com\/medios\/actualidadnebrija\/2023\/04\/26\/exito-de-participacion-en-las-ligas-champion-y-europa-league-de-badminton-del-club-de-deportes\/","name":"\u00c9xito de participaci\u00f3n en las ligas Champion y Europa League de B\u00e1dminton del Club de Deportes - Actualidad Nebrija","isPartOf":{"@id":"https:\/\/www.nebrija.com\/medios\/actualidadnebrija\/#website"},"datePublished":"2023-04-26T17:18:03+00:00","dateModified":"2023-04-26T17:18:03+00:00","author":{"@id":"https:\/\/www.nebrija.com\/medios\/actualidadnebrija\/#\/schema\/person\/eece520e53a2d6b773c896d785ca10ad"},"breadcrumb":{"@id":"https:\/\/www.nebrija.com\/medios\/actualidadnebrija\/2023\/04\/26\/exito-de-participacion-en-las-ligas-champion-y-europa-league-de-badminton-del-club-de-deportes\/#breadcrumb"},"inLanguage":"es","potentialAction":[{"@type":"ReadAction","target":["https:\/\/www.nebrija.com\/medios\/actualidadnebrija\/2023\/04\/26\/exito-de-participacion-en-las-ligas-champion-y-europa-league-de-badminton-del-club-de-deportes\/"]}]},{"@type":"BreadcrumbList","@id":"https:\/\/www.nebrija.com\/medios\/actualidadnebrija\/2023\/04\/26\/exito-de-participacion-en-las-ligas-champion-y-europa-league-de-badminton-del-club-de-deportes\/#breadcrumb","itemListElement":[{"@type":"ListItem","position":1,"name":"Home","item":"https:\/\/www.nebrija.com\/medios\/actualidadnebrija\/"},{"@type":"ListItem","position":2,"name":"\u00c9xito de participaci\u00f3n en las ligas Champion y Europa League de B\u00e1dminton del Club de Deportes"}]},{"@type":"WebSite","@id":"https:\/\/www.nebrija.com\/medios\/actualidadnebrija\/#website","url":"https:\/\/www.nebrija.com\/medios\/actualidadnebrija\/","name":"Actualidad Nebrija","description":"Noticias de la Universidad Nebrija","potentialAction":[{"@type":"SearchAction","target":{"@type":"EntryPoint","urlTemplate":"https:\/\/www.nebrija.com\/medios\/actualidadnebrija\/?s={search_term_string}"},"query-input":"required name=search_term_string"}],"inLanguage":"es"},{"@type":"Person","@id":"https:\/\/www.nebrija.com\/medios\/actualidadnebrija\/#\/schema\/person\/eece520e53a2d6b773c896d785ca10ad","name":"pmartinezma","image":{"@type":"ImageObject","inLanguage":"es","@id":"https:\/\/www.nebrija.com\/medios\/actualidadnebrija\/#\/schema\/person\/image\/","url":"https:\/\/secure.gravatar.com\/avatar\/5feaacc0ce30f23dc14c8724dc28a01f?s=96&d=mm&r=g","contentUrl":"https:\/\/secure.gravatar.com\/avatar\/5feaacc0ce30f23dc14c8724dc28a01f?s=96&d=mm&r=g","caption":"pmartinezma"},"url":"https:\/\/www.nebrija.com\/medios\/actualidadnebrija\/author\/pmartinezma\/"}]}},"_links":{"self":[{"href":"https:\/\/www.nebrija.com\/medios\/actualidadnebrija\/wp-json\/wp\/v2\/posts\/85608"}],"collection":[{"href":"https:\/\/www.nebrija.com\/medios\/actualidadnebrija\/wp-json\/wp\/v2\/posts"}],"about":[{"href":"https:\/\/www.nebrija.com\/medios\/actualidadnebrija\/wp-json\/wp\/v2\/types\/post"}],"author":[{"embeddable":true,"href":"https:\/\/www.nebrija.com\/medios\/actualidadnebrija\/wp-json\/wp\/v2\/users\/263"}],"replies":[{"embeddable":true,"href":"https:\/\/www.nebrija.com\/medios\/actualidadnebrija\/wp-json\/wp\/v2\/comments?post=85608"}],"version-history":[{"count":1,"href":"https:\/\/www.nebrija.com\/medios\/actualidadnebrija\/wp-json\/wp\/v2\/posts\/85608\/revisions"}],"predecessor-version":[{"id":85620,"href":"https:\/\/www.nebrija.com\/medios\/actualidadnebrija\/wp-json\/wp\/v2\/posts\/85608\/revisions\/85620"}],"wp:featuredmedia":[{"embeddable":true,"href":"https:\/\/www.nebrija.com\/medios\/actualidadnebrija\/wp-json\/wp\/v2\/media\/85617"}],"wp:attachment":[{"href":"https:\/\/www.nebrija.com\/medios\/actualidadnebrija\/wp-json\/wp\/v2\/media?parent=85608"}],"wp:term":[{"taxonomy":"category","embeddable":true,"href":"https:\/\/www.nebrija.com\/medios\/actualidadnebrija\/wp-json\/wp\/v2\/categories?post=85608"},{"taxonomy":"post_tag","embeddable":true,"href":"https:\/\/www.nebrija.com\/medios\/actualidadnebrija\/wp-json\/wp\/v2\/tags?post=85608"}],"curies":[{"name":"wp","href":"https:\/\/api.w.org\/{rel}","templated":true}]}}