{"id":85820,"date":"2023-05-05T14:21:15","date_gmt":"2023-05-05T12:21:15","guid":{"rendered":"https:\/\/www.nebrija.com\/medios\/actualidadnebrija\/?p=85820"},"modified":"2023-05-05T14:21:15","modified_gmt":"2023-05-05T12:21:15","slug":"un-viaje-por-la-historia-del-teatro-a-traves-del-corral-de-comedias-de-alcala-de-henares","status":"publish","type":"post","link":"https:\/\/www.nebrija.com\/medios\/actualidadnebrija\/2023\/05\/05\/un-viaje-por-la-historia-del-teatro-a-traves-del-corral-de-comedias-de-alcala-de-henares\/","title":{"rendered":"Un viaje por la historia del teatro a trav\u00e9s del Corral de Comedias de Alcal\u00e1 de Henares"},"content":{"rendered":"<p class=\"xmsonormal\" style=\"text-align: justify;\">Corral de Comedias en 1602, coliseo neocl\u00e1sico en el siglo XVIII, teatro rom\u00e1ntico en el siglo XIX y cine en el siglo XX. Los alumnos del <a href=\"https:\/\/www.nebrija.com\/carreras-universitarias\/grado-en-lenguas-modernas\/\">Grado en Lenguas Modernas Aplicadas<\/a> han recorrido la historia de un edificio que sin duda alguna ha sabido adecuarse a la historia, al estilo de los espect\u00e1culos y a su p\u00fablico.<\/p>\n<p class=\"xmsonormal\" style=\"text-align: justify;\">Aun visible la cazuela donde las primeras mujeres espectadoras en el Corral de Comedias de Alcal\u00e1 se aglutinaban, empujadas por el apretador (un \u201cacomodador\u201d con vara de madera que intentaba que todo el mundo cupiese intentando aprovechar al m\u00e1ximo el espacio) para disfrutar de las obras o del ambiente social del corral. Tambi\u00e9n, en perfecto estado, las m\u00e1quinas que simulaban el ruido del viento o de las tormentas. Sorprendente el posterior techado del coliseo y construcci\u00f3n de palcos en el periodo rom\u00e1ntico. Inesperada pantalla instalada con la revoluci\u00f3n cinematogr\u00e1fica en el escenario.<\/p>\n<p class=\"xmsonormal\" style=\"text-align: justify;\">Una visita que sin duda ha enriquecido a nuestros alumnos al disfrutar de un edificio vivo y en funcionamiento pr\u00e1cticamente interrumpido desde el siglo XVII. Sin duda, \u00a1queda pendiente disfrutar de una obra de teatro en un edificio tan singular y bonito!<\/p>\n<p class=\"xmsonormal\" style=\"text-align: justify;\">Como broche final, hemos aprovechado para descubrir otros edificios vinculados a la literatura: la casa de Miguel de Cervantes, la Capilla del Oidor (donde se encuentra una copia facs\u00edmil del libro de bautismos de la parroquia de Santa Mar\u00eda, que contiene la partida de Miguel de Cervantes) o la Universidad de Alcal\u00e1 donde estudiaron Antonio de Nebrija, Lope de Vega, Quevedo, Calder\u00f3n de la Barca, entre otros. No pod\u00edamos marcharnos sin ver el Palacio donde naci\u00f3 Catalina de Arag\u00f3n, Reina de Inglaterra durante unos a\u00f1os, ya que aunque estudiemos literatura, la historia es clave.<\/p>\n<p>&nbsp;<\/p>\n\n\t\t<style type=\"text\/css\">\n\t\t\t#gallery-1 {\n\t\t\t\tmargin: auto;\n\t\t\t}\n\t\t\t#gallery-1 .gallery-item {\n\t\t\t\tfloat: left;\n\t\t\t\tmargin-top: 10px;\n\t\t\t\ttext-align: center;\n\t\t\t\twidth: 50%;\n\t\t\t}\n\t\t\t#gallery-1 img {\n\t\t\t\tborder: 2px solid #cfcfcf;\n\t\t\t}\n\t\t\t#gallery-1 .gallery-caption {\n\t\t\t\tmargin-left: 0;\n\t\t\t}\n\t\t\t\/* see gallery_shortcode() in wp-includes\/media.php *\/\n\t\t<\/style>\n\t\t<div id='gallery-1' class='gallery galleryid-85820 gallery-columns-2 gallery-size-thumbnail'><dl class='gallery-item'>\n\t\t\t<dt class='gallery-icon landscape'>\n\t\t\t\t<a href='https:\/\/www.nebrija.com\/medios\/actualidadnebrija\/wp-content\/uploads\/sites\/2\/2023\/05\/fe03c59b-6185-4bfd-a4a7-18682a9c44ee.jpg'><img loading=\"lazy\" decoding=\"async\" width=\"150\" height=\"104\" src=\"https:\/\/www.nebrija.com\/medios\/actualidadnebrija\/wp-content\/uploads\/sites\/2\/2023\/05\/fe03c59b-6185-4bfd-a4a7-18682a9c44ee-150x104.jpg\" class=\"attachment-thumbnail size-thumbnail\" alt=\"\" \/><\/a>\n\t\t\t<\/dt><\/dl><dl class='gallery-item'>\n\t\t\t<dt class='gallery-icon landscape'>\n\t\t\t\t<a href='https:\/\/www.nebrija.com\/medios\/actualidadnebrija\/wp-content\/uploads\/sites\/2\/2023\/05\/7e18ffe7-a1b4-4709-b0f8-c508d71791d0.jpg'><img loading=\"lazy\" decoding=\"async\" width=\"150\" height=\"113\" src=\"https:\/\/www.nebrija.com\/medios\/actualidadnebrija\/wp-content\/uploads\/sites\/2\/2023\/05\/7e18ffe7-a1b4-4709-b0f8-c508d71791d0-150x113.jpg\" class=\"attachment-thumbnail size-thumbnail\" alt=\"\" \/><\/a>\n\t\t\t<\/dt><\/dl><br style=\"clear: both\" \/>\n\t\t<\/div>\n\n","protected":false},"excerpt":{"rendered":"<p>Los alumnos del Grado en Lenguas Modernas han recorrido la historia de un edificio emblem\u00e1tico de la capital de nuestro pa\u00eds. <\/p>\n","protected":false},"author":324,"featured_media":85822,"comment_status":"open","ping_status":"open","sticky":false,"template":"","format":"standard","meta":{"_acf_changed":false,"_monsterinsights_skip_tracking":false,"_monsterinsights_sitenote_active":false,"_monsterinsights_sitenote_note":"","_monsterinsights_sitenote_category":0,"footnotes":""},"categories":[3,3049],"tags":[5206],"acf":[],"yoast_head":"<!-- This site is optimized with the Yoast SEO plugin v22.1 - https:\/\/yoast.com\/wordpress\/plugins\/seo\/ -->\n<title>Un viaje por la historia del teatro a trav\u00e9s del Corral de Comedias de Alcal\u00e1 de Henares - Actualidad Nebrija<\/title>\n<meta name=\"description\" content=\"Los alumnos del Grado en Lenguas Modernas han recorrido la historia de un edificio emblem\u00e1tico de la capital de nuestro pa\u00eds.\" \/>\n<meta name=\"robots\" content=\"index, follow, max-snippet:-1, max-image-preview:large, max-video-preview:-1\" \/>\n<link rel=\"canonical\" href=\"https:\/\/www.nebrija.com\/medios\/actualidadnebrija\/2023\/05\/05\/un-viaje-por-la-historia-del-teatro-a-traves-del-corral-de-comedias-de-alcala-de-henares\/\" \/>\n<meta property=\"og:locale\" content=\"es_ES\" \/>\n<meta property=\"og:type\" content=\"article\" \/>\n<meta property=\"og:title\" content=\"Un viaje por la historia del teatro a trav\u00e9s del Corral de Comedias de Alcal\u00e1 de Henares - Actualidad Nebrija\" \/>\n<meta property=\"og:description\" content=\"Los alumnos del Grado en Lenguas Modernas han recorrido la historia de un edificio emblem\u00e1tico de la capital de nuestro pa\u00eds.\" \/>\n<meta property=\"og:url\" content=\"https:\/\/www.nebrija.com\/medios\/actualidadnebrija\/2023\/05\/05\/un-viaje-por-la-historia-del-teatro-a-traves-del-corral-de-comedias-de-alcala-de-henares\/\" \/>\n<meta property=\"og:site_name\" content=\"Actualidad Nebrija\" \/>\n<meta property=\"article:published_time\" content=\"2023-05-05T12:21:15+00:00\" \/>\n<meta property=\"og:image\" content=\"https:\/\/www.nebrija.com\/medios\/actualidadnebrija\/wp-content\/uploads\/sites\/2\/2023\/05\/fe03c59b-6185-4bfd-a4a7-18682a9c44ee.jpg\" \/>\n\t<meta property=\"og:image:width\" content=\"1280\" \/>\n\t<meta property=\"og:image:height\" content=\"887\" \/>\n\t<meta property=\"og:image:type\" content=\"image\/jpeg\" \/>\n<meta name=\"author\" content=\"Pablo Mart\u00ednez Dorado\" \/>\n<meta name=\"twitter:card\" content=\"summary_large_image\" \/>\n<meta name=\"twitter:label1\" content=\"Escrito por\" \/>\n\t<meta name=\"twitter:data1\" content=\"Pablo Mart\u00ednez Dorado\" \/>\n\t<meta name=\"twitter:label2\" content=\"Tiempo de lectura\" \/>\n\t<meta name=\"twitter:data2\" content=\"2 minutos\" \/>\n<!-- \/ Yoast SEO plugin. -->","yoast_head_json":{"title":"Un viaje por la historia del teatro a trav\u00e9s del Corral de Comedias de Alcal\u00e1 de Henares - Actualidad Nebrija","description":"Los alumnos del Grado en Lenguas Modernas han recorrido la historia de un edificio emblem\u00e1tico de la capital de nuestro pa\u00eds.","robots":{"index":"index","follow":"follow","max-snippet":"max-snippet:-1","max-image-preview":"max-image-preview:large","max-video-preview":"max-video-preview:-1"},"canonical":"https:\/\/www.nebrija.com\/medios\/actualidadnebrija\/2023\/05\/05\/un-viaje-por-la-historia-del-teatro-a-traves-del-corral-de-comedias-de-alcala-de-henares\/","og_locale":"es_ES","og_type":"article","og_title":"Un viaje por la historia del teatro a trav\u00e9s del Corral de Comedias de Alcal\u00e1 de Henares - Actualidad Nebrija","og_description":"Los alumnos del Grado en Lenguas Modernas han recorrido la historia de un edificio emblem\u00e1tico de la capital de nuestro pa\u00eds.","og_url":"https:\/\/www.nebrija.com\/medios\/actualidadnebrija\/2023\/05\/05\/un-viaje-por-la-historia-del-teatro-a-traves-del-corral-de-comedias-de-alcala-de-henares\/","og_site_name":"Actualidad Nebrija","article_published_time":"2023-05-05T12:21:15+00:00","og_image":[{"width":1280,"height":887,"url":"https:\/\/www.nebrija.com\/medios\/actualidadnebrija\/wp-content\/uploads\/sites\/2\/2023\/05\/fe03c59b-6185-4bfd-a4a7-18682a9c44ee.jpg","type":"image\/jpeg"}],"author":"Pablo Mart\u00ednez Dorado","twitter_card":"summary_large_image","twitter_misc":{"Escrito por":"Pablo Mart\u00ednez Dorado","Tiempo de lectura":"2 minutos"},"schema":{"@context":"https:\/\/schema.org","@graph":[{"@type":"WebPage","@id":"https:\/\/www.nebrija.com\/medios\/actualidadnebrija\/2023\/05\/05\/un-viaje-por-la-historia-del-teatro-a-traves-del-corral-de-comedias-de-alcala-de-henares\/","url":"https:\/\/www.nebrija.com\/medios\/actualidadnebrija\/2023\/05\/05\/un-viaje-por-la-historia-del-teatro-a-traves-del-corral-de-comedias-de-alcala-de-henares\/","name":"Un viaje por la historia del teatro a trav\u00e9s del Corral de Comedias de Alcal\u00e1 de Henares - Actualidad Nebrija","isPartOf":{"@id":"https:\/\/www.nebrija.com\/medios\/actualidadnebrija\/#website"},"datePublished":"2023-05-05T12:21:15+00:00","dateModified":"2023-05-05T12:21:15+00:00","author":{"@id":"https:\/\/www.nebrija.com\/medios\/actualidadnebrija\/#\/schema\/person\/290b7d822a0b963cb48331d739d707ac"},"description":"Los alumnos del Grado en Lenguas Modernas han recorrido la historia de un edificio emblem\u00e1tico de la capital de nuestro pa\u00eds.","breadcrumb":{"@id":"https:\/\/www.nebrija.com\/medios\/actualidadnebrija\/2023\/05\/05\/un-viaje-por-la-historia-del-teatro-a-traves-del-corral-de-comedias-de-alcala-de-henares\/#breadcrumb"},"inLanguage":"es","potentialAction":[{"@type":"ReadAction","target":["https:\/\/www.nebrija.com\/medios\/actualidadnebrija\/2023\/05\/05\/un-viaje-por-la-historia-del-teatro-a-traves-del-corral-de-comedias-de-alcala-de-henares\/"]}]},{"@type":"BreadcrumbList","@id":"https:\/\/www.nebrija.com\/medios\/actualidadnebrija\/2023\/05\/05\/un-viaje-por-la-historia-del-teatro-a-traves-del-corral-de-comedias-de-alcala-de-henares\/#breadcrumb","itemListElement":[{"@type":"ListItem","position":1,"name":"Home","item":"https:\/\/www.nebrija.com\/medios\/actualidadnebrija\/"},{"@type":"ListItem","position":2,"name":"Un viaje por la historia del teatro a trav\u00e9s del Corral de Comedias de Alcal\u00e1 de Henares"}]},{"@type":"WebSite","@id":"https:\/\/www.nebrija.com\/medios\/actualidadnebrija\/#website","url":"https:\/\/www.nebrija.com\/medios\/actualidadnebrija\/","name":"Actualidad Nebrija","description":"Noticias de la Universidad Nebrija","potentialAction":[{"@type":"SearchAction","target":{"@type":"EntryPoint","urlTemplate":"https:\/\/www.nebrija.com\/medios\/actualidadnebrija\/?s={search_term_string}"},"query-input":"required name=search_term_string"}],"inLanguage":"es"},{"@type":"Person","@id":"https:\/\/www.nebrija.com\/medios\/actualidadnebrija\/#\/schema\/person\/290b7d822a0b963cb48331d739d707ac","name":"Pablo Mart\u00ednez Dorado","image":{"@type":"ImageObject","inLanguage":"es","@id":"https:\/\/www.nebrija.com\/medios\/actualidadnebrija\/#\/schema\/person\/image\/","url":"https:\/\/secure.gravatar.com\/avatar\/f00fb483227a6b51bb604b861e785163?s=96&d=mm&r=g","contentUrl":"https:\/\/secure.gravatar.com\/avatar\/f00fb483227a6b51bb604b861e785163?s=96&d=mm&r=g","caption":"Pablo Mart\u00ednez Dorado"},"url":"https:\/\/www.nebrija.com\/medios\/actualidadnebrija\/author\/pmartinezd\/"}]}},"_links":{"self":[{"href":"https:\/\/www.nebrija.com\/medios\/actualidadnebrija\/wp-json\/wp\/v2\/posts\/85820"}],"collection":[{"href":"https:\/\/www.nebrija.com\/medios\/actualidadnebrija\/wp-json\/wp\/v2\/posts"}],"about":[{"href":"https:\/\/www.nebrija.com\/medios\/actualidadnebrija\/wp-json\/wp\/v2\/types\/post"}],"author":[{"embeddable":true,"href":"https:\/\/www.nebrija.com\/medios\/actualidadnebrija\/wp-json\/wp\/v2\/users\/324"}],"replies":[{"embeddable":true,"href":"https:\/\/www.nebrija.com\/medios\/actualidadnebrija\/wp-json\/wp\/v2\/comments?post=85820"}],"version-history":[{"count":1,"href":"https:\/\/www.nebrija.com\/medios\/actualidadnebrija\/wp-json\/wp\/v2\/posts\/85820\/revisions"}],"predecessor-version":[{"id":85823,"href":"https:\/\/www.nebrija.com\/medios\/actualidadnebrija\/wp-json\/wp\/v2\/posts\/85820\/revisions\/85823"}],"wp:featuredmedia":[{"embeddable":true,"href":"https:\/\/www.nebrija.com\/medios\/actualidadnebrija\/wp-json\/wp\/v2\/media\/85822"}],"wp:attachment":[{"href":"https:\/\/www.nebrija.com\/medios\/actualidadnebrija\/wp-json\/wp\/v2\/media?parent=85820"}],"wp:term":[{"taxonomy":"category","embeddable":true,"href":"https:\/\/www.nebrija.com\/medios\/actualidadnebrija\/wp-json\/wp\/v2\/categories?post=85820"},{"taxonomy":"post_tag","embeddable":true,"href":"https:\/\/www.nebrija.com\/medios\/actualidadnebrija\/wp-json\/wp\/v2\/tags?post=85820"}],"curies":[{"name":"wp","href":"https:\/\/api.w.org\/{rel}","templated":true}]}}