{"id":86744,"date":"2023-05-29T14:17:48","date_gmt":"2023-05-29T12:17:48","guid":{"rendered":"https:\/\/www.nebrija.com\/medios\/actualidadnebrija\/?p=86744"},"modified":"2023-05-29T14:17:48","modified_gmt":"2023-05-29T12:17:48","slug":"materland-un-proyecto-para-fomentar-las-vocaciones-cientificas-a-traves-de-los-materiales","status":"publish","type":"post","link":"https:\/\/www.nebrija.com\/medios\/actualidadnebrija\/2023\/05\/29\/materland-un-proyecto-para-fomentar-las-vocaciones-cientificas-a-traves-de-los-materiales\/","title":{"rendered":"&#8220;Materland&#8221;: un proyecto para fomentar las vocaciones cient\u00edficas a trav\u00e9s de los materiales"},"content":{"rendered":"<p>En un esfuerzo por fomentar la cultura cient\u00edfica, tecnol\u00f3gica y la innovaci\u00f3n, el Grupo MOD3RN de la Universidad Nebrija, dirigido por el Investigador Rafael Barea, se uni\u00f3 a la solicitud del Proyecto <b>Materland: La Aventura Contin\u00faa.<\/b><\/p>\n<p>Este ambicioso proyecto finalmente ha pasado el corte y va a pasar a ser financiado por la FECYT a trav\u00e9s de la convocatoria de ayudas para el fomento de la cultura cient\u00edfica, tecnol\u00f3gica y de la innovaci\u00f3n.<\/p>\n<p>El proyecto tiene como objetivo principal continuar las actividades de divulgaci\u00f3n en Ciencia, Tecnolog\u00eda e Ingenier\u00eda de Materiales que se iniciaron con el exitoso proyecto &#8220;Bienvenidos a Materland: acerc\u00e1ndonos al maravilloso mundo de los materiales&#8221; del 2021.<\/p>\n<p>&#8220;Materland: La Aventura Contin\u00faa&#8221; es un proyecto coordinado que re\u00fane a un gran n\u00famero de participantes de diferentes centros de investigaci\u00f3n y universidades de todo el pa\u00eds. Con la intenci\u00f3n de llevar el fascinante mundo de los materiales a las aulas de Educaci\u00f3n Primaria, Secundaria, Bachillerato y Formaci\u00f3n Profesional, se busca fomentar vocaciones cient\u00edficas entre los estudiantes de estas etapas educativas, especialmente dentro del contexto de las disciplinas STEM.<\/p>\n<p>Adem\u00e1s, el proyecto tiene como objetivos adicionales la consolidaci\u00f3n de actividades de divulgaci\u00f3n en el campo de los materiales realizadas por diversos centros de investigaci\u00f3n y universidades en todo el pa\u00eds. En esta iniciativa participan 80 personas de 33 centros e instituciones repartidos en 14 comunidades aut\u00f3nomas, creando as\u00ed una red nacional de divulgaci\u00f3n en Ciencia, Tecnolog\u00eda e Ingenier\u00eda de materiales.<\/p>\n<p>Esta red permitir\u00e1 el intercambio de conocimientos y facilitar\u00e1 una colaboraci\u00f3n permanente entre profesionales investigadores y docentes en activo.<\/p>\n<p>El Grupo MOD3RN se enorgullece de participar en este proyecto y espera que &#8220;Materland: La Aventura Contin\u00faa&#8221; inspire a las nuevas generaciones y promueva un mayor inter\u00e9s y comprensi\u00f3n en el apasionante campo de los materiales.<\/p>\n","protected":false},"excerpt":{"rendered":"<p>En un esfuerzo por fomentar la cultura cient\u00edfica, tecnol\u00f3gica y la innovaci\u00f3n, el Grupo MOD3RN de la Universidad Nebrija, dirigido por el Investigador Rafael Barea, se uni\u00f3 a la solicitud del Proyecto Materland: La Aventura Contin\u00faa. Este ambicioso proyecto finalmente<\/p>\n","protected":false},"author":263,"featured_media":86745,"comment_status":"open","ping_status":"open","sticky":false,"template":"","format":"standard","meta":{"_acf_changed":false,"_monsterinsights_skip_tracking":false,"_monsterinsights_sitenote_active":false,"_monsterinsights_sitenote_note":"","_monsterinsights_sitenote_category":0,"footnotes":""},"categories":[3,3053,3064],"tags":[],"acf":[],"yoast_head":"<!-- This site is optimized with the Yoast SEO plugin v22.1 - https:\/\/yoast.com\/wordpress\/plugins\/seo\/ -->\n<title>&quot;Materland&quot;: un proyecto para fomentar las vocaciones cient\u00edficas a trav\u00e9s de los materiales - Actualidad Nebrija<\/title>\n<meta name=\"robots\" content=\"index, follow, max-snippet:-1, max-image-preview:large, max-video-preview:-1\" \/>\n<link rel=\"canonical\" href=\"https:\/\/www.nebrija.com\/medios\/actualidadnebrija\/2023\/05\/29\/materland-un-proyecto-para-fomentar-las-vocaciones-cientificas-a-traves-de-los-materiales\/\" \/>\n<meta property=\"og:locale\" content=\"es_ES\" \/>\n<meta property=\"og:type\" content=\"article\" \/>\n<meta property=\"og:title\" content=\"&quot;Materland&quot;: un proyecto para fomentar las vocaciones cient\u00edficas a trav\u00e9s de los materiales - Actualidad Nebrija\" \/>\n<meta property=\"og:description\" content=\"En un esfuerzo por fomentar la cultura cient\u00edfica, tecnol\u00f3gica y la innovaci\u00f3n, el Grupo MOD3RN de la Universidad Nebrija, dirigido por el Investigador Rafael Barea, se uni\u00f3 a la solicitud del Proyecto Materland: La Aventura Contin\u00faa. Este ambicioso proyecto finalmente\" \/>\n<meta property=\"og:url\" content=\"https:\/\/www.nebrija.com\/medios\/actualidadnebrija\/2023\/05\/29\/materland-un-proyecto-para-fomentar-las-vocaciones-cientificas-a-traves-de-los-materiales\/\" \/>\n<meta property=\"og:site_name\" content=\"Actualidad Nebrija\" \/>\n<meta property=\"article:published_time\" content=\"2023-05-29T12:17:48+00:00\" \/>\n<meta property=\"og:image\" content=\"https:\/\/www.nebrija.com\/medios\/actualidadnebrija\/wp-content\/uploads\/sites\/2\/2023\/05\/rafael-barea-del-cerro.jpg\" \/>\n\t<meta property=\"og:image:width\" content=\"1000\" \/>\n\t<meta property=\"og:image:height\" content=\"666\" \/>\n\t<meta property=\"og:image:type\" content=\"image\/jpeg\" \/>\n<meta name=\"author\" content=\"pmartinezma\" \/>\n<meta name=\"twitter:card\" content=\"summary_large_image\" \/>\n<meta name=\"twitter:label1\" content=\"Escrito por\" \/>\n\t<meta name=\"twitter:data1\" content=\"pmartinezma\" \/>\n\t<meta name=\"twitter:label2\" content=\"Tiempo de lectura\" \/>\n\t<meta name=\"twitter:data2\" content=\"2 minutos\" \/>\n<!-- \/ Yoast SEO plugin. -->","yoast_head_json":{"title":"\"Materland\": un proyecto para fomentar las vocaciones cient\u00edficas a trav\u00e9s de los materiales - Actualidad Nebrija","robots":{"index":"index","follow":"follow","max-snippet":"max-snippet:-1","max-image-preview":"max-image-preview:large","max-video-preview":"max-video-preview:-1"},"canonical":"https:\/\/www.nebrija.com\/medios\/actualidadnebrija\/2023\/05\/29\/materland-un-proyecto-para-fomentar-las-vocaciones-cientificas-a-traves-de-los-materiales\/","og_locale":"es_ES","og_type":"article","og_title":"\"Materland\": un proyecto para fomentar las vocaciones cient\u00edficas a trav\u00e9s de los materiales - Actualidad Nebrija","og_description":"En un esfuerzo por fomentar la cultura cient\u00edfica, tecnol\u00f3gica y la innovaci\u00f3n, el Grupo MOD3RN de la Universidad Nebrija, dirigido por el Investigador Rafael Barea, se uni\u00f3 a la solicitud del Proyecto Materland: La Aventura Contin\u00faa. Este ambicioso proyecto finalmente","og_url":"https:\/\/www.nebrija.com\/medios\/actualidadnebrija\/2023\/05\/29\/materland-un-proyecto-para-fomentar-las-vocaciones-cientificas-a-traves-de-los-materiales\/","og_site_name":"Actualidad Nebrija","article_published_time":"2023-05-29T12:17:48+00:00","og_image":[{"width":1000,"height":666,"url":"https:\/\/www.nebrija.com\/medios\/actualidadnebrija\/wp-content\/uploads\/sites\/2\/2023\/05\/rafael-barea-del-cerro.jpg","type":"image\/jpeg"}],"author":"pmartinezma","twitter_card":"summary_large_image","twitter_misc":{"Escrito por":"pmartinezma","Tiempo de lectura":"2 minutos"},"schema":{"@context":"https:\/\/schema.org","@graph":[{"@type":"WebPage","@id":"https:\/\/www.nebrija.com\/medios\/actualidadnebrija\/2023\/05\/29\/materland-un-proyecto-para-fomentar-las-vocaciones-cientificas-a-traves-de-los-materiales\/","url":"https:\/\/www.nebrija.com\/medios\/actualidadnebrija\/2023\/05\/29\/materland-un-proyecto-para-fomentar-las-vocaciones-cientificas-a-traves-de-los-materiales\/","name":"\"Materland\": un proyecto para fomentar las vocaciones cient\u00edficas a trav\u00e9s de los materiales - Actualidad Nebrija","isPartOf":{"@id":"https:\/\/www.nebrija.com\/medios\/actualidadnebrija\/#website"},"datePublished":"2023-05-29T12:17:48+00:00","dateModified":"2023-05-29T12:17:48+00:00","author":{"@id":"https:\/\/www.nebrija.com\/medios\/actualidadnebrija\/#\/schema\/person\/eece520e53a2d6b773c896d785ca10ad"},"breadcrumb":{"@id":"https:\/\/www.nebrija.com\/medios\/actualidadnebrija\/2023\/05\/29\/materland-un-proyecto-para-fomentar-las-vocaciones-cientificas-a-traves-de-los-materiales\/#breadcrumb"},"inLanguage":"es","potentialAction":[{"@type":"ReadAction","target":["https:\/\/www.nebrija.com\/medios\/actualidadnebrija\/2023\/05\/29\/materland-un-proyecto-para-fomentar-las-vocaciones-cientificas-a-traves-de-los-materiales\/"]}]},{"@type":"BreadcrumbList","@id":"https:\/\/www.nebrija.com\/medios\/actualidadnebrija\/2023\/05\/29\/materland-un-proyecto-para-fomentar-las-vocaciones-cientificas-a-traves-de-los-materiales\/#breadcrumb","itemListElement":[{"@type":"ListItem","position":1,"name":"Home","item":"https:\/\/www.nebrija.com\/medios\/actualidadnebrija\/"},{"@type":"ListItem","position":2,"name":"&#8220;Materland&#8221;: un proyecto para fomentar las vocaciones cient\u00edficas a trav\u00e9s de los materiales"}]},{"@type":"WebSite","@id":"https:\/\/www.nebrija.com\/medios\/actualidadnebrija\/#website","url":"https:\/\/www.nebrija.com\/medios\/actualidadnebrija\/","name":"Actualidad Nebrija","description":"Noticias de la Universidad Nebrija","potentialAction":[{"@type":"SearchAction","target":{"@type":"EntryPoint","urlTemplate":"https:\/\/www.nebrija.com\/medios\/actualidadnebrija\/?s={search_term_string}"},"query-input":"required name=search_term_string"}],"inLanguage":"es"},{"@type":"Person","@id":"https:\/\/www.nebrija.com\/medios\/actualidadnebrija\/#\/schema\/person\/eece520e53a2d6b773c896d785ca10ad","name":"pmartinezma","image":{"@type":"ImageObject","inLanguage":"es","@id":"https:\/\/www.nebrija.com\/medios\/actualidadnebrija\/#\/schema\/person\/image\/","url":"https:\/\/secure.gravatar.com\/avatar\/5feaacc0ce30f23dc14c8724dc28a01f?s=96&d=mm&r=g","contentUrl":"https:\/\/secure.gravatar.com\/avatar\/5feaacc0ce30f23dc14c8724dc28a01f?s=96&d=mm&r=g","caption":"pmartinezma"},"url":"https:\/\/www.nebrija.com\/medios\/actualidadnebrija\/author\/pmartinezma\/"}]}},"_links":{"self":[{"href":"https:\/\/www.nebrija.com\/medios\/actualidadnebrija\/wp-json\/wp\/v2\/posts\/86744"}],"collection":[{"href":"https:\/\/www.nebrija.com\/medios\/actualidadnebrija\/wp-json\/wp\/v2\/posts"}],"about":[{"href":"https:\/\/www.nebrija.com\/medios\/actualidadnebrija\/wp-json\/wp\/v2\/types\/post"}],"author":[{"embeddable":true,"href":"https:\/\/www.nebrija.com\/medios\/actualidadnebrija\/wp-json\/wp\/v2\/users\/263"}],"replies":[{"embeddable":true,"href":"https:\/\/www.nebrija.com\/medios\/actualidadnebrija\/wp-json\/wp\/v2\/comments?post=86744"}],"version-history":[{"count":1,"href":"https:\/\/www.nebrija.com\/medios\/actualidadnebrija\/wp-json\/wp\/v2\/posts\/86744\/revisions"}],"predecessor-version":[{"id":86746,"href":"https:\/\/www.nebrija.com\/medios\/actualidadnebrija\/wp-json\/wp\/v2\/posts\/86744\/revisions\/86746"}],"wp:featuredmedia":[{"embeddable":true,"href":"https:\/\/www.nebrija.com\/medios\/actualidadnebrija\/wp-json\/wp\/v2\/media\/86745"}],"wp:attachment":[{"href":"https:\/\/www.nebrija.com\/medios\/actualidadnebrija\/wp-json\/wp\/v2\/media?parent=86744"}],"wp:term":[{"taxonomy":"category","embeddable":true,"href":"https:\/\/www.nebrija.com\/medios\/actualidadnebrija\/wp-json\/wp\/v2\/categories?post=86744"},{"taxonomy":"post_tag","embeddable":true,"href":"https:\/\/www.nebrija.com\/medios\/actualidadnebrija\/wp-json\/wp\/v2\/tags?post=86744"}],"curies":[{"name":"wp","href":"https:\/\/api.w.org\/{rel}","templated":true}]}}