{"id":87180,"date":"2023-06-19T17:39:34","date_gmt":"2023-06-19T15:39:34","guid":{"rendered":"https:\/\/www.nebrija.com\/medios\/actualidadnebrija\/?p=87180"},"modified":"2023-06-19T17:39:34","modified_gmt":"2023-06-19T15:39:34","slug":"la-mujer-como-objeto-y-su-representacion-en-el-arte","status":"publish","type":"post","link":"https:\/\/www.nebrija.com\/medios\/actualidadnebrija\/2023\/06\/19\/la-mujer-como-objeto-y-su-representacion-en-el-arte\/","title":{"rendered":"La mujer como objeto y su representaci\u00f3n en el arte"},"content":{"rendered":"<p>La revista <strong>\u201cDescubrir el arte\u201d<\/strong>, especializada en el \u00e1rea de Bellas Artes e Historia del Arte, publica en su n\u00famero de mayo un especial sobre la imagen de la mujer en el arte a lo largo de la historia, desde la Antig\u00fcedad hasta nuestros d\u00edas.<\/p>\n<p>La cosificaci\u00f3n de la mujer ha sido un sesgo de la sociedad en general que tambi\u00e9n se ha materializado en su representaci\u00f3n en el arte, incluso en el siglo XX, a pesar de las nuevas visiones que ha aportado el feminismo.<\/p>\n<p>Los siguientes art\u00edculos nos muestran este sistema representacional y las reacciones que ha generado por parte de las mujeres.<\/p>\n<p>\u00b7\u00a0\u00a0\u00a0\u00a0\u00a0\u00a0 <a href=\"https:\/\/biblioteca.nebrija.es\/cgi-bin\/opac\/?TITN=136360\"><strong>La ambig\u00fcedad monstruosa antes del siglo XIX: <em>Bellas y atroces<\/em><\/strong><\/a><em>, <\/em>por Jos\u00e9 Mar\u00eda Faerna.<\/p>\n<p>\u201cDesde la Antig\u00fcedad a la Edad Moderna, el bien y el mal se representaron con rostro de mujer, pero tanto en un caso como en otro, bajo la mirada masculina dominante, ella siempre ser\u00e1 \u201clo otro\u201d: un territorio inc\u00f3gnito, seductor y amenazante. Incluso tras la faz de la esposa y de la hero\u00edna late la posibilidad del monstruo\u201d.<\/p>\n<p>\u00b7\u00a0\u00a0\u00a0\u00a0\u00a0\u00a0 <a href=\"https:\/\/biblioteca.nebrija.es\/cgi-bin\/opac\/?TITN=136361\"><strong>El desnudo acad\u00e9mico como arma opresiva<\/strong>: <\/a><strong><em><strong>Ultraje a la feminidad<\/strong>,<\/em><\/strong> por Germ\u00e1n Piqueras.<\/p>\n<p>\u201cDebido a los cambios hist\u00f3ricos y sociales surgidos a ra\u00edz de la Revoluci\u00f3n francesa, los artistas del siglo XIX, pensando en el p\u00fablico burgu\u00e9s y masculino que mayoritariamente iba a comprar sus obras, empezaron a establecer una belleza normativa e idealizada del desnudo femenino\u201d.<\/p>\n<p>\u00b7\u00a0\u00a0\u00a0\u00a0\u00a0\u00a0 <a href=\"https:\/\/biblioteca.nebrija.es\/cgi-bin\/opac\/?TITN=136362\"><strong>Arquetipos de maldad: <em>La mujer fatal<\/em> <\/strong><\/a>por Manuel Ant\u00f3n.<\/p>\n<p>\u201cLas diversas tradiciones culturales que todav\u00eda hoy manejamos se construyeron y asimilaron bajo una visi\u00f3n estrictamente masculina, por lo que est\u00e1n repletas de estereotipos en los que el Gran Otro femenino es representado como la encarnaci\u00f3n del mal\u201d.<\/p>\n<p>\u00b7\u00a0\u00a0\u00a0\u00a0\u00a0\u00a0<a href=\"https:\/\/biblioteca.nebrija.es\/cgi-bin\/opac\/?TITN=136363\"><strong> La reacci\u00f3n femenista: <em>Im\u00e1genes de subversi\u00f3n<\/em><\/strong><\/a> por Carlos Caranci.<\/p>\n<p>\u201c<em>Ser alguien, no algo<\/em>, ser\u00eda el lema del siglo XX. Es cuando la historia del arte se convierte en un campo de batalla en el que la mujer lucha contra la alienaci\u00f3n sufrida respecto a su propia imagen que, como denuncian las feministas, siempre ha tenido un sesgo masculino\u201d.<\/p>\n<p>Si quieres leer los art\u00edculos completos, encontrar\u00e1s la revista en la Biblioteca del Campus de Madrid-Princesa, o consulta nuestro <a href=\"https:\/\/biblioteca.nebrija.es\/cgi-bin\/opac\/?TITN=21945\"><strong>Cat\u00e1logo-OPAC ~ Web Portal<\/strong><\/a> de la Red de Bibliotecas para localizarla.<\/p>\n","protected":false},"excerpt":{"rendered":"<p>La revista \u201cDescubrir el arte\u201d, especializada en el \u00e1rea de Bellas Artes e Historia del Arte, publica en su n\u00famero de mayo un especial sobre la imagen de la mujer en el arte a lo largo de la historia, desde<\/p>\n","protected":false},"author":326,"featured_media":87176,"comment_status":"open","ping_status":"open","sticky":false,"template":"","format":"standard","meta":{"_acf_changed":false,"_monsterinsights_skip_tracking":false,"_monsterinsights_sitenote_active":false,"_monsterinsights_sitenote_note":"","_monsterinsights_sitenote_category":0,"footnotes":""},"categories":[3063],"tags":[],"acf":[],"yoast_head":"<!-- This site is optimized with the Yoast SEO plugin v22.1 - https:\/\/yoast.com\/wordpress\/plugins\/seo\/ -->\n<title>La mujer como objeto y su representaci\u00f3n en el arte - Actualidad Nebrija<\/title>\n<meta name=\"robots\" content=\"index, follow, max-snippet:-1, max-image-preview:large, max-video-preview:-1\" \/>\n<link rel=\"canonical\" href=\"https:\/\/www.nebrija.com\/medios\/actualidadnebrija\/2023\/06\/19\/la-mujer-como-objeto-y-su-representacion-en-el-arte\/\" \/>\n<meta property=\"og:locale\" content=\"es_ES\" \/>\n<meta property=\"og:type\" content=\"article\" \/>\n<meta property=\"og:title\" content=\"La mujer como objeto y su representaci\u00f3n en el arte - Actualidad Nebrija\" \/>\n<meta property=\"og:description\" content=\"La revista \u201cDescubrir el arte\u201d, especializada en el \u00e1rea de Bellas Artes e Historia del Arte, publica en su n\u00famero de mayo un especial sobre la imagen de la mujer en el arte a lo largo de la historia, desde\" \/>\n<meta property=\"og:url\" content=\"https:\/\/www.nebrija.com\/medios\/actualidadnebrija\/2023\/06\/19\/la-mujer-como-objeto-y-su-representacion-en-el-arte\/\" \/>\n<meta property=\"og:site_name\" content=\"Actualidad Nebrija\" \/>\n<meta property=\"article:published_time\" content=\"2023-06-19T15:39:34+00:00\" \/>\n<meta property=\"og:image\" content=\"https:\/\/www.nebrija.com\/medios\/actualidadnebrija\/wp-content\/uploads\/sites\/2\/2023\/06\/mujer_objeto.jpg\" \/>\n\t<meta property=\"og:image:width\" content=\"350\" \/>\n\t<meta property=\"og:image:height\" content=\"478\" \/>\n\t<meta property=\"og:image:type\" content=\"image\/jpeg\" \/>\n<meta name=\"author\" content=\"jpicos\" \/>\n<meta name=\"twitter:card\" content=\"summary_large_image\" \/>\n<meta name=\"twitter:label1\" content=\"Escrito por\" \/>\n\t<meta name=\"twitter:data1\" content=\"jpicos\" \/>\n\t<meta name=\"twitter:label2\" content=\"Tiempo de lectura\" \/>\n\t<meta name=\"twitter:data2\" content=\"2 minutos\" \/>\n<!-- \/ Yoast SEO plugin. -->","yoast_head_json":{"title":"La mujer como objeto y su representaci\u00f3n en el arte - Actualidad Nebrija","robots":{"index":"index","follow":"follow","max-snippet":"max-snippet:-1","max-image-preview":"max-image-preview:large","max-video-preview":"max-video-preview:-1"},"canonical":"https:\/\/www.nebrija.com\/medios\/actualidadnebrija\/2023\/06\/19\/la-mujer-como-objeto-y-su-representacion-en-el-arte\/","og_locale":"es_ES","og_type":"article","og_title":"La mujer como objeto y su representaci\u00f3n en el arte - Actualidad Nebrija","og_description":"La revista \u201cDescubrir el arte\u201d, especializada en el \u00e1rea de Bellas Artes e Historia del Arte, publica en su n\u00famero de mayo un especial sobre la imagen de la mujer en el arte a lo largo de la historia, desde","og_url":"https:\/\/www.nebrija.com\/medios\/actualidadnebrija\/2023\/06\/19\/la-mujer-como-objeto-y-su-representacion-en-el-arte\/","og_site_name":"Actualidad Nebrija","article_published_time":"2023-06-19T15:39:34+00:00","og_image":[{"width":350,"height":478,"url":"https:\/\/www.nebrija.com\/medios\/actualidadnebrija\/wp-content\/uploads\/sites\/2\/2023\/06\/mujer_objeto.jpg","type":"image\/jpeg"}],"author":"jpicos","twitter_card":"summary_large_image","twitter_misc":{"Escrito por":"jpicos","Tiempo de lectura":"2 minutos"},"schema":{"@context":"https:\/\/schema.org","@graph":[{"@type":"WebPage","@id":"https:\/\/www.nebrija.com\/medios\/actualidadnebrija\/2023\/06\/19\/la-mujer-como-objeto-y-su-representacion-en-el-arte\/","url":"https:\/\/www.nebrija.com\/medios\/actualidadnebrija\/2023\/06\/19\/la-mujer-como-objeto-y-su-representacion-en-el-arte\/","name":"La mujer como objeto y su representaci\u00f3n en el arte - Actualidad Nebrija","isPartOf":{"@id":"https:\/\/www.nebrija.com\/medios\/actualidadnebrija\/#website"},"datePublished":"2023-06-19T15:39:34+00:00","dateModified":"2023-06-19T15:39:34+00:00","author":{"@id":"https:\/\/www.nebrija.com\/medios\/actualidadnebrija\/#\/schema\/person\/0cd40b7dd3f54459e2cfc009dbd255c6"},"breadcrumb":{"@id":"https:\/\/www.nebrija.com\/medios\/actualidadnebrija\/2023\/06\/19\/la-mujer-como-objeto-y-su-representacion-en-el-arte\/#breadcrumb"},"inLanguage":"es","potentialAction":[{"@type":"ReadAction","target":["https:\/\/www.nebrija.com\/medios\/actualidadnebrija\/2023\/06\/19\/la-mujer-como-objeto-y-su-representacion-en-el-arte\/"]}]},{"@type":"BreadcrumbList","@id":"https:\/\/www.nebrija.com\/medios\/actualidadnebrija\/2023\/06\/19\/la-mujer-como-objeto-y-su-representacion-en-el-arte\/#breadcrumb","itemListElement":[{"@type":"ListItem","position":1,"name":"Home","item":"https:\/\/www.nebrija.com\/medios\/actualidadnebrija\/"},{"@type":"ListItem","position":2,"name":"La mujer como objeto y su representaci\u00f3n en el arte"}]},{"@type":"WebSite","@id":"https:\/\/www.nebrija.com\/medios\/actualidadnebrija\/#website","url":"https:\/\/www.nebrija.com\/medios\/actualidadnebrija\/","name":"Actualidad Nebrija","description":"Noticias de la Universidad Nebrija","potentialAction":[{"@type":"SearchAction","target":{"@type":"EntryPoint","urlTemplate":"https:\/\/www.nebrija.com\/medios\/actualidadnebrija\/?s={search_term_string}"},"query-input":"required name=search_term_string"}],"inLanguage":"es"},{"@type":"Person","@id":"https:\/\/www.nebrija.com\/medios\/actualidadnebrija\/#\/schema\/person\/0cd40b7dd3f54459e2cfc009dbd255c6","name":"jpicos","image":{"@type":"ImageObject","inLanguage":"es","@id":"https:\/\/www.nebrija.com\/medios\/actualidadnebrija\/#\/schema\/person\/image\/","url":"https:\/\/secure.gravatar.com\/avatar\/c4a1005cff3fd9bb5185e9671f4f3e9b?s=96&d=mm&r=g","contentUrl":"https:\/\/secure.gravatar.com\/avatar\/c4a1005cff3fd9bb5185e9671f4f3e9b?s=96&d=mm&r=g","caption":"jpicos"},"url":"https:\/\/www.nebrija.com\/medios\/actualidadnebrija\/author\/jpicos\/"}]}},"_links":{"self":[{"href":"https:\/\/www.nebrija.com\/medios\/actualidadnebrija\/wp-json\/wp\/v2\/posts\/87180"}],"collection":[{"href":"https:\/\/www.nebrija.com\/medios\/actualidadnebrija\/wp-json\/wp\/v2\/posts"}],"about":[{"href":"https:\/\/www.nebrija.com\/medios\/actualidadnebrija\/wp-json\/wp\/v2\/types\/post"}],"author":[{"embeddable":true,"href":"https:\/\/www.nebrija.com\/medios\/actualidadnebrija\/wp-json\/wp\/v2\/users\/326"}],"replies":[{"embeddable":true,"href":"https:\/\/www.nebrija.com\/medios\/actualidadnebrija\/wp-json\/wp\/v2\/comments?post=87180"}],"version-history":[{"count":1,"href":"https:\/\/www.nebrija.com\/medios\/actualidadnebrija\/wp-json\/wp\/v2\/posts\/87180\/revisions"}],"predecessor-version":[{"id":87181,"href":"https:\/\/www.nebrija.com\/medios\/actualidadnebrija\/wp-json\/wp\/v2\/posts\/87180\/revisions\/87181"}],"wp:featuredmedia":[{"embeddable":true,"href":"https:\/\/www.nebrija.com\/medios\/actualidadnebrija\/wp-json\/wp\/v2\/media\/87176"}],"wp:attachment":[{"href":"https:\/\/www.nebrija.com\/medios\/actualidadnebrija\/wp-json\/wp\/v2\/media?parent=87180"}],"wp:term":[{"taxonomy":"category","embeddable":true,"href":"https:\/\/www.nebrija.com\/medios\/actualidadnebrija\/wp-json\/wp\/v2\/categories?post=87180"},{"taxonomy":"post_tag","embeddable":true,"href":"https:\/\/www.nebrija.com\/medios\/actualidadnebrija\/wp-json\/wp\/v2\/tags?post=87180"}],"curies":[{"name":"wp","href":"https:\/\/api.w.org\/{rel}","templated":true}]}}