{"id":87182,"date":"2023-06-19T17:41:45","date_gmt":"2023-06-19T15:41:45","guid":{"rendered":"https:\/\/www.nebrija.com\/medios\/actualidadnebrija\/?p=87182"},"modified":"2023-06-19T17:41:45","modified_gmt":"2023-06-19T15:41:45","slug":"el-servio-de-biblioteca-conmemora-el-dia-mundial-del-refugiado","status":"publish","type":"post","link":"https:\/\/www.nebrija.com\/medios\/actualidadnebrija\/2023\/06\/19\/el-servio-de-biblioteca-conmemora-el-dia-mundial-del-refugiado\/","title":{"rendered":"El Servio de Biblioteca conmemora el D\u00eda Mundial del Refugiado"},"content":{"rendered":"<p>Un a\u00f1o m\u00e1s se conmemora el 20 de junio el <em>D\u00eda Mundial del Refugiado <\/em>y el tema elegido para este 2023 es <em>Esperanza lejos del hogar. Por un mundo inclusivo con las personas refugiadas.<\/em><\/p>\n<p>Con ocasi\u00f3n de esta efem\u00e9ride, el Servicio de Biblioteca ha seleccionado de sus fondos <strong><em><a href=\"https:\/\/biblioteca.nebrija.es\/cgi-bin\/opac?ACC=258&amp;DI=8947\">pel\u00edculas, art\u00edculos de revista, libros en papel y electr\u00f3nicos<\/a><\/em><\/strong>\u00a0para que conozcas mejor una realidad que a finales de 2022, y seg\u00fan datos de la Agencia de la ONU para los Refugiados (ACNUR), afectaba a 108 millones de personas en todo el mundo.<\/p>\n<p>Tambi\u00e9n te invitamos a que vuelvas a echar un vistazo a la exposici\u00f3n bibliogr\u00e1fica que organizamos para el <a href=\"https:\/\/biblioteca.nebrija.es\/cgi-bin\/opac?HELPID=unne0356\"><strong><em>D\u00eda Mundial del Refugiado 2022<\/em><\/strong><\/a>\u00a0y en la que encontrar\u00e1s una selecci\u00f3n de documentales, testimonios, informaci\u00f3n y legislaci\u00f3n sobre las personas refugiadas.<\/p>\n<p>Millones de personas son v\u00edctimas de la guerra o la violencia en sus pa\u00edses y se han visto en la tesitura de abandonar sus hogares. Son, por tanto, millones las razones para honrarlas este 20 de junio y el Servicio de Biblioteca se une a esta conmemoraci\u00f3n con esta selecci\u00f3n de recursos para la Comunidad Nebrija disponibles en el <strong>Cat\u00e1logo-OPAC ~ Web Portal<\/strong> e Internet.<\/p>\n","protected":false},"excerpt":{"rendered":"<p>Un a\u00f1o m\u00e1s se conmemora el 20 de junio el D\u00eda Mundial del Refugiado y el tema elegido para este 2023 es Esperanza lejos del hogar. Por un mundo inclusivo con las personas refugiadas. Con ocasi\u00f3n de esta efem\u00e9ride, el<\/p>\n","protected":false},"author":326,"featured_media":87170,"comment_status":"open","ping_status":"open","sticky":false,"template":"","format":"standard","meta":{"_acf_changed":false,"_monsterinsights_skip_tracking":false,"_monsterinsights_sitenote_active":false,"_monsterinsights_sitenote_note":"","_monsterinsights_sitenote_category":0,"footnotes":""},"categories":[3063],"tags":[],"acf":[],"yoast_head":"<!-- This site is optimized with the Yoast SEO plugin v22.1 - https:\/\/yoast.com\/wordpress\/plugins\/seo\/ -->\n<title>El Servio de Biblioteca conmemora el D\u00eda Mundial del Refugiado - Actualidad Nebrija<\/title>\n<meta name=\"robots\" content=\"index, follow, max-snippet:-1, max-image-preview:large, max-video-preview:-1\" \/>\n<link rel=\"canonical\" href=\"https:\/\/www.nebrija.com\/medios\/actualidadnebrija\/2023\/06\/19\/el-servio-de-biblioteca-conmemora-el-dia-mundial-del-refugiado\/\" \/>\n<meta property=\"og:locale\" content=\"es_ES\" \/>\n<meta property=\"og:type\" content=\"article\" \/>\n<meta property=\"og:title\" content=\"El Servio de Biblioteca conmemora el D\u00eda Mundial del Refugiado - Actualidad Nebrija\" \/>\n<meta property=\"og:description\" content=\"Un a\u00f1o m\u00e1s se conmemora el 20 de junio el D\u00eda Mundial del Refugiado y el tema elegido para este 2023 es Esperanza lejos del hogar. Por un mundo inclusivo con las personas refugiadas. Con ocasi\u00f3n de esta efem\u00e9ride, el\" \/>\n<meta property=\"og:url\" content=\"https:\/\/www.nebrija.com\/medios\/actualidadnebrija\/2023\/06\/19\/el-servio-de-biblioteca-conmemora-el-dia-mundial-del-refugiado\/\" \/>\n<meta property=\"og:site_name\" content=\"Actualidad Nebrija\" \/>\n<meta property=\"article:published_time\" content=\"2023-06-19T15:41:45+00:00\" \/>\n<meta property=\"og:image\" content=\"https:\/\/www.nebrija.com\/medios\/actualidadnebrija\/wp-content\/uploads\/sites\/2\/2023\/06\/23_ref.jpg\" \/>\n\t<meta property=\"og:image:width\" content=\"514\" \/>\n\t<meta property=\"og:image:height\" content=\"498\" \/>\n\t<meta property=\"og:image:type\" content=\"image\/jpeg\" \/>\n<meta name=\"author\" content=\"jpicos\" \/>\n<meta name=\"twitter:card\" content=\"summary_large_image\" \/>\n<meta name=\"twitter:label1\" content=\"Escrito por\" \/>\n\t<meta name=\"twitter:data1\" content=\"jpicos\" \/>\n\t<meta name=\"twitter:label2\" content=\"Tiempo de lectura\" \/>\n\t<meta name=\"twitter:data2\" content=\"1 minuto\" \/>\n<!-- \/ Yoast SEO plugin. -->","yoast_head_json":{"title":"El Servio de Biblioteca conmemora el D\u00eda Mundial del Refugiado - Actualidad Nebrija","robots":{"index":"index","follow":"follow","max-snippet":"max-snippet:-1","max-image-preview":"max-image-preview:large","max-video-preview":"max-video-preview:-1"},"canonical":"https:\/\/www.nebrija.com\/medios\/actualidadnebrija\/2023\/06\/19\/el-servio-de-biblioteca-conmemora-el-dia-mundial-del-refugiado\/","og_locale":"es_ES","og_type":"article","og_title":"El Servio de Biblioteca conmemora el D\u00eda Mundial del Refugiado - Actualidad Nebrija","og_description":"Un a\u00f1o m\u00e1s se conmemora el 20 de junio el D\u00eda Mundial del Refugiado y el tema elegido para este 2023 es Esperanza lejos del hogar. Por un mundo inclusivo con las personas refugiadas. Con ocasi\u00f3n de esta efem\u00e9ride, el","og_url":"https:\/\/www.nebrija.com\/medios\/actualidadnebrija\/2023\/06\/19\/el-servio-de-biblioteca-conmemora-el-dia-mundial-del-refugiado\/","og_site_name":"Actualidad Nebrija","article_published_time":"2023-06-19T15:41:45+00:00","og_image":[{"width":514,"height":498,"url":"https:\/\/www.nebrija.com\/medios\/actualidadnebrija\/wp-content\/uploads\/sites\/2\/2023\/06\/23_ref.jpg","type":"image\/jpeg"}],"author":"jpicos","twitter_card":"summary_large_image","twitter_misc":{"Escrito por":"jpicos","Tiempo de lectura":"1 minuto"},"schema":{"@context":"https:\/\/schema.org","@graph":[{"@type":"WebPage","@id":"https:\/\/www.nebrija.com\/medios\/actualidadnebrija\/2023\/06\/19\/el-servio-de-biblioteca-conmemora-el-dia-mundial-del-refugiado\/","url":"https:\/\/www.nebrija.com\/medios\/actualidadnebrija\/2023\/06\/19\/el-servio-de-biblioteca-conmemora-el-dia-mundial-del-refugiado\/","name":"El Servio de Biblioteca conmemora el D\u00eda Mundial del Refugiado - Actualidad Nebrija","isPartOf":{"@id":"https:\/\/www.nebrija.com\/medios\/actualidadnebrija\/#website"},"datePublished":"2023-06-19T15:41:45+00:00","dateModified":"2023-06-19T15:41:45+00:00","author":{"@id":"https:\/\/www.nebrija.com\/medios\/actualidadnebrija\/#\/schema\/person\/0cd40b7dd3f54459e2cfc009dbd255c6"},"breadcrumb":{"@id":"https:\/\/www.nebrija.com\/medios\/actualidadnebrija\/2023\/06\/19\/el-servio-de-biblioteca-conmemora-el-dia-mundial-del-refugiado\/#breadcrumb"},"inLanguage":"es","potentialAction":[{"@type":"ReadAction","target":["https:\/\/www.nebrija.com\/medios\/actualidadnebrija\/2023\/06\/19\/el-servio-de-biblioteca-conmemora-el-dia-mundial-del-refugiado\/"]}]},{"@type":"BreadcrumbList","@id":"https:\/\/www.nebrija.com\/medios\/actualidadnebrija\/2023\/06\/19\/el-servio-de-biblioteca-conmemora-el-dia-mundial-del-refugiado\/#breadcrumb","itemListElement":[{"@type":"ListItem","position":1,"name":"Home","item":"https:\/\/www.nebrija.com\/medios\/actualidadnebrija\/"},{"@type":"ListItem","position":2,"name":"El Servio de Biblioteca conmemora el D\u00eda Mundial del Refugiado"}]},{"@type":"WebSite","@id":"https:\/\/www.nebrija.com\/medios\/actualidadnebrija\/#website","url":"https:\/\/www.nebrija.com\/medios\/actualidadnebrija\/","name":"Actualidad Nebrija","description":"Noticias de la Universidad Nebrija","potentialAction":[{"@type":"SearchAction","target":{"@type":"EntryPoint","urlTemplate":"https:\/\/www.nebrija.com\/medios\/actualidadnebrija\/?s={search_term_string}"},"query-input":"required name=search_term_string"}],"inLanguage":"es"},{"@type":"Person","@id":"https:\/\/www.nebrija.com\/medios\/actualidadnebrija\/#\/schema\/person\/0cd40b7dd3f54459e2cfc009dbd255c6","name":"jpicos","image":{"@type":"ImageObject","inLanguage":"es","@id":"https:\/\/www.nebrija.com\/medios\/actualidadnebrija\/#\/schema\/person\/image\/","url":"https:\/\/secure.gravatar.com\/avatar\/c4a1005cff3fd9bb5185e9671f4f3e9b?s=96&d=mm&r=g","contentUrl":"https:\/\/secure.gravatar.com\/avatar\/c4a1005cff3fd9bb5185e9671f4f3e9b?s=96&d=mm&r=g","caption":"jpicos"},"url":"https:\/\/www.nebrija.com\/medios\/actualidadnebrija\/author\/jpicos\/"}]}},"_links":{"self":[{"href":"https:\/\/www.nebrija.com\/medios\/actualidadnebrija\/wp-json\/wp\/v2\/posts\/87182"}],"collection":[{"href":"https:\/\/www.nebrija.com\/medios\/actualidadnebrija\/wp-json\/wp\/v2\/posts"}],"about":[{"href":"https:\/\/www.nebrija.com\/medios\/actualidadnebrija\/wp-json\/wp\/v2\/types\/post"}],"author":[{"embeddable":true,"href":"https:\/\/www.nebrija.com\/medios\/actualidadnebrija\/wp-json\/wp\/v2\/users\/326"}],"replies":[{"embeddable":true,"href":"https:\/\/www.nebrija.com\/medios\/actualidadnebrija\/wp-json\/wp\/v2\/comments?post=87182"}],"version-history":[{"count":1,"href":"https:\/\/www.nebrija.com\/medios\/actualidadnebrija\/wp-json\/wp\/v2\/posts\/87182\/revisions"}],"predecessor-version":[{"id":87183,"href":"https:\/\/www.nebrija.com\/medios\/actualidadnebrija\/wp-json\/wp\/v2\/posts\/87182\/revisions\/87183"}],"wp:featuredmedia":[{"embeddable":true,"href":"https:\/\/www.nebrija.com\/medios\/actualidadnebrija\/wp-json\/wp\/v2\/media\/87170"}],"wp:attachment":[{"href":"https:\/\/www.nebrija.com\/medios\/actualidadnebrija\/wp-json\/wp\/v2\/media?parent=87182"}],"wp:term":[{"taxonomy":"category","embeddable":true,"href":"https:\/\/www.nebrija.com\/medios\/actualidadnebrija\/wp-json\/wp\/v2\/categories?post=87182"},{"taxonomy":"post_tag","embeddable":true,"href":"https:\/\/www.nebrija.com\/medios\/actualidadnebrija\/wp-json\/wp\/v2\/tags?post=87182"}],"curies":[{"name":"wp","href":"https:\/\/api.w.org\/{rel}","templated":true}]}}