{"id":89562,"date":"2023-11-22T08:49:49","date_gmt":"2023-11-22T07:49:49","guid":{"rendered":"https:\/\/www.nebrija.com\/medios\/actualidadnebrija\/?p=89562"},"modified":"2023-11-22T08:49:49","modified_gmt":"2023-11-22T07:49:49","slug":"los-estudiantes-de-nebrija-testigos-de-los-premios-de-la-fundacion-mashumano","status":"publish","type":"post","link":"https:\/\/www.nebrija.com\/medios\/actualidadnebrija\/2023\/11\/22\/los-estudiantes-de-nebrija-testigos-de-los-premios-de-la-fundacion-mashumano\/","title":{"rendered":"Los estudiantes de Nebrija, testigos de los Premios de la Fundaci\u00f3n m\u00e1shumano"},"content":{"rendered":"<p>Los alumnos de la<a href=\"https:\/\/www.nebrija.com\/la_universidad\/facultades\/facultad-economia-empresa\/\"> Facultad de Econom\u00eda y Empresa<\/a> de los diferentes grados -Grado en Creaci\u00f3n y Administraci\u00f3n de Empresas, Grado en Econom\u00eda y Negocios Internacionales, Grado en An\u00e1lisis de Negocios y Grado en Turismo- han asistido a la final de los XVIII Edici\u00f3n de los Premios de la Fundaci\u00f3n m\u00e1shumano en el Corte Ingl\u00e9s de Callao.<\/p>\n<p>En la entrega de premios han podido visualizar las ideas de emprendimiento social en las 3 categor\u00edas: soluciones sostenibles, proyectos relacionados con los ODS de la Agenda 2030, desarrollo sostenible y proyectos innovadores de accesibilidad para inserci\u00f3n sociolaboral en personas con discapacidad y personas mayores.<\/p>\n<p>Hemos presenciado como j\u00f3venes talentosos con pasi\u00f3n y prop\u00f3sito han expuesto de forma totalmente profesional sus proyectos, y nuestros alumnos han vivido de primera mano como se gesta una idea, se testa, se presenta y se escala.\u00a0 Vieron diferentes modelos de negocio, estadios de crecimiento, financiaci\u00f3n, alianzas, etc. Una buena forma de afianzar los conocimientos vistos en clase y aprovechar para hacer <em>networking<\/em>, y, por qu\u00e9 no, ser ellos protagonistas de estos premios en cursos siguientes de sus grados.<\/p>\n","protected":false},"excerpt":{"rendered":"<p>En la gala han podido visualizar las ideas de emprendimiento social.<\/p>\n","protected":false},"author":326,"featured_media":89565,"comment_status":"open","ping_status":"open","sticky":false,"template":"","format":"standard","meta":{"_acf_changed":false,"_monsterinsights_skip_tracking":false,"_monsterinsights_sitenote_active":false,"_monsterinsights_sitenote_note":"","_monsterinsights_sitenote_category":0,"footnotes":""},"categories":[3,5017],"tags":[5408,5523,5522,5180,4187],"acf":[],"yoast_head":"<!-- This site is optimized with the Yoast SEO plugin v22.1 - https:\/\/yoast.com\/wordpress\/plugins\/seo\/ -->\n<title>Los estudiantes de Nebrija, testigos de los Premios de la Fundaci\u00f3n m\u00e1shumano - Actualidad Nebrija<\/title>\n<meta name=\"description\" content=\"En la entrega de premios han podido visualizar las ideas de emprendimiento social.\" \/>\n<meta name=\"robots\" content=\"index, follow, max-snippet:-1, max-image-preview:large, max-video-preview:-1\" \/>\n<link rel=\"canonical\" href=\"https:\/\/www.nebrija.com\/medios\/actualidadnebrija\/2023\/11\/22\/los-estudiantes-de-nebrija-testigos-de-los-premios-de-la-fundacion-mashumano\/\" \/>\n<meta property=\"og:locale\" content=\"es_ES\" \/>\n<meta property=\"og:type\" content=\"article\" \/>\n<meta property=\"og:title\" content=\"Los estudiantes de Nebrija, testigos de los Premios de la Fundaci\u00f3n m\u00e1shumano - Actualidad Nebrija\" \/>\n<meta property=\"og:description\" content=\"En la entrega de premios han podido visualizar las ideas de emprendimiento social.\" \/>\n<meta property=\"og:url\" content=\"https:\/\/www.nebrija.com\/medios\/actualidadnebrija\/2023\/11\/22\/los-estudiantes-de-nebrija-testigos-de-los-premios-de-la-fundacion-mashumano\/\" \/>\n<meta property=\"og:site_name\" content=\"Actualidad Nebrija\" \/>\n<meta property=\"article:published_time\" content=\"2023-11-22T07:49:49+00:00\" \/>\n<meta property=\"og:image\" content=\"https:\/\/www.nebrija.com\/medios\/actualidadnebrija\/wp-content\/uploads\/sites\/2\/2023\/11\/UNNE_mashumano.jpg\" \/>\n\t<meta property=\"og:image:width\" content=\"1100\" \/>\n\t<meta property=\"og:image:height\" content=\"825\" \/>\n\t<meta property=\"og:image:type\" content=\"image\/jpeg\" \/>\n<meta name=\"author\" content=\"jpicos\" \/>\n<meta name=\"twitter:card\" content=\"summary_large_image\" \/>\n<meta name=\"twitter:label1\" content=\"Escrito por\" \/>\n\t<meta name=\"twitter:data1\" content=\"jpicos\" \/>\n\t<meta name=\"twitter:label2\" content=\"Tiempo de lectura\" \/>\n\t<meta name=\"twitter:data2\" content=\"1 minuto\" \/>\n<!-- \/ Yoast SEO plugin. -->","yoast_head_json":{"title":"Los estudiantes de Nebrija, testigos de los Premios de la Fundaci\u00f3n m\u00e1shumano - Actualidad Nebrija","description":"En la entrega de premios han podido visualizar las ideas de emprendimiento social.","robots":{"index":"index","follow":"follow","max-snippet":"max-snippet:-1","max-image-preview":"max-image-preview:large","max-video-preview":"max-video-preview:-1"},"canonical":"https:\/\/www.nebrija.com\/medios\/actualidadnebrija\/2023\/11\/22\/los-estudiantes-de-nebrija-testigos-de-los-premios-de-la-fundacion-mashumano\/","og_locale":"es_ES","og_type":"article","og_title":"Los estudiantes de Nebrija, testigos de los Premios de la Fundaci\u00f3n m\u00e1shumano - Actualidad Nebrija","og_description":"En la entrega de premios han podido visualizar las ideas de emprendimiento social.","og_url":"https:\/\/www.nebrija.com\/medios\/actualidadnebrija\/2023\/11\/22\/los-estudiantes-de-nebrija-testigos-de-los-premios-de-la-fundacion-mashumano\/","og_site_name":"Actualidad Nebrija","article_published_time":"2023-11-22T07:49:49+00:00","og_image":[{"width":1100,"height":825,"url":"https:\/\/www.nebrija.com\/medios\/actualidadnebrija\/wp-content\/uploads\/sites\/2\/2023\/11\/UNNE_mashumano.jpg","type":"image\/jpeg"}],"author":"jpicos","twitter_card":"summary_large_image","twitter_misc":{"Escrito por":"jpicos","Tiempo de lectura":"1 minuto"},"schema":{"@context":"https:\/\/schema.org","@graph":[{"@type":"WebPage","@id":"https:\/\/www.nebrija.com\/medios\/actualidadnebrija\/2023\/11\/22\/los-estudiantes-de-nebrija-testigos-de-los-premios-de-la-fundacion-mashumano\/","url":"https:\/\/www.nebrija.com\/medios\/actualidadnebrija\/2023\/11\/22\/los-estudiantes-de-nebrija-testigos-de-los-premios-de-la-fundacion-mashumano\/","name":"Los estudiantes de Nebrija, testigos de los Premios de la Fundaci\u00f3n m\u00e1shumano - Actualidad Nebrija","isPartOf":{"@id":"https:\/\/www.nebrija.com\/medios\/actualidadnebrija\/#website"},"datePublished":"2023-11-22T07:49:49+00:00","dateModified":"2023-11-22T07:49:49+00:00","author":{"@id":"https:\/\/www.nebrija.com\/medios\/actualidadnebrija\/#\/schema\/person\/0cd40b7dd3f54459e2cfc009dbd255c6"},"description":"En la entrega de premios han podido visualizar las ideas de emprendimiento social.","breadcrumb":{"@id":"https:\/\/www.nebrija.com\/medios\/actualidadnebrija\/2023\/11\/22\/los-estudiantes-de-nebrija-testigos-de-los-premios-de-la-fundacion-mashumano\/#breadcrumb"},"inLanguage":"es","potentialAction":[{"@type":"ReadAction","target":["https:\/\/www.nebrija.com\/medios\/actualidadnebrija\/2023\/11\/22\/los-estudiantes-de-nebrija-testigos-de-los-premios-de-la-fundacion-mashumano\/"]}]},{"@type":"BreadcrumbList","@id":"https:\/\/www.nebrija.com\/medios\/actualidadnebrija\/2023\/11\/22\/los-estudiantes-de-nebrija-testigos-de-los-premios-de-la-fundacion-mashumano\/#breadcrumb","itemListElement":[{"@type":"ListItem","position":1,"name":"Home","item":"https:\/\/www.nebrija.com\/medios\/actualidadnebrija\/"},{"@type":"ListItem","position":2,"name":"Los estudiantes de Nebrija, testigos de los Premios de la Fundaci\u00f3n m\u00e1shumano"}]},{"@type":"WebSite","@id":"https:\/\/www.nebrija.com\/medios\/actualidadnebrija\/#website","url":"https:\/\/www.nebrija.com\/medios\/actualidadnebrija\/","name":"Actualidad Nebrija","description":"Noticias de la Universidad Nebrija","potentialAction":[{"@type":"SearchAction","target":{"@type":"EntryPoint","urlTemplate":"https:\/\/www.nebrija.com\/medios\/actualidadnebrija\/?s={search_term_string}"},"query-input":"required name=search_term_string"}],"inLanguage":"es"},{"@type":"Person","@id":"https:\/\/www.nebrija.com\/medios\/actualidadnebrija\/#\/schema\/person\/0cd40b7dd3f54459e2cfc009dbd255c6","name":"jpicos","image":{"@type":"ImageObject","inLanguage":"es","@id":"https:\/\/www.nebrija.com\/medios\/actualidadnebrija\/#\/schema\/person\/image\/","url":"https:\/\/secure.gravatar.com\/avatar\/c4a1005cff3fd9bb5185e9671f4f3e9b?s=96&d=mm&r=g","contentUrl":"https:\/\/secure.gravatar.com\/avatar\/c4a1005cff3fd9bb5185e9671f4f3e9b?s=96&d=mm&r=g","caption":"jpicos"},"url":"https:\/\/www.nebrija.com\/medios\/actualidadnebrija\/author\/jpicos\/"}]}},"_links":{"self":[{"href":"https:\/\/www.nebrija.com\/medios\/actualidadnebrija\/wp-json\/wp\/v2\/posts\/89562"}],"collection":[{"href":"https:\/\/www.nebrija.com\/medios\/actualidadnebrija\/wp-json\/wp\/v2\/posts"}],"about":[{"href":"https:\/\/www.nebrija.com\/medios\/actualidadnebrija\/wp-json\/wp\/v2\/types\/post"}],"author":[{"embeddable":true,"href":"https:\/\/www.nebrija.com\/medios\/actualidadnebrija\/wp-json\/wp\/v2\/users\/326"}],"replies":[{"embeddable":true,"href":"https:\/\/www.nebrija.com\/medios\/actualidadnebrija\/wp-json\/wp\/v2\/comments?post=89562"}],"version-history":[{"count":1,"href":"https:\/\/www.nebrija.com\/medios\/actualidadnebrija\/wp-json\/wp\/v2\/posts\/89562\/revisions"}],"predecessor-version":[{"id":89563,"href":"https:\/\/www.nebrija.com\/medios\/actualidadnebrija\/wp-json\/wp\/v2\/posts\/89562\/revisions\/89563"}],"wp:featuredmedia":[{"embeddable":true,"href":"https:\/\/www.nebrija.com\/medios\/actualidadnebrija\/wp-json\/wp\/v2\/media\/89565"}],"wp:attachment":[{"href":"https:\/\/www.nebrija.com\/medios\/actualidadnebrija\/wp-json\/wp\/v2\/media?parent=89562"}],"wp:term":[{"taxonomy":"category","embeddable":true,"href":"https:\/\/www.nebrija.com\/medios\/actualidadnebrija\/wp-json\/wp\/v2\/categories?post=89562"},{"taxonomy":"post_tag","embeddable":true,"href":"https:\/\/www.nebrija.com\/medios\/actualidadnebrija\/wp-json\/wp\/v2\/tags?post=89562"}],"curies":[{"name":"wp","href":"https:\/\/api.w.org\/{rel}","templated":true}]}}